{"id":172,"date":"2022-12-16T00:08:31","date_gmt":"2022-12-16T03:08:31","guid":{"rendered":"https:\/\/diariodepe.com.br\/cri\/?p=172"},"modified":"2022-12-16T00:08:32","modified_gmt":"2022-12-16T03:08:32","slug":"xi-jinping-envia-mensagem-a-15a-cupula-empresarial-china-lac","status":"publish","type":"post","link":"https:\/\/diariodepe.com.br\/cri\/2022\/12\/16\/xi-jinping-envia-mensagem-a-15a-cupula-empresarial-china-lac\/","title":{"rendered":"<strong>Xi Jinping envia mensagem \u00e0 15\u00aa C\u00fapula Empresarial China-LAC<\/strong>"},"content":{"rendered":"\n<p>O presidente da China, Xi Jinping, enviou uma mensagem para ser pronunciada na cerim\u00f4nia de abertura da 15\u00aa C\u00fapula Empresarial China-LAC na quarta-feira (14). \u201cEspero que os amigos empres\u00e1rios trabalhem como promotores da abertura, l\u00edderes da inova\u00e7\u00e3o e praticantes do desenvolvimento compartilhado, e que fa\u00e7am novas e maiores contribui\u00e7\u00f5es para a constru\u00e7\u00e3o da comunidade China-Am\u00e9rica Latina com futuro compartilhado.\u201d<\/p>\n\n\n\n<p>O l\u00edder chin\u00eas afirmou que a China persistir\u00e1 na pol\u00edtica nacional b\u00e1sica de abertura e seguir\u00e1 firmemente a estrat\u00e9gia de interesses rec\u00edprocos, al\u00e9m de caminhar rumo \u00e0 dire\u00e7\u00e3o correta da globaliza\u00e7\u00e3o econ\u00f4mica. Ele apontou que o pa\u00eds aspira fornecer, com seu pr\u00f3prio desenvolvimento, novas oportunidades ao mundo, assim como promover a constru\u00e7\u00e3o de uma economia mundial aberta, com a finalidade de melhor beneficiar os povos de todas as na\u00e7\u00f5es.<\/p>\n\n\n\n<p>Segundo Xi Jinping, a C\u00fapula Empresarial China-LAC tem persistido em servir \u00e0s empresas desde sua funda\u00e7\u00e3o h\u00e1 15 anos. Tamb\u00e9m tem desempenhado um papel importante no impulsionamento de coopera\u00e7\u00f5es econ\u00f4micas e comerciais e no aprofundamento de interc\u00e2mbios interpessoais e culturais. O chefe de Estado afirmou que as rela\u00e7\u00f5es sino-latino-americanas entraram em uma nova era caracterizada pela equidade, interesses m\u00fatuos, inova\u00e7\u00e3o, abertura e benef\u00edcios ao povo.<\/p>\n\n\n\n<p>O presidente do Equador, Guillermo Lasso, compareceu \u00e0 cerim\u00f4nia e proferiu um discurso.<\/p>\n","protected":false},"excerpt":{"rendered":"<p>O presidente da China, Xi Jinping, enviou uma mensagem para ser pronunciada na cerim\u00f4nia de abertura da 15\u00aa C\u00fapula Empresarial China-LAC na quarta-feira (14). \u201cEspero que os amigos empres\u00e1rios trabalhem como promotores da abertura, l\u00edderes da inova\u00e7\u00e3o e praticantes do&#8230;<\/p>\n","protected":false},"author":2,"featured_media":0,"comment_status":"open","ping_status":"open","sticky":false,"template":"","format":"standard","meta":{"footnotes":""},"categories":[3],"tags":[],"class_list":["post-172","post","type-post","status-publish","format-standard","hentry","category-china"],"yoast_head":"<!-- This site is optimized with the Yoast SEO plugin v27.4 - https:\/\/yoast.com\/product\/yoast-seo-wordpress\/ -->\n<title>Xi Jinping envia mensagem \u00e0 15\u00aa C\u00fapula Empresarial China-LAC - CRI e Diario de Pernambuco<\/title>\n<meta name=\"robots\" content=\"index, follow, max-snippet:-1, max-image-preview:large, max-video-preview:-1\" \/>\n<link rel=\"canonical\" href=\"https:\/\/diariodepe.com.br\/cri\/2022\/12\/16\/xi-jinping-envia-mensagem-a-15a-cupula-empresarial-china-lac\/\" \/>\n<meta property=\"og:locale\" content=\"pt_BR\" \/>\n<meta property=\"og:type\" content=\"article\" \/>\n<meta property=\"og:title\" content=\"Xi Jinping envia mensagem \u00e0 15\u00aa C\u00fapula Empresarial China-LAC - CRI e Diario de Pernambuco\" \/>\n<meta property=\"og:description\" content=\"O presidente da China, Xi Jinping, enviou uma mensagem para ser pronunciada na cerim\u00f4nia de abertura da 15\u00aa C\u00fapula Empresarial China-LAC na quarta-feira (14). \u201cEspero que os amigos empres\u00e1rios trabalhem como promotores da abertura, l\u00edderes da inova\u00e7\u00e3o e praticantes do...\" \/>\n<meta property=\"og:url\" content=\"https:\/\/diariodepe.com.br\/cri\/2022\/12\/16\/xi-jinping-envia-mensagem-a-15a-cupula-empresarial-china-lac\/\" \/>\n<meta property=\"og:site_name\" content=\"CRI e Diario de Pernambuco\" \/>\n<meta property=\"article:published_time\" content=\"2022-12-16T03:08:31+00:00\" \/>\n<meta property=\"article:modified_time\" content=\"2022-12-16T03:08:32+00:00\" \/>\n<meta name=\"author\" content=\"Ismael Lucas S. Pereira\" \/>\n<meta name=\"twitter:card\" content=\"summary_large_image\" \/>\n<meta name=\"twitter:label1\" content=\"Escrito por\" \/>\n\t<meta name=\"twitter:data1\" content=\"Ismael Lucas S. Pereira\" \/>\n\t<meta name=\"twitter:label2\" content=\"Est. tempo de leitura\" \/>\n\t<meta name=\"twitter:data2\" content=\"2 minutos\" \/>\n<script type=\"application\/ld+json\" class=\"yoast-schema-graph\">{\"@context\":\"https:\\\/\\\/schema.org\",\"@graph\":[{\"@type\":\"Article\",\"@id\":\"https:\\\/\\\/diariodepe.com.br\\\/cri\\\/2022\\\/12\\\/16\\\/xi-jinping-envia-mensagem-a-15a-cupula-empresarial-china-lac\\\/#article\",\"isPartOf\":{\"@id\":\"https:\\\/\\\/diariodepe.com.br\\\/cri\\\/2022\\\/12\\\/16\\\/xi-jinping-envia-mensagem-a-15a-cupula-empresarial-china-lac\\\/\"},\"author\":{\"name\":\"Ismael Lucas S. Pereira\",\"@id\":\"https:\\\/\\\/diariodepe.com.br\\\/cri\\\/#\\\/schema\\\/person\\\/121bb28d84f1a5b1205ef4ce9c2e0c6b\"},\"headline\":\"Xi Jinping envia mensagem \u00e0 15\u00aa C\u00fapula Empresarial China-LAC\",\"datePublished\":\"2022-12-16T03:08:31+00:00\",\"dateModified\":\"2022-12-16T03:08:32+00:00\",\"mainEntityOfPage\":{\"@id\":\"https:\\\/\\\/diariodepe.com.br\\\/cri\\\/2022\\\/12\\\/16\\\/xi-jinping-envia-mensagem-a-15a-cupula-empresarial-china-lac\\\/\"},\"wordCount\":243,\"commentCount\":0,\"publisher\":{\"@id\":\"https:\\\/\\\/diariodepe.com.br\\\/cri\\\/#organization\"},\"articleSection\":[\"China\"],\"inLanguage\":\"pt-BR\",\"potentialAction\":[{\"@type\":\"CommentAction\",\"name\":\"Comment\",\"target\":[\"https:\\\/\\\/diariodepe.com.br\\\/cri\\\/2022\\\/12\\\/16\\\/xi-jinping-envia-mensagem-a-15a-cupula-empresarial-china-lac\\\/#respond\"]}]},{\"@type\":\"WebPage\",\"@id\":\"https:\\\/\\\/diariodepe.com.br\\\/cri\\\/2022\\\/12\\\/16\\\/xi-jinping-envia-mensagem-a-15a-cupula-empresarial-china-lac\\\/\",\"url\":\"https:\\\/\\\/diariodepe.com.br\\\/cri\\\/2022\\\/12\\\/16\\\/xi-jinping-envia-mensagem-a-15a-cupula-empresarial-china-lac\\\/\",\"name\":\"Xi Jinping envia mensagem \u00e0 15\u00aa C\u00fapula Empresarial China-LAC - CRI e Diario de Pernambuco\",\"isPartOf\":{\"@id\":\"https:\\\/\\\/diariodepe.com.br\\\/cri\\\/#website\"},\"datePublished\":\"2022-12-16T03:08:31+00:00\",\"dateModified\":\"2022-12-16T03:08:32+00:00\",\"breadcrumb\":{\"@id\":\"https:\\\/\\\/diariodepe.com.br\\\/cri\\\/2022\\\/12\\\/16\\\/xi-jinping-envia-mensagem-a-15a-cupula-empresarial-china-lac\\\/#breadcrumb\"},\"inLanguage\":\"pt-BR\",\"potentialAction\":[{\"@type\":\"ReadAction\",\"target\":[\"https:\\\/\\\/diariodepe.com.br\\\/cri\\\/2022\\\/12\\\/16\\\/xi-jinping-envia-mensagem-a-15a-cupula-empresarial-china-lac\\\/\"]}]},{\"@type\":\"BreadcrumbList\",\"@id\":\"https:\\\/\\\/diariodepe.com.br\\\/cri\\\/2022\\\/12\\\/16\\\/xi-jinping-envia-mensagem-a-15a-cupula-empresarial-china-lac\\\/#breadcrumb\",\"itemListElement\":[{\"@type\":\"ListItem\",\"position\":1,\"name\":\"In\u00edcio\",\"item\":\"https:\\\/\\\/diariodepe.com.br\\\/cri\\\/\"},{\"@type\":\"ListItem\",\"position\":2,\"name\":\"Xi Jinping envia mensagem \u00e0 15\u00aa C\u00fapula Empresarial China-LAC\"}]},{\"@type\":\"WebSite\",\"@id\":\"https:\\\/\\\/diariodepe.com.br\\\/cri\\\/#website\",\"url\":\"https:\\\/\\\/diariodepe.com.br\\\/cri\\\/\",\"name\":\"CRI e Diario de Pernambuco\",\"description\":\"R\u00e1dio Internacional da China\",\"publisher\":{\"@id\":\"https:\\\/\\\/diariodepe.com.br\\\/cri\\\/#organization\"},\"potentialAction\":[{\"@type\":\"SearchAction\",\"target\":{\"@type\":\"EntryPoint\",\"urlTemplate\":\"https:\\\/\\\/diariodepe.com.br\\\/cri\\\/?s={search_term_string}\"},\"query-input\":{\"@type\":\"PropertyValueSpecification\",\"valueRequired\":true,\"valueName\":\"search_term_string\"}}],\"inLanguage\":\"pt-BR\"},{\"@type\":\"Organization\",\"@id\":\"https:\\\/\\\/diariodepe.com.br\\\/cri\\\/#organization\",\"name\":\"CRI e Diario de Pernambuco\",\"url\":\"https:\\\/\\\/diariodepe.com.br\\\/cri\\\/\",\"logo\":{\"@type\":\"ImageObject\",\"inLanguage\":\"pt-BR\",\"@id\":\"https:\\\/\\\/diariodepe.com.br\\\/cri\\\/#\\\/schema\\\/logo\\\/image\\\/\",\"url\":\"https:\\\/\\\/diariodepe.com.br\\\/cri\\\/wp-content\\\/uploads\\\/sites\\\/2\\\/2022\\\/12\\\/cropped-Logo.jpg\",\"contentUrl\":\"https:\\\/\\\/diariodepe.com.br\\\/cri\\\/wp-content\\\/uploads\\\/sites\\\/2\\\/2022\\\/12\\\/cropped-Logo.jpg\",\"width\":700,\"height\":59,\"caption\":\"CRI e Diario de Pernambuco\"},\"image\":{\"@id\":\"https:\\\/\\\/diariodepe.com.br\\\/cri\\\/#\\\/schema\\\/logo\\\/image\\\/\"}},{\"@type\":\"Person\",\"@id\":\"https:\\\/\\\/diariodepe.com.br\\\/cri\\\/#\\\/schema\\\/person\\\/121bb28d84f1a5b1205ef4ce9c2e0c6b\",\"name\":\"Ismael Lucas S. Pereira\",\"image\":{\"@type\":\"ImageObject\",\"inLanguage\":\"pt-BR\",\"@id\":\"https:\\\/\\\/secure.gravatar.com\\\/avatar\\\/887a0f3b5a7ceea963a48499fb883ffce6b5037362def025c52c2505b15d63e4?s=96&d=mm&r=g\",\"url\":\"https:\\\/\\\/secure.gravatar.com\\\/avatar\\\/887a0f3b5a7ceea963a48499fb883ffce6b5037362def025c52c2505b15d63e4?s=96&d=mm&r=g\",\"contentUrl\":\"https:\\\/\\\/secure.gravatar.com\\\/avatar\\\/887a0f3b5a7ceea963a48499fb883ffce6b5037362def025c52c2505b15d63e4?s=96&d=mm&r=g\",\"caption\":\"Ismael Lucas S. Pereira\"},\"url\":\"https:\\\/\\\/diariodepe.com.br\\\/cri\\\/author\\\/ismael-lucas\\\/\"}]}<\/script>\n<!-- \/ Yoast SEO plugin. -->","yoast_head_json":{"title":"Xi Jinping envia mensagem \u00e0 15\u00aa C\u00fapula Empresarial China-LAC - CRI e Diario de Pernambuco","robots":{"index":"index","follow":"follow","max-snippet":"max-snippet:-1","max-image-preview":"max-image-preview:large","max-video-preview":"max-video-preview:-1"},"canonical":"https:\/\/diariodepe.com.br\/cri\/2022\/12\/16\/xi-jinping-envia-mensagem-a-15a-cupula-empresarial-china-lac\/","og_locale":"pt_BR","og_type":"article","og_title":"Xi Jinping envia mensagem \u00e0 15\u00aa C\u00fapula Empresarial China-LAC - CRI e Diario de Pernambuco","og_description":"O presidente da China, Xi Jinping, enviou uma mensagem para ser pronunciada na cerim\u00f4nia de abertura da 15\u00aa C\u00fapula Empresarial China-LAC na quarta-feira (14). \u201cEspero que os amigos empres\u00e1rios trabalhem como promotores da abertura, l\u00edderes da inova\u00e7\u00e3o e praticantes do...","og_url":"https:\/\/diariodepe.com.br\/cri\/2022\/12\/16\/xi-jinping-envia-mensagem-a-15a-cupula-empresarial-china-lac\/","og_site_name":"CRI e Diario de Pernambuco","article_published_time":"2022-12-16T03:08:31+00:00","article_modified_time":"2022-12-16T03:08:32+00:00","author":"Ismael Lucas S. Pereira","twitter_card":"summary_large_image","twitter_misc":{"Escrito por":"Ismael Lucas S. Pereira","Est. tempo de leitura":"2 minutos"},"schema":{"@context":"https:\/\/schema.org","@graph":[{"@type":"Article","@id":"https:\/\/diariodepe.com.br\/cri\/2022\/12\/16\/xi-jinping-envia-mensagem-a-15a-cupula-empresarial-china-lac\/#article","isPartOf":{"@id":"https:\/\/diariodepe.com.br\/cri\/2022\/12\/16\/xi-jinping-envia-mensagem-a-15a-cupula-empresarial-china-lac\/"},"author":{"name":"Ismael Lucas S. Pereira","@id":"https:\/\/diariodepe.com.br\/cri\/#\/schema\/person\/121bb28d84f1a5b1205ef4ce9c2e0c6b"},"headline":"Xi Jinping envia mensagem \u00e0 15\u00aa C\u00fapula Empresarial China-LAC","datePublished":"2022-12-16T03:08:31+00:00","dateModified":"2022-12-16T03:08:32+00:00","mainEntityOfPage":{"@id":"https:\/\/diariodepe.com.br\/cri\/2022\/12\/16\/xi-jinping-envia-mensagem-a-15a-cupula-empresarial-china-lac\/"},"wordCount":243,"commentCount":0,"publisher":{"@id":"https:\/\/diariodepe.com.br\/cri\/#organization"},"articleSection":["China"],"inLanguage":"pt-BR","potentialAction":[{"@type":"CommentAction","name":"Comment","target":["https:\/\/diariodepe.com.br\/cri\/2022\/12\/16\/xi-jinping-envia-mensagem-a-15a-cupula-empresarial-china-lac\/#respond"]}]},{"@type":"WebPage","@id":"https:\/\/diariodepe.com.br\/cri\/2022\/12\/16\/xi-jinping-envia-mensagem-a-15a-cupula-empresarial-china-lac\/","url":"https:\/\/diariodepe.com.br\/cri\/2022\/12\/16\/xi-jinping-envia-mensagem-a-15a-cupula-empresarial-china-lac\/","name":"Xi Jinping envia mensagem \u00e0 15\u00aa C\u00fapula Empresarial China-LAC - CRI e Diario de Pernambuco","isPartOf":{"@id":"https:\/\/diariodepe.com.br\/cri\/#website"},"datePublished":"2022-12-16T03:08:31+00:00","dateModified":"2022-12-16T03:08:32+00:00","breadcrumb":{"@id":"https:\/\/diariodepe.com.br\/cri\/2022\/12\/16\/xi-jinping-envia-mensagem-a-15a-cupula-empresarial-china-lac\/#breadcrumb"},"inLanguage":"pt-BR","potentialAction":[{"@type":"ReadAction","target":["https:\/\/diariodepe.com.br\/cri\/2022\/12\/16\/xi-jinping-envia-mensagem-a-15a-cupula-empresarial-china-lac\/"]}]},{"@type":"BreadcrumbList","@id":"https:\/\/diariodepe.com.br\/cri\/2022\/12\/16\/xi-jinping-envia-mensagem-a-15a-cupula-empresarial-china-lac\/#breadcrumb","itemListElement":[{"@type":"ListItem","position":1,"name":"In\u00edcio","item":"https:\/\/diariodepe.com.br\/cri\/"},{"@type":"ListItem","position":2,"name":"Xi Jinping envia mensagem \u00e0 15\u00aa C\u00fapula Empresarial China-LAC"}]},{"@type":"WebSite","@id":"https:\/\/diariodepe.com.br\/cri\/#website","url":"https:\/\/diariodepe.com.br\/cri\/","name":"CRI e Diario de Pernambuco","description":"R\u00e1dio Internacional da China","publisher":{"@id":"https:\/\/diariodepe.com.br\/cri\/#organization"},"potentialAction":[{"@type":"SearchAction","target":{"@type":"EntryPoint","urlTemplate":"https:\/\/diariodepe.com.br\/cri\/?s={search_term_string}"},"query-input":{"@type":"PropertyValueSpecification","valueRequired":true,"valueName":"search_term_string"}}],"inLanguage":"pt-BR"},{"@type":"Organization","@id":"https:\/\/diariodepe.com.br\/cri\/#organization","name":"CRI e Diario de Pernambuco","url":"https:\/\/diariodepe.com.br\/cri\/","logo":{"@type":"ImageObject","inLanguage":"pt-BR","@id":"https:\/\/diariodepe.com.br\/cri\/#\/schema\/logo\/image\/","url":"https:\/\/diariodepe.com.br\/cri\/wp-content\/uploads\/sites\/2\/2022\/12\/cropped-Logo.jpg","contentUrl":"https:\/\/diariodepe.com.br\/cri\/wp-content\/uploads\/sites\/2\/2022\/12\/cropped-Logo.jpg","width":700,"height":59,"caption":"CRI e Diario de Pernambuco"},"image":{"@id":"https:\/\/diariodepe.com.br\/cri\/#\/schema\/logo\/image\/"}},{"@type":"Person","@id":"https:\/\/diariodepe.com.br\/cri\/#\/schema\/person\/121bb28d84f1a5b1205ef4ce9c2e0c6b","name":"Ismael Lucas S. Pereira","image":{"@type":"ImageObject","inLanguage":"pt-BR","@id":"https:\/\/secure.gravatar.com\/avatar\/887a0f3b5a7ceea963a48499fb883ffce6b5037362def025c52c2505b15d63e4?s=96&d=mm&r=g","url":"https:\/\/secure.gravatar.com\/avatar\/887a0f3b5a7ceea963a48499fb883ffce6b5037362def025c52c2505b15d63e4?s=96&d=mm&r=g","contentUrl":"https:\/\/secure.gravatar.com\/avatar\/887a0f3b5a7ceea963a48499fb883ffce6b5037362def025c52c2505b15d63e4?s=96&d=mm&r=g","caption":"Ismael Lucas S. Pereira"},"url":"https:\/\/diariodepe.com.br\/cri\/author\/ismael-lucas\/"}]}},"cc_featured_image_caption":{"caption_text":"","source_text":"","source_url":""},"amp_enabled":true,"_links":{"self":[{"href":"https:\/\/diariodepe.com.br\/cri\/wp-json\/wp\/v2\/posts\/172","targetHints":{"allow":["GET"]}}],"collection":[{"href":"https:\/\/diariodepe.com.br\/cri\/wp-json\/wp\/v2\/posts"}],"about":[{"href":"https:\/\/diariodepe.com.br\/cri\/wp-json\/wp\/v2\/types\/post"}],"author":[{"embeddable":true,"href":"https:\/\/diariodepe.com.br\/cri\/wp-json\/wp\/v2\/users\/2"}],"replies":[{"embeddable":true,"href":"https:\/\/diariodepe.com.br\/cri\/wp-json\/wp\/v2\/comments?post=172"}],"version-history":[{"count":1,"href":"https:\/\/diariodepe.com.br\/cri\/wp-json\/wp\/v2\/posts\/172\/revisions"}],"predecessor-version":[{"id":173,"href":"https:\/\/diariodepe.com.br\/cri\/wp-json\/wp\/v2\/posts\/172\/revisions\/173"}],"wp:attachment":[{"href":"https:\/\/diariodepe.com.br\/cri\/wp-json\/wp\/v2\/media?parent=172"}],"wp:term":[{"taxonomy":"category","embeddable":true,"href":"https:\/\/diariodepe.com.br\/cri\/wp-json\/wp\/v2\/categories?post=172"},{"taxonomy":"post_tag","embeddable":true,"href":"https:\/\/diariodepe.com.br\/cri\/wp-json\/wp\/v2\/tags?post=172"}],"curies":[{"name":"wp","href":"https:\/\/api.w.org\/{rel}","templated":true}]}}