{"id":169,"date":"2022-12-16T00:06:07","date_gmt":"2022-12-16T03:06:07","guid":{"rendered":"https:\/\/diariodepe.com.br\/cri\/?p=169"},"modified":"2022-12-16T00:06:08","modified_gmt":"2022-12-16T03:06:08","slug":"comentario-o-que-permanece-e-o-que-muda-na-luta-chinesa-contra-epidemia","status":"publish","type":"post","link":"https:\/\/diariodepe.com.br\/cri\/2022\/12\/16\/comentario-o-que-permanece-e-o-que-muda-na-luta-chinesa-contra-epidemia\/","title":{"rendered":"<strong>Coment\u00e1rio: O que permanece e o que muda na luta chinesa contra epidemia<\/strong>"},"content":{"rendered":"\n<p>O governo chin\u00eas anunciou recentemente a otimiza\u00e7\u00e3o das suas medidas de preven\u00e7\u00e3o e controle da epidemia, incluindo o delineamento preciso das \u00e1reas de risco, reajuste dos m\u00e9todos de quarentena e acelera\u00e7\u00e3o da vacina\u00e7\u00e3o de idosos. O objetivo \u00e9 proteger ao m\u00e1ximo a vida e a sa\u00fade da popula\u00e7\u00e3o e minimizar o impacto da epidemia no desenvolvimento econ\u00f4mico e social. Agora, desde as grandes cidades como Beijing e Shanghai at\u00e9 as do interior, os chineses est\u00e3o retomando a viagem livre entre diferentes regi\u00f5es, e a sociedade chinesa est\u00e1 caminhando para a normaliza\u00e7\u00e3o das atividades produtivas e do cotidiano.<\/p>\n\n\n\n<p>Por que a China opta por otimizar suas pol\u00edticas agora? \u00c9 uma escolha racional, baseada nos resultados not\u00e1veis alcan\u00e7ados nos \u00faltimos tr\u00eas anos na luta contra a epidemia, levando em conta as novas mudan\u00e7as na situa\u00e7\u00e3o epid\u00eamica e um estudo abrangente sobre diversas condi\u00e7\u00f5es. Em outras palavras, a China ganhou tempo e condi\u00e7\u00f5es para um ajuste gra\u00e7as \u00e0 preven\u00e7\u00e3o forte e eficaz da epidemia.<\/p>\n\n\n\n<p>V\u00e1rios estudos cient\u00edficos mostram que a variante \u00f4micron \u00e9 significativamente menos patog\u00eanica que o novo coronav\u00edrus no in\u00edcio da epidemia. Como um dos primeiros pa\u00edses a combater o surto, a China tem agora uma taxa de vacina\u00e7\u00e3o completa superior a 90% da popula\u00e7\u00e3o, construindo uma barreira imunol\u00f3gica relativamente s\u00f3lida. Ao mesmo tempo, o pa\u00eds acumulou uma grande experi\u00eancia em sua batalha cont\u00ednua contra o v\u00edrus, com o aumento significante da sua capacidade no desenvolvimento de medicamentos e garantia de materiais. \u00c9 evidente que a China encara agora uma \u201cjanela\u201d cr\u00edtica para otimizar suas pol\u00edticas de preven\u00e7\u00e3o de epidemia.<\/p>\n\n\n\n<p>O surto do n\u00famero de casos confirmados e a escassez de recursos m\u00e9dicos em um curto prazo s\u00e3o problemas que quase todos os pa\u00edses e regi\u00f5es enfrentaram no in\u00edcio da abertura gradual da sua sociedade perante o Covid-19. As autoridades chinesas est\u00e3o refor\u00e7ando a imuniza\u00e7\u00e3o entre os idosos, a categoriza\u00e7\u00e3o do tratamento em hospitais e aumentando a reserva dos recursos m\u00e9dicos, refletindo a inspira\u00e7\u00e3o inicial no pa\u00eds no combate \u00e0 epidemia: colocar o povo e a vida em primeiro lugar.<\/p>\n\n\n\n<p>Desde o in\u00edcio da luta contra a epidemia, o Partido Comunista da China e o governo chin\u00eas t\u00eam deixado claro que a seguran\u00e7a e a sa\u00fade do povo devem estar sempre em primeiro lugar. Tendo isso como diretriz fundamental, a China ganhou as batalhas em Wuhan e em Hubei, lidou efetivamente com mais de 100 surtos de epidemia e resistiu ao impacto de cinco ondas de epidemias globais, tornando-se o pa\u00eds com menor incid\u00eancia e menor n\u00famero de mortes pelo Covid-19 entre as principais pot\u00eancias mundiais. Segundo dados divulgados pela OMS no dia 13, o n\u00famero total de casos confirmados relatados globalmente \u00e9 de cerca de 645 milh\u00f5es, com mais de 6,63 milh\u00f5es de mortes. Os dados oficiais da China divulgados no dia 14 mostram que na parte continental chinesa, o total foi de cerca de 360 mil casos confirmados e o n\u00famero de mortes foi de 5.235.<\/p>\n\n\n\n<p>Gra\u00e7as \u00e0 coordena\u00e7\u00e3o eficaz da preven\u00e7\u00e3o e controle de epidemia e do desenvolvimento econ\u00f4mico e social, o crescimento econ\u00f4mico da China atingiu 8,1% em 2021, muito \u00e0 frente de outras grandes economias do mundo. Nos tr\u00eas primeiros trimestres deste ano, o valor total das importa\u00e7\u00f5es e exporta\u00e7\u00f5es da China cresceu 9,9% em rela\u00e7\u00e3o ao mesmo per\u00edodo do ano passado, mantendo fortemente a estabilidade das cadeias industrial e de suprimentos globais. Enquanto a China otimiza e ajusta suas pol\u00edticas de preven\u00e7\u00e3o, institui\u00e7\u00f5es nacionais e internacionais est\u00e3o de bons olhos na economia chinesa em 2023.<\/p>\n\n\n\n<p>Ao mesmo tempo, a China tem ajudado o m\u00e1ximo poss\u00edvel na luta global contra a epidemia. Nos \u00faltimos tr\u00eas anos, o governo chin\u00eas compartilhou sem reservas sua experi\u00eancia no combate \u00e0 epidemia com o mundo, doou mais de 2,2 bilh\u00f5es de doses de vacinas para mais de 120 pa\u00edses e organiza\u00e7\u00f5es internacionais, al\u00e9m de fornecer e exportar materiais de preven\u00e7\u00e3o para mais de 200 pa\u00edses e regi\u00f5es.<\/p>\n\n\n\n<p>Atualmente, a epidemia ainda n\u00e3o terminou e a luta ainda est\u00e1 em andamento. O que permanece na luta chinesa contra o v\u00edrus \u00e9 a ideia de colocar o povo em primeiro lugar e o que muda \u00e9 suas medidas, sempre direcionadas \u00e0 situa\u00e7\u00e3o. O pa\u00eds est\u00e1 se aproximando cada vez mais da vit\u00f3ria final.<\/p>\n","protected":false},"excerpt":{"rendered":"<p>O governo chin\u00eas anunciou recentemente a otimiza\u00e7\u00e3o das suas medidas de preven\u00e7\u00e3o e controle da epidemia, incluindo o delineamento preciso das \u00e1reas de risco, reajuste dos m\u00e9todos de quarentena e acelera\u00e7\u00e3o da vacina\u00e7\u00e3o de idosos. O objetivo \u00e9 proteger ao&#8230;<\/p>\n","protected":false},"author":2,"featured_media":170,"comment_status":"open","ping_status":"open","sticky":false,"template":"","format":"standard","meta":{"footnotes":""},"categories":[7],"tags":[],"class_list":["post-169","post","type-post","status-publish","format-standard","has-post-thumbnail","hentry","category-visao"],"yoast_head":"<!-- This site is optimized with the Yoast SEO plugin v27.4 - https:\/\/yoast.com\/product\/yoast-seo-wordpress\/ -->\n<title>Coment\u00e1rio: O que permanece e o que muda na luta chinesa contra epidemia - CRI e Diario de Pernambuco<\/title>\n<meta name=\"robots\" content=\"index, follow, max-snippet:-1, max-image-preview:large, max-video-preview:-1\" \/>\n<link rel=\"canonical\" href=\"https:\/\/diariodepe.com.br\/cri\/2022\/12\/16\/comentario-o-que-permanece-e-o-que-muda-na-luta-chinesa-contra-epidemia\/\" \/>\n<meta property=\"og:locale\" content=\"pt_BR\" \/>\n<meta property=\"og:type\" content=\"article\" \/>\n<meta property=\"og:title\" content=\"Coment\u00e1rio: O que permanece e o que muda na luta chinesa contra epidemia - CRI e Diario de Pernambuco\" \/>\n<meta property=\"og:description\" content=\"O governo chin\u00eas anunciou recentemente a otimiza\u00e7\u00e3o das suas medidas de preven\u00e7\u00e3o e controle da epidemia, incluindo o delineamento preciso das \u00e1reas de risco, reajuste dos m\u00e9todos de quarentena e acelera\u00e7\u00e3o da vacina\u00e7\u00e3o de idosos. O objetivo \u00e9 proteger ao...\" \/>\n<meta property=\"og:url\" content=\"https:\/\/diariodepe.com.br\/cri\/2022\/12\/16\/comentario-o-que-permanece-e-o-que-muda-na-luta-chinesa-contra-epidemia\/\" \/>\n<meta property=\"og:site_name\" content=\"CRI e Diario de Pernambuco\" \/>\n<meta property=\"article:published_time\" content=\"2022-12-16T03:06:07+00:00\" \/>\n<meta property=\"article:modified_time\" content=\"2022-12-16T03:06:08+00:00\" \/>\n<meta property=\"og:image\" content=\"https:\/\/diariodepe.com.br\/cri\/wp-content\/uploads\/sites\/2\/2022\/12\/f703738da977391233262a097daaef13377ae291.webp\" \/>\n\t<meta property=\"og:image:width\" content=\"640\" \/>\n\t<meta property=\"og:image:height\" content=\"385\" \/>\n\t<meta property=\"og:image:type\" content=\"image\/webp\" \/>\n<meta name=\"author\" content=\"Ismael Lucas S. Pereira\" \/>\n<meta name=\"twitter:card\" content=\"summary_large_image\" \/>\n<meta name=\"twitter:label1\" content=\"Escrito por\" \/>\n\t<meta name=\"twitter:data1\" content=\"Ismael Lucas S. Pereira\" \/>\n\t<meta name=\"twitter:label2\" content=\"Est. tempo de leitura\" \/>\n\t<meta name=\"twitter:data2\" content=\"4 minutos\" \/>\n<script type=\"application\/ld+json\" class=\"yoast-schema-graph\">{\"@context\":\"https:\\\/\\\/schema.org\",\"@graph\":[{\"@type\":\"Article\",\"@id\":\"https:\\\/\\\/diariodepe.com.br\\\/cri\\\/2022\\\/12\\\/16\\\/comentario-o-que-permanece-e-o-que-muda-na-luta-chinesa-contra-epidemia\\\/#article\",\"isPartOf\":{\"@id\":\"https:\\\/\\\/diariodepe.com.br\\\/cri\\\/2022\\\/12\\\/16\\\/comentario-o-que-permanece-e-o-que-muda-na-luta-chinesa-contra-epidemia\\\/\"},\"author\":{\"name\":\"Ismael Lucas S. Pereira\",\"@id\":\"https:\\\/\\\/diariodepe.com.br\\\/cri\\\/#\\\/schema\\\/person\\\/121bb28d84f1a5b1205ef4ce9c2e0c6b\"},\"headline\":\"Coment\u00e1rio: O que permanece e o que muda na luta chinesa contra epidemia\",\"datePublished\":\"2022-12-16T03:06:07+00:00\",\"dateModified\":\"2022-12-16T03:06:08+00:00\",\"mainEntityOfPage\":{\"@id\":\"https:\\\/\\\/diariodepe.com.br\\\/cri\\\/2022\\\/12\\\/16\\\/comentario-o-que-permanece-e-o-que-muda-na-luta-chinesa-contra-epidemia\\\/\"},\"wordCount\":785,\"commentCount\":0,\"publisher\":{\"@id\":\"https:\\\/\\\/diariodepe.com.br\\\/cri\\\/#organization\"},\"image\":{\"@id\":\"https:\\\/\\\/diariodepe.com.br\\\/cri\\\/2022\\\/12\\\/16\\\/comentario-o-que-permanece-e-o-que-muda-na-luta-chinesa-contra-epidemia\\\/#primaryimage\"},\"thumbnailUrl\":\"https:\\\/\\\/diariodepe.com.br\\\/cri\\\/wp-content\\\/uploads\\\/sites\\\/2\\\/2022\\\/12\\\/f703738da977391233262a097daaef13377ae291.webp\",\"articleSection\":[\"Vis\u00e3o\"],\"inLanguage\":\"pt-BR\",\"potentialAction\":[{\"@type\":\"CommentAction\",\"name\":\"Comment\",\"target\":[\"https:\\\/\\\/diariodepe.com.br\\\/cri\\\/2022\\\/12\\\/16\\\/comentario-o-que-permanece-e-o-que-muda-na-luta-chinesa-contra-epidemia\\\/#respond\"]}]},{\"@type\":\"WebPage\",\"@id\":\"https:\\\/\\\/diariodepe.com.br\\\/cri\\\/2022\\\/12\\\/16\\\/comentario-o-que-permanece-e-o-que-muda-na-luta-chinesa-contra-epidemia\\\/\",\"url\":\"https:\\\/\\\/diariodepe.com.br\\\/cri\\\/2022\\\/12\\\/16\\\/comentario-o-que-permanece-e-o-que-muda-na-luta-chinesa-contra-epidemia\\\/\",\"name\":\"Coment\u00e1rio: O que permanece e o que muda na luta chinesa contra epidemia - CRI e Diario de Pernambuco\",\"isPartOf\":{\"@id\":\"https:\\\/\\\/diariodepe.com.br\\\/cri\\\/#website\"},\"primaryImageOfPage\":{\"@id\":\"https:\\\/\\\/diariodepe.com.br\\\/cri\\\/2022\\\/12\\\/16\\\/comentario-o-que-permanece-e-o-que-muda-na-luta-chinesa-contra-epidemia\\\/#primaryimage\"},\"image\":{\"@id\":\"https:\\\/\\\/diariodepe.com.br\\\/cri\\\/2022\\\/12\\\/16\\\/comentario-o-que-permanece-e-o-que-muda-na-luta-chinesa-contra-epidemia\\\/#primaryimage\"},\"thumbnailUrl\":\"https:\\\/\\\/diariodepe.com.br\\\/cri\\\/wp-content\\\/uploads\\\/sites\\\/2\\\/2022\\\/12\\\/f703738da977391233262a097daaef13377ae291.webp\",\"datePublished\":\"2022-12-16T03:06:07+00:00\",\"dateModified\":\"2022-12-16T03:06:08+00:00\",\"breadcrumb\":{\"@id\":\"https:\\\/\\\/diariodepe.com.br\\\/cri\\\/2022\\\/12\\\/16\\\/comentario-o-que-permanece-e-o-que-muda-na-luta-chinesa-contra-epidemia\\\/#breadcrumb\"},\"inLanguage\":\"pt-BR\",\"potentialAction\":[{\"@type\":\"ReadAction\",\"target\":[\"https:\\\/\\\/diariodepe.com.br\\\/cri\\\/2022\\\/12\\\/16\\\/comentario-o-que-permanece-e-o-que-muda-na-luta-chinesa-contra-epidemia\\\/\"]}]},{\"@type\":\"ImageObject\",\"inLanguage\":\"pt-BR\",\"@id\":\"https:\\\/\\\/diariodepe.com.br\\\/cri\\\/2022\\\/12\\\/16\\\/comentario-o-que-permanece-e-o-que-muda-na-luta-chinesa-contra-epidemia\\\/#primaryimage\",\"url\":\"https:\\\/\\\/diariodepe.com.br\\\/cri\\\/wp-content\\\/uploads\\\/sites\\\/2\\\/2022\\\/12\\\/f703738da977391233262a097daaef13377ae291.webp\",\"contentUrl\":\"https:\\\/\\\/diariodepe.com.br\\\/cri\\\/wp-content\\\/uploads\\\/sites\\\/2\\\/2022\\\/12\\\/f703738da977391233262a097daaef13377ae291.webp\",\"width\":640,\"height\":385},{\"@type\":\"BreadcrumbList\",\"@id\":\"https:\\\/\\\/diariodepe.com.br\\\/cri\\\/2022\\\/12\\\/16\\\/comentario-o-que-permanece-e-o-que-muda-na-luta-chinesa-contra-epidemia\\\/#breadcrumb\",\"itemListElement\":[{\"@type\":\"ListItem\",\"position\":1,\"name\":\"In\u00edcio\",\"item\":\"https:\\\/\\\/diariodepe.com.br\\\/cri\\\/\"},{\"@type\":\"ListItem\",\"position\":2,\"name\":\"Coment\u00e1rio: O que permanece e o que muda na luta chinesa contra epidemia\"}]},{\"@type\":\"WebSite\",\"@id\":\"https:\\\/\\\/diariodepe.com.br\\\/cri\\\/#website\",\"url\":\"https:\\\/\\\/diariodepe.com.br\\\/cri\\\/\",\"name\":\"CRI e Diario de Pernambuco\",\"description\":\"R\u00e1dio Internacional da China\",\"publisher\":{\"@id\":\"https:\\\/\\\/diariodepe.com.br\\\/cri\\\/#organization\"},\"potentialAction\":[{\"@type\":\"SearchAction\",\"target\":{\"@type\":\"EntryPoint\",\"urlTemplate\":\"https:\\\/\\\/diariodepe.com.br\\\/cri\\\/?s={search_term_string}\"},\"query-input\":{\"@type\":\"PropertyValueSpecification\",\"valueRequired\":true,\"valueName\":\"search_term_string\"}}],\"inLanguage\":\"pt-BR\"},{\"@type\":\"Organization\",\"@id\":\"https:\\\/\\\/diariodepe.com.br\\\/cri\\\/#organization\",\"name\":\"CRI e Diario de Pernambuco\",\"url\":\"https:\\\/\\\/diariodepe.com.br\\\/cri\\\/\",\"logo\":{\"@type\":\"ImageObject\",\"inLanguage\":\"pt-BR\",\"@id\":\"https:\\\/\\\/diariodepe.com.br\\\/cri\\\/#\\\/schema\\\/logo\\\/image\\\/\",\"url\":\"https:\\\/\\\/diariodepe.com.br\\\/cri\\\/wp-content\\\/uploads\\\/sites\\\/2\\\/2022\\\/12\\\/cropped-Logo.jpg\",\"contentUrl\":\"https:\\\/\\\/diariodepe.com.br\\\/cri\\\/wp-content\\\/uploads\\\/sites\\\/2\\\/2022\\\/12\\\/cropped-Logo.jpg\",\"width\":700,\"height\":59,\"caption\":\"CRI e Diario de Pernambuco\"},\"image\":{\"@id\":\"https:\\\/\\\/diariodepe.com.br\\\/cri\\\/#\\\/schema\\\/logo\\\/image\\\/\"}},{\"@type\":\"Person\",\"@id\":\"https:\\\/\\\/diariodepe.com.br\\\/cri\\\/#\\\/schema\\\/person\\\/121bb28d84f1a5b1205ef4ce9c2e0c6b\",\"name\":\"Ismael Lucas S. Pereira\",\"image\":{\"@type\":\"ImageObject\",\"inLanguage\":\"pt-BR\",\"@id\":\"https:\\\/\\\/secure.gravatar.com\\\/avatar\\\/887a0f3b5a7ceea963a48499fb883ffce6b5037362def025c52c2505b15d63e4?s=96&d=mm&r=g\",\"url\":\"https:\\\/\\\/secure.gravatar.com\\\/avatar\\\/887a0f3b5a7ceea963a48499fb883ffce6b5037362def025c52c2505b15d63e4?s=96&d=mm&r=g\",\"contentUrl\":\"https:\\\/\\\/secure.gravatar.com\\\/avatar\\\/887a0f3b5a7ceea963a48499fb883ffce6b5037362def025c52c2505b15d63e4?s=96&d=mm&r=g\",\"caption\":\"Ismael Lucas S. Pereira\"},\"url\":\"https:\\\/\\\/diariodepe.com.br\\\/cri\\\/author\\\/ismael-lucas\\\/\"}]}<\/script>\n<!-- \/ Yoast SEO plugin. -->","yoast_head_json":{"title":"Coment\u00e1rio: O que permanece e o que muda na luta chinesa contra epidemia - CRI e Diario de Pernambuco","robots":{"index":"index","follow":"follow","max-snippet":"max-snippet:-1","max-image-preview":"max-image-preview:large","max-video-preview":"max-video-preview:-1"},"canonical":"https:\/\/diariodepe.com.br\/cri\/2022\/12\/16\/comentario-o-que-permanece-e-o-que-muda-na-luta-chinesa-contra-epidemia\/","og_locale":"pt_BR","og_type":"article","og_title":"Coment\u00e1rio: O que permanece e o que muda na luta chinesa contra epidemia - CRI e Diario de Pernambuco","og_description":"O governo chin\u00eas anunciou recentemente a otimiza\u00e7\u00e3o das suas medidas de preven\u00e7\u00e3o e controle da epidemia, incluindo o delineamento preciso das \u00e1reas de risco, reajuste dos m\u00e9todos de quarentena e acelera\u00e7\u00e3o da vacina\u00e7\u00e3o de idosos. O objetivo \u00e9 proteger ao...","og_url":"https:\/\/diariodepe.com.br\/cri\/2022\/12\/16\/comentario-o-que-permanece-e-o-que-muda-na-luta-chinesa-contra-epidemia\/","og_site_name":"CRI e Diario de Pernambuco","article_published_time":"2022-12-16T03:06:07+00:00","article_modified_time":"2022-12-16T03:06:08+00:00","og_image":[{"width":640,"height":385,"url":"https:\/\/diariodepe.com.br\/cri\/wp-content\/uploads\/sites\/2\/2022\/12\/f703738da977391233262a097daaef13377ae291.webp","type":"image\/webp"}],"author":"Ismael Lucas S. Pereira","twitter_card":"summary_large_image","twitter_misc":{"Escrito por":"Ismael Lucas S. Pereira","Est. tempo de leitura":"4 minutos"},"schema":{"@context":"https:\/\/schema.org","@graph":[{"@type":"Article","@id":"https:\/\/diariodepe.com.br\/cri\/2022\/12\/16\/comentario-o-que-permanece-e-o-que-muda-na-luta-chinesa-contra-epidemia\/#article","isPartOf":{"@id":"https:\/\/diariodepe.com.br\/cri\/2022\/12\/16\/comentario-o-que-permanece-e-o-que-muda-na-luta-chinesa-contra-epidemia\/"},"author":{"name":"Ismael Lucas S. Pereira","@id":"https:\/\/diariodepe.com.br\/cri\/#\/schema\/person\/121bb28d84f1a5b1205ef4ce9c2e0c6b"},"headline":"Coment\u00e1rio: O que permanece e o que muda na luta chinesa contra epidemia","datePublished":"2022-12-16T03:06:07+00:00","dateModified":"2022-12-16T03:06:08+00:00","mainEntityOfPage":{"@id":"https:\/\/diariodepe.com.br\/cri\/2022\/12\/16\/comentario-o-que-permanece-e-o-que-muda-na-luta-chinesa-contra-epidemia\/"},"wordCount":785,"commentCount":0,"publisher":{"@id":"https:\/\/diariodepe.com.br\/cri\/#organization"},"image":{"@id":"https:\/\/diariodepe.com.br\/cri\/2022\/12\/16\/comentario-o-que-permanece-e-o-que-muda-na-luta-chinesa-contra-epidemia\/#primaryimage"},"thumbnailUrl":"https:\/\/diariodepe.com.br\/cri\/wp-content\/uploads\/sites\/2\/2022\/12\/f703738da977391233262a097daaef13377ae291.webp","articleSection":["Vis\u00e3o"],"inLanguage":"pt-BR","potentialAction":[{"@type":"CommentAction","name":"Comment","target":["https:\/\/diariodepe.com.br\/cri\/2022\/12\/16\/comentario-o-que-permanece-e-o-que-muda-na-luta-chinesa-contra-epidemia\/#respond"]}]},{"@type":"WebPage","@id":"https:\/\/diariodepe.com.br\/cri\/2022\/12\/16\/comentario-o-que-permanece-e-o-que-muda-na-luta-chinesa-contra-epidemia\/","url":"https:\/\/diariodepe.com.br\/cri\/2022\/12\/16\/comentario-o-que-permanece-e-o-que-muda-na-luta-chinesa-contra-epidemia\/","name":"Coment\u00e1rio: O que permanece e o que muda na luta chinesa contra epidemia - CRI e Diario de Pernambuco","isPartOf":{"@id":"https:\/\/diariodepe.com.br\/cri\/#website"},"primaryImageOfPage":{"@id":"https:\/\/diariodepe.com.br\/cri\/2022\/12\/16\/comentario-o-que-permanece-e-o-que-muda-na-luta-chinesa-contra-epidemia\/#primaryimage"},"image":{"@id":"https:\/\/diariodepe.com.br\/cri\/2022\/12\/16\/comentario-o-que-permanece-e-o-que-muda-na-luta-chinesa-contra-epidemia\/#primaryimage"},"thumbnailUrl":"https:\/\/diariodepe.com.br\/cri\/wp-content\/uploads\/sites\/2\/2022\/12\/f703738da977391233262a097daaef13377ae291.webp","datePublished":"2022-12-16T03:06:07+00:00","dateModified":"2022-12-16T03:06:08+00:00","breadcrumb":{"@id":"https:\/\/diariodepe.com.br\/cri\/2022\/12\/16\/comentario-o-que-permanece-e-o-que-muda-na-luta-chinesa-contra-epidemia\/#breadcrumb"},"inLanguage":"pt-BR","potentialAction":[{"@type":"ReadAction","target":["https:\/\/diariodepe.com.br\/cri\/2022\/12\/16\/comentario-o-que-permanece-e-o-que-muda-na-luta-chinesa-contra-epidemia\/"]}]},{"@type":"ImageObject","inLanguage":"pt-BR","@id":"https:\/\/diariodepe.com.br\/cri\/2022\/12\/16\/comentario-o-que-permanece-e-o-que-muda-na-luta-chinesa-contra-epidemia\/#primaryimage","url":"https:\/\/diariodepe.com.br\/cri\/wp-content\/uploads\/sites\/2\/2022\/12\/f703738da977391233262a097daaef13377ae291.webp","contentUrl":"https:\/\/diariodepe.com.br\/cri\/wp-content\/uploads\/sites\/2\/2022\/12\/f703738da977391233262a097daaef13377ae291.webp","width":640,"height":385},{"@type":"BreadcrumbList","@id":"https:\/\/diariodepe.com.br\/cri\/2022\/12\/16\/comentario-o-que-permanece-e-o-que-muda-na-luta-chinesa-contra-epidemia\/#breadcrumb","itemListElement":[{"@type":"ListItem","position":1,"name":"In\u00edcio","item":"https:\/\/diariodepe.com.br\/cri\/"},{"@type":"ListItem","position":2,"name":"Coment\u00e1rio: O que permanece e o que muda na luta chinesa contra epidemia"}]},{"@type":"WebSite","@id":"https:\/\/diariodepe.com.br\/cri\/#website","url":"https:\/\/diariodepe.com.br\/cri\/","name":"CRI e Diario de Pernambuco","description":"R\u00e1dio Internacional da China","publisher":{"@id":"https:\/\/diariodepe.com.br\/cri\/#organization"},"potentialAction":[{"@type":"SearchAction","target":{"@type":"EntryPoint","urlTemplate":"https:\/\/diariodepe.com.br\/cri\/?s={search_term_string}"},"query-input":{"@type":"PropertyValueSpecification","valueRequired":true,"valueName":"search_term_string"}}],"inLanguage":"pt-BR"},{"@type":"Organization","@id":"https:\/\/diariodepe.com.br\/cri\/#organization","name":"CRI e Diario de Pernambuco","url":"https:\/\/diariodepe.com.br\/cri\/","logo":{"@type":"ImageObject","inLanguage":"pt-BR","@id":"https:\/\/diariodepe.com.br\/cri\/#\/schema\/logo\/image\/","url":"https:\/\/diariodepe.com.br\/cri\/wp-content\/uploads\/sites\/2\/2022\/12\/cropped-Logo.jpg","contentUrl":"https:\/\/diariodepe.com.br\/cri\/wp-content\/uploads\/sites\/2\/2022\/12\/cropped-Logo.jpg","width":700,"height":59,"caption":"CRI e Diario de Pernambuco"},"image":{"@id":"https:\/\/diariodepe.com.br\/cri\/#\/schema\/logo\/image\/"}},{"@type":"Person","@id":"https:\/\/diariodepe.com.br\/cri\/#\/schema\/person\/121bb28d84f1a5b1205ef4ce9c2e0c6b","name":"Ismael Lucas S. Pereira","image":{"@type":"ImageObject","inLanguage":"pt-BR","@id":"https:\/\/secure.gravatar.com\/avatar\/887a0f3b5a7ceea963a48499fb883ffce6b5037362def025c52c2505b15d63e4?s=96&d=mm&r=g","url":"https:\/\/secure.gravatar.com\/avatar\/887a0f3b5a7ceea963a48499fb883ffce6b5037362def025c52c2505b15d63e4?s=96&d=mm&r=g","contentUrl":"https:\/\/secure.gravatar.com\/avatar\/887a0f3b5a7ceea963a48499fb883ffce6b5037362def025c52c2505b15d63e4?s=96&d=mm&r=g","caption":"Ismael Lucas S. Pereira"},"url":"https:\/\/diariodepe.com.br\/cri\/author\/ismael-lucas\/"}]}},"cc_featured_image_caption":{"caption_text":"","source_text":"","source_url":""},"amp_enabled":true,"_links":{"self":[{"href":"https:\/\/diariodepe.com.br\/cri\/wp-json\/wp\/v2\/posts\/169","targetHints":{"allow":["GET"]}}],"collection":[{"href":"https:\/\/diariodepe.com.br\/cri\/wp-json\/wp\/v2\/posts"}],"about":[{"href":"https:\/\/diariodepe.com.br\/cri\/wp-json\/wp\/v2\/types\/post"}],"author":[{"embeddable":true,"href":"https:\/\/diariodepe.com.br\/cri\/wp-json\/wp\/v2\/users\/2"}],"replies":[{"embeddable":true,"href":"https:\/\/diariodepe.com.br\/cri\/wp-json\/wp\/v2\/comments?post=169"}],"version-history":[{"count":1,"href":"https:\/\/diariodepe.com.br\/cri\/wp-json\/wp\/v2\/posts\/169\/revisions"}],"predecessor-version":[{"id":171,"href":"https:\/\/diariodepe.com.br\/cri\/wp-json\/wp\/v2\/posts\/169\/revisions\/171"}],"wp:featuredmedia":[{"embeddable":true,"href":"https:\/\/diariodepe.com.br\/cri\/wp-json\/wp\/v2\/media\/170"}],"wp:attachment":[{"href":"https:\/\/diariodepe.com.br\/cri\/wp-json\/wp\/v2\/media?parent=169"}],"wp:term":[{"taxonomy":"category","embeddable":true,"href":"https:\/\/diariodepe.com.br\/cri\/wp-json\/wp\/v2\/categories?post=169"},{"taxonomy":"post_tag","embeddable":true,"href":"https:\/\/diariodepe.com.br\/cri\/wp-json\/wp\/v2\/tags?post=169"}],"curies":[{"name":"wp","href":"https:\/\/api.w.org\/{rel}","templated":true}]}}