{"id":1665,"date":"2023-06-06T04:12:39","date_gmt":"2023-06-06T07:12:39","guid":{"rendered":"https:\/\/diariodepe.com.br\/cri\/?p=1665"},"modified":"2023-06-06T04:12:39","modified_gmt":"2023-06-06T07:12:39","slug":"modernizacao-chinesa-contribui-para-desenvolvimento-comum-diz-ministro-chines","status":"publish","type":"post","link":"https:\/\/diariodepe.com.br\/cri\/2023\/06\/06\/modernizacao-chinesa-contribui-para-desenvolvimento-comum-diz-ministro-chines\/","title":{"rendered":"Moderniza\u00e7\u00e3o chinesa contribui para desenvolvimento comum, diz ministro chin\u00eas"},"content":{"rendered":"<p>A China sempre se dedica \u00e0 promo\u00e7\u00e3o da paz e do desenvolvimento mundiais com a\u00e7\u00f5es reais, afirmou o conselheiro de Estado e ministro da Defesa chin\u00eas, Li Shangfu, durante o Di\u00e1logo de Shangri-La, realizado em Singapura.<\/p>\n<p>Ao discursar no evento, Li Shangfu apontou que o Partido Comunista da China (PCCh) liderou o povo chin\u00eas para abrir o caminho da moderniza\u00e7\u00e3o chinesa, por meio de esfor\u00e7os de gera\u00e7\u00f5es de pessoas. Esse processo injetou for\u00e7as motrizes robustas ao desenvolvimento comum. Nos \u00faltimos anos, a China fez uma contribui\u00e7\u00e3o de 38,6% para o crescimento econ\u00f4mico global e se tornou a principal parceira comercial de mais de 140 pa\u00edses e regi\u00f5es.<\/p>\n<p>Al\u00e9m disso, a China contribuiu muito com a paz mundial e desempenha um papel ativo na administra\u00e7\u00e3o global. Desde 2008, o pa\u00eds enviou 44 vezes 139 embarca\u00e7\u00f5es militares para oferecer escolta a mais de sete mil navios chineses e estrangeiros. O governo chin\u00eas tamb\u00e9m tomou a\u00e7\u00f5es proativas para coordenar as partes envolvidas para realizar negocia\u00e7\u00f5es de paz, como nas quest\u00f5es da Ucr\u00e2nia e do Afeganist\u00e3o.<\/p>\n","protected":false},"excerpt":{"rendered":"<p>A China sempre se dedica \u00e0 promo\u00e7\u00e3o da paz e do desenvolvimento mundiais com a\u00e7\u00f5es reais, afirmou o conselheiro de Estado e ministro da Defesa chin\u00eas, Li Shangfu, durante o Di\u00e1logo de Shangri-La, realizado em Singapura. Ao discursar no evento,&#8230;<\/p>\n","protected":false},"author":2,"featured_media":0,"comment_status":"open","ping_status":"open","sticky":false,"template":"","format":"standard","meta":{"footnotes":""},"categories":[8],"tags":[],"class_list":["post-1665","post","type-post","status-publish","format-standard","hentry","category-internacional"],"yoast_head":"<!-- This site is optimized with the Yoast SEO plugin v27.4 - https:\/\/yoast.com\/product\/yoast-seo-wordpress\/ -->\n<title>Moderniza\u00e7\u00e3o chinesa contribui para desenvolvimento comum, diz ministro chin\u00eas - CRI e Diario de Pernambuco<\/title>\n<meta name=\"robots\" content=\"index, follow, max-snippet:-1, max-image-preview:large, max-video-preview:-1\" \/>\n<link rel=\"canonical\" href=\"https:\/\/diariodepe.com.br\/cri\/2023\/06\/06\/modernizacao-chinesa-contribui-para-desenvolvimento-comum-diz-ministro-chines\/\" \/>\n<meta property=\"og:locale\" content=\"pt_BR\" \/>\n<meta property=\"og:type\" content=\"article\" \/>\n<meta property=\"og:title\" content=\"Moderniza\u00e7\u00e3o chinesa contribui para desenvolvimento comum, diz ministro chin\u00eas - CRI e Diario de Pernambuco\" \/>\n<meta property=\"og:description\" content=\"A China sempre se dedica \u00e0 promo\u00e7\u00e3o da paz e do desenvolvimento mundiais com a\u00e7\u00f5es reais, afirmou o conselheiro de Estado e ministro da Defesa chin\u00eas, Li Shangfu, durante o Di\u00e1logo de Shangri-La, realizado em Singapura. Ao discursar no evento,...\" \/>\n<meta property=\"og:url\" content=\"https:\/\/diariodepe.com.br\/cri\/2023\/06\/06\/modernizacao-chinesa-contribui-para-desenvolvimento-comum-diz-ministro-chines\/\" \/>\n<meta property=\"og:site_name\" content=\"CRI e Diario de Pernambuco\" \/>\n<meta property=\"article:published_time\" content=\"2023-06-06T07:12:39+00:00\" \/>\n<meta name=\"author\" content=\"Ismael Lucas S. Pereira\" \/>\n<meta name=\"twitter:card\" content=\"summary_large_image\" \/>\n<meta name=\"twitter:label1\" content=\"Escrito por\" \/>\n\t<meta name=\"twitter:data1\" content=\"Ismael Lucas S. Pereira\" \/>\n\t<meta name=\"twitter:label2\" content=\"Est. tempo de leitura\" \/>\n\t<meta name=\"twitter:data2\" content=\"1 minuto\" \/>\n<script type=\"application\/ld+json\" class=\"yoast-schema-graph\">{\"@context\":\"https:\\\/\\\/schema.org\",\"@graph\":[{\"@type\":\"Article\",\"@id\":\"https:\\\/\\\/diariodepe.com.br\\\/cri\\\/2023\\\/06\\\/06\\\/modernizacao-chinesa-contribui-para-desenvolvimento-comum-diz-ministro-chines\\\/#article\",\"isPartOf\":{\"@id\":\"https:\\\/\\\/diariodepe.com.br\\\/cri\\\/2023\\\/06\\\/06\\\/modernizacao-chinesa-contribui-para-desenvolvimento-comum-diz-ministro-chines\\\/\"},\"author\":{\"name\":\"Ismael Lucas S. Pereira\",\"@id\":\"https:\\\/\\\/diariodepe.com.br\\\/cri\\\/#\\\/schema\\\/person\\\/121bb28d84f1a5b1205ef4ce9c2e0c6b\"},\"headline\":\"Moderniza\u00e7\u00e3o chinesa contribui para desenvolvimento comum, diz ministro chin\u00eas\",\"datePublished\":\"2023-06-06T07:12:39+00:00\",\"mainEntityOfPage\":{\"@id\":\"https:\\\/\\\/diariodepe.com.br\\\/cri\\\/2023\\\/06\\\/06\\\/modernizacao-chinesa-contribui-para-desenvolvimento-comum-diz-ministro-chines\\\/\"},\"wordCount\":201,\"commentCount\":0,\"publisher\":{\"@id\":\"https:\\\/\\\/diariodepe.com.br\\\/cri\\\/#organization\"},\"articleSection\":[\"Internacional\"],\"inLanguage\":\"pt-BR\",\"potentialAction\":[{\"@type\":\"CommentAction\",\"name\":\"Comment\",\"target\":[\"https:\\\/\\\/diariodepe.com.br\\\/cri\\\/2023\\\/06\\\/06\\\/modernizacao-chinesa-contribui-para-desenvolvimento-comum-diz-ministro-chines\\\/#respond\"]}]},{\"@type\":\"WebPage\",\"@id\":\"https:\\\/\\\/diariodepe.com.br\\\/cri\\\/2023\\\/06\\\/06\\\/modernizacao-chinesa-contribui-para-desenvolvimento-comum-diz-ministro-chines\\\/\",\"url\":\"https:\\\/\\\/diariodepe.com.br\\\/cri\\\/2023\\\/06\\\/06\\\/modernizacao-chinesa-contribui-para-desenvolvimento-comum-diz-ministro-chines\\\/\",\"name\":\"Moderniza\u00e7\u00e3o chinesa contribui para desenvolvimento comum, diz ministro chin\u00eas - CRI e Diario de Pernambuco\",\"isPartOf\":{\"@id\":\"https:\\\/\\\/diariodepe.com.br\\\/cri\\\/#website\"},\"datePublished\":\"2023-06-06T07:12:39+00:00\",\"breadcrumb\":{\"@id\":\"https:\\\/\\\/diariodepe.com.br\\\/cri\\\/2023\\\/06\\\/06\\\/modernizacao-chinesa-contribui-para-desenvolvimento-comum-diz-ministro-chines\\\/#breadcrumb\"},\"inLanguage\":\"pt-BR\",\"potentialAction\":[{\"@type\":\"ReadAction\",\"target\":[\"https:\\\/\\\/diariodepe.com.br\\\/cri\\\/2023\\\/06\\\/06\\\/modernizacao-chinesa-contribui-para-desenvolvimento-comum-diz-ministro-chines\\\/\"]}]},{\"@type\":\"BreadcrumbList\",\"@id\":\"https:\\\/\\\/diariodepe.com.br\\\/cri\\\/2023\\\/06\\\/06\\\/modernizacao-chinesa-contribui-para-desenvolvimento-comum-diz-ministro-chines\\\/#breadcrumb\",\"itemListElement\":[{\"@type\":\"ListItem\",\"position\":1,\"name\":\"In\u00edcio\",\"item\":\"https:\\\/\\\/diariodepe.com.br\\\/cri\\\/\"},{\"@type\":\"ListItem\",\"position\":2,\"name\":\"Moderniza\u00e7\u00e3o chinesa contribui para desenvolvimento comum, diz ministro chin\u00eas\"}]},{\"@type\":\"WebSite\",\"@id\":\"https:\\\/\\\/diariodepe.com.br\\\/cri\\\/#website\",\"url\":\"https:\\\/\\\/diariodepe.com.br\\\/cri\\\/\",\"name\":\"CRI e Diario de Pernambuco\",\"description\":\"R\u00e1dio Internacional da China\",\"publisher\":{\"@id\":\"https:\\\/\\\/diariodepe.com.br\\\/cri\\\/#organization\"},\"potentialAction\":[{\"@type\":\"SearchAction\",\"target\":{\"@type\":\"EntryPoint\",\"urlTemplate\":\"https:\\\/\\\/diariodepe.com.br\\\/cri\\\/?s={search_term_string}\"},\"query-input\":{\"@type\":\"PropertyValueSpecification\",\"valueRequired\":true,\"valueName\":\"search_term_string\"}}],\"inLanguage\":\"pt-BR\"},{\"@type\":\"Organization\",\"@id\":\"https:\\\/\\\/diariodepe.com.br\\\/cri\\\/#organization\",\"name\":\"CRI e Diario de Pernambuco\",\"url\":\"https:\\\/\\\/diariodepe.com.br\\\/cri\\\/\",\"logo\":{\"@type\":\"ImageObject\",\"inLanguage\":\"pt-BR\",\"@id\":\"https:\\\/\\\/diariodepe.com.br\\\/cri\\\/#\\\/schema\\\/logo\\\/image\\\/\",\"url\":\"https:\\\/\\\/diariodepe.com.br\\\/cri\\\/wp-content\\\/uploads\\\/sites\\\/2\\\/2022\\\/12\\\/cropped-Logo.jpg\",\"contentUrl\":\"https:\\\/\\\/diariodepe.com.br\\\/cri\\\/wp-content\\\/uploads\\\/sites\\\/2\\\/2022\\\/12\\\/cropped-Logo.jpg\",\"width\":700,\"height\":59,\"caption\":\"CRI e Diario de Pernambuco\"},\"image\":{\"@id\":\"https:\\\/\\\/diariodepe.com.br\\\/cri\\\/#\\\/schema\\\/logo\\\/image\\\/\"}},{\"@type\":\"Person\",\"@id\":\"https:\\\/\\\/diariodepe.com.br\\\/cri\\\/#\\\/schema\\\/person\\\/121bb28d84f1a5b1205ef4ce9c2e0c6b\",\"name\":\"Ismael Lucas S. Pereira\",\"image\":{\"@type\":\"ImageObject\",\"inLanguage\":\"pt-BR\",\"@id\":\"https:\\\/\\\/secure.gravatar.com\\\/avatar\\\/887a0f3b5a7ceea963a48499fb883ffce6b5037362def025c52c2505b15d63e4?s=96&d=mm&r=g\",\"url\":\"https:\\\/\\\/secure.gravatar.com\\\/avatar\\\/887a0f3b5a7ceea963a48499fb883ffce6b5037362def025c52c2505b15d63e4?s=96&d=mm&r=g\",\"contentUrl\":\"https:\\\/\\\/secure.gravatar.com\\\/avatar\\\/887a0f3b5a7ceea963a48499fb883ffce6b5037362def025c52c2505b15d63e4?s=96&d=mm&r=g\",\"caption\":\"Ismael Lucas S. Pereira\"},\"url\":\"https:\\\/\\\/diariodepe.com.br\\\/cri\\\/author\\\/ismael-lucas\\\/\"}]}<\/script>\n<!-- \/ Yoast SEO plugin. -->","yoast_head_json":{"title":"Moderniza\u00e7\u00e3o chinesa contribui para desenvolvimento comum, diz ministro chin\u00eas - CRI e Diario de Pernambuco","robots":{"index":"index","follow":"follow","max-snippet":"max-snippet:-1","max-image-preview":"max-image-preview:large","max-video-preview":"max-video-preview:-1"},"canonical":"https:\/\/diariodepe.com.br\/cri\/2023\/06\/06\/modernizacao-chinesa-contribui-para-desenvolvimento-comum-diz-ministro-chines\/","og_locale":"pt_BR","og_type":"article","og_title":"Moderniza\u00e7\u00e3o chinesa contribui para desenvolvimento comum, diz ministro chin\u00eas - CRI e Diario de Pernambuco","og_description":"A China sempre se dedica \u00e0 promo\u00e7\u00e3o da paz e do desenvolvimento mundiais com a\u00e7\u00f5es reais, afirmou o conselheiro de Estado e ministro da Defesa chin\u00eas, Li Shangfu, durante o Di\u00e1logo de Shangri-La, realizado em Singapura. Ao discursar no evento,...","og_url":"https:\/\/diariodepe.com.br\/cri\/2023\/06\/06\/modernizacao-chinesa-contribui-para-desenvolvimento-comum-diz-ministro-chines\/","og_site_name":"CRI e Diario de Pernambuco","article_published_time":"2023-06-06T07:12:39+00:00","author":"Ismael Lucas S. Pereira","twitter_card":"summary_large_image","twitter_misc":{"Escrito por":"Ismael Lucas S. Pereira","Est. tempo de leitura":"1 minuto"},"schema":{"@context":"https:\/\/schema.org","@graph":[{"@type":"Article","@id":"https:\/\/diariodepe.com.br\/cri\/2023\/06\/06\/modernizacao-chinesa-contribui-para-desenvolvimento-comum-diz-ministro-chines\/#article","isPartOf":{"@id":"https:\/\/diariodepe.com.br\/cri\/2023\/06\/06\/modernizacao-chinesa-contribui-para-desenvolvimento-comum-diz-ministro-chines\/"},"author":{"name":"Ismael Lucas S. Pereira","@id":"https:\/\/diariodepe.com.br\/cri\/#\/schema\/person\/121bb28d84f1a5b1205ef4ce9c2e0c6b"},"headline":"Moderniza\u00e7\u00e3o chinesa contribui para desenvolvimento comum, diz ministro chin\u00eas","datePublished":"2023-06-06T07:12:39+00:00","mainEntityOfPage":{"@id":"https:\/\/diariodepe.com.br\/cri\/2023\/06\/06\/modernizacao-chinesa-contribui-para-desenvolvimento-comum-diz-ministro-chines\/"},"wordCount":201,"commentCount":0,"publisher":{"@id":"https:\/\/diariodepe.com.br\/cri\/#organization"},"articleSection":["Internacional"],"inLanguage":"pt-BR","potentialAction":[{"@type":"CommentAction","name":"Comment","target":["https:\/\/diariodepe.com.br\/cri\/2023\/06\/06\/modernizacao-chinesa-contribui-para-desenvolvimento-comum-diz-ministro-chines\/#respond"]}]},{"@type":"WebPage","@id":"https:\/\/diariodepe.com.br\/cri\/2023\/06\/06\/modernizacao-chinesa-contribui-para-desenvolvimento-comum-diz-ministro-chines\/","url":"https:\/\/diariodepe.com.br\/cri\/2023\/06\/06\/modernizacao-chinesa-contribui-para-desenvolvimento-comum-diz-ministro-chines\/","name":"Moderniza\u00e7\u00e3o chinesa contribui para desenvolvimento comum, diz ministro chin\u00eas - CRI e Diario de Pernambuco","isPartOf":{"@id":"https:\/\/diariodepe.com.br\/cri\/#website"},"datePublished":"2023-06-06T07:12:39+00:00","breadcrumb":{"@id":"https:\/\/diariodepe.com.br\/cri\/2023\/06\/06\/modernizacao-chinesa-contribui-para-desenvolvimento-comum-diz-ministro-chines\/#breadcrumb"},"inLanguage":"pt-BR","potentialAction":[{"@type":"ReadAction","target":["https:\/\/diariodepe.com.br\/cri\/2023\/06\/06\/modernizacao-chinesa-contribui-para-desenvolvimento-comum-diz-ministro-chines\/"]}]},{"@type":"BreadcrumbList","@id":"https:\/\/diariodepe.com.br\/cri\/2023\/06\/06\/modernizacao-chinesa-contribui-para-desenvolvimento-comum-diz-ministro-chines\/#breadcrumb","itemListElement":[{"@type":"ListItem","position":1,"name":"In\u00edcio","item":"https:\/\/diariodepe.com.br\/cri\/"},{"@type":"ListItem","position":2,"name":"Moderniza\u00e7\u00e3o chinesa contribui para desenvolvimento comum, diz ministro chin\u00eas"}]},{"@type":"WebSite","@id":"https:\/\/diariodepe.com.br\/cri\/#website","url":"https:\/\/diariodepe.com.br\/cri\/","name":"CRI e Diario de Pernambuco","description":"R\u00e1dio Internacional da China","publisher":{"@id":"https:\/\/diariodepe.com.br\/cri\/#organization"},"potentialAction":[{"@type":"SearchAction","target":{"@type":"EntryPoint","urlTemplate":"https:\/\/diariodepe.com.br\/cri\/?s={search_term_string}"},"query-input":{"@type":"PropertyValueSpecification","valueRequired":true,"valueName":"search_term_string"}}],"inLanguage":"pt-BR"},{"@type":"Organization","@id":"https:\/\/diariodepe.com.br\/cri\/#organization","name":"CRI e Diario de Pernambuco","url":"https:\/\/diariodepe.com.br\/cri\/","logo":{"@type":"ImageObject","inLanguage":"pt-BR","@id":"https:\/\/diariodepe.com.br\/cri\/#\/schema\/logo\/image\/","url":"https:\/\/diariodepe.com.br\/cri\/wp-content\/uploads\/sites\/2\/2022\/12\/cropped-Logo.jpg","contentUrl":"https:\/\/diariodepe.com.br\/cri\/wp-content\/uploads\/sites\/2\/2022\/12\/cropped-Logo.jpg","width":700,"height":59,"caption":"CRI e Diario de Pernambuco"},"image":{"@id":"https:\/\/diariodepe.com.br\/cri\/#\/schema\/logo\/image\/"}},{"@type":"Person","@id":"https:\/\/diariodepe.com.br\/cri\/#\/schema\/person\/121bb28d84f1a5b1205ef4ce9c2e0c6b","name":"Ismael Lucas S. Pereira","image":{"@type":"ImageObject","inLanguage":"pt-BR","@id":"https:\/\/secure.gravatar.com\/avatar\/887a0f3b5a7ceea963a48499fb883ffce6b5037362def025c52c2505b15d63e4?s=96&d=mm&r=g","url":"https:\/\/secure.gravatar.com\/avatar\/887a0f3b5a7ceea963a48499fb883ffce6b5037362def025c52c2505b15d63e4?s=96&d=mm&r=g","contentUrl":"https:\/\/secure.gravatar.com\/avatar\/887a0f3b5a7ceea963a48499fb883ffce6b5037362def025c52c2505b15d63e4?s=96&d=mm&r=g","caption":"Ismael Lucas S. Pereira"},"url":"https:\/\/diariodepe.com.br\/cri\/author\/ismael-lucas\/"}]}},"cc_featured_image_caption":{"caption_text":false,"source_text":false,"source_url":false},"amp_enabled":true,"_links":{"self":[{"href":"https:\/\/diariodepe.com.br\/cri\/wp-json\/wp\/v2\/posts\/1665","targetHints":{"allow":["GET"]}}],"collection":[{"href":"https:\/\/diariodepe.com.br\/cri\/wp-json\/wp\/v2\/posts"}],"about":[{"href":"https:\/\/diariodepe.com.br\/cri\/wp-json\/wp\/v2\/types\/post"}],"author":[{"embeddable":true,"href":"https:\/\/diariodepe.com.br\/cri\/wp-json\/wp\/v2\/users\/2"}],"replies":[{"embeddable":true,"href":"https:\/\/diariodepe.com.br\/cri\/wp-json\/wp\/v2\/comments?post=1665"}],"version-history":[{"count":1,"href":"https:\/\/diariodepe.com.br\/cri\/wp-json\/wp\/v2\/posts\/1665\/revisions"}],"predecessor-version":[{"id":1666,"href":"https:\/\/diariodepe.com.br\/cri\/wp-json\/wp\/v2\/posts\/1665\/revisions\/1666"}],"wp:attachment":[{"href":"https:\/\/diariodepe.com.br\/cri\/wp-json\/wp\/v2\/media?parent=1665"}],"wp:term":[{"taxonomy":"category","embeddable":true,"href":"https:\/\/diariodepe.com.br\/cri\/wp-json\/wp\/v2\/categories?post=1665"},{"taxonomy":"post_tag","embeddable":true,"href":"https:\/\/diariodepe.com.br\/cri\/wp-json\/wp\/v2\/tags?post=1665"}],"curies":[{"name":"wp","href":"https:\/\/api.w.org\/{rel}","templated":true}]}}