{"id":1657,"date":"2023-06-06T04:07:19","date_gmt":"2023-06-06T07:07:19","guid":{"rendered":"https:\/\/diariodepe.com.br\/cri\/?p=1657"},"modified":"2023-06-06T04:07:19","modified_gmt":"2023-06-06T07:07:19","slug":"comentario-com-quem-a-china-se-encontra-reflete-a-visao-de-paz-do-pais","status":"publish","type":"post","link":"https:\/\/diariodepe.com.br\/cri\/2023\/06\/06\/comentario-com-quem-a-china-se-encontra-reflete-a-visao-de-paz-do-pais\/","title":{"rendered":"Coment\u00e1rio: Com quem a China se encontra reflete a vis\u00e3o de paz do pa\u00eds"},"content":{"rendered":"<p>Representantes das institui\u00e7\u00f5es de defesa e seguran\u00e7a provenientes de mais de 40 pa\u00edses e regi\u00f5es chegaram a Cingapura nos \u00faltimos dias para participar do Di\u00e1logo de Shangri-La, que come\u00e7ou nesta sexta-feira (2). O conselheiro de Estado e ministro da Defesa da China, Li Shangfu, reuniu-se nessa quinta-feira (1) o com o ministro da Defesa da Cingapura, Ng Eng Hen.<\/p>\n<p>Li Shangfu apontou que a prosperidade e a estabilidade da \u00c1sia-Pac\u00edfico s\u00e3o desejo comum de todos os pa\u00edses. O Di\u00e1logo de Shangri-La \u00e9 exatamente o palco onde os pa\u00edses asi\u00e1ticos discutem quest\u00f5es de seguran\u00e7a. No entanto, o tema do discurso dos Estados Unidos desta vez \u00e9 &#8220;lideran\u00e7a dos EUA na regi\u00e3o Indo-Pac\u00edfico&#8221;.<\/p>\n<p>Recentemente, o Departamento de Defesa norte-americano disse \u00e0 imprensa que a parte chinesa recusou o pedido de uma reuni\u00e3o entre os ministros da Defesa dos dois pa\u00edses no Di\u00e1logo de Shangri-La. Antes do Di\u00e1logo em Cingapura, a parte estadunidense come\u00e7ou a especular sobre esse assunto, alegando que a posi\u00e7\u00e3o da China \u00e9 &#8220;extremamente irrespons\u00e1vel&#8221; e est\u00e1 &#8220;prejudicando a paz&#8221;.<\/p>\n<p>Por que a China rejeitou o convite dos Estados Unidos para um encontro? Podemos ver o que a parte estadunidense tem feito antes do evento de Shangri-La. Recentemente, uma aeronave de reconhecimento militar dos EUA realizou uma aproxima\u00e7\u00e3o na \u00e1rea do Mar do Sul da China. As a\u00e7\u00f5es militares norte-americanas na \u00e1rea aumentaram significativamente em 2022, tornando-se um importante fator de amea\u00e7a para a situa\u00e7\u00e3o na regi\u00e3o.<\/p>\n<p>Durante o Di\u00e1logo de Shangri-La, o ministro da Defesa da China se encontrar\u00e1 com os chefes das delega\u00e7\u00f5es dos pa\u00edses concernentes para discutir em conjunto a quest\u00e3o de seguran\u00e7a, a fim de manter a paz mundial. Em Cingapura, a China est\u00e1 ocupada na busca pela paz.<\/p>\n<p>&nbsp;<\/p>\n","protected":false},"excerpt":{"rendered":"<p>Representantes das institui\u00e7\u00f5es de defesa e seguran\u00e7a provenientes de mais de 40 pa\u00edses e regi\u00f5es chegaram a Cingapura nos \u00faltimos dias para participar do Di\u00e1logo de Shangri-La, que come\u00e7ou nesta sexta-feira (2). O conselheiro de Estado e ministro da Defesa&#8230;<\/p>\n","protected":false},"author":2,"featured_media":1658,"comment_status":"open","ping_status":"open","sticky":false,"template":"","format":"standard","meta":{"footnotes":""},"categories":[7],"tags":[],"class_list":["post-1657","post","type-post","status-publish","format-standard","has-post-thumbnail","hentry","category-visao"],"yoast_head":"<!-- This site is optimized with the Yoast SEO plugin v27.4 - https:\/\/yoast.com\/product\/yoast-seo-wordpress\/ -->\n<title>Coment\u00e1rio: Com quem a China se encontra reflete a vis\u00e3o de paz do pa\u00eds - CRI e Diario de Pernambuco<\/title>\n<meta name=\"robots\" content=\"index, follow, max-snippet:-1, max-image-preview:large, max-video-preview:-1\" \/>\n<link rel=\"canonical\" href=\"https:\/\/diariodepe.com.br\/cri\/2023\/06\/06\/comentario-com-quem-a-china-se-encontra-reflete-a-visao-de-paz-do-pais\/\" \/>\n<meta property=\"og:locale\" content=\"pt_BR\" \/>\n<meta property=\"og:type\" content=\"article\" \/>\n<meta property=\"og:title\" content=\"Coment\u00e1rio: Com quem a China se encontra reflete a vis\u00e3o de paz do pa\u00eds - CRI e Diario de Pernambuco\" \/>\n<meta property=\"og:description\" content=\"Representantes das institui\u00e7\u00f5es de defesa e seguran\u00e7a provenientes de mais de 40 pa\u00edses e regi\u00f5es chegaram a Cingapura nos \u00faltimos dias para participar do Di\u00e1logo de Shangri-La, que come\u00e7ou nesta sexta-feira (2). O conselheiro de Estado e ministro da Defesa...\" \/>\n<meta property=\"og:url\" content=\"https:\/\/diariodepe.com.br\/cri\/2023\/06\/06\/comentario-com-quem-a-china-se-encontra-reflete-a-visao-de-paz-do-pais\/\" \/>\n<meta property=\"og:site_name\" content=\"CRI e Diario de Pernambuco\" \/>\n<meta property=\"article:published_time\" content=\"2023-06-06T07:07:19+00:00\" \/>\n<meta property=\"og:image\" content=\"https:\/\/diariodepe.com.br\/cri\/wp-content\/uploads\/sites\/2\/2023\/06\/2023060220110669384.jpg\" \/>\n\t<meta property=\"og:image:width\" content=\"1080\" \/>\n\t<meta property=\"og:image:height\" content=\"608\" \/>\n\t<meta property=\"og:image:type\" content=\"image\/jpeg\" \/>\n<meta name=\"author\" content=\"Ismael Lucas S. Pereira\" \/>\n<meta name=\"twitter:card\" content=\"summary_large_image\" \/>\n<meta name=\"twitter:label1\" content=\"Escrito por\" \/>\n\t<meta name=\"twitter:data1\" content=\"Ismael Lucas S. Pereira\" \/>\n\t<meta name=\"twitter:label2\" content=\"Est. tempo de leitura\" \/>\n\t<meta name=\"twitter:data2\" content=\"2 minutos\" \/>\n<script type=\"application\/ld+json\" class=\"yoast-schema-graph\">{\"@context\":\"https:\\\/\\\/schema.org\",\"@graph\":[{\"@type\":\"Article\",\"@id\":\"https:\\\/\\\/diariodepe.com.br\\\/cri\\\/2023\\\/06\\\/06\\\/comentario-com-quem-a-china-se-encontra-reflete-a-visao-de-paz-do-pais\\\/#article\",\"isPartOf\":{\"@id\":\"https:\\\/\\\/diariodepe.com.br\\\/cri\\\/2023\\\/06\\\/06\\\/comentario-com-quem-a-china-se-encontra-reflete-a-visao-de-paz-do-pais\\\/\"},\"author\":{\"name\":\"Ismael Lucas S. Pereira\",\"@id\":\"https:\\\/\\\/diariodepe.com.br\\\/cri\\\/#\\\/schema\\\/person\\\/121bb28d84f1a5b1205ef4ce9c2e0c6b\"},\"headline\":\"Coment\u00e1rio: Com quem a China se encontra reflete a vis\u00e3o de paz do pa\u00eds\",\"datePublished\":\"2023-06-06T07:07:19+00:00\",\"mainEntityOfPage\":{\"@id\":\"https:\\\/\\\/diariodepe.com.br\\\/cri\\\/2023\\\/06\\\/06\\\/comentario-com-quem-a-china-se-encontra-reflete-a-visao-de-paz-do-pais\\\/\"},\"wordCount\":327,\"commentCount\":0,\"publisher\":{\"@id\":\"https:\\\/\\\/diariodepe.com.br\\\/cri\\\/#organization\"},\"image\":{\"@id\":\"https:\\\/\\\/diariodepe.com.br\\\/cri\\\/2023\\\/06\\\/06\\\/comentario-com-quem-a-china-se-encontra-reflete-a-visao-de-paz-do-pais\\\/#primaryimage\"},\"thumbnailUrl\":\"https:\\\/\\\/diariodepe.com.br\\\/cri\\\/wp-content\\\/uploads\\\/sites\\\/2\\\/2023\\\/06\\\/2023060220110669384.jpg\",\"articleSection\":[\"Vis\u00e3o\"],\"inLanguage\":\"pt-BR\",\"potentialAction\":[{\"@type\":\"CommentAction\",\"name\":\"Comment\",\"target\":[\"https:\\\/\\\/diariodepe.com.br\\\/cri\\\/2023\\\/06\\\/06\\\/comentario-com-quem-a-china-se-encontra-reflete-a-visao-de-paz-do-pais\\\/#respond\"]}]},{\"@type\":\"WebPage\",\"@id\":\"https:\\\/\\\/diariodepe.com.br\\\/cri\\\/2023\\\/06\\\/06\\\/comentario-com-quem-a-china-se-encontra-reflete-a-visao-de-paz-do-pais\\\/\",\"url\":\"https:\\\/\\\/diariodepe.com.br\\\/cri\\\/2023\\\/06\\\/06\\\/comentario-com-quem-a-china-se-encontra-reflete-a-visao-de-paz-do-pais\\\/\",\"name\":\"Coment\u00e1rio: Com quem a China se encontra reflete a vis\u00e3o de paz do pa\u00eds - CRI e Diario de Pernambuco\",\"isPartOf\":{\"@id\":\"https:\\\/\\\/diariodepe.com.br\\\/cri\\\/#website\"},\"primaryImageOfPage\":{\"@id\":\"https:\\\/\\\/diariodepe.com.br\\\/cri\\\/2023\\\/06\\\/06\\\/comentario-com-quem-a-china-se-encontra-reflete-a-visao-de-paz-do-pais\\\/#primaryimage\"},\"image\":{\"@id\":\"https:\\\/\\\/diariodepe.com.br\\\/cri\\\/2023\\\/06\\\/06\\\/comentario-com-quem-a-china-se-encontra-reflete-a-visao-de-paz-do-pais\\\/#primaryimage\"},\"thumbnailUrl\":\"https:\\\/\\\/diariodepe.com.br\\\/cri\\\/wp-content\\\/uploads\\\/sites\\\/2\\\/2023\\\/06\\\/2023060220110669384.jpg\",\"datePublished\":\"2023-06-06T07:07:19+00:00\",\"breadcrumb\":{\"@id\":\"https:\\\/\\\/diariodepe.com.br\\\/cri\\\/2023\\\/06\\\/06\\\/comentario-com-quem-a-china-se-encontra-reflete-a-visao-de-paz-do-pais\\\/#breadcrumb\"},\"inLanguage\":\"pt-BR\",\"potentialAction\":[{\"@type\":\"ReadAction\",\"target\":[\"https:\\\/\\\/diariodepe.com.br\\\/cri\\\/2023\\\/06\\\/06\\\/comentario-com-quem-a-china-se-encontra-reflete-a-visao-de-paz-do-pais\\\/\"]}]},{\"@type\":\"ImageObject\",\"inLanguage\":\"pt-BR\",\"@id\":\"https:\\\/\\\/diariodepe.com.br\\\/cri\\\/2023\\\/06\\\/06\\\/comentario-com-quem-a-china-se-encontra-reflete-a-visao-de-paz-do-pais\\\/#primaryimage\",\"url\":\"https:\\\/\\\/diariodepe.com.br\\\/cri\\\/wp-content\\\/uploads\\\/sites\\\/2\\\/2023\\\/06\\\/2023060220110669384.jpg\",\"contentUrl\":\"https:\\\/\\\/diariodepe.com.br\\\/cri\\\/wp-content\\\/uploads\\\/sites\\\/2\\\/2023\\\/06\\\/2023060220110669384.jpg\",\"width\":1080,\"height\":608},{\"@type\":\"BreadcrumbList\",\"@id\":\"https:\\\/\\\/diariodepe.com.br\\\/cri\\\/2023\\\/06\\\/06\\\/comentario-com-quem-a-china-se-encontra-reflete-a-visao-de-paz-do-pais\\\/#breadcrumb\",\"itemListElement\":[{\"@type\":\"ListItem\",\"position\":1,\"name\":\"In\u00edcio\",\"item\":\"https:\\\/\\\/diariodepe.com.br\\\/cri\\\/\"},{\"@type\":\"ListItem\",\"position\":2,\"name\":\"Coment\u00e1rio: Com quem a China se encontra reflete a vis\u00e3o de paz do pa\u00eds\"}]},{\"@type\":\"WebSite\",\"@id\":\"https:\\\/\\\/diariodepe.com.br\\\/cri\\\/#website\",\"url\":\"https:\\\/\\\/diariodepe.com.br\\\/cri\\\/\",\"name\":\"CRI e Diario de Pernambuco\",\"description\":\"R\u00e1dio Internacional da China\",\"publisher\":{\"@id\":\"https:\\\/\\\/diariodepe.com.br\\\/cri\\\/#organization\"},\"potentialAction\":[{\"@type\":\"SearchAction\",\"target\":{\"@type\":\"EntryPoint\",\"urlTemplate\":\"https:\\\/\\\/diariodepe.com.br\\\/cri\\\/?s={search_term_string}\"},\"query-input\":{\"@type\":\"PropertyValueSpecification\",\"valueRequired\":true,\"valueName\":\"search_term_string\"}}],\"inLanguage\":\"pt-BR\"},{\"@type\":\"Organization\",\"@id\":\"https:\\\/\\\/diariodepe.com.br\\\/cri\\\/#organization\",\"name\":\"CRI e Diario de Pernambuco\",\"url\":\"https:\\\/\\\/diariodepe.com.br\\\/cri\\\/\",\"logo\":{\"@type\":\"ImageObject\",\"inLanguage\":\"pt-BR\",\"@id\":\"https:\\\/\\\/diariodepe.com.br\\\/cri\\\/#\\\/schema\\\/logo\\\/image\\\/\",\"url\":\"https:\\\/\\\/diariodepe.com.br\\\/cri\\\/wp-content\\\/uploads\\\/sites\\\/2\\\/2022\\\/12\\\/cropped-Logo.jpg\",\"contentUrl\":\"https:\\\/\\\/diariodepe.com.br\\\/cri\\\/wp-content\\\/uploads\\\/sites\\\/2\\\/2022\\\/12\\\/cropped-Logo.jpg\",\"width\":700,\"height\":59,\"caption\":\"CRI e Diario de Pernambuco\"},\"image\":{\"@id\":\"https:\\\/\\\/diariodepe.com.br\\\/cri\\\/#\\\/schema\\\/logo\\\/image\\\/\"}},{\"@type\":\"Person\",\"@id\":\"https:\\\/\\\/diariodepe.com.br\\\/cri\\\/#\\\/schema\\\/person\\\/121bb28d84f1a5b1205ef4ce9c2e0c6b\",\"name\":\"Ismael Lucas S. Pereira\",\"image\":{\"@type\":\"ImageObject\",\"inLanguage\":\"pt-BR\",\"@id\":\"https:\\\/\\\/secure.gravatar.com\\\/avatar\\\/887a0f3b5a7ceea963a48499fb883ffce6b5037362def025c52c2505b15d63e4?s=96&d=mm&r=g\",\"url\":\"https:\\\/\\\/secure.gravatar.com\\\/avatar\\\/887a0f3b5a7ceea963a48499fb883ffce6b5037362def025c52c2505b15d63e4?s=96&d=mm&r=g\",\"contentUrl\":\"https:\\\/\\\/secure.gravatar.com\\\/avatar\\\/887a0f3b5a7ceea963a48499fb883ffce6b5037362def025c52c2505b15d63e4?s=96&d=mm&r=g\",\"caption\":\"Ismael Lucas S. Pereira\"},\"url\":\"https:\\\/\\\/diariodepe.com.br\\\/cri\\\/author\\\/ismael-lucas\\\/\"}]}<\/script>\n<!-- \/ Yoast SEO plugin. -->","yoast_head_json":{"title":"Coment\u00e1rio: Com quem a China se encontra reflete a vis\u00e3o de paz do pa\u00eds - CRI e Diario de Pernambuco","robots":{"index":"index","follow":"follow","max-snippet":"max-snippet:-1","max-image-preview":"max-image-preview:large","max-video-preview":"max-video-preview:-1"},"canonical":"https:\/\/diariodepe.com.br\/cri\/2023\/06\/06\/comentario-com-quem-a-china-se-encontra-reflete-a-visao-de-paz-do-pais\/","og_locale":"pt_BR","og_type":"article","og_title":"Coment\u00e1rio: Com quem a China se encontra reflete a vis\u00e3o de paz do pa\u00eds - CRI e Diario de Pernambuco","og_description":"Representantes das institui\u00e7\u00f5es de defesa e seguran\u00e7a provenientes de mais de 40 pa\u00edses e regi\u00f5es chegaram a Cingapura nos \u00faltimos dias para participar do Di\u00e1logo de Shangri-La, que come\u00e7ou nesta sexta-feira (2). O conselheiro de Estado e ministro da Defesa...","og_url":"https:\/\/diariodepe.com.br\/cri\/2023\/06\/06\/comentario-com-quem-a-china-se-encontra-reflete-a-visao-de-paz-do-pais\/","og_site_name":"CRI e Diario de Pernambuco","article_published_time":"2023-06-06T07:07:19+00:00","og_image":[{"width":1080,"height":608,"url":"https:\/\/diariodepe.com.br\/cri\/wp-content\/uploads\/sites\/2\/2023\/06\/2023060220110669384.jpg","type":"image\/jpeg"}],"author":"Ismael Lucas S. Pereira","twitter_card":"summary_large_image","twitter_misc":{"Escrito por":"Ismael Lucas S. Pereira","Est. tempo de leitura":"2 minutos"},"schema":{"@context":"https:\/\/schema.org","@graph":[{"@type":"Article","@id":"https:\/\/diariodepe.com.br\/cri\/2023\/06\/06\/comentario-com-quem-a-china-se-encontra-reflete-a-visao-de-paz-do-pais\/#article","isPartOf":{"@id":"https:\/\/diariodepe.com.br\/cri\/2023\/06\/06\/comentario-com-quem-a-china-se-encontra-reflete-a-visao-de-paz-do-pais\/"},"author":{"name":"Ismael Lucas S. Pereira","@id":"https:\/\/diariodepe.com.br\/cri\/#\/schema\/person\/121bb28d84f1a5b1205ef4ce9c2e0c6b"},"headline":"Coment\u00e1rio: Com quem a China se encontra reflete a vis\u00e3o de paz do pa\u00eds","datePublished":"2023-06-06T07:07:19+00:00","mainEntityOfPage":{"@id":"https:\/\/diariodepe.com.br\/cri\/2023\/06\/06\/comentario-com-quem-a-china-se-encontra-reflete-a-visao-de-paz-do-pais\/"},"wordCount":327,"commentCount":0,"publisher":{"@id":"https:\/\/diariodepe.com.br\/cri\/#organization"},"image":{"@id":"https:\/\/diariodepe.com.br\/cri\/2023\/06\/06\/comentario-com-quem-a-china-se-encontra-reflete-a-visao-de-paz-do-pais\/#primaryimage"},"thumbnailUrl":"https:\/\/diariodepe.com.br\/cri\/wp-content\/uploads\/sites\/2\/2023\/06\/2023060220110669384.jpg","articleSection":["Vis\u00e3o"],"inLanguage":"pt-BR","potentialAction":[{"@type":"CommentAction","name":"Comment","target":["https:\/\/diariodepe.com.br\/cri\/2023\/06\/06\/comentario-com-quem-a-china-se-encontra-reflete-a-visao-de-paz-do-pais\/#respond"]}]},{"@type":"WebPage","@id":"https:\/\/diariodepe.com.br\/cri\/2023\/06\/06\/comentario-com-quem-a-china-se-encontra-reflete-a-visao-de-paz-do-pais\/","url":"https:\/\/diariodepe.com.br\/cri\/2023\/06\/06\/comentario-com-quem-a-china-se-encontra-reflete-a-visao-de-paz-do-pais\/","name":"Coment\u00e1rio: Com quem a China se encontra reflete a vis\u00e3o de paz do pa\u00eds - CRI e Diario de Pernambuco","isPartOf":{"@id":"https:\/\/diariodepe.com.br\/cri\/#website"},"primaryImageOfPage":{"@id":"https:\/\/diariodepe.com.br\/cri\/2023\/06\/06\/comentario-com-quem-a-china-se-encontra-reflete-a-visao-de-paz-do-pais\/#primaryimage"},"image":{"@id":"https:\/\/diariodepe.com.br\/cri\/2023\/06\/06\/comentario-com-quem-a-china-se-encontra-reflete-a-visao-de-paz-do-pais\/#primaryimage"},"thumbnailUrl":"https:\/\/diariodepe.com.br\/cri\/wp-content\/uploads\/sites\/2\/2023\/06\/2023060220110669384.jpg","datePublished":"2023-06-06T07:07:19+00:00","breadcrumb":{"@id":"https:\/\/diariodepe.com.br\/cri\/2023\/06\/06\/comentario-com-quem-a-china-se-encontra-reflete-a-visao-de-paz-do-pais\/#breadcrumb"},"inLanguage":"pt-BR","potentialAction":[{"@type":"ReadAction","target":["https:\/\/diariodepe.com.br\/cri\/2023\/06\/06\/comentario-com-quem-a-china-se-encontra-reflete-a-visao-de-paz-do-pais\/"]}]},{"@type":"ImageObject","inLanguage":"pt-BR","@id":"https:\/\/diariodepe.com.br\/cri\/2023\/06\/06\/comentario-com-quem-a-china-se-encontra-reflete-a-visao-de-paz-do-pais\/#primaryimage","url":"https:\/\/diariodepe.com.br\/cri\/wp-content\/uploads\/sites\/2\/2023\/06\/2023060220110669384.jpg","contentUrl":"https:\/\/diariodepe.com.br\/cri\/wp-content\/uploads\/sites\/2\/2023\/06\/2023060220110669384.jpg","width":1080,"height":608},{"@type":"BreadcrumbList","@id":"https:\/\/diariodepe.com.br\/cri\/2023\/06\/06\/comentario-com-quem-a-china-se-encontra-reflete-a-visao-de-paz-do-pais\/#breadcrumb","itemListElement":[{"@type":"ListItem","position":1,"name":"In\u00edcio","item":"https:\/\/diariodepe.com.br\/cri\/"},{"@type":"ListItem","position":2,"name":"Coment\u00e1rio: Com quem a China se encontra reflete a vis\u00e3o de paz do pa\u00eds"}]},{"@type":"WebSite","@id":"https:\/\/diariodepe.com.br\/cri\/#website","url":"https:\/\/diariodepe.com.br\/cri\/","name":"CRI e Diario de Pernambuco","description":"R\u00e1dio Internacional da China","publisher":{"@id":"https:\/\/diariodepe.com.br\/cri\/#organization"},"potentialAction":[{"@type":"SearchAction","target":{"@type":"EntryPoint","urlTemplate":"https:\/\/diariodepe.com.br\/cri\/?s={search_term_string}"},"query-input":{"@type":"PropertyValueSpecification","valueRequired":true,"valueName":"search_term_string"}}],"inLanguage":"pt-BR"},{"@type":"Organization","@id":"https:\/\/diariodepe.com.br\/cri\/#organization","name":"CRI e Diario de Pernambuco","url":"https:\/\/diariodepe.com.br\/cri\/","logo":{"@type":"ImageObject","inLanguage":"pt-BR","@id":"https:\/\/diariodepe.com.br\/cri\/#\/schema\/logo\/image\/","url":"https:\/\/diariodepe.com.br\/cri\/wp-content\/uploads\/sites\/2\/2022\/12\/cropped-Logo.jpg","contentUrl":"https:\/\/diariodepe.com.br\/cri\/wp-content\/uploads\/sites\/2\/2022\/12\/cropped-Logo.jpg","width":700,"height":59,"caption":"CRI e Diario de Pernambuco"},"image":{"@id":"https:\/\/diariodepe.com.br\/cri\/#\/schema\/logo\/image\/"}},{"@type":"Person","@id":"https:\/\/diariodepe.com.br\/cri\/#\/schema\/person\/121bb28d84f1a5b1205ef4ce9c2e0c6b","name":"Ismael Lucas S. Pereira","image":{"@type":"ImageObject","inLanguage":"pt-BR","@id":"https:\/\/secure.gravatar.com\/avatar\/887a0f3b5a7ceea963a48499fb883ffce6b5037362def025c52c2505b15d63e4?s=96&d=mm&r=g","url":"https:\/\/secure.gravatar.com\/avatar\/887a0f3b5a7ceea963a48499fb883ffce6b5037362def025c52c2505b15d63e4?s=96&d=mm&r=g","contentUrl":"https:\/\/secure.gravatar.com\/avatar\/887a0f3b5a7ceea963a48499fb883ffce6b5037362def025c52c2505b15d63e4?s=96&d=mm&r=g","caption":"Ismael Lucas S. Pereira"},"url":"https:\/\/diariodepe.com.br\/cri\/author\/ismael-lucas\/"}]}},"cc_featured_image_caption":{"caption_text":false,"source_text":false,"source_url":false},"amp_enabled":true,"_links":{"self":[{"href":"https:\/\/diariodepe.com.br\/cri\/wp-json\/wp\/v2\/posts\/1657","targetHints":{"allow":["GET"]}}],"collection":[{"href":"https:\/\/diariodepe.com.br\/cri\/wp-json\/wp\/v2\/posts"}],"about":[{"href":"https:\/\/diariodepe.com.br\/cri\/wp-json\/wp\/v2\/types\/post"}],"author":[{"embeddable":true,"href":"https:\/\/diariodepe.com.br\/cri\/wp-json\/wp\/v2\/users\/2"}],"replies":[{"embeddable":true,"href":"https:\/\/diariodepe.com.br\/cri\/wp-json\/wp\/v2\/comments?post=1657"}],"version-history":[{"count":1,"href":"https:\/\/diariodepe.com.br\/cri\/wp-json\/wp\/v2\/posts\/1657\/revisions"}],"predecessor-version":[{"id":1659,"href":"https:\/\/diariodepe.com.br\/cri\/wp-json\/wp\/v2\/posts\/1657\/revisions\/1659"}],"wp:featuredmedia":[{"embeddable":true,"href":"https:\/\/diariodepe.com.br\/cri\/wp-json\/wp\/v2\/media\/1658"}],"wp:attachment":[{"href":"https:\/\/diariodepe.com.br\/cri\/wp-json\/wp\/v2\/media?parent=1657"}],"wp:term":[{"taxonomy":"category","embeddable":true,"href":"https:\/\/diariodepe.com.br\/cri\/wp-json\/wp\/v2\/categories?post=1657"},{"taxonomy":"post_tag","embeddable":true,"href":"https:\/\/diariodepe.com.br\/cri\/wp-json\/wp\/v2\/tags?post=1657"}],"curies":[{"name":"wp","href":"https:\/\/api.w.org\/{rel}","templated":true}]}}