{"id":165,"date":"2022-12-15T23:59:22","date_gmt":"2022-12-16T02:59:22","guid":{"rendered":"https:\/\/diariodepe.com.br\/cri\/?p=165"},"modified":"2022-12-15T23:59:23","modified_gmt":"2022-12-16T02:59:23","slug":"perspectivas-para-economia-chinesa-em-2023","status":"publish","type":"post","link":"https:\/\/diariodepe.com.br\/cri\/2022\/12\/15\/perspectivas-para-economia-chinesa-em-2023\/","title":{"rendered":"<strong>Perspectivas para Economia Chinesa em 2023<\/strong>"},"content":{"rendered":"\n<p>Os rumos da pol\u00edtica governamental chinesa, pelo peso que a China ostenta na economia mundial, desperta sempre grande interesse por parte de investidores, exportadores e analistas econ\u00f4micos de outros pa\u00edses. Em um ano marcado por fatores ex\u00f3genos adversos como o conflito na Ucr\u00e2nia, o rescaldo da pandemia de Covid-19, interrup\u00e7\u00f5es nas cadeias de valor, crise energ\u00e9tica e alta da infla\u00e7\u00e3o e dos juros nos principais pa\u00edses ocidentais, a economia global desacelerou ap\u00f3s a forte recupera\u00e7\u00e3o ocorrida em 2021, afetando o dinamismo da economia chinesa e causando uma desacelera\u00e7\u00e3o no seu ritmo de crescimento.<\/p>\n\n\n\n<p>O FMI previu em novembro passado que a economia da China crescer\u00e1 3,2% em 2022 e depois aumentar\u00e1 para 4,4% nos pr\u00f3ximos dois anos, j\u00e1 que o crescimento do pa\u00eds continua sob press\u00e3o ap\u00f3s uma recupera\u00e7\u00e3o &#8220;impressionante&#8221; do impacto inicial da pandemia. De fato, os n\u00fameros do Departamento Nacional de Estat\u00edsticas da China apontam que a economia chinesa cresceu apenas 3% em m\u00e9dia nos tr\u00eas primeiros trimestres deste ano, bem abaixo da meta de &#8220;cerca de 5,5%&#8221; para o ano inteiro anunciada no final do ano passado. A prop\u00f3sito dessa previs\u00e3o de desacelera\u00e7\u00e3o estimada pelo FMI, ainda assim a China seria respons\u00e1vel por 30% do crescimento global agregado no pr\u00f3ximo ano quando a economia mundial crescer\u00e1 apenas 2,7% contra 3,2% em 2022. A contribui\u00e7\u00e3o da China para o crescimento global ser\u00e1 mais de tr\u00eas vezes maior do que a dos EUA cuja taxa de crescimento do PIB ser\u00e1 de apenas 1%, ao passo que a Zona do Euro crescer\u00e1 em torno de 0,5%.<\/p>\n\n\n\n<p>Na mesma linha do FMI, a Organiza\u00e7\u00e3o para a Coopera\u00e7\u00e3o e Desenvolvimento Econ\u00f4mico (OCDE) prev\u00ea que a taxa de expans\u00e3o da economia global deve cair de 3,1% este ano para 2,2% em 2023 e projeta que o crescimento econ\u00f4mico chin\u00eas diminuir\u00e1 para uma taxa de 3,3% em 2022, mas se recuperar\u00e1 para 4,6% em 2023 e 4,1% em 2024. O surgimento da variante \u00f4micron de Covid-19 na China levou a ondas recorrentes de lockdowns e quarentenas &nbsp;em 2022, que acabaram por travar parte da atividade econ\u00f4mica. No entanto, segundo a OCDE, mesmo em face de fatores internos e externos contr\u00e1rios, o crescimento da China ser\u00e1 mantido por investimentos p\u00fablicos em infraestrutura f\u00edsica e digital e medidas de apoio que atenuam a corre\u00e7\u00e3o em curso no setor imobili\u00e1rio.<\/p>\n\n\n\n<p>Por sua vez, Confer\u00eancia das Na\u00e7\u00f5es Unidas sobre Com\u00e9rcio e Desenvolvimento (Unctad) tamb\u00e9m prev\u00ea que a China vai desacelerar, cerca de 4,2 pontos percentuais a menos que em 2021, embora se projete que continue crescendo mais r\u00e1pido do que outros pa\u00edses, em quase 4% em 2022, e acelerar para 5,3% em 2023, um dos poucos pa\u00edses importantes do mundo a atingir esse desempenho. A Unctad espera desacelera\u00e7\u00e3o na China em 2022 em fun\u00e7\u00e3o principalmente dos lockdowns anti-Covid-19 prolongados e s\u00f3 agora atenuados, o que causou incertezas aos consumidores e redu\u00e7\u00e3o no consumo, apesar do afrouxamento nas condi\u00e7\u00f5es de cr\u00e9dito por parte das autoridades. O ajuste continuado no setor imobili\u00e1rio tamb\u00e9m teria impactado o ritmo de crescimento, al\u00e9m da desacelera\u00e7\u00e3o nas exporta\u00e7\u00f5es \u00e0 medida que a demanda internacional enfraqueceu em meio a crescentes press\u00f5es inflacion\u00e1rias e aperto monet\u00e1rio em muitos pa\u00edses.<\/p>\n\n\n\n<p>Nesse contexto de desacelera\u00e7\u00e3o no crescimento, o Bir\u00f4 Pol\u00edtico do Comit\u00ea Central do Partido Comunista da China (PCCh) reuniu-se no dia seis de dezembro para, entre outras coisas, analisar a situa\u00e7\u00e3o da economia e as perspectivas para o pr\u00f3ximo ano. Nessa ocasi\u00e3o foi enfatizada a necessidade de implementar as diretrizes do 20\u00ba Congresso Nacional do PCCh e avan\u00e7ar no processo de moderniza\u00e7\u00e3o chinesa. Segundo foi debatido na reuni\u00e3o, o pa\u00eds dar\u00e1 aten\u00e7\u00e3o especial para garantir o crescimento, o emprego e os pre\u00e7os est\u00e1veis, prevenir e neutralizar os principais riscos de forma eficaz e se esfor\u00e7ar\u00e1 para alcan\u00e7ar uma melhoria geral no desempenho econ\u00f4mico. Uma pol\u00edtica fiscal proativa e uma pol\u00edtica monet\u00e1ria prudente ser\u00e3o implementadas para alcan\u00e7ar um avan\u00e7o econ\u00f4mico est\u00e1vel. No encontro, foi decidido que as pol\u00edticas em v\u00e1rias esferas v\u00e3o ser melhor coordenadas, enquanto as respostas epid\u00eamicas ser\u00e3o otimizadas, formando sinergia para um desenvolvimento de alta qualidade. Tamb\u00e9m ser\u00e3o envidados esfor\u00e7os para expandir ainda mais a demanda interna e real\u00e7ar o papel fundamental do consumo e do investimento.<\/p>\n\n\n\n<p>\u00c0 reuni\u00e3o do Bir\u00f4 Pol\u00edtico do Comit\u00ea Central do PCCh seguir\u00e1 a Confer\u00eancia Central de Trabalho Econ\u00f4mico (CEWC, sigla em ingl\u00eas), em meados de dezembro deste ano, que detalhar\u00e1 a an\u00e1lise dos par\u00e2metros da economia chinesa, a exemplo da meta para o PIB e o d\u00e9ficit fiscal. Como \u00e9 de praxe, as principais metas de pol\u00edtica econ\u00f4mica s\u00f3 ser\u00e3o divulgadas oficialmente na reuni\u00e3o da Assembleia Popular Nacional em mar\u00e7o pr\u00f3ximo e n\u00e3o na CEWC, mas as suas discuss\u00f5es acabam sinalizando para os mercados os prov\u00e1veis rumos da pol\u00edtica econ\u00f4mica chinesa no ano seguinte.<\/p>\n\n\n\n<p>Apesar do cen\u00e1rio externo desfavor\u00e1vel, o ano de 2023 reserva uma retomada da economia chinesa bem al\u00e9m do que esperam os organismos internacionais e bancos privados estrangeiros.&nbsp;&nbsp; Dois fatores cruciais para expandir o potencial de consumo chin\u00eas, o investimento privado e a confian\u00e7a do investidor ser\u00e3o destravados pelas mudan\u00e7as j\u00e1 iniciadas na pol\u00edtica anti-Covid-19 e poder\u00e3o gerar uma recupera\u00e7\u00e3o r\u00e1pida e de base ampla.<\/p>\n\n\n\n<p>Embora gradual, a implanta\u00e7\u00e3o de novas regras para melhor equilibrar o combate \u00e0 pandemia e o crescimento econ\u00f4mico resultar\u00e1 em aumento na demanda reprimida no in\u00edcio do pr\u00f3ximo ano. Esse refor\u00e7o no consumo interno fortaleceria os demais indicadores econ\u00f4micos, a exemplo das vendas de varejo, a confian\u00e7a de consumidores e empresas, o incremento no turismo dom\u00e9stico e o aumento nas vendas de bens de consumo dur\u00e1veis, tudo isso contribuindo para alavancar o crescimento da economia como um todo.<\/p>\n\n\n\n<p>Por \u00faltimo, cabe mencionar que, com sua economia retomando o dinamismo habitual, a China, juntamente com outros pa\u00edses emergentes e avan\u00e7ados, poder\u00e1 continuar a desempenhar um papel de lideran\u00e7a nos esfor\u00e7os multilaterais para enfrentar os desafios globais da pobreza e das mudan\u00e7as clim\u00e1ticas em meio \u00e0 crescente amea\u00e7a de fragmenta\u00e7\u00e3o geoecon\u00f4mica e n\u00edveis crescentes de endividamento excessivo entre v\u00e1rios pa\u00edses de baixa renda e mesmo em alguns mercados emergentes.<\/p>\n\n\n\n<p>&nbsp;(*) Jos\u00e9 Nelson Bessa Maia \u00e9 economista brasileiro, mestre em Economia e doutor em Rela\u00e7\u00f5es Internacionais pela Universidade de Bras\u00edlia (UnB) e pesquisador independente das rela\u00e7\u00f5es China-Brasil, China-Pa\u00edses Lus\u00f3fonos e China-Am\u00e9rica Latina.<\/p>\n","protected":false},"excerpt":{"rendered":"<p>Os rumos da pol\u00edtica governamental chinesa, pelo peso que a China ostenta na economia mundial, desperta sempre grande interesse por parte de investidores, exportadores e analistas econ\u00f4micos de outros pa\u00edses. Em um ano marcado por fatores ex\u00f3genos adversos como o&#8230;<\/p>\n","protected":false},"author":2,"featured_media":166,"comment_status":"open","ping_status":"open","sticky":false,"template":"","format":"standard","meta":{"footnotes":""},"categories":[7],"tags":[],"class_list":["post-165","post","type-post","status-publish","format-standard","has-post-thumbnail","hentry","category-visao"],"yoast_head":"<!-- This site is optimized with the Yoast SEO plugin v27.4 - https:\/\/yoast.com\/product\/yoast-seo-wordpress\/ -->\n<title>Perspectivas para Economia Chinesa em 2023 - CRI e Diario de Pernambuco<\/title>\n<meta name=\"robots\" content=\"index, follow, max-snippet:-1, max-image-preview:large, max-video-preview:-1\" \/>\n<link rel=\"canonical\" href=\"https:\/\/diariodepe.com.br\/cri\/2022\/12\/15\/perspectivas-para-economia-chinesa-em-2023\/\" \/>\n<meta property=\"og:locale\" content=\"pt_BR\" \/>\n<meta property=\"og:type\" content=\"article\" \/>\n<meta property=\"og:title\" content=\"Perspectivas para Economia Chinesa em 2023 - CRI e Diario de Pernambuco\" \/>\n<meta property=\"og:description\" content=\"Os rumos da pol\u00edtica governamental chinesa, pelo peso que a China ostenta na economia mundial, desperta sempre grande interesse por parte de investidores, exportadores e analistas econ\u00f4micos de outros pa\u00edses. Em um ano marcado por fatores ex\u00f3genos adversos como o...\" \/>\n<meta property=\"og:url\" content=\"https:\/\/diariodepe.com.br\/cri\/2022\/12\/15\/perspectivas-para-economia-chinesa-em-2023\/\" \/>\n<meta property=\"og:site_name\" content=\"CRI e Diario de Pernambuco\" \/>\n<meta property=\"article:published_time\" content=\"2022-12-16T02:59:22+00:00\" \/>\n<meta property=\"article:modified_time\" content=\"2022-12-16T02:59:23+00:00\" \/>\n<meta property=\"og:image\" content=\"https:\/\/diariodepe.com.br\/cri\/wp-content\/uploads\/sites\/2\/2022\/12\/2022121009563694541.jpg\" \/>\n\t<meta property=\"og:image:width\" content=\"1004\" \/>\n\t<meta property=\"og:image:height\" content=\"684\" \/>\n\t<meta property=\"og:image:type\" content=\"image\/jpeg\" \/>\n<meta name=\"author\" content=\"Ismael Lucas S. Pereira\" \/>\n<meta name=\"twitter:card\" content=\"summary_large_image\" \/>\n<meta name=\"twitter:label1\" content=\"Escrito por\" \/>\n\t<meta name=\"twitter:data1\" content=\"Ismael Lucas S. Pereira\" \/>\n\t<meta name=\"twitter:label2\" content=\"Est. tempo de leitura\" \/>\n\t<meta name=\"twitter:data2\" content=\"6 minutos\" \/>\n<script type=\"application\/ld+json\" class=\"yoast-schema-graph\">{\"@context\":\"https:\\\/\\\/schema.org\",\"@graph\":[{\"@type\":\"Article\",\"@id\":\"https:\\\/\\\/diariodepe.com.br\\\/cri\\\/2022\\\/12\\\/15\\\/perspectivas-para-economia-chinesa-em-2023\\\/#article\",\"isPartOf\":{\"@id\":\"https:\\\/\\\/diariodepe.com.br\\\/cri\\\/2022\\\/12\\\/15\\\/perspectivas-para-economia-chinesa-em-2023\\\/\"},\"author\":{\"name\":\"Ismael Lucas S. Pereira\",\"@id\":\"https:\\\/\\\/diariodepe.com.br\\\/cri\\\/#\\\/schema\\\/person\\\/121bb28d84f1a5b1205ef4ce9c2e0c6b\"},\"headline\":\"Perspectivas para Economia Chinesa em 2023\",\"datePublished\":\"2022-12-16T02:59:22+00:00\",\"dateModified\":\"2022-12-16T02:59:23+00:00\",\"mainEntityOfPage\":{\"@id\":\"https:\\\/\\\/diariodepe.com.br\\\/cri\\\/2022\\\/12\\\/15\\\/perspectivas-para-economia-chinesa-em-2023\\\/\"},\"wordCount\":1149,\"commentCount\":0,\"publisher\":{\"@id\":\"https:\\\/\\\/diariodepe.com.br\\\/cri\\\/#organization\"},\"image\":{\"@id\":\"https:\\\/\\\/diariodepe.com.br\\\/cri\\\/2022\\\/12\\\/15\\\/perspectivas-para-economia-chinesa-em-2023\\\/#primaryimage\"},\"thumbnailUrl\":\"https:\\\/\\\/diariodepe.com.br\\\/cri\\\/wp-content\\\/uploads\\\/sites\\\/2\\\/2022\\\/12\\\/2022121009563694541.jpg\",\"articleSection\":[\"Vis\u00e3o\"],\"inLanguage\":\"pt-BR\",\"potentialAction\":[{\"@type\":\"CommentAction\",\"name\":\"Comment\",\"target\":[\"https:\\\/\\\/diariodepe.com.br\\\/cri\\\/2022\\\/12\\\/15\\\/perspectivas-para-economia-chinesa-em-2023\\\/#respond\"]}]},{\"@type\":\"WebPage\",\"@id\":\"https:\\\/\\\/diariodepe.com.br\\\/cri\\\/2022\\\/12\\\/15\\\/perspectivas-para-economia-chinesa-em-2023\\\/\",\"url\":\"https:\\\/\\\/diariodepe.com.br\\\/cri\\\/2022\\\/12\\\/15\\\/perspectivas-para-economia-chinesa-em-2023\\\/\",\"name\":\"Perspectivas para Economia Chinesa em 2023 - CRI e Diario de Pernambuco\",\"isPartOf\":{\"@id\":\"https:\\\/\\\/diariodepe.com.br\\\/cri\\\/#website\"},\"primaryImageOfPage\":{\"@id\":\"https:\\\/\\\/diariodepe.com.br\\\/cri\\\/2022\\\/12\\\/15\\\/perspectivas-para-economia-chinesa-em-2023\\\/#primaryimage\"},\"image\":{\"@id\":\"https:\\\/\\\/diariodepe.com.br\\\/cri\\\/2022\\\/12\\\/15\\\/perspectivas-para-economia-chinesa-em-2023\\\/#primaryimage\"},\"thumbnailUrl\":\"https:\\\/\\\/diariodepe.com.br\\\/cri\\\/wp-content\\\/uploads\\\/sites\\\/2\\\/2022\\\/12\\\/2022121009563694541.jpg\",\"datePublished\":\"2022-12-16T02:59:22+00:00\",\"dateModified\":\"2022-12-16T02:59:23+00:00\",\"breadcrumb\":{\"@id\":\"https:\\\/\\\/diariodepe.com.br\\\/cri\\\/2022\\\/12\\\/15\\\/perspectivas-para-economia-chinesa-em-2023\\\/#breadcrumb\"},\"inLanguage\":\"pt-BR\",\"potentialAction\":[{\"@type\":\"ReadAction\",\"target\":[\"https:\\\/\\\/diariodepe.com.br\\\/cri\\\/2022\\\/12\\\/15\\\/perspectivas-para-economia-chinesa-em-2023\\\/\"]}]},{\"@type\":\"ImageObject\",\"inLanguage\":\"pt-BR\",\"@id\":\"https:\\\/\\\/diariodepe.com.br\\\/cri\\\/2022\\\/12\\\/15\\\/perspectivas-para-economia-chinesa-em-2023\\\/#primaryimage\",\"url\":\"https:\\\/\\\/diariodepe.com.br\\\/cri\\\/wp-content\\\/uploads\\\/sites\\\/2\\\/2022\\\/12\\\/2022121009563694541.jpg\",\"contentUrl\":\"https:\\\/\\\/diariodepe.com.br\\\/cri\\\/wp-content\\\/uploads\\\/sites\\\/2\\\/2022\\\/12\\\/2022121009563694541.jpg\",\"width\":1004,\"height\":684},{\"@type\":\"BreadcrumbList\",\"@id\":\"https:\\\/\\\/diariodepe.com.br\\\/cri\\\/2022\\\/12\\\/15\\\/perspectivas-para-economia-chinesa-em-2023\\\/#breadcrumb\",\"itemListElement\":[{\"@type\":\"ListItem\",\"position\":1,\"name\":\"In\u00edcio\",\"item\":\"https:\\\/\\\/diariodepe.com.br\\\/cri\\\/\"},{\"@type\":\"ListItem\",\"position\":2,\"name\":\"Perspectivas para Economia Chinesa em 2023\"}]},{\"@type\":\"WebSite\",\"@id\":\"https:\\\/\\\/diariodepe.com.br\\\/cri\\\/#website\",\"url\":\"https:\\\/\\\/diariodepe.com.br\\\/cri\\\/\",\"name\":\"CRI e Diario de Pernambuco\",\"description\":\"R\u00e1dio Internacional da China\",\"publisher\":{\"@id\":\"https:\\\/\\\/diariodepe.com.br\\\/cri\\\/#organization\"},\"potentialAction\":[{\"@type\":\"SearchAction\",\"target\":{\"@type\":\"EntryPoint\",\"urlTemplate\":\"https:\\\/\\\/diariodepe.com.br\\\/cri\\\/?s={search_term_string}\"},\"query-input\":{\"@type\":\"PropertyValueSpecification\",\"valueRequired\":true,\"valueName\":\"search_term_string\"}}],\"inLanguage\":\"pt-BR\"},{\"@type\":\"Organization\",\"@id\":\"https:\\\/\\\/diariodepe.com.br\\\/cri\\\/#organization\",\"name\":\"CRI e Diario de Pernambuco\",\"url\":\"https:\\\/\\\/diariodepe.com.br\\\/cri\\\/\",\"logo\":{\"@type\":\"ImageObject\",\"inLanguage\":\"pt-BR\",\"@id\":\"https:\\\/\\\/diariodepe.com.br\\\/cri\\\/#\\\/schema\\\/logo\\\/image\\\/\",\"url\":\"https:\\\/\\\/diariodepe.com.br\\\/cri\\\/wp-content\\\/uploads\\\/sites\\\/2\\\/2022\\\/12\\\/cropped-Logo.jpg\",\"contentUrl\":\"https:\\\/\\\/diariodepe.com.br\\\/cri\\\/wp-content\\\/uploads\\\/sites\\\/2\\\/2022\\\/12\\\/cropped-Logo.jpg\",\"width\":700,\"height\":59,\"caption\":\"CRI e Diario de Pernambuco\"},\"image\":{\"@id\":\"https:\\\/\\\/diariodepe.com.br\\\/cri\\\/#\\\/schema\\\/logo\\\/image\\\/\"}},{\"@type\":\"Person\",\"@id\":\"https:\\\/\\\/diariodepe.com.br\\\/cri\\\/#\\\/schema\\\/person\\\/121bb28d84f1a5b1205ef4ce9c2e0c6b\",\"name\":\"Ismael Lucas S. Pereira\",\"image\":{\"@type\":\"ImageObject\",\"inLanguage\":\"pt-BR\",\"@id\":\"https:\\\/\\\/secure.gravatar.com\\\/avatar\\\/887a0f3b5a7ceea963a48499fb883ffce6b5037362def025c52c2505b15d63e4?s=96&d=mm&r=g\",\"url\":\"https:\\\/\\\/secure.gravatar.com\\\/avatar\\\/887a0f3b5a7ceea963a48499fb883ffce6b5037362def025c52c2505b15d63e4?s=96&d=mm&r=g\",\"contentUrl\":\"https:\\\/\\\/secure.gravatar.com\\\/avatar\\\/887a0f3b5a7ceea963a48499fb883ffce6b5037362def025c52c2505b15d63e4?s=96&d=mm&r=g\",\"caption\":\"Ismael Lucas S. Pereira\"},\"url\":\"https:\\\/\\\/diariodepe.com.br\\\/cri\\\/author\\\/ismael-lucas\\\/\"}]}<\/script>\n<!-- \/ Yoast SEO plugin. -->","yoast_head_json":{"title":"Perspectivas para Economia Chinesa em 2023 - CRI e Diario de Pernambuco","robots":{"index":"index","follow":"follow","max-snippet":"max-snippet:-1","max-image-preview":"max-image-preview:large","max-video-preview":"max-video-preview:-1"},"canonical":"https:\/\/diariodepe.com.br\/cri\/2022\/12\/15\/perspectivas-para-economia-chinesa-em-2023\/","og_locale":"pt_BR","og_type":"article","og_title":"Perspectivas para Economia Chinesa em 2023 - CRI e Diario de Pernambuco","og_description":"Os rumos da pol\u00edtica governamental chinesa, pelo peso que a China ostenta na economia mundial, desperta sempre grande interesse por parte de investidores, exportadores e analistas econ\u00f4micos de outros pa\u00edses. Em um ano marcado por fatores ex\u00f3genos adversos como o...","og_url":"https:\/\/diariodepe.com.br\/cri\/2022\/12\/15\/perspectivas-para-economia-chinesa-em-2023\/","og_site_name":"CRI e Diario de Pernambuco","article_published_time":"2022-12-16T02:59:22+00:00","article_modified_time":"2022-12-16T02:59:23+00:00","og_image":[{"width":1004,"height":684,"url":"https:\/\/diariodepe.com.br\/cri\/wp-content\/uploads\/sites\/2\/2022\/12\/2022121009563694541.jpg","type":"image\/jpeg"}],"author":"Ismael Lucas S. Pereira","twitter_card":"summary_large_image","twitter_misc":{"Escrito por":"Ismael Lucas S. Pereira","Est. tempo de leitura":"6 minutos"},"schema":{"@context":"https:\/\/schema.org","@graph":[{"@type":"Article","@id":"https:\/\/diariodepe.com.br\/cri\/2022\/12\/15\/perspectivas-para-economia-chinesa-em-2023\/#article","isPartOf":{"@id":"https:\/\/diariodepe.com.br\/cri\/2022\/12\/15\/perspectivas-para-economia-chinesa-em-2023\/"},"author":{"name":"Ismael Lucas S. Pereira","@id":"https:\/\/diariodepe.com.br\/cri\/#\/schema\/person\/121bb28d84f1a5b1205ef4ce9c2e0c6b"},"headline":"Perspectivas para Economia Chinesa em 2023","datePublished":"2022-12-16T02:59:22+00:00","dateModified":"2022-12-16T02:59:23+00:00","mainEntityOfPage":{"@id":"https:\/\/diariodepe.com.br\/cri\/2022\/12\/15\/perspectivas-para-economia-chinesa-em-2023\/"},"wordCount":1149,"commentCount":0,"publisher":{"@id":"https:\/\/diariodepe.com.br\/cri\/#organization"},"image":{"@id":"https:\/\/diariodepe.com.br\/cri\/2022\/12\/15\/perspectivas-para-economia-chinesa-em-2023\/#primaryimage"},"thumbnailUrl":"https:\/\/diariodepe.com.br\/cri\/wp-content\/uploads\/sites\/2\/2022\/12\/2022121009563694541.jpg","articleSection":["Vis\u00e3o"],"inLanguage":"pt-BR","potentialAction":[{"@type":"CommentAction","name":"Comment","target":["https:\/\/diariodepe.com.br\/cri\/2022\/12\/15\/perspectivas-para-economia-chinesa-em-2023\/#respond"]}]},{"@type":"WebPage","@id":"https:\/\/diariodepe.com.br\/cri\/2022\/12\/15\/perspectivas-para-economia-chinesa-em-2023\/","url":"https:\/\/diariodepe.com.br\/cri\/2022\/12\/15\/perspectivas-para-economia-chinesa-em-2023\/","name":"Perspectivas para Economia Chinesa em 2023 - CRI e Diario de Pernambuco","isPartOf":{"@id":"https:\/\/diariodepe.com.br\/cri\/#website"},"primaryImageOfPage":{"@id":"https:\/\/diariodepe.com.br\/cri\/2022\/12\/15\/perspectivas-para-economia-chinesa-em-2023\/#primaryimage"},"image":{"@id":"https:\/\/diariodepe.com.br\/cri\/2022\/12\/15\/perspectivas-para-economia-chinesa-em-2023\/#primaryimage"},"thumbnailUrl":"https:\/\/diariodepe.com.br\/cri\/wp-content\/uploads\/sites\/2\/2022\/12\/2022121009563694541.jpg","datePublished":"2022-12-16T02:59:22+00:00","dateModified":"2022-12-16T02:59:23+00:00","breadcrumb":{"@id":"https:\/\/diariodepe.com.br\/cri\/2022\/12\/15\/perspectivas-para-economia-chinesa-em-2023\/#breadcrumb"},"inLanguage":"pt-BR","potentialAction":[{"@type":"ReadAction","target":["https:\/\/diariodepe.com.br\/cri\/2022\/12\/15\/perspectivas-para-economia-chinesa-em-2023\/"]}]},{"@type":"ImageObject","inLanguage":"pt-BR","@id":"https:\/\/diariodepe.com.br\/cri\/2022\/12\/15\/perspectivas-para-economia-chinesa-em-2023\/#primaryimage","url":"https:\/\/diariodepe.com.br\/cri\/wp-content\/uploads\/sites\/2\/2022\/12\/2022121009563694541.jpg","contentUrl":"https:\/\/diariodepe.com.br\/cri\/wp-content\/uploads\/sites\/2\/2022\/12\/2022121009563694541.jpg","width":1004,"height":684},{"@type":"BreadcrumbList","@id":"https:\/\/diariodepe.com.br\/cri\/2022\/12\/15\/perspectivas-para-economia-chinesa-em-2023\/#breadcrumb","itemListElement":[{"@type":"ListItem","position":1,"name":"In\u00edcio","item":"https:\/\/diariodepe.com.br\/cri\/"},{"@type":"ListItem","position":2,"name":"Perspectivas para Economia Chinesa em 2023"}]},{"@type":"WebSite","@id":"https:\/\/diariodepe.com.br\/cri\/#website","url":"https:\/\/diariodepe.com.br\/cri\/","name":"CRI e Diario de Pernambuco","description":"R\u00e1dio Internacional da China","publisher":{"@id":"https:\/\/diariodepe.com.br\/cri\/#organization"},"potentialAction":[{"@type":"SearchAction","target":{"@type":"EntryPoint","urlTemplate":"https:\/\/diariodepe.com.br\/cri\/?s={search_term_string}"},"query-input":{"@type":"PropertyValueSpecification","valueRequired":true,"valueName":"search_term_string"}}],"inLanguage":"pt-BR"},{"@type":"Organization","@id":"https:\/\/diariodepe.com.br\/cri\/#organization","name":"CRI e Diario de Pernambuco","url":"https:\/\/diariodepe.com.br\/cri\/","logo":{"@type":"ImageObject","inLanguage":"pt-BR","@id":"https:\/\/diariodepe.com.br\/cri\/#\/schema\/logo\/image\/","url":"https:\/\/diariodepe.com.br\/cri\/wp-content\/uploads\/sites\/2\/2022\/12\/cropped-Logo.jpg","contentUrl":"https:\/\/diariodepe.com.br\/cri\/wp-content\/uploads\/sites\/2\/2022\/12\/cropped-Logo.jpg","width":700,"height":59,"caption":"CRI e Diario de Pernambuco"},"image":{"@id":"https:\/\/diariodepe.com.br\/cri\/#\/schema\/logo\/image\/"}},{"@type":"Person","@id":"https:\/\/diariodepe.com.br\/cri\/#\/schema\/person\/121bb28d84f1a5b1205ef4ce9c2e0c6b","name":"Ismael Lucas S. Pereira","image":{"@type":"ImageObject","inLanguage":"pt-BR","@id":"https:\/\/secure.gravatar.com\/avatar\/887a0f3b5a7ceea963a48499fb883ffce6b5037362def025c52c2505b15d63e4?s=96&d=mm&r=g","url":"https:\/\/secure.gravatar.com\/avatar\/887a0f3b5a7ceea963a48499fb883ffce6b5037362def025c52c2505b15d63e4?s=96&d=mm&r=g","contentUrl":"https:\/\/secure.gravatar.com\/avatar\/887a0f3b5a7ceea963a48499fb883ffce6b5037362def025c52c2505b15d63e4?s=96&d=mm&r=g","caption":"Ismael Lucas S. Pereira"},"url":"https:\/\/diariodepe.com.br\/cri\/author\/ismael-lucas\/"}]}},"cc_featured_image_caption":{"caption_text":"","source_text":"","source_url":""},"amp_enabled":true,"_links":{"self":[{"href":"https:\/\/diariodepe.com.br\/cri\/wp-json\/wp\/v2\/posts\/165","targetHints":{"allow":["GET"]}}],"collection":[{"href":"https:\/\/diariodepe.com.br\/cri\/wp-json\/wp\/v2\/posts"}],"about":[{"href":"https:\/\/diariodepe.com.br\/cri\/wp-json\/wp\/v2\/types\/post"}],"author":[{"embeddable":true,"href":"https:\/\/diariodepe.com.br\/cri\/wp-json\/wp\/v2\/users\/2"}],"replies":[{"embeddable":true,"href":"https:\/\/diariodepe.com.br\/cri\/wp-json\/wp\/v2\/comments?post=165"}],"version-history":[{"count":1,"href":"https:\/\/diariodepe.com.br\/cri\/wp-json\/wp\/v2\/posts\/165\/revisions"}],"predecessor-version":[{"id":167,"href":"https:\/\/diariodepe.com.br\/cri\/wp-json\/wp\/v2\/posts\/165\/revisions\/167"}],"wp:featuredmedia":[{"embeddable":true,"href":"https:\/\/diariodepe.com.br\/cri\/wp-json\/wp\/v2\/media\/166"}],"wp:attachment":[{"href":"https:\/\/diariodepe.com.br\/cri\/wp-json\/wp\/v2\/media?parent=165"}],"wp:term":[{"taxonomy":"category","embeddable":true,"href":"https:\/\/diariodepe.com.br\/cri\/wp-json\/wp\/v2\/categories?post=165"},{"taxonomy":"post_tag","embeddable":true,"href":"https:\/\/diariodepe.com.br\/cri\/wp-json\/wp\/v2\/tags?post=165"}],"curies":[{"name":"wp","href":"https:\/\/api.w.org\/{rel}","templated":true}]}}