{"id":1640,"date":"2023-06-06T04:00:25","date_gmt":"2023-06-06T07:00:25","guid":{"rendered":"https:\/\/diariodepe.com.br\/cri\/?p=1640"},"modified":"2023-06-06T04:00:25","modified_gmt":"2023-06-06T07:00:25","slug":"a-cupula-do-g7-em-hiroshima-uma-mascarada-disfarcada-da-unidade-2","status":"publish","type":"post","link":"https:\/\/diariodepe.com.br\/cri\/2023\/06\/06\/a-cupula-do-g7-em-hiroshima-uma-mascarada-disfarcada-da-unidade-2\/","title":{"rendered":"A C\u00fapula do G7 em Hiroshima\u2014 Uma Mascarada Disfar\u00e7ada da Unidade"},"content":{"rendered":"<p>No grande espet\u00e1culo anual do G7, ostentar a \u201cunidade\u201d disfar\u00e7ada \u00e9 um programa reservado. Na c\u00fapula de Hiroshima, realizada em maio de 2023, o G7 se gabou de promover um mundo \u201cpac\u00edfico, est\u00e1vel e pr\u00f3spero\u201d, enquanto fez acusa\u00e7\u00f5es infundadas contra a China e a R\u00fassia em termos de \u201cregras\u201d, geopol\u00edtica, seguran\u00e7a e economia. A c\u00fapula est\u00e1 cheia de arrog\u00e2ncia e preconceitos e provoca a confronta\u00e7\u00e3o e a divis\u00e3o. Este ato ego\u00edsta e hegem\u00f4nico est\u00e1 condenado ao fracasso, e desvenda a verdadeira natureza do G7.<\/p>\n<p>Um produto desacreditado para arrog\u00e2ncia e prepot\u00eancia sem representatividade, poderio econ\u00f4mico suficiente e credibilidade<\/p>\n<p>Primeiro, n\u00e3o h\u00e1 representatividade. O G7 soma menos de 800 milh\u00f5es de popula\u00e7\u00e3o, representa apenas um d\u00e9cimo da mundial. O bloco est\u00e1 composto s\u00f3 por pa\u00edses capitalistas ocidentais, sem mercados emergentes e pa\u00edses em desenvolvimento, nem pa\u00edses euroasi\u00e1ticos, africanos, latino-americanos e caribenhos. O BRICS, a Organiza\u00e7\u00e3o de Coopera\u00e7\u00e3o de Shanghai e o G20 t\u00eam mais representatividade e proje\u00e7\u00e3o do que o G7. Segundo, n\u00e3o h\u00e1 poderio econ\u00f4mico suficiente. Quando o G7 foi fundado em 1976, os seus membros eram as 7 maiores economias do mundo e o bloco respondia por 61,88% do PIB mundial. No entanto, o poderio econ\u00f4mico dos pa\u00edses do G7 tem diminu\u00eddo desde o s\u00e9culo XXI. Em 2022, s\u00f3 representa 43,67% do PIB mundial. Terceiro, n\u00e3o h\u00e1 credibilidade. O G7 nem sequer representa a comunidade ocidental, muito menos a comunidade internacional. Mesmo assim, o G7 se afora de ser a pol\u00edcia do mundo, se sobrep\u00f5e ao sistema internacional centrado na ONU e a ordem internacional baseada no direito internacional e pratica a hegemonia sob o pretexto da justi\u00e7a.<\/p>\n<p>Um hip\u00f3crita com boa-f\u00e9 na apar\u00eancia para levar facada nas costas dos outros<\/p>\n<p>O G7 vem da Guerra Fria. N\u00e3o s\u00f3 age coletivamente para prejudicar interesses dos outros, mas tamb\u00e9m n\u00e3o faltam brigas entre os seus membros. A hipocrisia \u00e9 um truque dos Estados Unidos. Quanto \u00e0 crise na Ucr\u00e2nia, os Estados Unidos deitam lenha na fogueira e coagem a Europa a impor mais san\u00e7\u00f5es \u00e0 R\u00fassia. Arrecadam enormes lucros atrav\u00e9s da venda de g\u00e1s natural \u00e0 Europa a pre\u00e7os altos, mesmo que os seus aliados estejam se afundando cada vez mais na crise energ\u00e9tica. Os Estados Unidos aproveitam a Lei de Redu\u00e7\u00e3o da Infla\u00e7\u00e3o para fazer com que a Europa pague pela recupera\u00e7\u00e3o econ\u00f4mica dos Estados Unidos. A parceria de seguran\u00e7a trilateral fortalecida entre Austr\u00e1lia, Reino Unido e Estados Unidos (AUKUS) rasgou ainda mais o disfarce da unidade do G7. Para se incorporar no pacto de submarinos com propuls\u00e3o nuclear liderado pelos Estados Unidos, a Austr\u00e1lia rescindiu o acordo de defesa multibilion\u00e1rio com a Fran\u00e7a. A Fran\u00e7a acusou os Estados Unidos de \u201clevar facada nas costas\u201d e retirou a Austr\u00e1lia da sua lista de parceiros estrat\u00e9gicos.<\/p>\n<p>Um instrumento dos Estados Unidos para praticar hegemonia, conter e se opor \u00e0 China<\/p>\n<p>Nos \u00faltimos anos, sob a manipula\u00e7\u00e3o dos Estados Unidos, o G7 vem se tornando cada vez mais obcecado em especular sobre assuntos relacionados com a China, incitar confrontos geopol\u00edticos, demonizar e estigmatizar a China. O G7 decaiu para servir de um instrumento dos Estados Unidos para conter a China. A raz\u00e3o fundamental pela qual as rela\u00e7\u00f5es sino-americanas est\u00e3o desviadas do caminho correto reside em que os Estados Unidos n\u00e3o abandonam a mentalidade hegem\u00f4nica e dos jogos de soma zero, e t\u00eam uma percep\u00e7\u00e3o estrat\u00e9gica sobre a China fundamentalmente errada. Se os Estados Unidos persistirem na vis\u00e3o distorcida sobre o mundo e na percep\u00e7\u00e3o errada sobre a China, e insistirem em tratar a China como competidor, os Estados Unidos se dirigir\u00e3o a um beco sem sa\u00edda.<\/p>\n<p>Um palco do Jap\u00e3o com inten\u00e7\u00f5es maliciosas<\/p>\n<p>O Jap\u00e3o sediou a C\u00fapula em Hiroshima para fazer dois shows. Um \u00e9 show pol\u00edtico que visa congra\u00e7ar os eleitores do c\u00edrculo eleitoral do pr\u00f3prio primeiro-ministro. N\u00e3o exclui a possibilidade de o partido no poder aproveitar a ocasi\u00e3o da c\u00fapula para dissolver a C\u00e2mara dos Deputados e convocar elei\u00e7\u00e3o antecipada para obter mais vantagens. Em maio, uma pesquisa revelou um aumento s\u00fabito de 9% na aprova\u00e7\u00e3o do gabinete de Fumio Kishida e 85% dos entrevistados avaliaram como positiva a c\u00fapula sediada pelo Jap\u00e3o. O outro show \u00e9 para \u201cse absolver da culpa\u201d. O Jap\u00e3o distorceu a hist\u00f3ria e tentou branquear a hist\u00f3ria da agress\u00e3o militarista do Jap\u00e3o. A c\u00fapula lan\u00e7ou o documento dos dirigentes do G7 sobre o desarmamento nuclear, propondo a meta de construir um mundo livre de armas nucleares. Todo o mundo sabe que, o Jap\u00e3o, ao afirmar a sua ades\u00e3o aos \u201cTr\u00eas Princ\u00edpios N\u00e3o-Nucleares\u201d, conta ainda com a prote\u00e7\u00e3o nuclear dos Estados Unidos.<\/p>\n<p>Os Estados Unidos, o Jap\u00e3o e outros pa\u00edses do G7 conturbam o mundo e deixam preju\u00edzos imensur\u00e1veis. Em contraste, a C\u00fapula China-\u00c1sia Central, realizada quase ao mesmo tempo, representa as for\u00e7as de paz e justi\u00e7a. Os seis pa\u00edses participantes praticam o verdadeiro multilateralismo, promovem juntos a forma\u00e7\u00e3o da comunidade com futuro compartilhado para a humanidade e injetam estabilidade e energia positiva ao mundo de turbul\u00eancia e transforma\u00e7\u00e3o.<\/p>\n<p>A mudan\u00e7a da \u00e9poca \u00e9 uma torrente hist\u00f3rica impar\u00e1vel. Em termos do poder, posi\u00e7\u00e3o e moral, o G7 n\u00e3o \u00e9 qualificado nem capaz de ser arrogante. \u00c9 melhor os pa\u00edses do G7 se preocuparem com os pr\u00f3prios assuntos.<\/p>\n","protected":false},"excerpt":{"rendered":"<p>No grande espet\u00e1culo anual do G7, ostentar a \u201cunidade\u201d disfar\u00e7ada \u00e9 um programa reservado. Na c\u00fapula de Hiroshima, realizada em maio de 2023, o G7 se gabou de promover um mundo \u201cpac\u00edfico, est\u00e1vel e pr\u00f3spero\u201d, enquanto fez acusa\u00e7\u00f5es infundadas contra&#8230;<\/p>\n","protected":false},"author":2,"featured_media":0,"comment_status":"open","ping_status":"open","sticky":false,"template":"","format":"standard","meta":{"footnotes":""},"categories":[7],"tags":[],"class_list":["post-1640","post","type-post","status-publish","format-standard","hentry","category-visao"],"yoast_head":"<!-- This site is optimized with the Yoast SEO plugin v27.4 - https:\/\/yoast.com\/product\/yoast-seo-wordpress\/ -->\n<title>A C\u00fapula do G7 em Hiroshima\u2014 Uma Mascarada Disfar\u00e7ada da Unidade - CRI e Diario de Pernambuco<\/title>\n<meta name=\"robots\" content=\"index, follow, max-snippet:-1, max-image-preview:large, max-video-preview:-1\" \/>\n<link rel=\"canonical\" href=\"https:\/\/diariodepe.com.br\/cri\/2023\/06\/06\/a-cupula-do-g7-em-hiroshima-uma-mascarada-disfarcada-da-unidade-2\/\" \/>\n<meta property=\"og:locale\" content=\"pt_BR\" \/>\n<meta property=\"og:type\" content=\"article\" \/>\n<meta property=\"og:title\" content=\"A C\u00fapula do G7 em Hiroshima\u2014 Uma Mascarada Disfar\u00e7ada da Unidade - CRI e Diario de Pernambuco\" \/>\n<meta property=\"og:description\" content=\"No grande espet\u00e1culo anual do G7, ostentar a \u201cunidade\u201d disfar\u00e7ada \u00e9 um programa reservado. Na c\u00fapula de Hiroshima, realizada em maio de 2023, o G7 se gabou de promover um mundo \u201cpac\u00edfico, est\u00e1vel e pr\u00f3spero\u201d, enquanto fez acusa\u00e7\u00f5es infundadas contra...\" \/>\n<meta property=\"og:url\" content=\"https:\/\/diariodepe.com.br\/cri\/2023\/06\/06\/a-cupula-do-g7-em-hiroshima-uma-mascarada-disfarcada-da-unidade-2\/\" \/>\n<meta property=\"og:site_name\" content=\"CRI e Diario de Pernambuco\" \/>\n<meta property=\"article:published_time\" content=\"2023-06-06T07:00:25+00:00\" \/>\n<meta name=\"author\" content=\"Ismael Lucas S. Pereira\" \/>\n<meta name=\"twitter:card\" content=\"summary_large_image\" \/>\n<meta name=\"twitter:label1\" content=\"Escrito por\" \/>\n\t<meta name=\"twitter:data1\" content=\"Ismael Lucas S. Pereira\" \/>\n\t<meta name=\"twitter:label2\" content=\"Est. tempo de leitura\" \/>\n\t<meta name=\"twitter:data2\" content=\"5 minutos\" \/>\n<script type=\"application\/ld+json\" class=\"yoast-schema-graph\">{\"@context\":\"https:\\\/\\\/schema.org\",\"@graph\":[{\"@type\":\"Article\",\"@id\":\"https:\\\/\\\/diariodepe.com.br\\\/cri\\\/2023\\\/06\\\/06\\\/a-cupula-do-g7-em-hiroshima-uma-mascarada-disfarcada-da-unidade-2\\\/#article\",\"isPartOf\":{\"@id\":\"https:\\\/\\\/diariodepe.com.br\\\/cri\\\/2023\\\/06\\\/06\\\/a-cupula-do-g7-em-hiroshima-uma-mascarada-disfarcada-da-unidade-2\\\/\"},\"author\":{\"name\":\"Ismael Lucas S. Pereira\",\"@id\":\"https:\\\/\\\/diariodepe.com.br\\\/cri\\\/#\\\/schema\\\/person\\\/121bb28d84f1a5b1205ef4ce9c2e0c6b\"},\"headline\":\"A C\u00fapula do G7 em Hiroshima\u2014 Uma Mascarada Disfar\u00e7ada da Unidade\",\"datePublished\":\"2023-06-06T07:00:25+00:00\",\"mainEntityOfPage\":{\"@id\":\"https:\\\/\\\/diariodepe.com.br\\\/cri\\\/2023\\\/06\\\/06\\\/a-cupula-do-g7-em-hiroshima-uma-mascarada-disfarcada-da-unidade-2\\\/\"},\"wordCount\":985,\"commentCount\":0,\"publisher\":{\"@id\":\"https:\\\/\\\/diariodepe.com.br\\\/cri\\\/#organization\"},\"articleSection\":[\"Vis\u00e3o\"],\"inLanguage\":\"pt-BR\",\"potentialAction\":[{\"@type\":\"CommentAction\",\"name\":\"Comment\",\"target\":[\"https:\\\/\\\/diariodepe.com.br\\\/cri\\\/2023\\\/06\\\/06\\\/a-cupula-do-g7-em-hiroshima-uma-mascarada-disfarcada-da-unidade-2\\\/#respond\"]}]},{\"@type\":\"WebPage\",\"@id\":\"https:\\\/\\\/diariodepe.com.br\\\/cri\\\/2023\\\/06\\\/06\\\/a-cupula-do-g7-em-hiroshima-uma-mascarada-disfarcada-da-unidade-2\\\/\",\"url\":\"https:\\\/\\\/diariodepe.com.br\\\/cri\\\/2023\\\/06\\\/06\\\/a-cupula-do-g7-em-hiroshima-uma-mascarada-disfarcada-da-unidade-2\\\/\",\"name\":\"A C\u00fapula do G7 em Hiroshima\u2014 Uma Mascarada Disfar\u00e7ada da Unidade - CRI e Diario de Pernambuco\",\"isPartOf\":{\"@id\":\"https:\\\/\\\/diariodepe.com.br\\\/cri\\\/#website\"},\"datePublished\":\"2023-06-06T07:00:25+00:00\",\"breadcrumb\":{\"@id\":\"https:\\\/\\\/diariodepe.com.br\\\/cri\\\/2023\\\/06\\\/06\\\/a-cupula-do-g7-em-hiroshima-uma-mascarada-disfarcada-da-unidade-2\\\/#breadcrumb\"},\"inLanguage\":\"pt-BR\",\"potentialAction\":[{\"@type\":\"ReadAction\",\"target\":[\"https:\\\/\\\/diariodepe.com.br\\\/cri\\\/2023\\\/06\\\/06\\\/a-cupula-do-g7-em-hiroshima-uma-mascarada-disfarcada-da-unidade-2\\\/\"]}]},{\"@type\":\"BreadcrumbList\",\"@id\":\"https:\\\/\\\/diariodepe.com.br\\\/cri\\\/2023\\\/06\\\/06\\\/a-cupula-do-g7-em-hiroshima-uma-mascarada-disfarcada-da-unidade-2\\\/#breadcrumb\",\"itemListElement\":[{\"@type\":\"ListItem\",\"position\":1,\"name\":\"In\u00edcio\",\"item\":\"https:\\\/\\\/diariodepe.com.br\\\/cri\\\/\"},{\"@type\":\"ListItem\",\"position\":2,\"name\":\"A C\u00fapula do G7 em Hiroshima\u2014 Uma Mascarada Disfar\u00e7ada da Unidade\"}]},{\"@type\":\"WebSite\",\"@id\":\"https:\\\/\\\/diariodepe.com.br\\\/cri\\\/#website\",\"url\":\"https:\\\/\\\/diariodepe.com.br\\\/cri\\\/\",\"name\":\"CRI e Diario de Pernambuco\",\"description\":\"R\u00e1dio Internacional da China\",\"publisher\":{\"@id\":\"https:\\\/\\\/diariodepe.com.br\\\/cri\\\/#organization\"},\"potentialAction\":[{\"@type\":\"SearchAction\",\"target\":{\"@type\":\"EntryPoint\",\"urlTemplate\":\"https:\\\/\\\/diariodepe.com.br\\\/cri\\\/?s={search_term_string}\"},\"query-input\":{\"@type\":\"PropertyValueSpecification\",\"valueRequired\":true,\"valueName\":\"search_term_string\"}}],\"inLanguage\":\"pt-BR\"},{\"@type\":\"Organization\",\"@id\":\"https:\\\/\\\/diariodepe.com.br\\\/cri\\\/#organization\",\"name\":\"CRI e Diario de Pernambuco\",\"url\":\"https:\\\/\\\/diariodepe.com.br\\\/cri\\\/\",\"logo\":{\"@type\":\"ImageObject\",\"inLanguage\":\"pt-BR\",\"@id\":\"https:\\\/\\\/diariodepe.com.br\\\/cri\\\/#\\\/schema\\\/logo\\\/image\\\/\",\"url\":\"https:\\\/\\\/diariodepe.com.br\\\/cri\\\/wp-content\\\/uploads\\\/sites\\\/2\\\/2022\\\/12\\\/cropped-Logo.jpg\",\"contentUrl\":\"https:\\\/\\\/diariodepe.com.br\\\/cri\\\/wp-content\\\/uploads\\\/sites\\\/2\\\/2022\\\/12\\\/cropped-Logo.jpg\",\"width\":700,\"height\":59,\"caption\":\"CRI e Diario de Pernambuco\"},\"image\":{\"@id\":\"https:\\\/\\\/diariodepe.com.br\\\/cri\\\/#\\\/schema\\\/logo\\\/image\\\/\"}},{\"@type\":\"Person\",\"@id\":\"https:\\\/\\\/diariodepe.com.br\\\/cri\\\/#\\\/schema\\\/person\\\/121bb28d84f1a5b1205ef4ce9c2e0c6b\",\"name\":\"Ismael Lucas S. Pereira\",\"image\":{\"@type\":\"ImageObject\",\"inLanguage\":\"pt-BR\",\"@id\":\"https:\\\/\\\/secure.gravatar.com\\\/avatar\\\/887a0f3b5a7ceea963a48499fb883ffce6b5037362def025c52c2505b15d63e4?s=96&d=mm&r=g\",\"url\":\"https:\\\/\\\/secure.gravatar.com\\\/avatar\\\/887a0f3b5a7ceea963a48499fb883ffce6b5037362def025c52c2505b15d63e4?s=96&d=mm&r=g\",\"contentUrl\":\"https:\\\/\\\/secure.gravatar.com\\\/avatar\\\/887a0f3b5a7ceea963a48499fb883ffce6b5037362def025c52c2505b15d63e4?s=96&d=mm&r=g\",\"caption\":\"Ismael Lucas S. Pereira\"},\"url\":\"https:\\\/\\\/diariodepe.com.br\\\/cri\\\/author\\\/ismael-lucas\\\/\"}]}<\/script>\n<!-- \/ Yoast SEO plugin. -->","yoast_head_json":{"title":"A C\u00fapula do G7 em Hiroshima\u2014 Uma Mascarada Disfar\u00e7ada da Unidade - CRI e Diario de Pernambuco","robots":{"index":"index","follow":"follow","max-snippet":"max-snippet:-1","max-image-preview":"max-image-preview:large","max-video-preview":"max-video-preview:-1"},"canonical":"https:\/\/diariodepe.com.br\/cri\/2023\/06\/06\/a-cupula-do-g7-em-hiroshima-uma-mascarada-disfarcada-da-unidade-2\/","og_locale":"pt_BR","og_type":"article","og_title":"A C\u00fapula do G7 em Hiroshima\u2014 Uma Mascarada Disfar\u00e7ada da Unidade - CRI e Diario de Pernambuco","og_description":"No grande espet\u00e1culo anual do G7, ostentar a \u201cunidade\u201d disfar\u00e7ada \u00e9 um programa reservado. Na c\u00fapula de Hiroshima, realizada em maio de 2023, o G7 se gabou de promover um mundo \u201cpac\u00edfico, est\u00e1vel e pr\u00f3spero\u201d, enquanto fez acusa\u00e7\u00f5es infundadas contra...","og_url":"https:\/\/diariodepe.com.br\/cri\/2023\/06\/06\/a-cupula-do-g7-em-hiroshima-uma-mascarada-disfarcada-da-unidade-2\/","og_site_name":"CRI e Diario de Pernambuco","article_published_time":"2023-06-06T07:00:25+00:00","author":"Ismael Lucas S. Pereira","twitter_card":"summary_large_image","twitter_misc":{"Escrito por":"Ismael Lucas S. Pereira","Est. tempo de leitura":"5 minutos"},"schema":{"@context":"https:\/\/schema.org","@graph":[{"@type":"Article","@id":"https:\/\/diariodepe.com.br\/cri\/2023\/06\/06\/a-cupula-do-g7-em-hiroshima-uma-mascarada-disfarcada-da-unidade-2\/#article","isPartOf":{"@id":"https:\/\/diariodepe.com.br\/cri\/2023\/06\/06\/a-cupula-do-g7-em-hiroshima-uma-mascarada-disfarcada-da-unidade-2\/"},"author":{"name":"Ismael Lucas S. Pereira","@id":"https:\/\/diariodepe.com.br\/cri\/#\/schema\/person\/121bb28d84f1a5b1205ef4ce9c2e0c6b"},"headline":"A C\u00fapula do G7 em Hiroshima\u2014 Uma Mascarada Disfar\u00e7ada da Unidade","datePublished":"2023-06-06T07:00:25+00:00","mainEntityOfPage":{"@id":"https:\/\/diariodepe.com.br\/cri\/2023\/06\/06\/a-cupula-do-g7-em-hiroshima-uma-mascarada-disfarcada-da-unidade-2\/"},"wordCount":985,"commentCount":0,"publisher":{"@id":"https:\/\/diariodepe.com.br\/cri\/#organization"},"articleSection":["Vis\u00e3o"],"inLanguage":"pt-BR","potentialAction":[{"@type":"CommentAction","name":"Comment","target":["https:\/\/diariodepe.com.br\/cri\/2023\/06\/06\/a-cupula-do-g7-em-hiroshima-uma-mascarada-disfarcada-da-unidade-2\/#respond"]}]},{"@type":"WebPage","@id":"https:\/\/diariodepe.com.br\/cri\/2023\/06\/06\/a-cupula-do-g7-em-hiroshima-uma-mascarada-disfarcada-da-unidade-2\/","url":"https:\/\/diariodepe.com.br\/cri\/2023\/06\/06\/a-cupula-do-g7-em-hiroshima-uma-mascarada-disfarcada-da-unidade-2\/","name":"A C\u00fapula do G7 em Hiroshima\u2014 Uma Mascarada Disfar\u00e7ada da Unidade - CRI e Diario de Pernambuco","isPartOf":{"@id":"https:\/\/diariodepe.com.br\/cri\/#website"},"datePublished":"2023-06-06T07:00:25+00:00","breadcrumb":{"@id":"https:\/\/diariodepe.com.br\/cri\/2023\/06\/06\/a-cupula-do-g7-em-hiroshima-uma-mascarada-disfarcada-da-unidade-2\/#breadcrumb"},"inLanguage":"pt-BR","potentialAction":[{"@type":"ReadAction","target":["https:\/\/diariodepe.com.br\/cri\/2023\/06\/06\/a-cupula-do-g7-em-hiroshima-uma-mascarada-disfarcada-da-unidade-2\/"]}]},{"@type":"BreadcrumbList","@id":"https:\/\/diariodepe.com.br\/cri\/2023\/06\/06\/a-cupula-do-g7-em-hiroshima-uma-mascarada-disfarcada-da-unidade-2\/#breadcrumb","itemListElement":[{"@type":"ListItem","position":1,"name":"In\u00edcio","item":"https:\/\/diariodepe.com.br\/cri\/"},{"@type":"ListItem","position":2,"name":"A C\u00fapula do G7 em Hiroshima\u2014 Uma Mascarada Disfar\u00e7ada da Unidade"}]},{"@type":"WebSite","@id":"https:\/\/diariodepe.com.br\/cri\/#website","url":"https:\/\/diariodepe.com.br\/cri\/","name":"CRI e Diario de Pernambuco","description":"R\u00e1dio Internacional da China","publisher":{"@id":"https:\/\/diariodepe.com.br\/cri\/#organization"},"potentialAction":[{"@type":"SearchAction","target":{"@type":"EntryPoint","urlTemplate":"https:\/\/diariodepe.com.br\/cri\/?s={search_term_string}"},"query-input":{"@type":"PropertyValueSpecification","valueRequired":true,"valueName":"search_term_string"}}],"inLanguage":"pt-BR"},{"@type":"Organization","@id":"https:\/\/diariodepe.com.br\/cri\/#organization","name":"CRI e Diario de Pernambuco","url":"https:\/\/diariodepe.com.br\/cri\/","logo":{"@type":"ImageObject","inLanguage":"pt-BR","@id":"https:\/\/diariodepe.com.br\/cri\/#\/schema\/logo\/image\/","url":"https:\/\/diariodepe.com.br\/cri\/wp-content\/uploads\/sites\/2\/2022\/12\/cropped-Logo.jpg","contentUrl":"https:\/\/diariodepe.com.br\/cri\/wp-content\/uploads\/sites\/2\/2022\/12\/cropped-Logo.jpg","width":700,"height":59,"caption":"CRI e Diario de Pernambuco"},"image":{"@id":"https:\/\/diariodepe.com.br\/cri\/#\/schema\/logo\/image\/"}},{"@type":"Person","@id":"https:\/\/diariodepe.com.br\/cri\/#\/schema\/person\/121bb28d84f1a5b1205ef4ce9c2e0c6b","name":"Ismael Lucas S. Pereira","image":{"@type":"ImageObject","inLanguage":"pt-BR","@id":"https:\/\/secure.gravatar.com\/avatar\/887a0f3b5a7ceea963a48499fb883ffce6b5037362def025c52c2505b15d63e4?s=96&d=mm&r=g","url":"https:\/\/secure.gravatar.com\/avatar\/887a0f3b5a7ceea963a48499fb883ffce6b5037362def025c52c2505b15d63e4?s=96&d=mm&r=g","contentUrl":"https:\/\/secure.gravatar.com\/avatar\/887a0f3b5a7ceea963a48499fb883ffce6b5037362def025c52c2505b15d63e4?s=96&d=mm&r=g","caption":"Ismael Lucas S. Pereira"},"url":"https:\/\/diariodepe.com.br\/cri\/author\/ismael-lucas\/"}]}},"cc_featured_image_caption":{"caption_text":false,"source_text":false,"source_url":false},"amp_enabled":true,"_links":{"self":[{"href":"https:\/\/diariodepe.com.br\/cri\/wp-json\/wp\/v2\/posts\/1640","targetHints":{"allow":["GET"]}}],"collection":[{"href":"https:\/\/diariodepe.com.br\/cri\/wp-json\/wp\/v2\/posts"}],"about":[{"href":"https:\/\/diariodepe.com.br\/cri\/wp-json\/wp\/v2\/types\/post"}],"author":[{"embeddable":true,"href":"https:\/\/diariodepe.com.br\/cri\/wp-json\/wp\/v2\/users\/2"}],"replies":[{"embeddable":true,"href":"https:\/\/diariodepe.com.br\/cri\/wp-json\/wp\/v2\/comments?post=1640"}],"version-history":[{"count":1,"href":"https:\/\/diariodepe.com.br\/cri\/wp-json\/wp\/v2\/posts\/1640\/revisions"}],"predecessor-version":[{"id":1641,"href":"https:\/\/diariodepe.com.br\/cri\/wp-json\/wp\/v2\/posts\/1640\/revisions\/1641"}],"wp:attachment":[{"href":"https:\/\/diariodepe.com.br\/cri\/wp-json\/wp\/v2\/media?parent=1640"}],"wp:term":[{"taxonomy":"category","embeddable":true,"href":"https:\/\/diariodepe.com.br\/cri\/wp-json\/wp\/v2\/categories?post=1640"},{"taxonomy":"post_tag","embeddable":true,"href":"https:\/\/diariodepe.com.br\/cri\/wp-json\/wp\/v2\/tags?post=1640"}],"curies":[{"name":"wp","href":"https:\/\/api.w.org\/{rel}","templated":true}]}}