{"id":1632,"date":"2023-06-06T03:57:45","date_gmt":"2023-06-06T06:57:45","guid":{"rendered":"https:\/\/diariodepe.com.br\/cri\/?p=1632"},"modified":"2023-06-06T03:57:45","modified_gmt":"2023-06-06T06:57:45","slug":"cmg-e-universidade-renmin-criam-o-instituto-de-pesquisa-da-comunicacao-internacional-na-nova-era","status":"publish","type":"post","link":"https:\/\/diariodepe.com.br\/cri\/2023\/06\/06\/cmg-e-universidade-renmin-criam-o-instituto-de-pesquisa-da-comunicacao-internacional-na-nova-era\/","title":{"rendered":"CMG e Universidade Renmin criam o Instituto de Pesquisa da Comunica\u00e7\u00e3o Internacional na Nova Era"},"content":{"rendered":"<p>O Grupo de M\u00eddia da China (CMG) e a Universidade Renmin da China anunciaram hoje (30) o estabelecimento do Instituto de Pesquisa da Comunica\u00e7\u00e3o Internacional na Nova Era.<\/p>\n<p>O presidente do CMG, Shen Haixiong; o secret\u00e1rio do Comit\u00ea do Partido Comunista da China da Universidade Renmin, Zhang Donggang; a vice-presidente do CMG, Xing Bo, e o reitor da Universidade Renmin, Lin Shangli, participaram da cerim\u00f4nia de inaugura\u00e7\u00e3o do instituto.<\/p>\n<p>Xing Bo disse na ocasi\u00e3o que o presidente chin\u00eas, Xi Jinping, presta sempre alta aten\u00e7\u00e3o aos trabalhos do CMG. Nos \u00faltimos cinco anos, o Grupo vem realizando muitos trabalhos para divulgar a China e fortalecer a voz do pa\u00eds na arena internacional. Ela acredita que o instituto \u00e9 uma boa coopera\u00e7\u00e3o para combinar as teorias e as pr\u00e1ticas da comunica\u00e7\u00e3o internacional.<\/p>\n<p>Lin Shangli disse que a coopera\u00e7\u00e3o efetiva entre os diversos praticantes da comunica\u00e7\u00e3o internacional \u00e9 uma maneira importante para fortalecer a influ\u00eancia da China na comunica\u00e7\u00e3o internacional, o encanto da cultura chinesa, a simpatia da imagem do pa\u00eds, a persuas\u00e3o das palavras dos chineses e a orienta\u00e7\u00e3o da opini\u00e3o p\u00fablica internacional. Ele acredita que o instituto \u00e9 uma marca hist\u00f3rica para as duas partes na aplica\u00e7\u00e3o da grande estrat\u00e9gia do desenvolvimento da comunica\u00e7\u00e3o internacional do pa\u00eds e no aprofundamento da coopera\u00e7\u00e3o bilateral.<\/p>\n","protected":false},"excerpt":{"rendered":"<p>O Grupo de M\u00eddia da China (CMG) e a Universidade Renmin da China anunciaram hoje (30) o estabelecimento do Instituto de Pesquisa da Comunica\u00e7\u00e3o Internacional na Nova Era. O presidente do CMG, Shen Haixiong; o secret\u00e1rio do Comit\u00ea do Partido&#8230;<\/p>\n","protected":false},"author":2,"featured_media":1633,"comment_status":"open","ping_status":"open","sticky":false,"template":"","format":"standard","meta":{"footnotes":""},"categories":[5],"tags":[],"class_list":["post-1632","post","type-post","status-publish","format-standard","has-post-thumbnail","hentry","category-destaques-capa"],"yoast_head":"<!-- This site is optimized with the Yoast SEO plugin v27.4 - https:\/\/yoast.com\/product\/yoast-seo-wordpress\/ -->\n<title>CMG e Universidade Renmin criam o Instituto de Pesquisa da Comunica\u00e7\u00e3o Internacional na Nova Era - CRI e Diario de Pernambuco<\/title>\n<meta name=\"robots\" content=\"index, follow, max-snippet:-1, max-image-preview:large, max-video-preview:-1\" \/>\n<link rel=\"canonical\" href=\"https:\/\/diariodepe.com.br\/cri\/2023\/06\/06\/cmg-e-universidade-renmin-criam-o-instituto-de-pesquisa-da-comunicacao-internacional-na-nova-era\/\" \/>\n<meta property=\"og:locale\" content=\"pt_BR\" \/>\n<meta property=\"og:type\" content=\"article\" \/>\n<meta property=\"og:title\" content=\"CMG e Universidade Renmin criam o Instituto de Pesquisa da Comunica\u00e7\u00e3o Internacional na Nova Era - CRI e Diario de Pernambuco\" \/>\n<meta property=\"og:description\" content=\"O Grupo de M\u00eddia da China (CMG) e a Universidade Renmin da China anunciaram hoje (30) o estabelecimento do Instituto de Pesquisa da Comunica\u00e7\u00e3o Internacional na Nova Era. O presidente do CMG, Shen Haixiong; o secret\u00e1rio do Comit\u00ea do Partido...\" \/>\n<meta property=\"og:url\" content=\"https:\/\/diariodepe.com.br\/cri\/2023\/06\/06\/cmg-e-universidade-renmin-criam-o-instituto-de-pesquisa-da-comunicacao-internacional-na-nova-era\/\" \/>\n<meta property=\"og:site_name\" content=\"CRI e Diario de Pernambuco\" \/>\n<meta property=\"article:published_time\" content=\"2023-06-06T06:57:45+00:00\" \/>\n<meta property=\"og:image\" content=\"https:\/\/diariodepe.com.br\/cri\/wp-content\/uploads\/sites\/2\/2023\/06\/2023053015535338280_\u526f\u672c.jpg\" \/>\n\t<meta property=\"og:image:width\" content=\"2000\" \/>\n\t<meta property=\"og:image:height\" content=\"1333\" \/>\n\t<meta property=\"og:image:type\" content=\"image\/jpeg\" \/>\n<meta name=\"author\" content=\"Ismael Lucas S. Pereira\" \/>\n<meta name=\"twitter:card\" content=\"summary_large_image\" \/>\n<meta name=\"twitter:label1\" content=\"Escrito por\" \/>\n\t<meta name=\"twitter:data1\" content=\"Ismael Lucas S. Pereira\" \/>\n\t<meta name=\"twitter:label2\" content=\"Est. tempo de leitura\" \/>\n\t<meta name=\"twitter:data2\" content=\"2 minutos\" \/>\n<script type=\"application\/ld+json\" class=\"yoast-schema-graph\">{\"@context\":\"https:\\\/\\\/schema.org\",\"@graph\":[{\"@type\":\"Article\",\"@id\":\"https:\\\/\\\/diariodepe.com.br\\\/cri\\\/2023\\\/06\\\/06\\\/cmg-e-universidade-renmin-criam-o-instituto-de-pesquisa-da-comunicacao-internacional-na-nova-era\\\/#article\",\"isPartOf\":{\"@id\":\"https:\\\/\\\/diariodepe.com.br\\\/cri\\\/2023\\\/06\\\/06\\\/cmg-e-universidade-renmin-criam-o-instituto-de-pesquisa-da-comunicacao-internacional-na-nova-era\\\/\"},\"author\":{\"name\":\"Ismael Lucas S. Pereira\",\"@id\":\"https:\\\/\\\/diariodepe.com.br\\\/cri\\\/#\\\/schema\\\/person\\\/121bb28d84f1a5b1205ef4ce9c2e0c6b\"},\"headline\":\"CMG e Universidade Renmin criam o Instituto de Pesquisa da Comunica\u00e7\u00e3o Internacional na Nova Era\",\"datePublished\":\"2023-06-06T06:57:45+00:00\",\"mainEntityOfPage\":{\"@id\":\"https:\\\/\\\/diariodepe.com.br\\\/cri\\\/2023\\\/06\\\/06\\\/cmg-e-universidade-renmin-criam-o-instituto-de-pesquisa-da-comunicacao-internacional-na-nova-era\\\/\"},\"wordCount\":251,\"commentCount\":0,\"publisher\":{\"@id\":\"https:\\\/\\\/diariodepe.com.br\\\/cri\\\/#organization\"},\"image\":{\"@id\":\"https:\\\/\\\/diariodepe.com.br\\\/cri\\\/2023\\\/06\\\/06\\\/cmg-e-universidade-renmin-criam-o-instituto-de-pesquisa-da-comunicacao-internacional-na-nova-era\\\/#primaryimage\"},\"thumbnailUrl\":\"https:\\\/\\\/diariodepe.com.br\\\/cri\\\/wp-content\\\/uploads\\\/sites\\\/2\\\/2023\\\/06\\\/2023053015535338280_\u526f\u672c.jpg\",\"articleSection\":[\"Destaques Capa\"],\"inLanguage\":\"pt-BR\",\"potentialAction\":[{\"@type\":\"CommentAction\",\"name\":\"Comment\",\"target\":[\"https:\\\/\\\/diariodepe.com.br\\\/cri\\\/2023\\\/06\\\/06\\\/cmg-e-universidade-renmin-criam-o-instituto-de-pesquisa-da-comunicacao-internacional-na-nova-era\\\/#respond\"]}]},{\"@type\":\"WebPage\",\"@id\":\"https:\\\/\\\/diariodepe.com.br\\\/cri\\\/2023\\\/06\\\/06\\\/cmg-e-universidade-renmin-criam-o-instituto-de-pesquisa-da-comunicacao-internacional-na-nova-era\\\/\",\"url\":\"https:\\\/\\\/diariodepe.com.br\\\/cri\\\/2023\\\/06\\\/06\\\/cmg-e-universidade-renmin-criam-o-instituto-de-pesquisa-da-comunicacao-internacional-na-nova-era\\\/\",\"name\":\"CMG e Universidade Renmin criam o Instituto de Pesquisa da Comunica\u00e7\u00e3o Internacional na Nova Era - CRI e Diario de Pernambuco\",\"isPartOf\":{\"@id\":\"https:\\\/\\\/diariodepe.com.br\\\/cri\\\/#website\"},\"primaryImageOfPage\":{\"@id\":\"https:\\\/\\\/diariodepe.com.br\\\/cri\\\/2023\\\/06\\\/06\\\/cmg-e-universidade-renmin-criam-o-instituto-de-pesquisa-da-comunicacao-internacional-na-nova-era\\\/#primaryimage\"},\"image\":{\"@id\":\"https:\\\/\\\/diariodepe.com.br\\\/cri\\\/2023\\\/06\\\/06\\\/cmg-e-universidade-renmin-criam-o-instituto-de-pesquisa-da-comunicacao-internacional-na-nova-era\\\/#primaryimage\"},\"thumbnailUrl\":\"https:\\\/\\\/diariodepe.com.br\\\/cri\\\/wp-content\\\/uploads\\\/sites\\\/2\\\/2023\\\/06\\\/2023053015535338280_\u526f\u672c.jpg\",\"datePublished\":\"2023-06-06T06:57:45+00:00\",\"breadcrumb\":{\"@id\":\"https:\\\/\\\/diariodepe.com.br\\\/cri\\\/2023\\\/06\\\/06\\\/cmg-e-universidade-renmin-criam-o-instituto-de-pesquisa-da-comunicacao-internacional-na-nova-era\\\/#breadcrumb\"},\"inLanguage\":\"pt-BR\",\"potentialAction\":[{\"@type\":\"ReadAction\",\"target\":[\"https:\\\/\\\/diariodepe.com.br\\\/cri\\\/2023\\\/06\\\/06\\\/cmg-e-universidade-renmin-criam-o-instituto-de-pesquisa-da-comunicacao-internacional-na-nova-era\\\/\"]}]},{\"@type\":\"ImageObject\",\"inLanguage\":\"pt-BR\",\"@id\":\"https:\\\/\\\/diariodepe.com.br\\\/cri\\\/2023\\\/06\\\/06\\\/cmg-e-universidade-renmin-criam-o-instituto-de-pesquisa-da-comunicacao-internacional-na-nova-era\\\/#primaryimage\",\"url\":\"https:\\\/\\\/diariodepe.com.br\\\/cri\\\/wp-content\\\/uploads\\\/sites\\\/2\\\/2023\\\/06\\\/2023053015535338280_\u526f\u672c.jpg\",\"contentUrl\":\"https:\\\/\\\/diariodepe.com.br\\\/cri\\\/wp-content\\\/uploads\\\/sites\\\/2\\\/2023\\\/06\\\/2023053015535338280_\u526f\u672c.jpg\",\"width\":2000,\"height\":1333},{\"@type\":\"BreadcrumbList\",\"@id\":\"https:\\\/\\\/diariodepe.com.br\\\/cri\\\/2023\\\/06\\\/06\\\/cmg-e-universidade-renmin-criam-o-instituto-de-pesquisa-da-comunicacao-internacional-na-nova-era\\\/#breadcrumb\",\"itemListElement\":[{\"@type\":\"ListItem\",\"position\":1,\"name\":\"In\u00edcio\",\"item\":\"https:\\\/\\\/diariodepe.com.br\\\/cri\\\/\"},{\"@type\":\"ListItem\",\"position\":2,\"name\":\"CMG e Universidade Renmin criam o Instituto de Pesquisa da Comunica\u00e7\u00e3o Internacional na Nova Era\"}]},{\"@type\":\"WebSite\",\"@id\":\"https:\\\/\\\/diariodepe.com.br\\\/cri\\\/#website\",\"url\":\"https:\\\/\\\/diariodepe.com.br\\\/cri\\\/\",\"name\":\"CRI e Diario de Pernambuco\",\"description\":\"R\u00e1dio Internacional da China\",\"publisher\":{\"@id\":\"https:\\\/\\\/diariodepe.com.br\\\/cri\\\/#organization\"},\"potentialAction\":[{\"@type\":\"SearchAction\",\"target\":{\"@type\":\"EntryPoint\",\"urlTemplate\":\"https:\\\/\\\/diariodepe.com.br\\\/cri\\\/?s={search_term_string}\"},\"query-input\":{\"@type\":\"PropertyValueSpecification\",\"valueRequired\":true,\"valueName\":\"search_term_string\"}}],\"inLanguage\":\"pt-BR\"},{\"@type\":\"Organization\",\"@id\":\"https:\\\/\\\/diariodepe.com.br\\\/cri\\\/#organization\",\"name\":\"CRI e Diario de Pernambuco\",\"url\":\"https:\\\/\\\/diariodepe.com.br\\\/cri\\\/\",\"logo\":{\"@type\":\"ImageObject\",\"inLanguage\":\"pt-BR\",\"@id\":\"https:\\\/\\\/diariodepe.com.br\\\/cri\\\/#\\\/schema\\\/logo\\\/image\\\/\",\"url\":\"https:\\\/\\\/diariodepe.com.br\\\/cri\\\/wp-content\\\/uploads\\\/sites\\\/2\\\/2022\\\/12\\\/cropped-Logo.jpg\",\"contentUrl\":\"https:\\\/\\\/diariodepe.com.br\\\/cri\\\/wp-content\\\/uploads\\\/sites\\\/2\\\/2022\\\/12\\\/cropped-Logo.jpg\",\"width\":700,\"height\":59,\"caption\":\"CRI e Diario de Pernambuco\"},\"image\":{\"@id\":\"https:\\\/\\\/diariodepe.com.br\\\/cri\\\/#\\\/schema\\\/logo\\\/image\\\/\"}},{\"@type\":\"Person\",\"@id\":\"https:\\\/\\\/diariodepe.com.br\\\/cri\\\/#\\\/schema\\\/person\\\/121bb28d84f1a5b1205ef4ce9c2e0c6b\",\"name\":\"Ismael Lucas S. Pereira\",\"image\":{\"@type\":\"ImageObject\",\"inLanguage\":\"pt-BR\",\"@id\":\"https:\\\/\\\/secure.gravatar.com\\\/avatar\\\/887a0f3b5a7ceea963a48499fb883ffce6b5037362def025c52c2505b15d63e4?s=96&d=mm&r=g\",\"url\":\"https:\\\/\\\/secure.gravatar.com\\\/avatar\\\/887a0f3b5a7ceea963a48499fb883ffce6b5037362def025c52c2505b15d63e4?s=96&d=mm&r=g\",\"contentUrl\":\"https:\\\/\\\/secure.gravatar.com\\\/avatar\\\/887a0f3b5a7ceea963a48499fb883ffce6b5037362def025c52c2505b15d63e4?s=96&d=mm&r=g\",\"caption\":\"Ismael Lucas S. Pereira\"},\"url\":\"https:\\\/\\\/diariodepe.com.br\\\/cri\\\/author\\\/ismael-lucas\\\/\"}]}<\/script>\n<!-- \/ Yoast SEO plugin. -->","yoast_head_json":{"title":"CMG e Universidade Renmin criam o Instituto de Pesquisa da Comunica\u00e7\u00e3o Internacional na Nova Era - CRI e Diario de Pernambuco","robots":{"index":"index","follow":"follow","max-snippet":"max-snippet:-1","max-image-preview":"max-image-preview:large","max-video-preview":"max-video-preview:-1"},"canonical":"https:\/\/diariodepe.com.br\/cri\/2023\/06\/06\/cmg-e-universidade-renmin-criam-o-instituto-de-pesquisa-da-comunicacao-internacional-na-nova-era\/","og_locale":"pt_BR","og_type":"article","og_title":"CMG e Universidade Renmin criam o Instituto de Pesquisa da Comunica\u00e7\u00e3o Internacional na Nova Era - CRI e Diario de Pernambuco","og_description":"O Grupo de M\u00eddia da China (CMG) e a Universidade Renmin da China anunciaram hoje (30) o estabelecimento do Instituto de Pesquisa da Comunica\u00e7\u00e3o Internacional na Nova Era. O presidente do CMG, Shen Haixiong; o secret\u00e1rio do Comit\u00ea do Partido...","og_url":"https:\/\/diariodepe.com.br\/cri\/2023\/06\/06\/cmg-e-universidade-renmin-criam-o-instituto-de-pesquisa-da-comunicacao-internacional-na-nova-era\/","og_site_name":"CRI e Diario de Pernambuco","article_published_time":"2023-06-06T06:57:45+00:00","og_image":[{"width":2000,"height":1333,"url":"https:\/\/diariodepe.com.br\/cri\/wp-content\/uploads\/sites\/2\/2023\/06\/2023053015535338280_\u526f\u672c.jpg","type":"image\/jpeg"}],"author":"Ismael Lucas S. Pereira","twitter_card":"summary_large_image","twitter_misc":{"Escrito por":"Ismael Lucas S. Pereira","Est. tempo de leitura":"2 minutos"},"schema":{"@context":"https:\/\/schema.org","@graph":[{"@type":"Article","@id":"https:\/\/diariodepe.com.br\/cri\/2023\/06\/06\/cmg-e-universidade-renmin-criam-o-instituto-de-pesquisa-da-comunicacao-internacional-na-nova-era\/#article","isPartOf":{"@id":"https:\/\/diariodepe.com.br\/cri\/2023\/06\/06\/cmg-e-universidade-renmin-criam-o-instituto-de-pesquisa-da-comunicacao-internacional-na-nova-era\/"},"author":{"name":"Ismael Lucas S. Pereira","@id":"https:\/\/diariodepe.com.br\/cri\/#\/schema\/person\/121bb28d84f1a5b1205ef4ce9c2e0c6b"},"headline":"CMG e Universidade Renmin criam o Instituto de Pesquisa da Comunica\u00e7\u00e3o Internacional na Nova Era","datePublished":"2023-06-06T06:57:45+00:00","mainEntityOfPage":{"@id":"https:\/\/diariodepe.com.br\/cri\/2023\/06\/06\/cmg-e-universidade-renmin-criam-o-instituto-de-pesquisa-da-comunicacao-internacional-na-nova-era\/"},"wordCount":251,"commentCount":0,"publisher":{"@id":"https:\/\/diariodepe.com.br\/cri\/#organization"},"image":{"@id":"https:\/\/diariodepe.com.br\/cri\/2023\/06\/06\/cmg-e-universidade-renmin-criam-o-instituto-de-pesquisa-da-comunicacao-internacional-na-nova-era\/#primaryimage"},"thumbnailUrl":"https:\/\/diariodepe.com.br\/cri\/wp-content\/uploads\/sites\/2\/2023\/06\/2023053015535338280_\u526f\u672c.jpg","articleSection":["Destaques Capa"],"inLanguage":"pt-BR","potentialAction":[{"@type":"CommentAction","name":"Comment","target":["https:\/\/diariodepe.com.br\/cri\/2023\/06\/06\/cmg-e-universidade-renmin-criam-o-instituto-de-pesquisa-da-comunicacao-internacional-na-nova-era\/#respond"]}]},{"@type":"WebPage","@id":"https:\/\/diariodepe.com.br\/cri\/2023\/06\/06\/cmg-e-universidade-renmin-criam-o-instituto-de-pesquisa-da-comunicacao-internacional-na-nova-era\/","url":"https:\/\/diariodepe.com.br\/cri\/2023\/06\/06\/cmg-e-universidade-renmin-criam-o-instituto-de-pesquisa-da-comunicacao-internacional-na-nova-era\/","name":"CMG e Universidade Renmin criam o Instituto de Pesquisa da Comunica\u00e7\u00e3o Internacional na Nova Era - CRI e Diario de Pernambuco","isPartOf":{"@id":"https:\/\/diariodepe.com.br\/cri\/#website"},"primaryImageOfPage":{"@id":"https:\/\/diariodepe.com.br\/cri\/2023\/06\/06\/cmg-e-universidade-renmin-criam-o-instituto-de-pesquisa-da-comunicacao-internacional-na-nova-era\/#primaryimage"},"image":{"@id":"https:\/\/diariodepe.com.br\/cri\/2023\/06\/06\/cmg-e-universidade-renmin-criam-o-instituto-de-pesquisa-da-comunicacao-internacional-na-nova-era\/#primaryimage"},"thumbnailUrl":"https:\/\/diariodepe.com.br\/cri\/wp-content\/uploads\/sites\/2\/2023\/06\/2023053015535338280_\u526f\u672c.jpg","datePublished":"2023-06-06T06:57:45+00:00","breadcrumb":{"@id":"https:\/\/diariodepe.com.br\/cri\/2023\/06\/06\/cmg-e-universidade-renmin-criam-o-instituto-de-pesquisa-da-comunicacao-internacional-na-nova-era\/#breadcrumb"},"inLanguage":"pt-BR","potentialAction":[{"@type":"ReadAction","target":["https:\/\/diariodepe.com.br\/cri\/2023\/06\/06\/cmg-e-universidade-renmin-criam-o-instituto-de-pesquisa-da-comunicacao-internacional-na-nova-era\/"]}]},{"@type":"ImageObject","inLanguage":"pt-BR","@id":"https:\/\/diariodepe.com.br\/cri\/2023\/06\/06\/cmg-e-universidade-renmin-criam-o-instituto-de-pesquisa-da-comunicacao-internacional-na-nova-era\/#primaryimage","url":"https:\/\/diariodepe.com.br\/cri\/wp-content\/uploads\/sites\/2\/2023\/06\/2023053015535338280_\u526f\u672c.jpg","contentUrl":"https:\/\/diariodepe.com.br\/cri\/wp-content\/uploads\/sites\/2\/2023\/06\/2023053015535338280_\u526f\u672c.jpg","width":2000,"height":1333},{"@type":"BreadcrumbList","@id":"https:\/\/diariodepe.com.br\/cri\/2023\/06\/06\/cmg-e-universidade-renmin-criam-o-instituto-de-pesquisa-da-comunicacao-internacional-na-nova-era\/#breadcrumb","itemListElement":[{"@type":"ListItem","position":1,"name":"In\u00edcio","item":"https:\/\/diariodepe.com.br\/cri\/"},{"@type":"ListItem","position":2,"name":"CMG e Universidade Renmin criam o Instituto de Pesquisa da Comunica\u00e7\u00e3o Internacional na Nova Era"}]},{"@type":"WebSite","@id":"https:\/\/diariodepe.com.br\/cri\/#website","url":"https:\/\/diariodepe.com.br\/cri\/","name":"CRI e Diario de Pernambuco","description":"R\u00e1dio Internacional da China","publisher":{"@id":"https:\/\/diariodepe.com.br\/cri\/#organization"},"potentialAction":[{"@type":"SearchAction","target":{"@type":"EntryPoint","urlTemplate":"https:\/\/diariodepe.com.br\/cri\/?s={search_term_string}"},"query-input":{"@type":"PropertyValueSpecification","valueRequired":true,"valueName":"search_term_string"}}],"inLanguage":"pt-BR"},{"@type":"Organization","@id":"https:\/\/diariodepe.com.br\/cri\/#organization","name":"CRI e Diario de Pernambuco","url":"https:\/\/diariodepe.com.br\/cri\/","logo":{"@type":"ImageObject","inLanguage":"pt-BR","@id":"https:\/\/diariodepe.com.br\/cri\/#\/schema\/logo\/image\/","url":"https:\/\/diariodepe.com.br\/cri\/wp-content\/uploads\/sites\/2\/2022\/12\/cropped-Logo.jpg","contentUrl":"https:\/\/diariodepe.com.br\/cri\/wp-content\/uploads\/sites\/2\/2022\/12\/cropped-Logo.jpg","width":700,"height":59,"caption":"CRI e Diario de Pernambuco"},"image":{"@id":"https:\/\/diariodepe.com.br\/cri\/#\/schema\/logo\/image\/"}},{"@type":"Person","@id":"https:\/\/diariodepe.com.br\/cri\/#\/schema\/person\/121bb28d84f1a5b1205ef4ce9c2e0c6b","name":"Ismael Lucas S. Pereira","image":{"@type":"ImageObject","inLanguage":"pt-BR","@id":"https:\/\/secure.gravatar.com\/avatar\/887a0f3b5a7ceea963a48499fb883ffce6b5037362def025c52c2505b15d63e4?s=96&d=mm&r=g","url":"https:\/\/secure.gravatar.com\/avatar\/887a0f3b5a7ceea963a48499fb883ffce6b5037362def025c52c2505b15d63e4?s=96&d=mm&r=g","contentUrl":"https:\/\/secure.gravatar.com\/avatar\/887a0f3b5a7ceea963a48499fb883ffce6b5037362def025c52c2505b15d63e4?s=96&d=mm&r=g","caption":"Ismael Lucas S. Pereira"},"url":"https:\/\/diariodepe.com.br\/cri\/author\/ismael-lucas\/"}]}},"cc_featured_image_caption":{"caption_text":false,"source_text":false,"source_url":false},"amp_enabled":true,"_links":{"self":[{"href":"https:\/\/diariodepe.com.br\/cri\/wp-json\/wp\/v2\/posts\/1632","targetHints":{"allow":["GET"]}}],"collection":[{"href":"https:\/\/diariodepe.com.br\/cri\/wp-json\/wp\/v2\/posts"}],"about":[{"href":"https:\/\/diariodepe.com.br\/cri\/wp-json\/wp\/v2\/types\/post"}],"author":[{"embeddable":true,"href":"https:\/\/diariodepe.com.br\/cri\/wp-json\/wp\/v2\/users\/2"}],"replies":[{"embeddable":true,"href":"https:\/\/diariodepe.com.br\/cri\/wp-json\/wp\/v2\/comments?post=1632"}],"version-history":[{"count":1,"href":"https:\/\/diariodepe.com.br\/cri\/wp-json\/wp\/v2\/posts\/1632\/revisions"}],"predecessor-version":[{"id":1634,"href":"https:\/\/diariodepe.com.br\/cri\/wp-json\/wp\/v2\/posts\/1632\/revisions\/1634"}],"wp:featuredmedia":[{"embeddable":true,"href":"https:\/\/diariodepe.com.br\/cri\/wp-json\/wp\/v2\/media\/1633"}],"wp:attachment":[{"href":"https:\/\/diariodepe.com.br\/cri\/wp-json\/wp\/v2\/media?parent=1632"}],"wp:term":[{"taxonomy":"category","embeddable":true,"href":"https:\/\/diariodepe.com.br\/cri\/wp-json\/wp\/v2\/categories?post=1632"},{"taxonomy":"post_tag","embeddable":true,"href":"https:\/\/diariodepe.com.br\/cri\/wp-json\/wp\/v2\/tags?post=1632"}],"curies":[{"name":"wp","href":"https:\/\/api.w.org\/{rel}","templated":true}]}}