{"id":162,"date":"2022-12-15T01:39:20","date_gmt":"2022-12-15T04:39:20","guid":{"rendered":"https:\/\/diariodepe.com.br\/cri\/?p=162"},"modified":"2022-12-15T01:39:22","modified_gmt":"2022-12-15T04:39:22","slug":"primeira-exposicao-de-comercio-digital-global-e-realizada-em-hangzhou","status":"publish","type":"post","link":"https:\/\/diariodepe.com.br\/cri\/2022\/12\/15\/primeira-exposicao-de-comercio-digital-global-e-realizada-em-hangzhou\/","title":{"rendered":"<strong>Primeira Exposi\u00e7\u00e3o de Com\u00e9rcio Digital Global \u00e9 realizada em Hangzhou<\/strong>"},"content":{"rendered":"\n<p>A primeira Exposi\u00e7\u00e3o de Com\u00e9rcio Digital Global est\u00e1 sendo realizada entre os dias 11 e 14 de dezembro em Hangzhou, famosa cidade tur\u00edstica no leste da China.<\/p>\n\n\n\n<p>Entre os 16 f\u00f3runs paralelos, a Confer\u00eancia da Ecologia Digital Global foi um destaque, na qual foi lan\u00e7ado o projeto de promo\u00e7\u00e3o do com\u00e9rcio digital mundial. Segundo a iniciativa, a prov\u00edncia de Zhejiang na China vai impulsionar o desenvolvimento de novas ind\u00fastrias, como biomedicina, equipamentos de ponta e internet das coisas inteligente, aproveitando seus recursos industriais vantajosos e conforme as demandas do mercado.<\/p>\n\n\n\n<p>Outro importante f\u00f3rum paralelo foi a Confer\u00eancia Mundial sobre a Transmiss\u00e3o ao Vivo do Com\u00e9rcio Eletr\u00f4nico, na qual foi lan\u00e7ado o Relat\u00f3rio sobre o Desenvolvimento da Transmiss\u00e3o ao Vivo do Com\u00e9rcio Eletr\u00f4nico do Mundo 2022.<\/p>\n","protected":false},"excerpt":{"rendered":"<p>A primeira Exposi\u00e7\u00e3o de Com\u00e9rcio Digital Global est\u00e1 sendo realizada entre os dias 11 e 14 de dezembro em Hangzhou, famosa cidade tur\u00edstica no leste da China. Entre os 16 f\u00f3runs paralelos, a Confer\u00eancia da Ecologia Digital Global foi um&#8230;<\/p>\n","protected":false},"author":2,"featured_media":163,"comment_status":"open","ping_status":"open","sticky":false,"template":"","format":"standard","meta":{"footnotes":""},"categories":[3],"tags":[],"class_list":["post-162","post","type-post","status-publish","format-standard","has-post-thumbnail","hentry","category-china"],"yoast_head":"<!-- This site is optimized with the Yoast SEO plugin v27.4 - https:\/\/yoast.com\/product\/yoast-seo-wordpress\/ -->\n<title>Primeira Exposi\u00e7\u00e3o de Com\u00e9rcio Digital Global \u00e9 realizada em Hangzhou - CRI e Diario de Pernambuco<\/title>\n<meta name=\"robots\" content=\"index, follow, max-snippet:-1, max-image-preview:large, max-video-preview:-1\" \/>\n<link rel=\"canonical\" href=\"https:\/\/diariodepe.com.br\/cri\/2022\/12\/15\/primeira-exposicao-de-comercio-digital-global-e-realizada-em-hangzhou\/\" \/>\n<meta property=\"og:locale\" content=\"pt_BR\" \/>\n<meta property=\"og:type\" content=\"article\" \/>\n<meta property=\"og:title\" content=\"Primeira Exposi\u00e7\u00e3o de Com\u00e9rcio Digital Global \u00e9 realizada em Hangzhou - CRI e Diario de Pernambuco\" \/>\n<meta property=\"og:description\" content=\"A primeira Exposi\u00e7\u00e3o de Com\u00e9rcio Digital Global est\u00e1 sendo realizada entre os dias 11 e 14 de dezembro em Hangzhou, famosa cidade tur\u00edstica no leste da China. Entre os 16 f\u00f3runs paralelos, a Confer\u00eancia da Ecologia Digital Global foi um...\" \/>\n<meta property=\"og:url\" content=\"https:\/\/diariodepe.com.br\/cri\/2022\/12\/15\/primeira-exposicao-de-comercio-digital-global-e-realizada-em-hangzhou\/\" \/>\n<meta property=\"og:site_name\" content=\"CRI e Diario de Pernambuco\" \/>\n<meta property=\"article:published_time\" content=\"2022-12-15T04:39:20+00:00\" \/>\n<meta property=\"article:modified_time\" content=\"2022-12-15T04:39:22+00:00\" \/>\n<meta property=\"og:image\" content=\"https:\/\/diariodepe.com.br\/cri\/wp-content\/uploads\/sites\/2\/2022\/12\/2022121415592238687.png\" \/>\n\t<meta property=\"og:image:width\" content=\"640\" \/>\n\t<meta property=\"og:image:height\" content=\"360\" \/>\n\t<meta property=\"og:image:type\" content=\"image\/png\" \/>\n<meta name=\"author\" content=\"Ismael Lucas S. Pereira\" \/>\n<meta name=\"twitter:card\" content=\"summary_large_image\" \/>\n<meta name=\"twitter:label1\" content=\"Escrito por\" \/>\n\t<meta name=\"twitter:data1\" content=\"Ismael Lucas S. Pereira\" \/>\n\t<meta name=\"twitter:label2\" content=\"Est. tempo de leitura\" \/>\n\t<meta name=\"twitter:data2\" content=\"1 minuto\" \/>\n<script type=\"application\/ld+json\" class=\"yoast-schema-graph\">{\"@context\":\"https:\\\/\\\/schema.org\",\"@graph\":[{\"@type\":\"Article\",\"@id\":\"https:\\\/\\\/diariodepe.com.br\\\/cri\\\/2022\\\/12\\\/15\\\/primeira-exposicao-de-comercio-digital-global-e-realizada-em-hangzhou\\\/#article\",\"isPartOf\":{\"@id\":\"https:\\\/\\\/diariodepe.com.br\\\/cri\\\/2022\\\/12\\\/15\\\/primeira-exposicao-de-comercio-digital-global-e-realizada-em-hangzhou\\\/\"},\"author\":{\"name\":\"Ismael Lucas S. Pereira\",\"@id\":\"https:\\\/\\\/diariodepe.com.br\\\/cri\\\/#\\\/schema\\\/person\\\/121bb28d84f1a5b1205ef4ce9c2e0c6b\"},\"headline\":\"Primeira Exposi\u00e7\u00e3o de Com\u00e9rcio Digital Global \u00e9 realizada em Hangzhou\",\"datePublished\":\"2022-12-15T04:39:20+00:00\",\"dateModified\":\"2022-12-15T04:39:22+00:00\",\"mainEntityOfPage\":{\"@id\":\"https:\\\/\\\/diariodepe.com.br\\\/cri\\\/2022\\\/12\\\/15\\\/primeira-exposicao-de-comercio-digital-global-e-realizada-em-hangzhou\\\/\"},\"wordCount\":152,\"commentCount\":0,\"publisher\":{\"@id\":\"https:\\\/\\\/diariodepe.com.br\\\/cri\\\/#organization\"},\"image\":{\"@id\":\"https:\\\/\\\/diariodepe.com.br\\\/cri\\\/2022\\\/12\\\/15\\\/primeira-exposicao-de-comercio-digital-global-e-realizada-em-hangzhou\\\/#primaryimage\"},\"thumbnailUrl\":\"https:\\\/\\\/diariodepe.com.br\\\/cri\\\/wp-content\\\/uploads\\\/sites\\\/2\\\/2022\\\/12\\\/2022121415592238687.png\",\"articleSection\":[\"China\"],\"inLanguage\":\"pt-BR\",\"potentialAction\":[{\"@type\":\"CommentAction\",\"name\":\"Comment\",\"target\":[\"https:\\\/\\\/diariodepe.com.br\\\/cri\\\/2022\\\/12\\\/15\\\/primeira-exposicao-de-comercio-digital-global-e-realizada-em-hangzhou\\\/#respond\"]}]},{\"@type\":\"WebPage\",\"@id\":\"https:\\\/\\\/diariodepe.com.br\\\/cri\\\/2022\\\/12\\\/15\\\/primeira-exposicao-de-comercio-digital-global-e-realizada-em-hangzhou\\\/\",\"url\":\"https:\\\/\\\/diariodepe.com.br\\\/cri\\\/2022\\\/12\\\/15\\\/primeira-exposicao-de-comercio-digital-global-e-realizada-em-hangzhou\\\/\",\"name\":\"Primeira Exposi\u00e7\u00e3o de Com\u00e9rcio Digital Global \u00e9 realizada em Hangzhou - CRI e Diario de Pernambuco\",\"isPartOf\":{\"@id\":\"https:\\\/\\\/diariodepe.com.br\\\/cri\\\/#website\"},\"primaryImageOfPage\":{\"@id\":\"https:\\\/\\\/diariodepe.com.br\\\/cri\\\/2022\\\/12\\\/15\\\/primeira-exposicao-de-comercio-digital-global-e-realizada-em-hangzhou\\\/#primaryimage\"},\"image\":{\"@id\":\"https:\\\/\\\/diariodepe.com.br\\\/cri\\\/2022\\\/12\\\/15\\\/primeira-exposicao-de-comercio-digital-global-e-realizada-em-hangzhou\\\/#primaryimage\"},\"thumbnailUrl\":\"https:\\\/\\\/diariodepe.com.br\\\/cri\\\/wp-content\\\/uploads\\\/sites\\\/2\\\/2022\\\/12\\\/2022121415592238687.png\",\"datePublished\":\"2022-12-15T04:39:20+00:00\",\"dateModified\":\"2022-12-15T04:39:22+00:00\",\"breadcrumb\":{\"@id\":\"https:\\\/\\\/diariodepe.com.br\\\/cri\\\/2022\\\/12\\\/15\\\/primeira-exposicao-de-comercio-digital-global-e-realizada-em-hangzhou\\\/#breadcrumb\"},\"inLanguage\":\"pt-BR\",\"potentialAction\":[{\"@type\":\"ReadAction\",\"target\":[\"https:\\\/\\\/diariodepe.com.br\\\/cri\\\/2022\\\/12\\\/15\\\/primeira-exposicao-de-comercio-digital-global-e-realizada-em-hangzhou\\\/\"]}]},{\"@type\":\"ImageObject\",\"inLanguage\":\"pt-BR\",\"@id\":\"https:\\\/\\\/diariodepe.com.br\\\/cri\\\/2022\\\/12\\\/15\\\/primeira-exposicao-de-comercio-digital-global-e-realizada-em-hangzhou\\\/#primaryimage\",\"url\":\"https:\\\/\\\/diariodepe.com.br\\\/cri\\\/wp-content\\\/uploads\\\/sites\\\/2\\\/2022\\\/12\\\/2022121415592238687.png\",\"contentUrl\":\"https:\\\/\\\/diariodepe.com.br\\\/cri\\\/wp-content\\\/uploads\\\/sites\\\/2\\\/2022\\\/12\\\/2022121415592238687.png\",\"width\":640,\"height\":360},{\"@type\":\"BreadcrumbList\",\"@id\":\"https:\\\/\\\/diariodepe.com.br\\\/cri\\\/2022\\\/12\\\/15\\\/primeira-exposicao-de-comercio-digital-global-e-realizada-em-hangzhou\\\/#breadcrumb\",\"itemListElement\":[{\"@type\":\"ListItem\",\"position\":1,\"name\":\"In\u00edcio\",\"item\":\"https:\\\/\\\/diariodepe.com.br\\\/cri\\\/\"},{\"@type\":\"ListItem\",\"position\":2,\"name\":\"Primeira Exposi\u00e7\u00e3o de Com\u00e9rcio Digital Global \u00e9 realizada em Hangzhou\"}]},{\"@type\":\"WebSite\",\"@id\":\"https:\\\/\\\/diariodepe.com.br\\\/cri\\\/#website\",\"url\":\"https:\\\/\\\/diariodepe.com.br\\\/cri\\\/\",\"name\":\"CRI e Diario de Pernambuco\",\"description\":\"R\u00e1dio Internacional da China\",\"publisher\":{\"@id\":\"https:\\\/\\\/diariodepe.com.br\\\/cri\\\/#organization\"},\"potentialAction\":[{\"@type\":\"SearchAction\",\"target\":{\"@type\":\"EntryPoint\",\"urlTemplate\":\"https:\\\/\\\/diariodepe.com.br\\\/cri\\\/?s={search_term_string}\"},\"query-input\":{\"@type\":\"PropertyValueSpecification\",\"valueRequired\":true,\"valueName\":\"search_term_string\"}}],\"inLanguage\":\"pt-BR\"},{\"@type\":\"Organization\",\"@id\":\"https:\\\/\\\/diariodepe.com.br\\\/cri\\\/#organization\",\"name\":\"CRI e Diario de Pernambuco\",\"url\":\"https:\\\/\\\/diariodepe.com.br\\\/cri\\\/\",\"logo\":{\"@type\":\"ImageObject\",\"inLanguage\":\"pt-BR\",\"@id\":\"https:\\\/\\\/diariodepe.com.br\\\/cri\\\/#\\\/schema\\\/logo\\\/image\\\/\",\"url\":\"https:\\\/\\\/diariodepe.com.br\\\/cri\\\/wp-content\\\/uploads\\\/sites\\\/2\\\/2022\\\/12\\\/cropped-Logo.jpg\",\"contentUrl\":\"https:\\\/\\\/diariodepe.com.br\\\/cri\\\/wp-content\\\/uploads\\\/sites\\\/2\\\/2022\\\/12\\\/cropped-Logo.jpg\",\"width\":700,\"height\":59,\"caption\":\"CRI e Diario de Pernambuco\"},\"image\":{\"@id\":\"https:\\\/\\\/diariodepe.com.br\\\/cri\\\/#\\\/schema\\\/logo\\\/image\\\/\"}},{\"@type\":\"Person\",\"@id\":\"https:\\\/\\\/diariodepe.com.br\\\/cri\\\/#\\\/schema\\\/person\\\/121bb28d84f1a5b1205ef4ce9c2e0c6b\",\"name\":\"Ismael Lucas S. Pereira\",\"image\":{\"@type\":\"ImageObject\",\"inLanguage\":\"pt-BR\",\"@id\":\"https:\\\/\\\/secure.gravatar.com\\\/avatar\\\/887a0f3b5a7ceea963a48499fb883ffce6b5037362def025c52c2505b15d63e4?s=96&d=mm&r=g\",\"url\":\"https:\\\/\\\/secure.gravatar.com\\\/avatar\\\/887a0f3b5a7ceea963a48499fb883ffce6b5037362def025c52c2505b15d63e4?s=96&d=mm&r=g\",\"contentUrl\":\"https:\\\/\\\/secure.gravatar.com\\\/avatar\\\/887a0f3b5a7ceea963a48499fb883ffce6b5037362def025c52c2505b15d63e4?s=96&d=mm&r=g\",\"caption\":\"Ismael Lucas S. Pereira\"},\"url\":\"https:\\\/\\\/diariodepe.com.br\\\/cri\\\/author\\\/ismael-lucas\\\/\"}]}<\/script>\n<!-- \/ Yoast SEO plugin. -->","yoast_head_json":{"title":"Primeira Exposi\u00e7\u00e3o de Com\u00e9rcio Digital Global \u00e9 realizada em Hangzhou - CRI e Diario de Pernambuco","robots":{"index":"index","follow":"follow","max-snippet":"max-snippet:-1","max-image-preview":"max-image-preview:large","max-video-preview":"max-video-preview:-1"},"canonical":"https:\/\/diariodepe.com.br\/cri\/2022\/12\/15\/primeira-exposicao-de-comercio-digital-global-e-realizada-em-hangzhou\/","og_locale":"pt_BR","og_type":"article","og_title":"Primeira Exposi\u00e7\u00e3o de Com\u00e9rcio Digital Global \u00e9 realizada em Hangzhou - CRI e Diario de Pernambuco","og_description":"A primeira Exposi\u00e7\u00e3o de Com\u00e9rcio Digital Global est\u00e1 sendo realizada entre os dias 11 e 14 de dezembro em Hangzhou, famosa cidade tur\u00edstica no leste da China. Entre os 16 f\u00f3runs paralelos, a Confer\u00eancia da Ecologia Digital Global foi um...","og_url":"https:\/\/diariodepe.com.br\/cri\/2022\/12\/15\/primeira-exposicao-de-comercio-digital-global-e-realizada-em-hangzhou\/","og_site_name":"CRI e Diario de Pernambuco","article_published_time":"2022-12-15T04:39:20+00:00","article_modified_time":"2022-12-15T04:39:22+00:00","og_image":[{"width":640,"height":360,"url":"https:\/\/diariodepe.com.br\/cri\/wp-content\/uploads\/sites\/2\/2022\/12\/2022121415592238687.png","type":"image\/png"}],"author":"Ismael Lucas S. Pereira","twitter_card":"summary_large_image","twitter_misc":{"Escrito por":"Ismael Lucas S. Pereira","Est. tempo de leitura":"1 minuto"},"schema":{"@context":"https:\/\/schema.org","@graph":[{"@type":"Article","@id":"https:\/\/diariodepe.com.br\/cri\/2022\/12\/15\/primeira-exposicao-de-comercio-digital-global-e-realizada-em-hangzhou\/#article","isPartOf":{"@id":"https:\/\/diariodepe.com.br\/cri\/2022\/12\/15\/primeira-exposicao-de-comercio-digital-global-e-realizada-em-hangzhou\/"},"author":{"name":"Ismael Lucas S. Pereira","@id":"https:\/\/diariodepe.com.br\/cri\/#\/schema\/person\/121bb28d84f1a5b1205ef4ce9c2e0c6b"},"headline":"Primeira Exposi\u00e7\u00e3o de Com\u00e9rcio Digital Global \u00e9 realizada em Hangzhou","datePublished":"2022-12-15T04:39:20+00:00","dateModified":"2022-12-15T04:39:22+00:00","mainEntityOfPage":{"@id":"https:\/\/diariodepe.com.br\/cri\/2022\/12\/15\/primeira-exposicao-de-comercio-digital-global-e-realizada-em-hangzhou\/"},"wordCount":152,"commentCount":0,"publisher":{"@id":"https:\/\/diariodepe.com.br\/cri\/#organization"},"image":{"@id":"https:\/\/diariodepe.com.br\/cri\/2022\/12\/15\/primeira-exposicao-de-comercio-digital-global-e-realizada-em-hangzhou\/#primaryimage"},"thumbnailUrl":"https:\/\/diariodepe.com.br\/cri\/wp-content\/uploads\/sites\/2\/2022\/12\/2022121415592238687.png","articleSection":["China"],"inLanguage":"pt-BR","potentialAction":[{"@type":"CommentAction","name":"Comment","target":["https:\/\/diariodepe.com.br\/cri\/2022\/12\/15\/primeira-exposicao-de-comercio-digital-global-e-realizada-em-hangzhou\/#respond"]}]},{"@type":"WebPage","@id":"https:\/\/diariodepe.com.br\/cri\/2022\/12\/15\/primeira-exposicao-de-comercio-digital-global-e-realizada-em-hangzhou\/","url":"https:\/\/diariodepe.com.br\/cri\/2022\/12\/15\/primeira-exposicao-de-comercio-digital-global-e-realizada-em-hangzhou\/","name":"Primeira Exposi\u00e7\u00e3o de Com\u00e9rcio Digital Global \u00e9 realizada em Hangzhou - CRI e Diario de Pernambuco","isPartOf":{"@id":"https:\/\/diariodepe.com.br\/cri\/#website"},"primaryImageOfPage":{"@id":"https:\/\/diariodepe.com.br\/cri\/2022\/12\/15\/primeira-exposicao-de-comercio-digital-global-e-realizada-em-hangzhou\/#primaryimage"},"image":{"@id":"https:\/\/diariodepe.com.br\/cri\/2022\/12\/15\/primeira-exposicao-de-comercio-digital-global-e-realizada-em-hangzhou\/#primaryimage"},"thumbnailUrl":"https:\/\/diariodepe.com.br\/cri\/wp-content\/uploads\/sites\/2\/2022\/12\/2022121415592238687.png","datePublished":"2022-12-15T04:39:20+00:00","dateModified":"2022-12-15T04:39:22+00:00","breadcrumb":{"@id":"https:\/\/diariodepe.com.br\/cri\/2022\/12\/15\/primeira-exposicao-de-comercio-digital-global-e-realizada-em-hangzhou\/#breadcrumb"},"inLanguage":"pt-BR","potentialAction":[{"@type":"ReadAction","target":["https:\/\/diariodepe.com.br\/cri\/2022\/12\/15\/primeira-exposicao-de-comercio-digital-global-e-realizada-em-hangzhou\/"]}]},{"@type":"ImageObject","inLanguage":"pt-BR","@id":"https:\/\/diariodepe.com.br\/cri\/2022\/12\/15\/primeira-exposicao-de-comercio-digital-global-e-realizada-em-hangzhou\/#primaryimage","url":"https:\/\/diariodepe.com.br\/cri\/wp-content\/uploads\/sites\/2\/2022\/12\/2022121415592238687.png","contentUrl":"https:\/\/diariodepe.com.br\/cri\/wp-content\/uploads\/sites\/2\/2022\/12\/2022121415592238687.png","width":640,"height":360},{"@type":"BreadcrumbList","@id":"https:\/\/diariodepe.com.br\/cri\/2022\/12\/15\/primeira-exposicao-de-comercio-digital-global-e-realizada-em-hangzhou\/#breadcrumb","itemListElement":[{"@type":"ListItem","position":1,"name":"In\u00edcio","item":"https:\/\/diariodepe.com.br\/cri\/"},{"@type":"ListItem","position":2,"name":"Primeira Exposi\u00e7\u00e3o de Com\u00e9rcio Digital Global \u00e9 realizada em Hangzhou"}]},{"@type":"WebSite","@id":"https:\/\/diariodepe.com.br\/cri\/#website","url":"https:\/\/diariodepe.com.br\/cri\/","name":"CRI e Diario de Pernambuco","description":"R\u00e1dio Internacional da China","publisher":{"@id":"https:\/\/diariodepe.com.br\/cri\/#organization"},"potentialAction":[{"@type":"SearchAction","target":{"@type":"EntryPoint","urlTemplate":"https:\/\/diariodepe.com.br\/cri\/?s={search_term_string}"},"query-input":{"@type":"PropertyValueSpecification","valueRequired":true,"valueName":"search_term_string"}}],"inLanguage":"pt-BR"},{"@type":"Organization","@id":"https:\/\/diariodepe.com.br\/cri\/#organization","name":"CRI e Diario de Pernambuco","url":"https:\/\/diariodepe.com.br\/cri\/","logo":{"@type":"ImageObject","inLanguage":"pt-BR","@id":"https:\/\/diariodepe.com.br\/cri\/#\/schema\/logo\/image\/","url":"https:\/\/diariodepe.com.br\/cri\/wp-content\/uploads\/sites\/2\/2022\/12\/cropped-Logo.jpg","contentUrl":"https:\/\/diariodepe.com.br\/cri\/wp-content\/uploads\/sites\/2\/2022\/12\/cropped-Logo.jpg","width":700,"height":59,"caption":"CRI e Diario de Pernambuco"},"image":{"@id":"https:\/\/diariodepe.com.br\/cri\/#\/schema\/logo\/image\/"}},{"@type":"Person","@id":"https:\/\/diariodepe.com.br\/cri\/#\/schema\/person\/121bb28d84f1a5b1205ef4ce9c2e0c6b","name":"Ismael Lucas S. Pereira","image":{"@type":"ImageObject","inLanguage":"pt-BR","@id":"https:\/\/secure.gravatar.com\/avatar\/887a0f3b5a7ceea963a48499fb883ffce6b5037362def025c52c2505b15d63e4?s=96&d=mm&r=g","url":"https:\/\/secure.gravatar.com\/avatar\/887a0f3b5a7ceea963a48499fb883ffce6b5037362def025c52c2505b15d63e4?s=96&d=mm&r=g","contentUrl":"https:\/\/secure.gravatar.com\/avatar\/887a0f3b5a7ceea963a48499fb883ffce6b5037362def025c52c2505b15d63e4?s=96&d=mm&r=g","caption":"Ismael Lucas S. Pereira"},"url":"https:\/\/diariodepe.com.br\/cri\/author\/ismael-lucas\/"}]}},"cc_featured_image_caption":{"caption_text":"","source_text":"","source_url":""},"amp_enabled":true,"_links":{"self":[{"href":"https:\/\/diariodepe.com.br\/cri\/wp-json\/wp\/v2\/posts\/162","targetHints":{"allow":["GET"]}}],"collection":[{"href":"https:\/\/diariodepe.com.br\/cri\/wp-json\/wp\/v2\/posts"}],"about":[{"href":"https:\/\/diariodepe.com.br\/cri\/wp-json\/wp\/v2\/types\/post"}],"author":[{"embeddable":true,"href":"https:\/\/diariodepe.com.br\/cri\/wp-json\/wp\/v2\/users\/2"}],"replies":[{"embeddable":true,"href":"https:\/\/diariodepe.com.br\/cri\/wp-json\/wp\/v2\/comments?post=162"}],"version-history":[{"count":1,"href":"https:\/\/diariodepe.com.br\/cri\/wp-json\/wp\/v2\/posts\/162\/revisions"}],"predecessor-version":[{"id":164,"href":"https:\/\/diariodepe.com.br\/cri\/wp-json\/wp\/v2\/posts\/162\/revisions\/164"}],"wp:featuredmedia":[{"embeddable":true,"href":"https:\/\/diariodepe.com.br\/cri\/wp-json\/wp\/v2\/media\/163"}],"wp:attachment":[{"href":"https:\/\/diariodepe.com.br\/cri\/wp-json\/wp\/v2\/media?parent=162"}],"wp:term":[{"taxonomy":"category","embeddable":true,"href":"https:\/\/diariodepe.com.br\/cri\/wp-json\/wp\/v2\/categories?post=162"},{"taxonomy":"post_tag","embeddable":true,"href":"https:\/\/diariodepe.com.br\/cri\/wp-json\/wp\/v2\/tags?post=162"}],"curies":[{"name":"wp","href":"https:\/\/api.w.org\/{rel}","templated":true}]}}