{"id":160,"date":"2022-12-15T01:30:29","date_gmt":"2022-12-15T04:30:29","guid":{"rendered":"https:\/\/diariodepe.com.br\/cri\/?p=160"},"modified":"2022-12-15T01:30:30","modified_gmt":"2022-12-15T04:30:30","slug":"seminario-sobre-diversidade-de-civilizacoes-e-governanca-global-de-direitos-humanos-e-realizado-em-beijing","status":"publish","type":"post","link":"https:\/\/diariodepe.com.br\/cri\/2022\/12\/15\/seminario-sobre-diversidade-de-civilizacoes-e-governanca-global-de-direitos-humanos-e-realizado-em-beijing\/","title":{"rendered":"<strong>Semin\u00e1rio sobre diversidade de civiliza\u00e7\u00f5es e governan\u00e7a global de direitos humanos \u00e9 realizado em Beijing<\/strong>"},"content":{"rendered":"\n<p>O semin\u00e1rio internacional sobre \u201cDiversidade de Civiliza\u00e7\u00f5es e Governan\u00e7a Global de Direitos Humanos\u201d foi realizado na ter\u00e7a-feira (13) em Beijing. Co-organizado pela Funda\u00e7\u00e3o Chinesa para Desenvolvimento de Direitos Humanos e pela Rede de ONGs de Interc\u00e2mbio Internacional da China, o evento contou com a participa\u00e7\u00e3o de especialistas e acad\u00eamicos da China, Cuba, Su\u00ed\u00e7a, Paquist\u00e3o, Reino Unido, R\u00fassia e Fran\u00e7a.<\/p>\n\n\n\n<p>Em seu discurso, o vice-presidente da Rede de ONGs de Interc\u00e2mbio Internacional da China, Li Jun, disse que o Comit\u00ea Central do Partido Comunista da China, tendo o camarada Xi Jinping como seu n\u00facleo, vem combinando o princ\u00edpio da universalidade dos direitos humanos com as realidades nacionais, abrindo um caminho de desenvolvimento dos direitos humanos com caracter\u00edsticas chinesas. Ao mesmo tempo, a China vem participando ativamente dos assuntos internacionais de direitos humanos, mantendo uma ampla coopera\u00e7\u00e3o internacional , de modo a contribuir com a sabedoria e solu\u00e7\u00f5es chinesas para melhorar a governan\u00e7a global no setor e enriquecer a diversidade da civiliza\u00e7\u00e3o de direitos humanos.<\/p>\n\n\n\n<p>O ministro da Embaixada de Cuba na China, Mario Alzugre, leu uma mensagem de congratula\u00e7\u00e3o em nome do embaixador de Cuba, Carlos Miguel Pereira, na qual ele avalia positivamente os esfor\u00e7os para garantir os direitos dos chineses.<\/p>\n\n\n\n<p>\u201cA China alcan\u00e7ou conquistas ineg\u00e1veis e deu passos significativos em \u00e1reas como a erradica\u00e7\u00e3o da pobreza extrema e a constru\u00e7\u00e3o de uma sociedade moderadamente pr\u00f3spera\u201d.<\/p>\n\n\n\n<p>Alzugre apontou que, sob a orienta\u00e7\u00e3o do pensamento de Xi Jinping sobre o socialismo com caracter\u00edsticas chinesas na nova era, a China se prop\u00f5e a aderir ao caminho do desenvolvimento dos direitos humanos nacional, participar ativamente da governan\u00e7a global dos direitos humanos e promover o desenvolvimento abrangente no mesmo setor. Al\u00e9m disso, a China tamb\u00e9m persiste na promo\u00e7\u00e3o da paz mundial, do desenvolvimento global e da constru\u00e7\u00e3o de uma comunidade de futuro compartilhado para a humanidade. Tudo isso mostra que a China ir\u00e1 atingir n\u00edvel ainda mais elevado no dom\u00ednio de direitos humanos.<\/p>\n","protected":false},"excerpt":{"rendered":"<p>O semin\u00e1rio internacional sobre \u201cDiversidade de Civiliza\u00e7\u00f5es e Governan\u00e7a Global de Direitos Humanos\u201d foi realizado na ter\u00e7a-feira (13) em Beijing. Co-organizado pela Funda\u00e7\u00e3o Chinesa para Desenvolvimento de Direitos Humanos e pela Rede de ONGs de Interc\u00e2mbio Internacional da China, o&#8230;<\/p>\n","protected":false},"author":2,"featured_media":0,"comment_status":"open","ping_status":"open","sticky":false,"template":"","format":"standard","meta":{"footnotes":""},"categories":[3],"tags":[],"class_list":["post-160","post","type-post","status-publish","format-standard","hentry","category-china"],"yoast_head":"<!-- This site is optimized with the Yoast SEO plugin v27.4 - https:\/\/yoast.com\/product\/yoast-seo-wordpress\/ -->\n<title>Semin\u00e1rio sobre diversidade de civiliza\u00e7\u00f5es e governan\u00e7a global de direitos humanos \u00e9 realizado em Beijing - CRI e Diario de Pernambuco<\/title>\n<meta name=\"robots\" content=\"index, follow, max-snippet:-1, max-image-preview:large, max-video-preview:-1\" \/>\n<link rel=\"canonical\" href=\"https:\/\/diariodepe.com.br\/cri\/2022\/12\/15\/seminario-sobre-diversidade-de-civilizacoes-e-governanca-global-de-direitos-humanos-e-realizado-em-beijing\/\" \/>\n<meta property=\"og:locale\" content=\"pt_BR\" \/>\n<meta property=\"og:type\" content=\"article\" \/>\n<meta property=\"og:title\" content=\"Semin\u00e1rio sobre diversidade de civiliza\u00e7\u00f5es e governan\u00e7a global de direitos humanos \u00e9 realizado em Beijing - CRI e Diario de Pernambuco\" \/>\n<meta property=\"og:description\" content=\"O semin\u00e1rio internacional sobre \u201cDiversidade de Civiliza\u00e7\u00f5es e Governan\u00e7a Global de Direitos Humanos\u201d foi realizado na ter\u00e7a-feira (13) em Beijing. Co-organizado pela Funda\u00e7\u00e3o Chinesa para Desenvolvimento de Direitos Humanos e pela Rede de ONGs de Interc\u00e2mbio Internacional da China, o...\" \/>\n<meta property=\"og:url\" content=\"https:\/\/diariodepe.com.br\/cri\/2022\/12\/15\/seminario-sobre-diversidade-de-civilizacoes-e-governanca-global-de-direitos-humanos-e-realizado-em-beijing\/\" \/>\n<meta property=\"og:site_name\" content=\"CRI e Diario de Pernambuco\" \/>\n<meta property=\"article:published_time\" content=\"2022-12-15T04:30:29+00:00\" \/>\n<meta property=\"article:modified_time\" content=\"2022-12-15T04:30:30+00:00\" \/>\n<meta name=\"author\" content=\"Ismael Lucas S. Pereira\" \/>\n<meta name=\"twitter:card\" content=\"summary_large_image\" \/>\n<meta name=\"twitter:label1\" content=\"Escrito por\" \/>\n\t<meta name=\"twitter:data1\" content=\"Ismael Lucas S. Pereira\" \/>\n\t<meta name=\"twitter:label2\" content=\"Est. tempo de leitura\" \/>\n\t<meta name=\"twitter:data2\" content=\"2 minutos\" \/>\n<script type=\"application\/ld+json\" class=\"yoast-schema-graph\">{\"@context\":\"https:\\\/\\\/schema.org\",\"@graph\":[{\"@type\":\"Article\",\"@id\":\"https:\\\/\\\/diariodepe.com.br\\\/cri\\\/2022\\\/12\\\/15\\\/seminario-sobre-diversidade-de-civilizacoes-e-governanca-global-de-direitos-humanos-e-realizado-em-beijing\\\/#article\",\"isPartOf\":{\"@id\":\"https:\\\/\\\/diariodepe.com.br\\\/cri\\\/2022\\\/12\\\/15\\\/seminario-sobre-diversidade-de-civilizacoes-e-governanca-global-de-direitos-humanos-e-realizado-em-beijing\\\/\"},\"author\":{\"name\":\"Ismael Lucas S. Pereira\",\"@id\":\"https:\\\/\\\/diariodepe.com.br\\\/cri\\\/#\\\/schema\\\/person\\\/121bb28d84f1a5b1205ef4ce9c2e0c6b\"},\"headline\":\"Semin\u00e1rio sobre diversidade de civiliza\u00e7\u00f5es e governan\u00e7a global de direitos humanos \u00e9 realizado em Beijing\",\"datePublished\":\"2022-12-15T04:30:29+00:00\",\"dateModified\":\"2022-12-15T04:30:30+00:00\",\"mainEntityOfPage\":{\"@id\":\"https:\\\/\\\/diariodepe.com.br\\\/cri\\\/2022\\\/12\\\/15\\\/seminario-sobre-diversidade-de-civilizacoes-e-governanca-global-de-direitos-humanos-e-realizado-em-beijing\\\/\"},\"wordCount\":370,\"commentCount\":0,\"publisher\":{\"@id\":\"https:\\\/\\\/diariodepe.com.br\\\/cri\\\/#organization\"},\"articleSection\":[\"China\"],\"inLanguage\":\"pt-BR\",\"potentialAction\":[{\"@type\":\"CommentAction\",\"name\":\"Comment\",\"target\":[\"https:\\\/\\\/diariodepe.com.br\\\/cri\\\/2022\\\/12\\\/15\\\/seminario-sobre-diversidade-de-civilizacoes-e-governanca-global-de-direitos-humanos-e-realizado-em-beijing\\\/#respond\"]}]},{\"@type\":\"WebPage\",\"@id\":\"https:\\\/\\\/diariodepe.com.br\\\/cri\\\/2022\\\/12\\\/15\\\/seminario-sobre-diversidade-de-civilizacoes-e-governanca-global-de-direitos-humanos-e-realizado-em-beijing\\\/\",\"url\":\"https:\\\/\\\/diariodepe.com.br\\\/cri\\\/2022\\\/12\\\/15\\\/seminario-sobre-diversidade-de-civilizacoes-e-governanca-global-de-direitos-humanos-e-realizado-em-beijing\\\/\",\"name\":\"Semin\u00e1rio sobre diversidade de civiliza\u00e7\u00f5es e governan\u00e7a global de direitos humanos \u00e9 realizado em Beijing - CRI e Diario de Pernambuco\",\"isPartOf\":{\"@id\":\"https:\\\/\\\/diariodepe.com.br\\\/cri\\\/#website\"},\"datePublished\":\"2022-12-15T04:30:29+00:00\",\"dateModified\":\"2022-12-15T04:30:30+00:00\",\"breadcrumb\":{\"@id\":\"https:\\\/\\\/diariodepe.com.br\\\/cri\\\/2022\\\/12\\\/15\\\/seminario-sobre-diversidade-de-civilizacoes-e-governanca-global-de-direitos-humanos-e-realizado-em-beijing\\\/#breadcrumb\"},\"inLanguage\":\"pt-BR\",\"potentialAction\":[{\"@type\":\"ReadAction\",\"target\":[\"https:\\\/\\\/diariodepe.com.br\\\/cri\\\/2022\\\/12\\\/15\\\/seminario-sobre-diversidade-de-civilizacoes-e-governanca-global-de-direitos-humanos-e-realizado-em-beijing\\\/\"]}]},{\"@type\":\"BreadcrumbList\",\"@id\":\"https:\\\/\\\/diariodepe.com.br\\\/cri\\\/2022\\\/12\\\/15\\\/seminario-sobre-diversidade-de-civilizacoes-e-governanca-global-de-direitos-humanos-e-realizado-em-beijing\\\/#breadcrumb\",\"itemListElement\":[{\"@type\":\"ListItem\",\"position\":1,\"name\":\"In\u00edcio\",\"item\":\"https:\\\/\\\/diariodepe.com.br\\\/cri\\\/\"},{\"@type\":\"ListItem\",\"position\":2,\"name\":\"Semin\u00e1rio sobre diversidade de civiliza\u00e7\u00f5es e governan\u00e7a global de direitos humanos \u00e9 realizado em Beijing\"}]},{\"@type\":\"WebSite\",\"@id\":\"https:\\\/\\\/diariodepe.com.br\\\/cri\\\/#website\",\"url\":\"https:\\\/\\\/diariodepe.com.br\\\/cri\\\/\",\"name\":\"CRI e Diario de Pernambuco\",\"description\":\"R\u00e1dio Internacional da China\",\"publisher\":{\"@id\":\"https:\\\/\\\/diariodepe.com.br\\\/cri\\\/#organization\"},\"potentialAction\":[{\"@type\":\"SearchAction\",\"target\":{\"@type\":\"EntryPoint\",\"urlTemplate\":\"https:\\\/\\\/diariodepe.com.br\\\/cri\\\/?s={search_term_string}\"},\"query-input\":{\"@type\":\"PropertyValueSpecification\",\"valueRequired\":true,\"valueName\":\"search_term_string\"}}],\"inLanguage\":\"pt-BR\"},{\"@type\":\"Organization\",\"@id\":\"https:\\\/\\\/diariodepe.com.br\\\/cri\\\/#organization\",\"name\":\"CRI e Diario de Pernambuco\",\"url\":\"https:\\\/\\\/diariodepe.com.br\\\/cri\\\/\",\"logo\":{\"@type\":\"ImageObject\",\"inLanguage\":\"pt-BR\",\"@id\":\"https:\\\/\\\/diariodepe.com.br\\\/cri\\\/#\\\/schema\\\/logo\\\/image\\\/\",\"url\":\"https:\\\/\\\/diariodepe.com.br\\\/cri\\\/wp-content\\\/uploads\\\/sites\\\/2\\\/2022\\\/12\\\/cropped-Logo.jpg\",\"contentUrl\":\"https:\\\/\\\/diariodepe.com.br\\\/cri\\\/wp-content\\\/uploads\\\/sites\\\/2\\\/2022\\\/12\\\/cropped-Logo.jpg\",\"width\":700,\"height\":59,\"caption\":\"CRI e Diario de Pernambuco\"},\"image\":{\"@id\":\"https:\\\/\\\/diariodepe.com.br\\\/cri\\\/#\\\/schema\\\/logo\\\/image\\\/\"}},{\"@type\":\"Person\",\"@id\":\"https:\\\/\\\/diariodepe.com.br\\\/cri\\\/#\\\/schema\\\/person\\\/121bb28d84f1a5b1205ef4ce9c2e0c6b\",\"name\":\"Ismael Lucas S. Pereira\",\"image\":{\"@type\":\"ImageObject\",\"inLanguage\":\"pt-BR\",\"@id\":\"https:\\\/\\\/secure.gravatar.com\\\/avatar\\\/887a0f3b5a7ceea963a48499fb883ffce6b5037362def025c52c2505b15d63e4?s=96&d=mm&r=g\",\"url\":\"https:\\\/\\\/secure.gravatar.com\\\/avatar\\\/887a0f3b5a7ceea963a48499fb883ffce6b5037362def025c52c2505b15d63e4?s=96&d=mm&r=g\",\"contentUrl\":\"https:\\\/\\\/secure.gravatar.com\\\/avatar\\\/887a0f3b5a7ceea963a48499fb883ffce6b5037362def025c52c2505b15d63e4?s=96&d=mm&r=g\",\"caption\":\"Ismael Lucas S. Pereira\"},\"url\":\"https:\\\/\\\/diariodepe.com.br\\\/cri\\\/author\\\/ismael-lucas\\\/\"}]}<\/script>\n<!-- \/ Yoast SEO plugin. -->","yoast_head_json":{"title":"Semin\u00e1rio sobre diversidade de civiliza\u00e7\u00f5es e governan\u00e7a global de direitos humanos \u00e9 realizado em Beijing - CRI e Diario de Pernambuco","robots":{"index":"index","follow":"follow","max-snippet":"max-snippet:-1","max-image-preview":"max-image-preview:large","max-video-preview":"max-video-preview:-1"},"canonical":"https:\/\/diariodepe.com.br\/cri\/2022\/12\/15\/seminario-sobre-diversidade-de-civilizacoes-e-governanca-global-de-direitos-humanos-e-realizado-em-beijing\/","og_locale":"pt_BR","og_type":"article","og_title":"Semin\u00e1rio sobre diversidade de civiliza\u00e7\u00f5es e governan\u00e7a global de direitos humanos \u00e9 realizado em Beijing - CRI e Diario de Pernambuco","og_description":"O semin\u00e1rio internacional sobre \u201cDiversidade de Civiliza\u00e7\u00f5es e Governan\u00e7a Global de Direitos Humanos\u201d foi realizado na ter\u00e7a-feira (13) em Beijing. Co-organizado pela Funda\u00e7\u00e3o Chinesa para Desenvolvimento de Direitos Humanos e pela Rede de ONGs de Interc\u00e2mbio Internacional da China, o...","og_url":"https:\/\/diariodepe.com.br\/cri\/2022\/12\/15\/seminario-sobre-diversidade-de-civilizacoes-e-governanca-global-de-direitos-humanos-e-realizado-em-beijing\/","og_site_name":"CRI e Diario de Pernambuco","article_published_time":"2022-12-15T04:30:29+00:00","article_modified_time":"2022-12-15T04:30:30+00:00","author":"Ismael Lucas S. Pereira","twitter_card":"summary_large_image","twitter_misc":{"Escrito por":"Ismael Lucas S. Pereira","Est. tempo de leitura":"2 minutos"},"schema":{"@context":"https:\/\/schema.org","@graph":[{"@type":"Article","@id":"https:\/\/diariodepe.com.br\/cri\/2022\/12\/15\/seminario-sobre-diversidade-de-civilizacoes-e-governanca-global-de-direitos-humanos-e-realizado-em-beijing\/#article","isPartOf":{"@id":"https:\/\/diariodepe.com.br\/cri\/2022\/12\/15\/seminario-sobre-diversidade-de-civilizacoes-e-governanca-global-de-direitos-humanos-e-realizado-em-beijing\/"},"author":{"name":"Ismael Lucas S. Pereira","@id":"https:\/\/diariodepe.com.br\/cri\/#\/schema\/person\/121bb28d84f1a5b1205ef4ce9c2e0c6b"},"headline":"Semin\u00e1rio sobre diversidade de civiliza\u00e7\u00f5es e governan\u00e7a global de direitos humanos \u00e9 realizado em Beijing","datePublished":"2022-12-15T04:30:29+00:00","dateModified":"2022-12-15T04:30:30+00:00","mainEntityOfPage":{"@id":"https:\/\/diariodepe.com.br\/cri\/2022\/12\/15\/seminario-sobre-diversidade-de-civilizacoes-e-governanca-global-de-direitos-humanos-e-realizado-em-beijing\/"},"wordCount":370,"commentCount":0,"publisher":{"@id":"https:\/\/diariodepe.com.br\/cri\/#organization"},"articleSection":["China"],"inLanguage":"pt-BR","potentialAction":[{"@type":"CommentAction","name":"Comment","target":["https:\/\/diariodepe.com.br\/cri\/2022\/12\/15\/seminario-sobre-diversidade-de-civilizacoes-e-governanca-global-de-direitos-humanos-e-realizado-em-beijing\/#respond"]}]},{"@type":"WebPage","@id":"https:\/\/diariodepe.com.br\/cri\/2022\/12\/15\/seminario-sobre-diversidade-de-civilizacoes-e-governanca-global-de-direitos-humanos-e-realizado-em-beijing\/","url":"https:\/\/diariodepe.com.br\/cri\/2022\/12\/15\/seminario-sobre-diversidade-de-civilizacoes-e-governanca-global-de-direitos-humanos-e-realizado-em-beijing\/","name":"Semin\u00e1rio sobre diversidade de civiliza\u00e7\u00f5es e governan\u00e7a global de direitos humanos \u00e9 realizado em Beijing - CRI e Diario de Pernambuco","isPartOf":{"@id":"https:\/\/diariodepe.com.br\/cri\/#website"},"datePublished":"2022-12-15T04:30:29+00:00","dateModified":"2022-12-15T04:30:30+00:00","breadcrumb":{"@id":"https:\/\/diariodepe.com.br\/cri\/2022\/12\/15\/seminario-sobre-diversidade-de-civilizacoes-e-governanca-global-de-direitos-humanos-e-realizado-em-beijing\/#breadcrumb"},"inLanguage":"pt-BR","potentialAction":[{"@type":"ReadAction","target":["https:\/\/diariodepe.com.br\/cri\/2022\/12\/15\/seminario-sobre-diversidade-de-civilizacoes-e-governanca-global-de-direitos-humanos-e-realizado-em-beijing\/"]}]},{"@type":"BreadcrumbList","@id":"https:\/\/diariodepe.com.br\/cri\/2022\/12\/15\/seminario-sobre-diversidade-de-civilizacoes-e-governanca-global-de-direitos-humanos-e-realizado-em-beijing\/#breadcrumb","itemListElement":[{"@type":"ListItem","position":1,"name":"In\u00edcio","item":"https:\/\/diariodepe.com.br\/cri\/"},{"@type":"ListItem","position":2,"name":"Semin\u00e1rio sobre diversidade de civiliza\u00e7\u00f5es e governan\u00e7a global de direitos humanos \u00e9 realizado em Beijing"}]},{"@type":"WebSite","@id":"https:\/\/diariodepe.com.br\/cri\/#website","url":"https:\/\/diariodepe.com.br\/cri\/","name":"CRI e Diario de Pernambuco","description":"R\u00e1dio Internacional da China","publisher":{"@id":"https:\/\/diariodepe.com.br\/cri\/#organization"},"potentialAction":[{"@type":"SearchAction","target":{"@type":"EntryPoint","urlTemplate":"https:\/\/diariodepe.com.br\/cri\/?s={search_term_string}"},"query-input":{"@type":"PropertyValueSpecification","valueRequired":true,"valueName":"search_term_string"}}],"inLanguage":"pt-BR"},{"@type":"Organization","@id":"https:\/\/diariodepe.com.br\/cri\/#organization","name":"CRI e Diario de Pernambuco","url":"https:\/\/diariodepe.com.br\/cri\/","logo":{"@type":"ImageObject","inLanguage":"pt-BR","@id":"https:\/\/diariodepe.com.br\/cri\/#\/schema\/logo\/image\/","url":"https:\/\/diariodepe.com.br\/cri\/wp-content\/uploads\/sites\/2\/2022\/12\/cropped-Logo.jpg","contentUrl":"https:\/\/diariodepe.com.br\/cri\/wp-content\/uploads\/sites\/2\/2022\/12\/cropped-Logo.jpg","width":700,"height":59,"caption":"CRI e Diario de Pernambuco"},"image":{"@id":"https:\/\/diariodepe.com.br\/cri\/#\/schema\/logo\/image\/"}},{"@type":"Person","@id":"https:\/\/diariodepe.com.br\/cri\/#\/schema\/person\/121bb28d84f1a5b1205ef4ce9c2e0c6b","name":"Ismael Lucas S. Pereira","image":{"@type":"ImageObject","inLanguage":"pt-BR","@id":"https:\/\/secure.gravatar.com\/avatar\/887a0f3b5a7ceea963a48499fb883ffce6b5037362def025c52c2505b15d63e4?s=96&d=mm&r=g","url":"https:\/\/secure.gravatar.com\/avatar\/887a0f3b5a7ceea963a48499fb883ffce6b5037362def025c52c2505b15d63e4?s=96&d=mm&r=g","contentUrl":"https:\/\/secure.gravatar.com\/avatar\/887a0f3b5a7ceea963a48499fb883ffce6b5037362def025c52c2505b15d63e4?s=96&d=mm&r=g","caption":"Ismael Lucas S. Pereira"},"url":"https:\/\/diariodepe.com.br\/cri\/author\/ismael-lucas\/"}]}},"cc_featured_image_caption":{"caption_text":"","source_text":"","source_url":""},"amp_enabled":true,"_links":{"self":[{"href":"https:\/\/diariodepe.com.br\/cri\/wp-json\/wp\/v2\/posts\/160","targetHints":{"allow":["GET"]}}],"collection":[{"href":"https:\/\/diariodepe.com.br\/cri\/wp-json\/wp\/v2\/posts"}],"about":[{"href":"https:\/\/diariodepe.com.br\/cri\/wp-json\/wp\/v2\/types\/post"}],"author":[{"embeddable":true,"href":"https:\/\/diariodepe.com.br\/cri\/wp-json\/wp\/v2\/users\/2"}],"replies":[{"embeddable":true,"href":"https:\/\/diariodepe.com.br\/cri\/wp-json\/wp\/v2\/comments?post=160"}],"version-history":[{"count":1,"href":"https:\/\/diariodepe.com.br\/cri\/wp-json\/wp\/v2\/posts\/160\/revisions"}],"predecessor-version":[{"id":161,"href":"https:\/\/diariodepe.com.br\/cri\/wp-json\/wp\/v2\/posts\/160\/revisions\/161"}],"wp:attachment":[{"href":"https:\/\/diariodepe.com.br\/cri\/wp-json\/wp\/v2\/media?parent=160"}],"wp:term":[{"taxonomy":"category","embeddable":true,"href":"https:\/\/diariodepe.com.br\/cri\/wp-json\/wp\/v2\/categories?post=160"},{"taxonomy":"post_tag","embeddable":true,"href":"https:\/\/diariodepe.com.br\/cri\/wp-json\/wp\/v2\/tags?post=160"}],"curies":[{"name":"wp","href":"https:\/\/api.w.org\/{rel}","templated":true}]}}