{"id":1508,"date":"2023-05-19T22:05:30","date_gmt":"2023-05-20T01:05:30","guid":{"rendered":"https:\/\/diariodepe.com.br\/cri\/?p=1508"},"modified":"2023-05-19T22:05:30","modified_gmt":"2023-05-20T01:05:30","slug":"cupula-china-asia-central-mais-um-passo-rumo-a-integracao-na-eurasia","status":"publish","type":"post","link":"https:\/\/diariodepe.com.br\/cri\/2023\/05\/19\/cupula-china-asia-central-mais-um-passo-rumo-a-integracao-na-eurasia\/","title":{"rendered":"C\u00fapula China-\u00c1sia Central: mais um passo rumo \u00e0 integra\u00e7\u00e3o na Eur\u00e1sia"},"content":{"rendered":"<p>Historicamente o antigo imp\u00e9rio chin\u00eas preocupou-se muito com a amea\u00e7a vinda das tribos n\u00f4mades da \u00c1sia Central. Apesar de temer a agress\u00e3o frequente dos vizinhos n\u00f4mades, a China imperial sempre teve um grande interesse na regi\u00e3o que hoje abriga cinco pa\u00edses: Cazaquist\u00e3o, Quirguist\u00e3o, Tadjiquist\u00e3o, Turquemenist\u00e3o e Uzbequist\u00e3o. Na antiguidade, por exemplo, a expans\u00e3o da presen\u00e7a chinesa na regi\u00e3o lan\u00e7ou as bases da famosa Rota da Seda, que tanto contribuiu para o interc\u00e2mbio regular entre o Oriente e o Ocidente.<\/p>\n<p>A \u00c1sia Central \u00e9 um dos elementos geogr\u00e1ficos mais importantes na chamada Teoria da Geoestrat\u00e9gia, ao lado do C\u00e1ucaso Central e da Europa Oriental, formulada pelo ge\u00f3grafo ingl\u00eas Halford Mackinder (1904), baseada no conceito do piv\u00f4 entre o Cora\u00e7\u00e3o da Terra (Heartland), a Ilha Mundial (Eur\u00e1sia) e o mundo inteiro. A relev\u00e2ncia geoestrat\u00e9gica da regi\u00e3o centro-asi\u00e1tica na reconfigura\u00e7\u00e3o da ordem mundial em curso a tornam cada vez mais atrativa e despertam o interesse de governos, acad\u00eamicos e analistas pelo que ocorre na regi\u00e3o. As atuais cinco rep\u00fablicas da \u00c1sia Central, hoje independentes, ostentam uma superf\u00edcie conjunta de 3,9 milh\u00f5es de quil\u00f4metros quadrados, quase do tamanho da Uni\u00e3o Europeia como um todo, 3.300 quil\u00f4metros de fronteira terrestre com a China e re\u00fanem uma popula\u00e7\u00e3o de 77,2 milh\u00f5es de habitantes. Em termos econ\u00f4micos, a regi\u00e3o tem um PIB combinado de US$ 395 bilh\u00f5es (segundo dados do FMI para 2022) e uma renda per capita m\u00e9dia de US$ 5.100 no n\u00edvel, portanto, dos pa\u00edses de renda m\u00e9dia conforme classifica\u00e7\u00e3o do Banco Mundial.<\/p>\n<p>A taxa m\u00e9dia anual de crescimento econ\u00f4mico dos cinco pa\u00edses centro-asi\u00e1ticos foi de 6,2% nos \u00faltimos 20 anos, em compara\u00e7\u00e3o com a taxa de crescimento dos pa\u00edses em desenvolvimento de 5,3% e a m\u00e9dia mundial de 2,6% ao ano. O crescimento das receitas de exporta\u00e7\u00e3o, as remessas dos trabalhadores migrantes e o investimento estrangeiro direto (IED) contribu\u00edram para o aumento da renda e a redu\u00e7\u00e3o na pobreza. Em 2021, o com\u00e9rcio exterior de mercadorias da regi\u00e3o totalizou US$ 165,5 bilh\u00f5es, um aumento de seis vezes nos \u00faltimos 20 anos. O com\u00e9rcio rec\u00edproco entre os pa\u00edses est\u00e1 crescendo ainda mais r\u00e1pido do que o com\u00e9rcio exterior total, refor\u00e7ando a integra\u00e7\u00e3o econ\u00f4mica regional.<\/p>\n<p>As rep\u00fablicas da \u00c1sia Central faziam parte da antiga Uni\u00e3o Sovi\u00e9tica (URSS) e haviam sido agregadas \u00e0 R\u00fassia desde meados do s\u00e9culo XIX. Mas a influ\u00eancia russa tem declinado naturalmente nos \u00faltimos 30 anos na medida em que os cinco pa\u00edses da regi\u00e3o t\u00eam buscado diversificar suas rela\u00e7\u00f5es econ\u00f4micas e pol\u00edticas com outros vizinhos, a exemplo da Rep\u00fablica Popular da China. Tanto \u00e9 assim que o volume de com\u00e9rcio entre os cinco pa\u00edses da \u00c1sia Central e a China cresceu exponencialmente e ultrapassou a marca de US$ 70 bilh\u00f5es em 2022 ou 40% do total do com\u00e9rcio exterior da regi\u00e3o. Por seu turno, o estoque de investimento chin\u00eas na regi\u00e3o j\u00e1 alcan\u00e7a US$ 15 bilh\u00f5es, devendo aumentar fortemente nos pr\u00f3ximos anos.<\/p>\n<p>Embora o ingresso de IED na regi\u00e3o esteja crescendo, persistem desafios em n\u00edvel de pa\u00edses e de setores. A falta de abertura econ\u00f4mica de alguns dos pa\u00edses, o afastamento dos grandes centros econ\u00f4micos e o fato deles n\u00e3o terem acesso ao mar continuam a afetar a percep\u00e7\u00e3o dos investidores internacionais sobre a regi\u00e3o. A propor\u00e7\u00e3o de IED em rela\u00e7\u00e3o ao PIB, excluindo o investimento nos setores de\u00a0<em>commodities<\/em>, est\u00e1 abaixo da m\u00e9dia global, indicando que a regi\u00e3o centro-asi\u00e1tica precisa se esfor\u00e7ar por atrair muito mais fluxos de IED.<\/p>\n<p>A cria\u00e7\u00e3o de um novo tipo de Rota da Seda passando pela \u00c1sia Central foi tornada poss\u00edvel pela Iniciativa Cintur\u00e3o e Rota (BRI) que a China vem implementando.\u00a0 Ao lan\u00e7ar a Iniciativa em Astana, no Cazaquist\u00e3o, em setembro de 2013, o presidente Xi Jinping, enfatizou que h\u00e1 mais de 2.100 anos, durante a dinastia Han, da China, um enviado imperial foi mandado duas vezes para \u201cabrir portas\u201d para acesso aos territ\u00f3rios da \u00c1sia Central, a fim de desenvolver contatos comerciais. Isso levou n\u00e3o apenas ao interc\u00e2mbio com os diferentes povos e reinos\u00a0ent\u00e3o existentes na regi\u00e3o, mas tamb\u00e9m serviu como um frut\u00edfero caminho rumo ao Ocidente para a China, facilitando o com\u00e9rcio com o ent\u00e3o Imp\u00e9rio Romano e depois com a Europa medieval. \u00a0Atualmente, quase 80% dos trens de carga China-Europa passam pela \u00c1sia Central. V\u00e1rios projetos importantes foram conclu\u00eddos, incluindo o gasoduto China-\u00c1sia Central, a rodovia China-Quirguist\u00e3o-Uzbequist\u00e3o e o Parque Industrial de Pengsheng no Uzbequist\u00e3o, beneficiando as popula\u00e7\u00f5es desses pa\u00edses.<\/p>\n<p>Dada a import\u00e2ncia das rela\u00e7\u00f5es com a \u00c1sia Central para a China, foi acordada pelas partes realizar uma reuni\u00e3o de C\u00fapula em Xi\u2019an em 18 e 19 de maio deste ano, ocasi\u00e3o em que os l\u00edderes dos seis pa\u00edses trocar\u00e3o pontos de vista sobre a coopera\u00e7\u00e3o China-\u00c1sia Central e sobre quest\u00f5es internacionais e regionais relevantes e de interesse comum. A reuni\u00e3o da C\u00fapula em Xi\u2019an est\u00e1 sendo considerada um dos principais eventos diplom\u00e1ticos que a China sediar\u00e1 este ano, de modo que h\u00e1 grandes expectativas de estreitar ainda mais suas rela\u00e7\u00f5es com os vizinhos da \u00c1sia Central e assegurar um espa\u00e7o privilegiado de desenvolvimento, paz e integra\u00e7\u00e3o na Eur\u00e1sia.<\/p>\n<p>De fato, sob o desafiante cen\u00e1rio geopol\u00edtico atual, a China e os pa\u00edses da \u00c1sia Central t\u00eam forte vontade de refor\u00e7ar a coopera\u00e7\u00e3o, em especial a colabora\u00e7\u00e3o nos campos energ\u00e9tico, de preven\u00e7\u00e3o e redu\u00e7\u00e3o de desastres e na constru\u00e7\u00e3o de infraestruturas que levem \u00e0 integra\u00e7\u00e3o e \u00e0 expans\u00e3o das trocas comerciais entre as diversas partes. Como a China e os cinco pa\u00edses da regi\u00e3o convergem para a mesma posi\u00e7\u00e3o em muitas quest\u00f5es internacionais importantes e compartilham a mesma preocupa\u00e7\u00e3o com a paz e a seguran\u00e7a, eles poder\u00e3o falar a uma s\u00f3 voz, o que refor\u00e7a sua proje\u00e7\u00e3o internacional e traz novas oportunidades para o desenvolvimento mutuamente vantajoso e pac\u00edfico nessa importante regi\u00e3o do globo terrestre.<\/p>\n<p>A prop\u00f3sito, o presidente chin\u00eas, Xi Jinping, proferiu nesta sexta-feira (19) um importante discurso na C\u00fapula China-\u00c1sia Central, realizada na cidade de Xi&#8217;an, no noroeste da China. Segundo ele, as rela\u00e7\u00f5es entre a China e os pa\u00edses da \u00c1sia Central t\u00eam atualmente grande vigor e vitalidade. O l\u00edder chin\u00eas afirmou que o mundo precisa de uma \u00c1sia Central est\u00e1vel, pr\u00f3spera, harmoniosa e bem conectada. Para tal, ele apontou que a soberania, a seguran\u00e7a, a independ\u00eancia e a integridade territorial dos pa\u00edses da \u00c1sia Central devem ser salvaguardadas e que os caminhos de desenvolvimento escolhidos pelos povos da regi\u00e3o devem ser respeitados, assim como apoiados os seus esfor\u00e7os em prol da paz e da amizade com seus vizinhos.<\/p>\n<p>Ao enfatizar que o mundo precisa de uma \u00c1sia Central pr\u00f3spera, Xi Jinping destacou que essa regi\u00e3o atender\u00e1 \u00e0 aspira\u00e7\u00e3o dos povos de seus diversos pa\u00edses por uma vida melhor e injetar\u00e1 um forte impulso na recupera\u00e7\u00e3o econ\u00f4mica mundial. E como o mundo precisa de uma \u00c1sia Central harmoniosa, o l\u00edder chin\u00eas expressou que conflitos \u00e9tnicos, disputas religiosas e divis\u00e3o cultural n\u00e3o s\u00e3o o tema principal na \u00c1sia Central, mas sim a solidariedade, a inclus\u00e3o e a amizade entre os povos. Salientando que o mundo precisa de uma \u00c1sia Central bem conectada, ele afirmou que a regi\u00e3o, aben\u00e7oada com vantagens geogr\u00e1ficas \u00fanicas, tem a base, as condi\u00e7\u00f5es e as capacidades para se tornar um importante centro de conectividade do continente eurasi\u00e1tico, al\u00e9m de fazer contribui\u00e7\u00f5es para trocas de bens, intera\u00e7\u00f5es entre civiliza\u00e7\u00f5es e desenvolvimento da ci\u00eancia e tecnologia no mundo.<\/p>\n<p>Com o objetivo de ajudar na conectividade da regi\u00e3o, a China prop\u00f4s estabelecer mecanismos de reuni\u00e3o e di\u00e1logo em \u00e1reas que incluem desenvolvimento industrial e investimento para facilitar a coopera\u00e7\u00e3o abrangente entre a China e os pa\u00edses da \u00c1sia Central. De acordo com o presidente Xi Jinping, os mecanismos tamb\u00e9m abranger\u00e3o agricultura, transporte, gerenciamento de emerg\u00eancias, educa\u00e7\u00e3o e assuntos de partidos pol\u00edticos. A China lan\u00e7ar\u00e1 mais medidas de facilita\u00e7\u00e3o do com\u00e9rcio e atualizar\u00e1 os acordos bilaterais de investimento com os pa\u00edses da \u00c1sia Central.<\/p>\n<p>Ademais, a China se esfor\u00e7ar\u00e1 para implementar o \u201ccanal verde\u201d de desembara\u00e7o aduaneiro r\u00e1pido de produtos agr\u00edcolas e industriais em todos os portos fronteiri\u00e7os entre a China e os pa\u00edses da \u00c1sia Central,\u00a0 al\u00e9m de apoiar\u00a0 a constru\u00e7\u00e3o de um corredor internacional de transportes atrav\u00e9s do Mar C\u00e1spio. A China fortalecer\u00e1, por fim, a constru\u00e7\u00e3o de centros de transporte para servi\u00e7os de trens de carga China-Europa e acelerar\u00e1 a moderniza\u00e7\u00e3o dos portos existentes entre a China e os pa\u00edses da \u00c1sia Central, prometeu o presidente chin\u00eas, Xi Jinping, no dia 19 de maio.<\/p>\n<p><em>por Jos\u00e9 Nelson Bessa Maia, economista brasileiro, mestre em Economia e doutor em Rela\u00e7\u00f5es Internacionais pela Universidade de Bras\u00edlia (UnB) e pesquisador independente das rela\u00e7\u00f5es China-Brasil, China-Pa\u00edses Lus\u00f3fonos e China-Am\u00e9rica Latina<\/em><\/p>\n","protected":false},"excerpt":{"rendered":"<p>Historicamente o antigo imp\u00e9rio chin\u00eas preocupou-se muito com a amea\u00e7a vinda das tribos n\u00f4mades da \u00c1sia Central. Apesar de temer a agress\u00e3o frequente dos vizinhos n\u00f4mades, a China imperial sempre teve um grande interesse na regi\u00e3o que hoje abriga cinco&#8230;<\/p>\n","protected":false},"author":2,"featured_media":1509,"comment_status":"open","ping_status":"open","sticky":false,"template":"","format":"standard","meta":{"footnotes":""},"categories":[7],"tags":[],"class_list":["post-1508","post","type-post","status-publish","format-standard","has-post-thumbnail","hentry","category-visao"],"yoast_head":"<!-- This site is optimized with the Yoast SEO plugin v27.4 - https:\/\/yoast.com\/product\/yoast-seo-wordpress\/ -->\n<title>C\u00fapula China-\u00c1sia Central: mais um passo rumo \u00e0 integra\u00e7\u00e3o na Eur\u00e1sia - CRI e Diario de Pernambuco<\/title>\n<meta name=\"robots\" content=\"index, follow, max-snippet:-1, max-image-preview:large, max-video-preview:-1\" \/>\n<link rel=\"canonical\" href=\"https:\/\/diariodepe.com.br\/cri\/2023\/05\/19\/cupula-china-asia-central-mais-um-passo-rumo-a-integracao-na-eurasia\/\" \/>\n<meta property=\"og:locale\" content=\"pt_BR\" \/>\n<meta property=\"og:type\" content=\"article\" \/>\n<meta property=\"og:title\" content=\"C\u00fapula China-\u00c1sia Central: mais um passo rumo \u00e0 integra\u00e7\u00e3o na Eur\u00e1sia - CRI e Diario de Pernambuco\" \/>\n<meta property=\"og:description\" content=\"Historicamente o antigo imp\u00e9rio chin\u00eas preocupou-se muito com a amea\u00e7a vinda das tribos n\u00f4mades da \u00c1sia Central. Apesar de temer a agress\u00e3o frequente dos vizinhos n\u00f4mades, a China imperial sempre teve um grande interesse na regi\u00e3o que hoje abriga cinco...\" \/>\n<meta property=\"og:url\" content=\"https:\/\/diariodepe.com.br\/cri\/2023\/05\/19\/cupula-china-asia-central-mais-um-passo-rumo-a-integracao-na-eurasia\/\" \/>\n<meta property=\"og:site_name\" content=\"CRI e Diario de Pernambuco\" \/>\n<meta property=\"article:published_time\" content=\"2023-05-20T01:05:30+00:00\" \/>\n<meta property=\"og:image\" content=\"https:\/\/diariodepe.com.br\/cri\/wp-content\/uploads\/sites\/2\/2023\/05\/2023051920232923630.jpeg\" \/>\n\t<meta property=\"og:image:width\" content=\"736\" \/>\n\t<meta property=\"og:image:height\" content=\"426\" \/>\n\t<meta property=\"og:image:type\" content=\"image\/jpeg\" \/>\n<meta name=\"author\" content=\"Ismael Lucas S. Pereira\" \/>\n<meta name=\"twitter:card\" content=\"summary_large_image\" \/>\n<meta name=\"twitter:label1\" content=\"Escrito por\" \/>\n\t<meta name=\"twitter:data1\" content=\"Ismael Lucas S. Pereira\" \/>\n\t<meta name=\"twitter:label2\" content=\"Est. tempo de leitura\" \/>\n\t<meta name=\"twitter:data2\" content=\"8 minutos\" \/>\n<script type=\"application\/ld+json\" class=\"yoast-schema-graph\">{\"@context\":\"https:\\\/\\\/schema.org\",\"@graph\":[{\"@type\":\"Article\",\"@id\":\"https:\\\/\\\/diariodepe.com.br\\\/cri\\\/2023\\\/05\\\/19\\\/cupula-china-asia-central-mais-um-passo-rumo-a-integracao-na-eurasia\\\/#article\",\"isPartOf\":{\"@id\":\"https:\\\/\\\/diariodepe.com.br\\\/cri\\\/2023\\\/05\\\/19\\\/cupula-china-asia-central-mais-um-passo-rumo-a-integracao-na-eurasia\\\/\"},\"author\":{\"name\":\"Ismael Lucas S. Pereira\",\"@id\":\"https:\\\/\\\/diariodepe.com.br\\\/cri\\\/#\\\/schema\\\/person\\\/121bb28d84f1a5b1205ef4ce9c2e0c6b\"},\"headline\":\"C\u00fapula China-\u00c1sia Central: mais um passo rumo \u00e0 integra\u00e7\u00e3o na Eur\u00e1sia\",\"datePublished\":\"2023-05-20T01:05:30+00:00\",\"mainEntityOfPage\":{\"@id\":\"https:\\\/\\\/diariodepe.com.br\\\/cri\\\/2023\\\/05\\\/19\\\/cupula-china-asia-central-mais-um-passo-rumo-a-integracao-na-eurasia\\\/\"},\"wordCount\":1650,\"commentCount\":0,\"publisher\":{\"@id\":\"https:\\\/\\\/diariodepe.com.br\\\/cri\\\/#organization\"},\"image\":{\"@id\":\"https:\\\/\\\/diariodepe.com.br\\\/cri\\\/2023\\\/05\\\/19\\\/cupula-china-asia-central-mais-um-passo-rumo-a-integracao-na-eurasia\\\/#primaryimage\"},\"thumbnailUrl\":\"https:\\\/\\\/diariodepe.com.br\\\/cri\\\/wp-content\\\/uploads\\\/sites\\\/2\\\/2023\\\/05\\\/2023051920232923630.jpeg\",\"articleSection\":[\"Vis\u00e3o\"],\"inLanguage\":\"pt-BR\",\"potentialAction\":[{\"@type\":\"CommentAction\",\"name\":\"Comment\",\"target\":[\"https:\\\/\\\/diariodepe.com.br\\\/cri\\\/2023\\\/05\\\/19\\\/cupula-china-asia-central-mais-um-passo-rumo-a-integracao-na-eurasia\\\/#respond\"]}]},{\"@type\":\"WebPage\",\"@id\":\"https:\\\/\\\/diariodepe.com.br\\\/cri\\\/2023\\\/05\\\/19\\\/cupula-china-asia-central-mais-um-passo-rumo-a-integracao-na-eurasia\\\/\",\"url\":\"https:\\\/\\\/diariodepe.com.br\\\/cri\\\/2023\\\/05\\\/19\\\/cupula-china-asia-central-mais-um-passo-rumo-a-integracao-na-eurasia\\\/\",\"name\":\"C\u00fapula China-\u00c1sia Central: mais um passo rumo \u00e0 integra\u00e7\u00e3o na Eur\u00e1sia - CRI e Diario de Pernambuco\",\"isPartOf\":{\"@id\":\"https:\\\/\\\/diariodepe.com.br\\\/cri\\\/#website\"},\"primaryImageOfPage\":{\"@id\":\"https:\\\/\\\/diariodepe.com.br\\\/cri\\\/2023\\\/05\\\/19\\\/cupula-china-asia-central-mais-um-passo-rumo-a-integracao-na-eurasia\\\/#primaryimage\"},\"image\":{\"@id\":\"https:\\\/\\\/diariodepe.com.br\\\/cri\\\/2023\\\/05\\\/19\\\/cupula-china-asia-central-mais-um-passo-rumo-a-integracao-na-eurasia\\\/#primaryimage\"},\"thumbnailUrl\":\"https:\\\/\\\/diariodepe.com.br\\\/cri\\\/wp-content\\\/uploads\\\/sites\\\/2\\\/2023\\\/05\\\/2023051920232923630.jpeg\",\"datePublished\":\"2023-05-20T01:05:30+00:00\",\"breadcrumb\":{\"@id\":\"https:\\\/\\\/diariodepe.com.br\\\/cri\\\/2023\\\/05\\\/19\\\/cupula-china-asia-central-mais-um-passo-rumo-a-integracao-na-eurasia\\\/#breadcrumb\"},\"inLanguage\":\"pt-BR\",\"potentialAction\":[{\"@type\":\"ReadAction\",\"target\":[\"https:\\\/\\\/diariodepe.com.br\\\/cri\\\/2023\\\/05\\\/19\\\/cupula-china-asia-central-mais-um-passo-rumo-a-integracao-na-eurasia\\\/\"]}]},{\"@type\":\"ImageObject\",\"inLanguage\":\"pt-BR\",\"@id\":\"https:\\\/\\\/diariodepe.com.br\\\/cri\\\/2023\\\/05\\\/19\\\/cupula-china-asia-central-mais-um-passo-rumo-a-integracao-na-eurasia\\\/#primaryimage\",\"url\":\"https:\\\/\\\/diariodepe.com.br\\\/cri\\\/wp-content\\\/uploads\\\/sites\\\/2\\\/2023\\\/05\\\/2023051920232923630.jpeg\",\"contentUrl\":\"https:\\\/\\\/diariodepe.com.br\\\/cri\\\/wp-content\\\/uploads\\\/sites\\\/2\\\/2023\\\/05\\\/2023051920232923630.jpeg\",\"width\":736,\"height\":426},{\"@type\":\"BreadcrumbList\",\"@id\":\"https:\\\/\\\/diariodepe.com.br\\\/cri\\\/2023\\\/05\\\/19\\\/cupula-china-asia-central-mais-um-passo-rumo-a-integracao-na-eurasia\\\/#breadcrumb\",\"itemListElement\":[{\"@type\":\"ListItem\",\"position\":1,\"name\":\"In\u00edcio\",\"item\":\"https:\\\/\\\/diariodepe.com.br\\\/cri\\\/\"},{\"@type\":\"ListItem\",\"position\":2,\"name\":\"C\u00fapula China-\u00c1sia Central: mais um passo rumo \u00e0 integra\u00e7\u00e3o na Eur\u00e1sia\"}]},{\"@type\":\"WebSite\",\"@id\":\"https:\\\/\\\/diariodepe.com.br\\\/cri\\\/#website\",\"url\":\"https:\\\/\\\/diariodepe.com.br\\\/cri\\\/\",\"name\":\"CRI e Diario de Pernambuco\",\"description\":\"R\u00e1dio Internacional da China\",\"publisher\":{\"@id\":\"https:\\\/\\\/diariodepe.com.br\\\/cri\\\/#organization\"},\"potentialAction\":[{\"@type\":\"SearchAction\",\"target\":{\"@type\":\"EntryPoint\",\"urlTemplate\":\"https:\\\/\\\/diariodepe.com.br\\\/cri\\\/?s={search_term_string}\"},\"query-input\":{\"@type\":\"PropertyValueSpecification\",\"valueRequired\":true,\"valueName\":\"search_term_string\"}}],\"inLanguage\":\"pt-BR\"},{\"@type\":\"Organization\",\"@id\":\"https:\\\/\\\/diariodepe.com.br\\\/cri\\\/#organization\",\"name\":\"CRI e Diario de Pernambuco\",\"url\":\"https:\\\/\\\/diariodepe.com.br\\\/cri\\\/\",\"logo\":{\"@type\":\"ImageObject\",\"inLanguage\":\"pt-BR\",\"@id\":\"https:\\\/\\\/diariodepe.com.br\\\/cri\\\/#\\\/schema\\\/logo\\\/image\\\/\",\"url\":\"https:\\\/\\\/diariodepe.com.br\\\/cri\\\/wp-content\\\/uploads\\\/sites\\\/2\\\/2022\\\/12\\\/cropped-Logo.jpg\",\"contentUrl\":\"https:\\\/\\\/diariodepe.com.br\\\/cri\\\/wp-content\\\/uploads\\\/sites\\\/2\\\/2022\\\/12\\\/cropped-Logo.jpg\",\"width\":700,\"height\":59,\"caption\":\"CRI e Diario de Pernambuco\"},\"image\":{\"@id\":\"https:\\\/\\\/diariodepe.com.br\\\/cri\\\/#\\\/schema\\\/logo\\\/image\\\/\"}},{\"@type\":\"Person\",\"@id\":\"https:\\\/\\\/diariodepe.com.br\\\/cri\\\/#\\\/schema\\\/person\\\/121bb28d84f1a5b1205ef4ce9c2e0c6b\",\"name\":\"Ismael Lucas S. Pereira\",\"image\":{\"@type\":\"ImageObject\",\"inLanguage\":\"pt-BR\",\"@id\":\"https:\\\/\\\/secure.gravatar.com\\\/avatar\\\/887a0f3b5a7ceea963a48499fb883ffce6b5037362def025c52c2505b15d63e4?s=96&d=mm&r=g\",\"url\":\"https:\\\/\\\/secure.gravatar.com\\\/avatar\\\/887a0f3b5a7ceea963a48499fb883ffce6b5037362def025c52c2505b15d63e4?s=96&d=mm&r=g\",\"contentUrl\":\"https:\\\/\\\/secure.gravatar.com\\\/avatar\\\/887a0f3b5a7ceea963a48499fb883ffce6b5037362def025c52c2505b15d63e4?s=96&d=mm&r=g\",\"caption\":\"Ismael Lucas S. Pereira\"},\"url\":\"https:\\\/\\\/diariodepe.com.br\\\/cri\\\/author\\\/ismael-lucas\\\/\"}]}<\/script>\n<!-- \/ Yoast SEO plugin. -->","yoast_head_json":{"title":"C\u00fapula China-\u00c1sia Central: mais um passo rumo \u00e0 integra\u00e7\u00e3o na Eur\u00e1sia - CRI e Diario de Pernambuco","robots":{"index":"index","follow":"follow","max-snippet":"max-snippet:-1","max-image-preview":"max-image-preview:large","max-video-preview":"max-video-preview:-1"},"canonical":"https:\/\/diariodepe.com.br\/cri\/2023\/05\/19\/cupula-china-asia-central-mais-um-passo-rumo-a-integracao-na-eurasia\/","og_locale":"pt_BR","og_type":"article","og_title":"C\u00fapula China-\u00c1sia Central: mais um passo rumo \u00e0 integra\u00e7\u00e3o na Eur\u00e1sia - CRI e Diario de Pernambuco","og_description":"Historicamente o antigo imp\u00e9rio chin\u00eas preocupou-se muito com a amea\u00e7a vinda das tribos n\u00f4mades da \u00c1sia Central. Apesar de temer a agress\u00e3o frequente dos vizinhos n\u00f4mades, a China imperial sempre teve um grande interesse na regi\u00e3o que hoje abriga cinco...","og_url":"https:\/\/diariodepe.com.br\/cri\/2023\/05\/19\/cupula-china-asia-central-mais-um-passo-rumo-a-integracao-na-eurasia\/","og_site_name":"CRI e Diario de Pernambuco","article_published_time":"2023-05-20T01:05:30+00:00","og_image":[{"width":736,"height":426,"url":"https:\/\/diariodepe.com.br\/cri\/wp-content\/uploads\/sites\/2\/2023\/05\/2023051920232923630.jpeg","type":"image\/jpeg"}],"author":"Ismael Lucas S. Pereira","twitter_card":"summary_large_image","twitter_misc":{"Escrito por":"Ismael Lucas S. Pereira","Est. tempo de leitura":"8 minutos"},"schema":{"@context":"https:\/\/schema.org","@graph":[{"@type":"Article","@id":"https:\/\/diariodepe.com.br\/cri\/2023\/05\/19\/cupula-china-asia-central-mais-um-passo-rumo-a-integracao-na-eurasia\/#article","isPartOf":{"@id":"https:\/\/diariodepe.com.br\/cri\/2023\/05\/19\/cupula-china-asia-central-mais-um-passo-rumo-a-integracao-na-eurasia\/"},"author":{"name":"Ismael Lucas S. Pereira","@id":"https:\/\/diariodepe.com.br\/cri\/#\/schema\/person\/121bb28d84f1a5b1205ef4ce9c2e0c6b"},"headline":"C\u00fapula China-\u00c1sia Central: mais um passo rumo \u00e0 integra\u00e7\u00e3o na Eur\u00e1sia","datePublished":"2023-05-20T01:05:30+00:00","mainEntityOfPage":{"@id":"https:\/\/diariodepe.com.br\/cri\/2023\/05\/19\/cupula-china-asia-central-mais-um-passo-rumo-a-integracao-na-eurasia\/"},"wordCount":1650,"commentCount":0,"publisher":{"@id":"https:\/\/diariodepe.com.br\/cri\/#organization"},"image":{"@id":"https:\/\/diariodepe.com.br\/cri\/2023\/05\/19\/cupula-china-asia-central-mais-um-passo-rumo-a-integracao-na-eurasia\/#primaryimage"},"thumbnailUrl":"https:\/\/diariodepe.com.br\/cri\/wp-content\/uploads\/sites\/2\/2023\/05\/2023051920232923630.jpeg","articleSection":["Vis\u00e3o"],"inLanguage":"pt-BR","potentialAction":[{"@type":"CommentAction","name":"Comment","target":["https:\/\/diariodepe.com.br\/cri\/2023\/05\/19\/cupula-china-asia-central-mais-um-passo-rumo-a-integracao-na-eurasia\/#respond"]}]},{"@type":"WebPage","@id":"https:\/\/diariodepe.com.br\/cri\/2023\/05\/19\/cupula-china-asia-central-mais-um-passo-rumo-a-integracao-na-eurasia\/","url":"https:\/\/diariodepe.com.br\/cri\/2023\/05\/19\/cupula-china-asia-central-mais-um-passo-rumo-a-integracao-na-eurasia\/","name":"C\u00fapula China-\u00c1sia Central: mais um passo rumo \u00e0 integra\u00e7\u00e3o na Eur\u00e1sia - CRI e Diario de Pernambuco","isPartOf":{"@id":"https:\/\/diariodepe.com.br\/cri\/#website"},"primaryImageOfPage":{"@id":"https:\/\/diariodepe.com.br\/cri\/2023\/05\/19\/cupula-china-asia-central-mais-um-passo-rumo-a-integracao-na-eurasia\/#primaryimage"},"image":{"@id":"https:\/\/diariodepe.com.br\/cri\/2023\/05\/19\/cupula-china-asia-central-mais-um-passo-rumo-a-integracao-na-eurasia\/#primaryimage"},"thumbnailUrl":"https:\/\/diariodepe.com.br\/cri\/wp-content\/uploads\/sites\/2\/2023\/05\/2023051920232923630.jpeg","datePublished":"2023-05-20T01:05:30+00:00","breadcrumb":{"@id":"https:\/\/diariodepe.com.br\/cri\/2023\/05\/19\/cupula-china-asia-central-mais-um-passo-rumo-a-integracao-na-eurasia\/#breadcrumb"},"inLanguage":"pt-BR","potentialAction":[{"@type":"ReadAction","target":["https:\/\/diariodepe.com.br\/cri\/2023\/05\/19\/cupula-china-asia-central-mais-um-passo-rumo-a-integracao-na-eurasia\/"]}]},{"@type":"ImageObject","inLanguage":"pt-BR","@id":"https:\/\/diariodepe.com.br\/cri\/2023\/05\/19\/cupula-china-asia-central-mais-um-passo-rumo-a-integracao-na-eurasia\/#primaryimage","url":"https:\/\/diariodepe.com.br\/cri\/wp-content\/uploads\/sites\/2\/2023\/05\/2023051920232923630.jpeg","contentUrl":"https:\/\/diariodepe.com.br\/cri\/wp-content\/uploads\/sites\/2\/2023\/05\/2023051920232923630.jpeg","width":736,"height":426},{"@type":"BreadcrumbList","@id":"https:\/\/diariodepe.com.br\/cri\/2023\/05\/19\/cupula-china-asia-central-mais-um-passo-rumo-a-integracao-na-eurasia\/#breadcrumb","itemListElement":[{"@type":"ListItem","position":1,"name":"In\u00edcio","item":"https:\/\/diariodepe.com.br\/cri\/"},{"@type":"ListItem","position":2,"name":"C\u00fapula China-\u00c1sia Central: mais um passo rumo \u00e0 integra\u00e7\u00e3o na Eur\u00e1sia"}]},{"@type":"WebSite","@id":"https:\/\/diariodepe.com.br\/cri\/#website","url":"https:\/\/diariodepe.com.br\/cri\/","name":"CRI e Diario de Pernambuco","description":"R\u00e1dio Internacional da China","publisher":{"@id":"https:\/\/diariodepe.com.br\/cri\/#organization"},"potentialAction":[{"@type":"SearchAction","target":{"@type":"EntryPoint","urlTemplate":"https:\/\/diariodepe.com.br\/cri\/?s={search_term_string}"},"query-input":{"@type":"PropertyValueSpecification","valueRequired":true,"valueName":"search_term_string"}}],"inLanguage":"pt-BR"},{"@type":"Organization","@id":"https:\/\/diariodepe.com.br\/cri\/#organization","name":"CRI e Diario de Pernambuco","url":"https:\/\/diariodepe.com.br\/cri\/","logo":{"@type":"ImageObject","inLanguage":"pt-BR","@id":"https:\/\/diariodepe.com.br\/cri\/#\/schema\/logo\/image\/","url":"https:\/\/diariodepe.com.br\/cri\/wp-content\/uploads\/sites\/2\/2022\/12\/cropped-Logo.jpg","contentUrl":"https:\/\/diariodepe.com.br\/cri\/wp-content\/uploads\/sites\/2\/2022\/12\/cropped-Logo.jpg","width":700,"height":59,"caption":"CRI e Diario de Pernambuco"},"image":{"@id":"https:\/\/diariodepe.com.br\/cri\/#\/schema\/logo\/image\/"}},{"@type":"Person","@id":"https:\/\/diariodepe.com.br\/cri\/#\/schema\/person\/121bb28d84f1a5b1205ef4ce9c2e0c6b","name":"Ismael Lucas S. Pereira","image":{"@type":"ImageObject","inLanguage":"pt-BR","@id":"https:\/\/secure.gravatar.com\/avatar\/887a0f3b5a7ceea963a48499fb883ffce6b5037362def025c52c2505b15d63e4?s=96&d=mm&r=g","url":"https:\/\/secure.gravatar.com\/avatar\/887a0f3b5a7ceea963a48499fb883ffce6b5037362def025c52c2505b15d63e4?s=96&d=mm&r=g","contentUrl":"https:\/\/secure.gravatar.com\/avatar\/887a0f3b5a7ceea963a48499fb883ffce6b5037362def025c52c2505b15d63e4?s=96&d=mm&r=g","caption":"Ismael Lucas S. Pereira"},"url":"https:\/\/diariodepe.com.br\/cri\/author\/ismael-lucas\/"}]}},"cc_featured_image_caption":{"caption_text":false,"source_text":false,"source_url":false},"amp_enabled":true,"_links":{"self":[{"href":"https:\/\/diariodepe.com.br\/cri\/wp-json\/wp\/v2\/posts\/1508","targetHints":{"allow":["GET"]}}],"collection":[{"href":"https:\/\/diariodepe.com.br\/cri\/wp-json\/wp\/v2\/posts"}],"about":[{"href":"https:\/\/diariodepe.com.br\/cri\/wp-json\/wp\/v2\/types\/post"}],"author":[{"embeddable":true,"href":"https:\/\/diariodepe.com.br\/cri\/wp-json\/wp\/v2\/users\/2"}],"replies":[{"embeddable":true,"href":"https:\/\/diariodepe.com.br\/cri\/wp-json\/wp\/v2\/comments?post=1508"}],"version-history":[{"count":1,"href":"https:\/\/diariodepe.com.br\/cri\/wp-json\/wp\/v2\/posts\/1508\/revisions"}],"predecessor-version":[{"id":1510,"href":"https:\/\/diariodepe.com.br\/cri\/wp-json\/wp\/v2\/posts\/1508\/revisions\/1510"}],"wp:featuredmedia":[{"embeddable":true,"href":"https:\/\/diariodepe.com.br\/cri\/wp-json\/wp\/v2\/media\/1509"}],"wp:attachment":[{"href":"https:\/\/diariodepe.com.br\/cri\/wp-json\/wp\/v2\/media?parent=1508"}],"wp:term":[{"taxonomy":"category","embeddable":true,"href":"https:\/\/diariodepe.com.br\/cri\/wp-json\/wp\/v2\/categories?post=1508"},{"taxonomy":"post_tag","embeddable":true,"href":"https:\/\/diariodepe.com.br\/cri\/wp-json\/wp\/v2\/tags?post=1508"}],"curies":[{"name":"wp","href":"https:\/\/api.w.org\/{rel}","templated":true}]}}