{"id":1505,"date":"2023-05-19T04:18:29","date_gmt":"2023-05-19T07:18:29","guid":{"rendered":"https:\/\/diariodepe.com.br\/cri\/?p=1505"},"modified":"2023-05-19T04:18:29","modified_gmt":"2023-05-19T07:18:29","slug":"previsao-do-crescimento-economico-brasileiro-em-2023-sobe-para-102","status":"publish","type":"post","link":"https:\/\/diariodepe.com.br\/cri\/2023\/05\/19\/previsao-do-crescimento-economico-brasileiro-em-2023-sobe-para-102\/","title":{"rendered":"Previs\u00e3o do crescimento econ\u00f4mico brasileiro em 2023 sobe para 1,02%"},"content":{"rendered":"<p>O mercado financeiro do Brasil elevou a proje\u00e7\u00e3o de crescimento do Produto Interno Bruto (PIB) este ano de 1% para 1,02%, segundo a pesquisa Focus realizada entre as principais institui\u00e7\u00f5es financeiras e divulgada todas as segundas-feiras pelo Banco Central.<\/p>\n<p>J\u00e1 a previs\u00e3o dos analistas para o crescimento do PIB em 2024 recuou de 1,40% para 1,38%.<\/p>\n<p>De acordo com o levantamento, a estimativa de infla\u00e7\u00e3o este ano passou de 6,02% para 6,03% e caiu de 4,16% para 4,15% para 2024.<\/p>\n<p>A meta oficial \u00e9 de uma infla\u00e7\u00e3o de 3,25% em 2023 e de 3% para o ano que vem, em ambos os casos com 1,5 ponto percentual de toler\u00e2ncia para cima ou para baixo.<\/p>\n<p>Os analistas mantiveram a proje\u00e7\u00e3o para a Selic, atualmente em 13,75% ao ano, em 12,50% para o fim de 2023 e a estimativa \u00e9 que caia gradualmente at\u00e9 fechar em 10% no final de 2024.<\/p>\n<p>A previs\u00e3o para a taxa de c\u00e2mbio, atualmente em 4,90 reais por d\u00f3lar, \u00e9 de 5,20 reais por d\u00f3lar tanto para o fim de 2023 como para o fim de 2024.<\/p>\n<p>Para o saldo da balan\u00e7a comercial (resultado do total de exporta\u00e7\u00f5es menos importa\u00e7\u00f5es), a estimativa \u00e9 de US$ 60 bilh\u00f5es para 2023 e US$ 54,8 bilh\u00f5es para 2024.<\/p>\n<p>A estimativa para a entrada de investimentos estrangeiros diretos no Brasil foi mantida em US$ 80 bilh\u00f5es tanto para 2023 como para 2024.<\/p>\n","protected":false},"excerpt":{"rendered":"<p>O mercado financeiro do Brasil elevou a proje\u00e7\u00e3o de crescimento do Produto Interno Bruto (PIB) este ano de 1% para 1,02%, segundo a pesquisa Focus realizada entre as principais institui\u00e7\u00f5es financeiras e divulgada todas as segundas-feiras pelo Banco Central. J\u00e1&#8230;<\/p>\n","protected":false},"author":2,"featured_media":0,"comment_status":"open","ping_status":"open","sticky":false,"template":"","format":"standard","meta":{"footnotes":""},"categories":[8],"tags":[],"class_list":["post-1505","post","type-post","status-publish","format-standard","hentry","category-internacional"],"yoast_head":"<!-- This site is optimized with the Yoast SEO plugin v27.4 - https:\/\/yoast.com\/product\/yoast-seo-wordpress\/ -->\n<title>Previs\u00e3o do crescimento econ\u00f4mico brasileiro em 2023 sobe para 1,02% - CRI e Diario de Pernambuco<\/title>\n<meta name=\"robots\" content=\"index, follow, max-snippet:-1, max-image-preview:large, max-video-preview:-1\" \/>\n<link rel=\"canonical\" href=\"https:\/\/diariodepe.com.br\/cri\/2023\/05\/19\/previsao-do-crescimento-economico-brasileiro-em-2023-sobe-para-102\/\" \/>\n<meta property=\"og:locale\" content=\"pt_BR\" \/>\n<meta property=\"og:type\" content=\"article\" \/>\n<meta property=\"og:title\" content=\"Previs\u00e3o do crescimento econ\u00f4mico brasileiro em 2023 sobe para 1,02% - CRI e Diario de Pernambuco\" \/>\n<meta property=\"og:description\" content=\"O mercado financeiro do Brasil elevou a proje\u00e7\u00e3o de crescimento do Produto Interno Bruto (PIB) este ano de 1% para 1,02%, segundo a pesquisa Focus realizada entre as principais institui\u00e7\u00f5es financeiras e divulgada todas as segundas-feiras pelo Banco Central. J\u00e1...\" \/>\n<meta property=\"og:url\" content=\"https:\/\/diariodepe.com.br\/cri\/2023\/05\/19\/previsao-do-crescimento-economico-brasileiro-em-2023-sobe-para-102\/\" \/>\n<meta property=\"og:site_name\" content=\"CRI e Diario de Pernambuco\" \/>\n<meta property=\"article:published_time\" content=\"2023-05-19T07:18:29+00:00\" \/>\n<meta name=\"author\" content=\"Ismael Lucas S. Pereira\" \/>\n<meta name=\"twitter:card\" content=\"summary_large_image\" \/>\n<meta name=\"twitter:label1\" content=\"Escrito por\" \/>\n\t<meta name=\"twitter:data1\" content=\"Ismael Lucas S. Pereira\" \/>\n\t<meta name=\"twitter:label2\" content=\"Est. tempo de leitura\" \/>\n\t<meta name=\"twitter:data2\" content=\"2 minutos\" \/>\n<script type=\"application\/ld+json\" class=\"yoast-schema-graph\">{\"@context\":\"https:\\\/\\\/schema.org\",\"@graph\":[{\"@type\":\"Article\",\"@id\":\"https:\\\/\\\/diariodepe.com.br\\\/cri\\\/2023\\\/05\\\/19\\\/previsao-do-crescimento-economico-brasileiro-em-2023-sobe-para-102\\\/#article\",\"isPartOf\":{\"@id\":\"https:\\\/\\\/diariodepe.com.br\\\/cri\\\/2023\\\/05\\\/19\\\/previsao-do-crescimento-economico-brasileiro-em-2023-sobe-para-102\\\/\"},\"author\":{\"name\":\"Ismael Lucas S. Pereira\",\"@id\":\"https:\\\/\\\/diariodepe.com.br\\\/cri\\\/#\\\/schema\\\/person\\\/121bb28d84f1a5b1205ef4ce9c2e0c6b\"},\"headline\":\"Previs\u00e3o do crescimento econ\u00f4mico brasileiro em 2023 sobe para 1,02%\",\"datePublished\":\"2023-05-19T07:18:29+00:00\",\"mainEntityOfPage\":{\"@id\":\"https:\\\/\\\/diariodepe.com.br\\\/cri\\\/2023\\\/05\\\/19\\\/previsao-do-crescimento-economico-brasileiro-em-2023-sobe-para-102\\\/\"},\"wordCount\":224,\"commentCount\":0,\"publisher\":{\"@id\":\"https:\\\/\\\/diariodepe.com.br\\\/cri\\\/#organization\"},\"articleSection\":[\"Internacional\"],\"inLanguage\":\"pt-BR\",\"potentialAction\":[{\"@type\":\"CommentAction\",\"name\":\"Comment\",\"target\":[\"https:\\\/\\\/diariodepe.com.br\\\/cri\\\/2023\\\/05\\\/19\\\/previsao-do-crescimento-economico-brasileiro-em-2023-sobe-para-102\\\/#respond\"]}]},{\"@type\":\"WebPage\",\"@id\":\"https:\\\/\\\/diariodepe.com.br\\\/cri\\\/2023\\\/05\\\/19\\\/previsao-do-crescimento-economico-brasileiro-em-2023-sobe-para-102\\\/\",\"url\":\"https:\\\/\\\/diariodepe.com.br\\\/cri\\\/2023\\\/05\\\/19\\\/previsao-do-crescimento-economico-brasileiro-em-2023-sobe-para-102\\\/\",\"name\":\"Previs\u00e3o do crescimento econ\u00f4mico brasileiro em 2023 sobe para 1,02% - CRI e Diario de Pernambuco\",\"isPartOf\":{\"@id\":\"https:\\\/\\\/diariodepe.com.br\\\/cri\\\/#website\"},\"datePublished\":\"2023-05-19T07:18:29+00:00\",\"breadcrumb\":{\"@id\":\"https:\\\/\\\/diariodepe.com.br\\\/cri\\\/2023\\\/05\\\/19\\\/previsao-do-crescimento-economico-brasileiro-em-2023-sobe-para-102\\\/#breadcrumb\"},\"inLanguage\":\"pt-BR\",\"potentialAction\":[{\"@type\":\"ReadAction\",\"target\":[\"https:\\\/\\\/diariodepe.com.br\\\/cri\\\/2023\\\/05\\\/19\\\/previsao-do-crescimento-economico-brasileiro-em-2023-sobe-para-102\\\/\"]}]},{\"@type\":\"BreadcrumbList\",\"@id\":\"https:\\\/\\\/diariodepe.com.br\\\/cri\\\/2023\\\/05\\\/19\\\/previsao-do-crescimento-economico-brasileiro-em-2023-sobe-para-102\\\/#breadcrumb\",\"itemListElement\":[{\"@type\":\"ListItem\",\"position\":1,\"name\":\"In\u00edcio\",\"item\":\"https:\\\/\\\/diariodepe.com.br\\\/cri\\\/\"},{\"@type\":\"ListItem\",\"position\":2,\"name\":\"Previs\u00e3o do crescimento econ\u00f4mico brasileiro em 2023 sobe para 1,02%\"}]},{\"@type\":\"WebSite\",\"@id\":\"https:\\\/\\\/diariodepe.com.br\\\/cri\\\/#website\",\"url\":\"https:\\\/\\\/diariodepe.com.br\\\/cri\\\/\",\"name\":\"CRI e Diario de Pernambuco\",\"description\":\"R\u00e1dio Internacional da China\",\"publisher\":{\"@id\":\"https:\\\/\\\/diariodepe.com.br\\\/cri\\\/#organization\"},\"potentialAction\":[{\"@type\":\"SearchAction\",\"target\":{\"@type\":\"EntryPoint\",\"urlTemplate\":\"https:\\\/\\\/diariodepe.com.br\\\/cri\\\/?s={search_term_string}\"},\"query-input\":{\"@type\":\"PropertyValueSpecification\",\"valueRequired\":true,\"valueName\":\"search_term_string\"}}],\"inLanguage\":\"pt-BR\"},{\"@type\":\"Organization\",\"@id\":\"https:\\\/\\\/diariodepe.com.br\\\/cri\\\/#organization\",\"name\":\"CRI e Diario de Pernambuco\",\"url\":\"https:\\\/\\\/diariodepe.com.br\\\/cri\\\/\",\"logo\":{\"@type\":\"ImageObject\",\"inLanguage\":\"pt-BR\",\"@id\":\"https:\\\/\\\/diariodepe.com.br\\\/cri\\\/#\\\/schema\\\/logo\\\/image\\\/\",\"url\":\"https:\\\/\\\/diariodepe.com.br\\\/cri\\\/wp-content\\\/uploads\\\/sites\\\/2\\\/2022\\\/12\\\/cropped-Logo.jpg\",\"contentUrl\":\"https:\\\/\\\/diariodepe.com.br\\\/cri\\\/wp-content\\\/uploads\\\/sites\\\/2\\\/2022\\\/12\\\/cropped-Logo.jpg\",\"width\":700,\"height\":59,\"caption\":\"CRI e Diario de Pernambuco\"},\"image\":{\"@id\":\"https:\\\/\\\/diariodepe.com.br\\\/cri\\\/#\\\/schema\\\/logo\\\/image\\\/\"}},{\"@type\":\"Person\",\"@id\":\"https:\\\/\\\/diariodepe.com.br\\\/cri\\\/#\\\/schema\\\/person\\\/121bb28d84f1a5b1205ef4ce9c2e0c6b\",\"name\":\"Ismael Lucas S. Pereira\",\"image\":{\"@type\":\"ImageObject\",\"inLanguage\":\"pt-BR\",\"@id\":\"https:\\\/\\\/secure.gravatar.com\\\/avatar\\\/887a0f3b5a7ceea963a48499fb883ffce6b5037362def025c52c2505b15d63e4?s=96&d=mm&r=g\",\"url\":\"https:\\\/\\\/secure.gravatar.com\\\/avatar\\\/887a0f3b5a7ceea963a48499fb883ffce6b5037362def025c52c2505b15d63e4?s=96&d=mm&r=g\",\"contentUrl\":\"https:\\\/\\\/secure.gravatar.com\\\/avatar\\\/887a0f3b5a7ceea963a48499fb883ffce6b5037362def025c52c2505b15d63e4?s=96&d=mm&r=g\",\"caption\":\"Ismael Lucas S. Pereira\"},\"url\":\"https:\\\/\\\/diariodepe.com.br\\\/cri\\\/author\\\/ismael-lucas\\\/\"}]}<\/script>\n<!-- \/ Yoast SEO plugin. -->","yoast_head_json":{"title":"Previs\u00e3o do crescimento econ\u00f4mico brasileiro em 2023 sobe para 1,02% - CRI e Diario de Pernambuco","robots":{"index":"index","follow":"follow","max-snippet":"max-snippet:-1","max-image-preview":"max-image-preview:large","max-video-preview":"max-video-preview:-1"},"canonical":"https:\/\/diariodepe.com.br\/cri\/2023\/05\/19\/previsao-do-crescimento-economico-brasileiro-em-2023-sobe-para-102\/","og_locale":"pt_BR","og_type":"article","og_title":"Previs\u00e3o do crescimento econ\u00f4mico brasileiro em 2023 sobe para 1,02% - CRI e Diario de Pernambuco","og_description":"O mercado financeiro do Brasil elevou a proje\u00e7\u00e3o de crescimento do Produto Interno Bruto (PIB) este ano de 1% para 1,02%, segundo a pesquisa Focus realizada entre as principais institui\u00e7\u00f5es financeiras e divulgada todas as segundas-feiras pelo Banco Central. J\u00e1...","og_url":"https:\/\/diariodepe.com.br\/cri\/2023\/05\/19\/previsao-do-crescimento-economico-brasileiro-em-2023-sobe-para-102\/","og_site_name":"CRI e Diario de Pernambuco","article_published_time":"2023-05-19T07:18:29+00:00","author":"Ismael Lucas S. Pereira","twitter_card":"summary_large_image","twitter_misc":{"Escrito por":"Ismael Lucas S. Pereira","Est. tempo de leitura":"2 minutos"},"schema":{"@context":"https:\/\/schema.org","@graph":[{"@type":"Article","@id":"https:\/\/diariodepe.com.br\/cri\/2023\/05\/19\/previsao-do-crescimento-economico-brasileiro-em-2023-sobe-para-102\/#article","isPartOf":{"@id":"https:\/\/diariodepe.com.br\/cri\/2023\/05\/19\/previsao-do-crescimento-economico-brasileiro-em-2023-sobe-para-102\/"},"author":{"name":"Ismael Lucas S. Pereira","@id":"https:\/\/diariodepe.com.br\/cri\/#\/schema\/person\/121bb28d84f1a5b1205ef4ce9c2e0c6b"},"headline":"Previs\u00e3o do crescimento econ\u00f4mico brasileiro em 2023 sobe para 1,02%","datePublished":"2023-05-19T07:18:29+00:00","mainEntityOfPage":{"@id":"https:\/\/diariodepe.com.br\/cri\/2023\/05\/19\/previsao-do-crescimento-economico-brasileiro-em-2023-sobe-para-102\/"},"wordCount":224,"commentCount":0,"publisher":{"@id":"https:\/\/diariodepe.com.br\/cri\/#organization"},"articleSection":["Internacional"],"inLanguage":"pt-BR","potentialAction":[{"@type":"CommentAction","name":"Comment","target":["https:\/\/diariodepe.com.br\/cri\/2023\/05\/19\/previsao-do-crescimento-economico-brasileiro-em-2023-sobe-para-102\/#respond"]}]},{"@type":"WebPage","@id":"https:\/\/diariodepe.com.br\/cri\/2023\/05\/19\/previsao-do-crescimento-economico-brasileiro-em-2023-sobe-para-102\/","url":"https:\/\/diariodepe.com.br\/cri\/2023\/05\/19\/previsao-do-crescimento-economico-brasileiro-em-2023-sobe-para-102\/","name":"Previs\u00e3o do crescimento econ\u00f4mico brasileiro em 2023 sobe para 1,02% - CRI e Diario de Pernambuco","isPartOf":{"@id":"https:\/\/diariodepe.com.br\/cri\/#website"},"datePublished":"2023-05-19T07:18:29+00:00","breadcrumb":{"@id":"https:\/\/diariodepe.com.br\/cri\/2023\/05\/19\/previsao-do-crescimento-economico-brasileiro-em-2023-sobe-para-102\/#breadcrumb"},"inLanguage":"pt-BR","potentialAction":[{"@type":"ReadAction","target":["https:\/\/diariodepe.com.br\/cri\/2023\/05\/19\/previsao-do-crescimento-economico-brasileiro-em-2023-sobe-para-102\/"]}]},{"@type":"BreadcrumbList","@id":"https:\/\/diariodepe.com.br\/cri\/2023\/05\/19\/previsao-do-crescimento-economico-brasileiro-em-2023-sobe-para-102\/#breadcrumb","itemListElement":[{"@type":"ListItem","position":1,"name":"In\u00edcio","item":"https:\/\/diariodepe.com.br\/cri\/"},{"@type":"ListItem","position":2,"name":"Previs\u00e3o do crescimento econ\u00f4mico brasileiro em 2023 sobe para 1,02%"}]},{"@type":"WebSite","@id":"https:\/\/diariodepe.com.br\/cri\/#website","url":"https:\/\/diariodepe.com.br\/cri\/","name":"CRI e Diario de Pernambuco","description":"R\u00e1dio Internacional da China","publisher":{"@id":"https:\/\/diariodepe.com.br\/cri\/#organization"},"potentialAction":[{"@type":"SearchAction","target":{"@type":"EntryPoint","urlTemplate":"https:\/\/diariodepe.com.br\/cri\/?s={search_term_string}"},"query-input":{"@type":"PropertyValueSpecification","valueRequired":true,"valueName":"search_term_string"}}],"inLanguage":"pt-BR"},{"@type":"Organization","@id":"https:\/\/diariodepe.com.br\/cri\/#organization","name":"CRI e Diario de Pernambuco","url":"https:\/\/diariodepe.com.br\/cri\/","logo":{"@type":"ImageObject","inLanguage":"pt-BR","@id":"https:\/\/diariodepe.com.br\/cri\/#\/schema\/logo\/image\/","url":"https:\/\/diariodepe.com.br\/cri\/wp-content\/uploads\/sites\/2\/2022\/12\/cropped-Logo.jpg","contentUrl":"https:\/\/diariodepe.com.br\/cri\/wp-content\/uploads\/sites\/2\/2022\/12\/cropped-Logo.jpg","width":700,"height":59,"caption":"CRI e Diario de Pernambuco"},"image":{"@id":"https:\/\/diariodepe.com.br\/cri\/#\/schema\/logo\/image\/"}},{"@type":"Person","@id":"https:\/\/diariodepe.com.br\/cri\/#\/schema\/person\/121bb28d84f1a5b1205ef4ce9c2e0c6b","name":"Ismael Lucas S. Pereira","image":{"@type":"ImageObject","inLanguage":"pt-BR","@id":"https:\/\/secure.gravatar.com\/avatar\/887a0f3b5a7ceea963a48499fb883ffce6b5037362def025c52c2505b15d63e4?s=96&d=mm&r=g","url":"https:\/\/secure.gravatar.com\/avatar\/887a0f3b5a7ceea963a48499fb883ffce6b5037362def025c52c2505b15d63e4?s=96&d=mm&r=g","contentUrl":"https:\/\/secure.gravatar.com\/avatar\/887a0f3b5a7ceea963a48499fb883ffce6b5037362def025c52c2505b15d63e4?s=96&d=mm&r=g","caption":"Ismael Lucas S. Pereira"},"url":"https:\/\/diariodepe.com.br\/cri\/author\/ismael-lucas\/"}]}},"cc_featured_image_caption":{"caption_text":false,"source_text":false,"source_url":false},"amp_enabled":true,"_links":{"self":[{"href":"https:\/\/diariodepe.com.br\/cri\/wp-json\/wp\/v2\/posts\/1505","targetHints":{"allow":["GET"]}}],"collection":[{"href":"https:\/\/diariodepe.com.br\/cri\/wp-json\/wp\/v2\/posts"}],"about":[{"href":"https:\/\/diariodepe.com.br\/cri\/wp-json\/wp\/v2\/types\/post"}],"author":[{"embeddable":true,"href":"https:\/\/diariodepe.com.br\/cri\/wp-json\/wp\/v2\/users\/2"}],"replies":[{"embeddable":true,"href":"https:\/\/diariodepe.com.br\/cri\/wp-json\/wp\/v2\/comments?post=1505"}],"version-history":[{"count":1,"href":"https:\/\/diariodepe.com.br\/cri\/wp-json\/wp\/v2\/posts\/1505\/revisions"}],"predecessor-version":[{"id":1507,"href":"https:\/\/diariodepe.com.br\/cri\/wp-json\/wp\/v2\/posts\/1505\/revisions\/1507"}],"wp:attachment":[{"href":"https:\/\/diariodepe.com.br\/cri\/wp-json\/wp\/v2\/media?parent=1505"}],"wp:term":[{"taxonomy":"category","embeddable":true,"href":"https:\/\/diariodepe.com.br\/cri\/wp-json\/wp\/v2\/categories?post=1505"},{"taxonomy":"post_tag","embeddable":true,"href":"https:\/\/diariodepe.com.br\/cri\/wp-json\/wp\/v2\/tags?post=1505"}],"curies":[{"name":"wp","href":"https:\/\/api.w.org\/{rel}","templated":true}]}}