{"id":1500,"date":"2023-05-19T04:10:58","date_gmt":"2023-05-19T07:10:58","guid":{"rendered":"https:\/\/diariodepe.com.br\/cri\/?p=1500"},"modified":"2023-05-19T04:10:58","modified_gmt":"2023-05-19T07:10:58","slug":"discurso-de-xi-jinping-na-sessao-de-estudos-do-biro-politico-sera-publicado","status":"publish","type":"post","link":"https:\/\/diariodepe.com.br\/cri\/2023\/05\/19\/discurso-de-xi-jinping-na-sessao-de-estudos-do-biro-politico-sera-publicado\/","title":{"rendered":"Discurso de Xi Jinping na sess\u00e3o de estudos do Bir\u00f4 Pol\u00edtico ser\u00e1 publicado"},"content":{"rendered":"<p>Um discurso proferido por Xi Jinping, secret\u00e1rio-geral do Comit\u00ea Central do Partido Comunista da China (PCCh), na quarta sess\u00e3o de estudo do Bir\u00f4 Pol\u00edtico do 20\u00ba Comit\u00ea Central do PCCh, ser\u00e1 publicado nesta ter\u00e7a-feira.<\/p>\n<p>Xi, tamb\u00e9m presidente chin\u00eas e presidente da Comiss\u00e3o Militar Central, fez o discurso em 30 de mar\u00e7o. Ele ser\u00e1 publicado na 10\u00aa edi\u00e7\u00e3o deste ano da Revista Qiushi, peri\u00f3dico emblem\u00e1tico do Comit\u00ea Central do PCCh.<\/p>\n<p>No discurso, Xi ressaltou que esta sess\u00e3o de estudo em grupo servir\u00e1 de exemplo para todo o Partido avan\u00e7ar ainda mais no estudo e implementa\u00e7\u00e3o do Pensamento sobre o Socialismo com Caracter\u00edsticas Chinesas para uma Nova Era como parte do programa de estudo te\u00f3rico para consolidar a compreens\u00e3o dos membros do Partido em teorias.<\/p>\n<p>Estudar e implementar o Pensamento sobre o Socialismo com Caracter\u00edsticas Chinesas para uma Nova Era \u00e9 o requisito fundamental para abrirmos novos caminhos para avan\u00e7ar em nossas causas e buscar o desenvolvimento na nova jornada na nova era, disse Xi.<\/p>\n<p>Xi destacou que o Pensamento sobre o Socialismo com Caracter\u00edsticas Chinesas para uma Nova Era abrange todos os dom\u00ednios e respeitos, incluindo reforma, desenvolvimento, estabilidade social, assuntos internos, rela\u00e7\u00f5es exteriores, defesa nacional e governan\u00e7a do Partido, do Estado e dos militares, que constituem um sistema cient\u00edfico completo.<\/p>\n<p>Ele enfatizou que, para estudar e compreender profundamente o Pensamento, devemos compreender sua vis\u00e3o de mundo, metodologia e as posturas, pontos de vista e m\u00e9todos por tr\u00e1s dele.<\/p>\n<p>Xi observou que estudar o Pensamento \u00e9 para aplica\u00e7\u00e3o. Ele apontou que os membros e quadros do Partido, especialmente os principais funcion\u00e1rios em todos os n\u00edveis, devem ser bons em usar este Pensamento para fazer novos progressos e avan\u00e7os na promo\u00e7\u00e3o da moderniza\u00e7\u00e3o atrav\u00e9s de um caminho chin\u00eas, e ser capazes em usar o Pensamento para resolver v\u00e1rios problemas no desenvolvimento econ\u00f4mico e social, prevenir e neutralizar grandes riscos, e avan\u00e7ar ainda mais a autogovernan\u00e7a completa e rigorosa do Partido.<\/p>\n<p>Xi enfatizou que os camaradas do Bir\u00f4 Pol\u00edtico do Comit\u00ea Central do PCCh devem dar o exemplo durante o programa de estudos te\u00f3ricos. \u00c9 um m\u00e9todo eficaz de gest\u00e3o e trabalho para que os funcion\u00e1rios deem o exemplo atrav\u00e9s de sua pr\u00f3pria conduta e influenciem os subordinados.<\/p>\n","protected":false},"excerpt":{"rendered":"<p>Um discurso proferido por Xi Jinping, secret\u00e1rio-geral do Comit\u00ea Central do Partido Comunista da China (PCCh), na quarta sess\u00e3o de estudo do Bir\u00f4 Pol\u00edtico do 20\u00ba Comit\u00ea Central do PCCh, ser\u00e1 publicado nesta ter\u00e7a-feira. Xi, tamb\u00e9m presidente chin\u00eas e presidente&#8230;<\/p>\n","protected":false},"author":2,"featured_media":0,"comment_status":"open","ping_status":"open","sticky":false,"template":"","format":"standard","meta":{"footnotes":""},"categories":[3],"tags":[],"class_list":["post-1500","post","type-post","status-publish","format-standard","hentry","category-china"],"yoast_head":"<!-- This site is optimized with the Yoast SEO plugin v27.4 - https:\/\/yoast.com\/product\/yoast-seo-wordpress\/ -->\n<title>Discurso de Xi Jinping na sess\u00e3o de estudos do Bir\u00f4 Pol\u00edtico ser\u00e1 publicado - CRI e Diario de Pernambuco<\/title>\n<meta name=\"robots\" content=\"index, follow, max-snippet:-1, max-image-preview:large, max-video-preview:-1\" \/>\n<link rel=\"canonical\" href=\"https:\/\/diariodepe.com.br\/cri\/2023\/05\/19\/discurso-de-xi-jinping-na-sessao-de-estudos-do-biro-politico-sera-publicado\/\" \/>\n<meta property=\"og:locale\" content=\"pt_BR\" \/>\n<meta property=\"og:type\" content=\"article\" \/>\n<meta property=\"og:title\" content=\"Discurso de Xi Jinping na sess\u00e3o de estudos do Bir\u00f4 Pol\u00edtico ser\u00e1 publicado - CRI e Diario de Pernambuco\" \/>\n<meta property=\"og:description\" content=\"Um discurso proferido por Xi Jinping, secret\u00e1rio-geral do Comit\u00ea Central do Partido Comunista da China (PCCh), na quarta sess\u00e3o de estudo do Bir\u00f4 Pol\u00edtico do 20\u00ba Comit\u00ea Central do PCCh, ser\u00e1 publicado nesta ter\u00e7a-feira. Xi, tamb\u00e9m presidente chin\u00eas e presidente...\" \/>\n<meta property=\"og:url\" content=\"https:\/\/diariodepe.com.br\/cri\/2023\/05\/19\/discurso-de-xi-jinping-na-sessao-de-estudos-do-biro-politico-sera-publicado\/\" \/>\n<meta property=\"og:site_name\" content=\"CRI e Diario de Pernambuco\" \/>\n<meta property=\"article:published_time\" content=\"2023-05-19T07:10:58+00:00\" \/>\n<meta name=\"author\" content=\"Ismael Lucas S. Pereira\" \/>\n<meta name=\"twitter:card\" content=\"summary_large_image\" \/>\n<meta name=\"twitter:label1\" content=\"Escrito por\" \/>\n\t<meta name=\"twitter:data1\" content=\"Ismael Lucas S. Pereira\" \/>\n<script type=\"application\/ld+json\" class=\"yoast-schema-graph\">{\"@context\":\"https:\\\/\\\/schema.org\",\"@graph\":[{\"@type\":\"Article\",\"@id\":\"https:\\\/\\\/diariodepe.com.br\\\/cri\\\/2023\\\/05\\\/19\\\/discurso-de-xi-jinping-na-sessao-de-estudos-do-biro-politico-sera-publicado\\\/#article\",\"isPartOf\":{\"@id\":\"https:\\\/\\\/diariodepe.com.br\\\/cri\\\/2023\\\/05\\\/19\\\/discurso-de-xi-jinping-na-sessao-de-estudos-do-biro-politico-sera-publicado\\\/\"},\"author\":{\"name\":\"Ismael Lucas S. Pereira\",\"@id\":\"https:\\\/\\\/diariodepe.com.br\\\/cri\\\/#\\\/schema\\\/person\\\/121bb28d84f1a5b1205ef4ce9c2e0c6b\"},\"headline\":\"Discurso de Xi Jinping na sess\u00e3o de estudos do Bir\u00f4 Pol\u00edtico ser\u00e1 publicado\",\"datePublished\":\"2023-05-19T07:10:58+00:00\",\"mainEntityOfPage\":{\"@id\":\"https:\\\/\\\/diariodepe.com.br\\\/cri\\\/2023\\\/05\\\/19\\\/discurso-de-xi-jinping-na-sessao-de-estudos-do-biro-politico-sera-publicado\\\/\"},\"wordCount\":420,\"commentCount\":0,\"publisher\":{\"@id\":\"https:\\\/\\\/diariodepe.com.br\\\/cri\\\/#organization\"},\"articleSection\":[\"China\"],\"inLanguage\":\"pt-BR\",\"potentialAction\":[{\"@type\":\"CommentAction\",\"name\":\"Comment\",\"target\":[\"https:\\\/\\\/diariodepe.com.br\\\/cri\\\/2023\\\/05\\\/19\\\/discurso-de-xi-jinping-na-sessao-de-estudos-do-biro-politico-sera-publicado\\\/#respond\"]}]},{\"@type\":\"WebPage\",\"@id\":\"https:\\\/\\\/diariodepe.com.br\\\/cri\\\/2023\\\/05\\\/19\\\/discurso-de-xi-jinping-na-sessao-de-estudos-do-biro-politico-sera-publicado\\\/\",\"url\":\"https:\\\/\\\/diariodepe.com.br\\\/cri\\\/2023\\\/05\\\/19\\\/discurso-de-xi-jinping-na-sessao-de-estudos-do-biro-politico-sera-publicado\\\/\",\"name\":\"Discurso de Xi Jinping na sess\u00e3o de estudos do Bir\u00f4 Pol\u00edtico ser\u00e1 publicado - CRI e Diario de Pernambuco\",\"isPartOf\":{\"@id\":\"https:\\\/\\\/diariodepe.com.br\\\/cri\\\/#website\"},\"datePublished\":\"2023-05-19T07:10:58+00:00\",\"breadcrumb\":{\"@id\":\"https:\\\/\\\/diariodepe.com.br\\\/cri\\\/2023\\\/05\\\/19\\\/discurso-de-xi-jinping-na-sessao-de-estudos-do-biro-politico-sera-publicado\\\/#breadcrumb\"},\"inLanguage\":\"pt-BR\",\"potentialAction\":[{\"@type\":\"ReadAction\",\"target\":[\"https:\\\/\\\/diariodepe.com.br\\\/cri\\\/2023\\\/05\\\/19\\\/discurso-de-xi-jinping-na-sessao-de-estudos-do-biro-politico-sera-publicado\\\/\"]}]},{\"@type\":\"BreadcrumbList\",\"@id\":\"https:\\\/\\\/diariodepe.com.br\\\/cri\\\/2023\\\/05\\\/19\\\/discurso-de-xi-jinping-na-sessao-de-estudos-do-biro-politico-sera-publicado\\\/#breadcrumb\",\"itemListElement\":[{\"@type\":\"ListItem\",\"position\":1,\"name\":\"In\u00edcio\",\"item\":\"https:\\\/\\\/diariodepe.com.br\\\/cri\\\/\"},{\"@type\":\"ListItem\",\"position\":2,\"name\":\"Discurso de Xi Jinping na sess\u00e3o de estudos do Bir\u00f4 Pol\u00edtico ser\u00e1 publicado\"}]},{\"@type\":\"WebSite\",\"@id\":\"https:\\\/\\\/diariodepe.com.br\\\/cri\\\/#website\",\"url\":\"https:\\\/\\\/diariodepe.com.br\\\/cri\\\/\",\"name\":\"CRI e Diario de Pernambuco\",\"description\":\"R\u00e1dio Internacional da China\",\"publisher\":{\"@id\":\"https:\\\/\\\/diariodepe.com.br\\\/cri\\\/#organization\"},\"potentialAction\":[{\"@type\":\"SearchAction\",\"target\":{\"@type\":\"EntryPoint\",\"urlTemplate\":\"https:\\\/\\\/diariodepe.com.br\\\/cri\\\/?s={search_term_string}\"},\"query-input\":{\"@type\":\"PropertyValueSpecification\",\"valueRequired\":true,\"valueName\":\"search_term_string\"}}],\"inLanguage\":\"pt-BR\"},{\"@type\":\"Organization\",\"@id\":\"https:\\\/\\\/diariodepe.com.br\\\/cri\\\/#organization\",\"name\":\"CRI e Diario de Pernambuco\",\"url\":\"https:\\\/\\\/diariodepe.com.br\\\/cri\\\/\",\"logo\":{\"@type\":\"ImageObject\",\"inLanguage\":\"pt-BR\",\"@id\":\"https:\\\/\\\/diariodepe.com.br\\\/cri\\\/#\\\/schema\\\/logo\\\/image\\\/\",\"url\":\"https:\\\/\\\/diariodepe.com.br\\\/cri\\\/wp-content\\\/uploads\\\/sites\\\/2\\\/2022\\\/12\\\/cropped-Logo.jpg\",\"contentUrl\":\"https:\\\/\\\/diariodepe.com.br\\\/cri\\\/wp-content\\\/uploads\\\/sites\\\/2\\\/2022\\\/12\\\/cropped-Logo.jpg\",\"width\":700,\"height\":59,\"caption\":\"CRI e Diario de Pernambuco\"},\"image\":{\"@id\":\"https:\\\/\\\/diariodepe.com.br\\\/cri\\\/#\\\/schema\\\/logo\\\/image\\\/\"}},{\"@type\":\"Person\",\"@id\":\"https:\\\/\\\/diariodepe.com.br\\\/cri\\\/#\\\/schema\\\/person\\\/121bb28d84f1a5b1205ef4ce9c2e0c6b\",\"name\":\"Ismael Lucas S. Pereira\",\"image\":{\"@type\":\"ImageObject\",\"inLanguage\":\"pt-BR\",\"@id\":\"https:\\\/\\\/secure.gravatar.com\\\/avatar\\\/887a0f3b5a7ceea963a48499fb883ffce6b5037362def025c52c2505b15d63e4?s=96&d=mm&r=g\",\"url\":\"https:\\\/\\\/secure.gravatar.com\\\/avatar\\\/887a0f3b5a7ceea963a48499fb883ffce6b5037362def025c52c2505b15d63e4?s=96&d=mm&r=g\",\"contentUrl\":\"https:\\\/\\\/secure.gravatar.com\\\/avatar\\\/887a0f3b5a7ceea963a48499fb883ffce6b5037362def025c52c2505b15d63e4?s=96&d=mm&r=g\",\"caption\":\"Ismael Lucas S. Pereira\"},\"url\":\"https:\\\/\\\/diariodepe.com.br\\\/cri\\\/author\\\/ismael-lucas\\\/\"}]}<\/script>\n<!-- \/ Yoast SEO plugin. -->","yoast_head_json":{"title":"Discurso de Xi Jinping na sess\u00e3o de estudos do Bir\u00f4 Pol\u00edtico ser\u00e1 publicado - CRI e Diario de Pernambuco","robots":{"index":"index","follow":"follow","max-snippet":"max-snippet:-1","max-image-preview":"max-image-preview:large","max-video-preview":"max-video-preview:-1"},"canonical":"https:\/\/diariodepe.com.br\/cri\/2023\/05\/19\/discurso-de-xi-jinping-na-sessao-de-estudos-do-biro-politico-sera-publicado\/","og_locale":"pt_BR","og_type":"article","og_title":"Discurso de Xi Jinping na sess\u00e3o de estudos do Bir\u00f4 Pol\u00edtico ser\u00e1 publicado - CRI e Diario de Pernambuco","og_description":"Um discurso proferido por Xi Jinping, secret\u00e1rio-geral do Comit\u00ea Central do Partido Comunista da China (PCCh), na quarta sess\u00e3o de estudo do Bir\u00f4 Pol\u00edtico do 20\u00ba Comit\u00ea Central do PCCh, ser\u00e1 publicado nesta ter\u00e7a-feira. Xi, tamb\u00e9m presidente chin\u00eas e presidente...","og_url":"https:\/\/diariodepe.com.br\/cri\/2023\/05\/19\/discurso-de-xi-jinping-na-sessao-de-estudos-do-biro-politico-sera-publicado\/","og_site_name":"CRI e Diario de Pernambuco","article_published_time":"2023-05-19T07:10:58+00:00","author":"Ismael Lucas S. Pereira","twitter_card":"summary_large_image","twitter_misc":{"Escrito por":"Ismael Lucas S. Pereira"},"schema":{"@context":"https:\/\/schema.org","@graph":[{"@type":"Article","@id":"https:\/\/diariodepe.com.br\/cri\/2023\/05\/19\/discurso-de-xi-jinping-na-sessao-de-estudos-do-biro-politico-sera-publicado\/#article","isPartOf":{"@id":"https:\/\/diariodepe.com.br\/cri\/2023\/05\/19\/discurso-de-xi-jinping-na-sessao-de-estudos-do-biro-politico-sera-publicado\/"},"author":{"name":"Ismael Lucas S. Pereira","@id":"https:\/\/diariodepe.com.br\/cri\/#\/schema\/person\/121bb28d84f1a5b1205ef4ce9c2e0c6b"},"headline":"Discurso de Xi Jinping na sess\u00e3o de estudos do Bir\u00f4 Pol\u00edtico ser\u00e1 publicado","datePublished":"2023-05-19T07:10:58+00:00","mainEntityOfPage":{"@id":"https:\/\/diariodepe.com.br\/cri\/2023\/05\/19\/discurso-de-xi-jinping-na-sessao-de-estudos-do-biro-politico-sera-publicado\/"},"wordCount":420,"commentCount":0,"publisher":{"@id":"https:\/\/diariodepe.com.br\/cri\/#organization"},"articleSection":["China"],"inLanguage":"pt-BR","potentialAction":[{"@type":"CommentAction","name":"Comment","target":["https:\/\/diariodepe.com.br\/cri\/2023\/05\/19\/discurso-de-xi-jinping-na-sessao-de-estudos-do-biro-politico-sera-publicado\/#respond"]}]},{"@type":"WebPage","@id":"https:\/\/diariodepe.com.br\/cri\/2023\/05\/19\/discurso-de-xi-jinping-na-sessao-de-estudos-do-biro-politico-sera-publicado\/","url":"https:\/\/diariodepe.com.br\/cri\/2023\/05\/19\/discurso-de-xi-jinping-na-sessao-de-estudos-do-biro-politico-sera-publicado\/","name":"Discurso de Xi Jinping na sess\u00e3o de estudos do Bir\u00f4 Pol\u00edtico ser\u00e1 publicado - CRI e Diario de Pernambuco","isPartOf":{"@id":"https:\/\/diariodepe.com.br\/cri\/#website"},"datePublished":"2023-05-19T07:10:58+00:00","breadcrumb":{"@id":"https:\/\/diariodepe.com.br\/cri\/2023\/05\/19\/discurso-de-xi-jinping-na-sessao-de-estudos-do-biro-politico-sera-publicado\/#breadcrumb"},"inLanguage":"pt-BR","potentialAction":[{"@type":"ReadAction","target":["https:\/\/diariodepe.com.br\/cri\/2023\/05\/19\/discurso-de-xi-jinping-na-sessao-de-estudos-do-biro-politico-sera-publicado\/"]}]},{"@type":"BreadcrumbList","@id":"https:\/\/diariodepe.com.br\/cri\/2023\/05\/19\/discurso-de-xi-jinping-na-sessao-de-estudos-do-biro-politico-sera-publicado\/#breadcrumb","itemListElement":[{"@type":"ListItem","position":1,"name":"In\u00edcio","item":"https:\/\/diariodepe.com.br\/cri\/"},{"@type":"ListItem","position":2,"name":"Discurso de Xi Jinping na sess\u00e3o de estudos do Bir\u00f4 Pol\u00edtico ser\u00e1 publicado"}]},{"@type":"WebSite","@id":"https:\/\/diariodepe.com.br\/cri\/#website","url":"https:\/\/diariodepe.com.br\/cri\/","name":"CRI e Diario de Pernambuco","description":"R\u00e1dio Internacional da China","publisher":{"@id":"https:\/\/diariodepe.com.br\/cri\/#organization"},"potentialAction":[{"@type":"SearchAction","target":{"@type":"EntryPoint","urlTemplate":"https:\/\/diariodepe.com.br\/cri\/?s={search_term_string}"},"query-input":{"@type":"PropertyValueSpecification","valueRequired":true,"valueName":"search_term_string"}}],"inLanguage":"pt-BR"},{"@type":"Organization","@id":"https:\/\/diariodepe.com.br\/cri\/#organization","name":"CRI e Diario de Pernambuco","url":"https:\/\/diariodepe.com.br\/cri\/","logo":{"@type":"ImageObject","inLanguage":"pt-BR","@id":"https:\/\/diariodepe.com.br\/cri\/#\/schema\/logo\/image\/","url":"https:\/\/diariodepe.com.br\/cri\/wp-content\/uploads\/sites\/2\/2022\/12\/cropped-Logo.jpg","contentUrl":"https:\/\/diariodepe.com.br\/cri\/wp-content\/uploads\/sites\/2\/2022\/12\/cropped-Logo.jpg","width":700,"height":59,"caption":"CRI e Diario de Pernambuco"},"image":{"@id":"https:\/\/diariodepe.com.br\/cri\/#\/schema\/logo\/image\/"}},{"@type":"Person","@id":"https:\/\/diariodepe.com.br\/cri\/#\/schema\/person\/121bb28d84f1a5b1205ef4ce9c2e0c6b","name":"Ismael Lucas S. Pereira","image":{"@type":"ImageObject","inLanguage":"pt-BR","@id":"https:\/\/secure.gravatar.com\/avatar\/887a0f3b5a7ceea963a48499fb883ffce6b5037362def025c52c2505b15d63e4?s=96&d=mm&r=g","url":"https:\/\/secure.gravatar.com\/avatar\/887a0f3b5a7ceea963a48499fb883ffce6b5037362def025c52c2505b15d63e4?s=96&d=mm&r=g","contentUrl":"https:\/\/secure.gravatar.com\/avatar\/887a0f3b5a7ceea963a48499fb883ffce6b5037362def025c52c2505b15d63e4?s=96&d=mm&r=g","caption":"Ismael Lucas S. Pereira"},"url":"https:\/\/diariodepe.com.br\/cri\/author\/ismael-lucas\/"}]}},"cc_featured_image_caption":{"caption_text":false,"source_text":false,"source_url":false},"amp_enabled":true,"_links":{"self":[{"href":"https:\/\/diariodepe.com.br\/cri\/wp-json\/wp\/v2\/posts\/1500","targetHints":{"allow":["GET"]}}],"collection":[{"href":"https:\/\/diariodepe.com.br\/cri\/wp-json\/wp\/v2\/posts"}],"about":[{"href":"https:\/\/diariodepe.com.br\/cri\/wp-json\/wp\/v2\/types\/post"}],"author":[{"embeddable":true,"href":"https:\/\/diariodepe.com.br\/cri\/wp-json\/wp\/v2\/users\/2"}],"replies":[{"embeddable":true,"href":"https:\/\/diariodepe.com.br\/cri\/wp-json\/wp\/v2\/comments?post=1500"}],"version-history":[{"count":1,"href":"https:\/\/diariodepe.com.br\/cri\/wp-json\/wp\/v2\/posts\/1500\/revisions"}],"predecessor-version":[{"id":1501,"href":"https:\/\/diariodepe.com.br\/cri\/wp-json\/wp\/v2\/posts\/1500\/revisions\/1501"}],"wp:attachment":[{"href":"https:\/\/diariodepe.com.br\/cri\/wp-json\/wp\/v2\/media?parent=1500"}],"wp:term":[{"taxonomy":"category","embeddable":true,"href":"https:\/\/diariodepe.com.br\/cri\/wp-json\/wp\/v2\/categories?post=1500"},{"taxonomy":"post_tag","embeddable":true,"href":"https:\/\/diariodepe.com.br\/cri\/wp-json\/wp\/v2\/tags?post=1500"}],"curies":[{"name":"wp","href":"https:\/\/api.w.org\/{rel}","templated":true}]}}