{"id":1485,"date":"2023-05-19T04:01:37","date_gmt":"2023-05-19T07:01:37","guid":{"rendered":"https:\/\/diariodepe.com.br\/cri\/?p=1485"},"modified":"2023-05-19T04:01:37","modified_gmt":"2023-05-19T07:01:37","slug":"xi-jinping-se-reune-com-presidente-do-turcomenistao","status":"publish","type":"post","link":"https:\/\/diariodepe.com.br\/cri\/2023\/05\/19\/xi-jinping-se-reune-com-presidente-do-turcomenistao\/","title":{"rendered":"Xi Jinping se re\u00fane com presidente do Turcomenist\u00e3o"},"content":{"rendered":"<p>O presidente chin\u00eas, Xi Jinping, reuniu-se nesta quinta-feira com o presidente turcomano, Serdar Berdimuhamedov, em Xi&#8217;an, na Prov\u00edncia de Shaanxi, noroeste da China.<\/p>\n<p>Xi deu as boas-vindas a Berdimuhamedov \u00e0 China para a C\u00fapula China-\u00c1sia Central. Ele lembrou a visita de Estado bem-sucedida de Berdimuhamedov \u00e0 China em janeiro deste ano, durante a qual eles anunciaram a eleva\u00e7\u00e3o do relacionamento bilateral para uma parceria estrat\u00e9gica abrangente e a pr\u00e1tica da vis\u00e3o de uma comunidade com um futuro compartilhado a n\u00edvel bilateral, abrindo um novo cap\u00edtulo nas rela\u00e7\u00f5es China-Turcomenist\u00e3o.<\/p>\n<p>O ano de 2023 \u00e9 o primeiro ano para a China implementar plenamente os princ\u00edpios orientadores estabelecidos no 20\u00ba Congresso Nacional do Partido Comunista da China. O Partido se reunir\u00e1 e liderar\u00e1 o povo chin\u00eas no avan\u00e7o da grande revitaliza\u00e7\u00e3o da na\u00e7\u00e3o chinesa em todas as frentes atrav\u00e9s de um caminho chin\u00eas para a moderniza\u00e7\u00e3o, disse Xi.<\/p>\n<p>Observando que o Turcomenist\u00e3o realizou recentemente elei\u00e7\u00f5es parlamentares com sucesso, concluindo uma importante agenda pol\u00edtica interna, Xi disse que o pa\u00eds est\u00e1 marchando em dire\u00e7\u00e3o ao &#8220;renascimento de uma nova era de um Estado poderoso&#8221; sob a lideran\u00e7a de Berdimuhamedov.<\/p>\n<p>Nos \u00faltimos 31 anos desde o estabelecimento dos la\u00e7os diplom\u00e1ticos, a China e o Turcomenist\u00e3o realizaram uma coopera\u00e7\u00e3o amig\u00e1vel baseada nos princ\u00edpios de respeito m\u00fatuo e benef\u00edcio m\u00fatuo, disse Xi, acrescentando que o relacionamento bilateral goza de enorme potencial e amplas perspectivas.<\/p>\n<p>A China est\u00e1 pronta para trabalhar com o Turcomenist\u00e3o para continuar melhorando o relacionamento visando maiores benef\u00edcios aos dois povos, disse Xi.<\/p>\n","protected":false},"excerpt":{"rendered":"<p>O presidente chin\u00eas, Xi Jinping, reuniu-se nesta quinta-feira com o presidente turcomano, Serdar Berdimuhamedov, em Xi&#8217;an, na Prov\u00edncia de Shaanxi, noroeste da China. Xi deu as boas-vindas a Berdimuhamedov \u00e0 China para a C\u00fapula China-\u00c1sia Central. Ele lembrou a visita&#8230;<\/p>\n","protected":false},"author":2,"featured_media":0,"comment_status":"open","ping_status":"open","sticky":false,"template":"","format":"standard","meta":{"footnotes":""},"categories":[3],"tags":[],"class_list":["post-1485","post","type-post","status-publish","format-standard","hentry","category-china"],"yoast_head":"<!-- This site is optimized with the Yoast SEO plugin v27.4 - https:\/\/yoast.com\/product\/yoast-seo-wordpress\/ -->\n<title>Xi Jinping se re\u00fane com presidente do Turcomenist\u00e3o - CRI e Diario de Pernambuco<\/title>\n<meta name=\"robots\" content=\"index, follow, max-snippet:-1, max-image-preview:large, max-video-preview:-1\" \/>\n<link rel=\"canonical\" href=\"https:\/\/diariodepe.com.br\/cri\/2023\/05\/19\/xi-jinping-se-reune-com-presidente-do-turcomenistao\/\" \/>\n<meta property=\"og:locale\" content=\"pt_BR\" \/>\n<meta property=\"og:type\" content=\"article\" \/>\n<meta property=\"og:title\" content=\"Xi Jinping se re\u00fane com presidente do Turcomenist\u00e3o - CRI e Diario de Pernambuco\" \/>\n<meta property=\"og:description\" content=\"O presidente chin\u00eas, Xi Jinping, reuniu-se nesta quinta-feira com o presidente turcomano, Serdar Berdimuhamedov, em Xi&#8217;an, na Prov\u00edncia de Shaanxi, noroeste da China. Xi deu as boas-vindas a Berdimuhamedov \u00e0 China para a C\u00fapula China-\u00c1sia Central. Ele lembrou a visita...\" \/>\n<meta property=\"og:url\" content=\"https:\/\/diariodepe.com.br\/cri\/2023\/05\/19\/xi-jinping-se-reune-com-presidente-do-turcomenistao\/\" \/>\n<meta property=\"og:site_name\" content=\"CRI e Diario de Pernambuco\" \/>\n<meta property=\"article:published_time\" content=\"2023-05-19T07:01:37+00:00\" \/>\n<meta name=\"author\" content=\"Ismael Lucas S. Pereira\" \/>\n<meta name=\"twitter:card\" content=\"summary_large_image\" \/>\n<meta name=\"twitter:label1\" content=\"Escrito por\" \/>\n\t<meta name=\"twitter:data1\" content=\"Ismael Lucas S. Pereira\" \/>\n<script type=\"application\/ld+json\" class=\"yoast-schema-graph\">{\"@context\":\"https:\\\/\\\/schema.org\",\"@graph\":[{\"@type\":\"Article\",\"@id\":\"https:\\\/\\\/diariodepe.com.br\\\/cri\\\/2023\\\/05\\\/19\\\/xi-jinping-se-reune-com-presidente-do-turcomenistao\\\/#article\",\"isPartOf\":{\"@id\":\"https:\\\/\\\/diariodepe.com.br\\\/cri\\\/2023\\\/05\\\/19\\\/xi-jinping-se-reune-com-presidente-do-turcomenistao\\\/\"},\"author\":{\"name\":\"Ismael Lucas S. Pereira\",\"@id\":\"https:\\\/\\\/diariodepe.com.br\\\/cri\\\/#\\\/schema\\\/person\\\/121bb28d84f1a5b1205ef4ce9c2e0c6b\"},\"headline\":\"Xi Jinping se re\u00fane com presidente do Turcomenist\u00e3o\",\"datePublished\":\"2023-05-19T07:01:37+00:00\",\"mainEntityOfPage\":{\"@id\":\"https:\\\/\\\/diariodepe.com.br\\\/cri\\\/2023\\\/05\\\/19\\\/xi-jinping-se-reune-com-presidente-do-turcomenistao\\\/\"},\"wordCount\":291,\"commentCount\":0,\"publisher\":{\"@id\":\"https:\\\/\\\/diariodepe.com.br\\\/cri\\\/#organization\"},\"articleSection\":[\"China\"],\"inLanguage\":\"pt-BR\",\"potentialAction\":[{\"@type\":\"CommentAction\",\"name\":\"Comment\",\"target\":[\"https:\\\/\\\/diariodepe.com.br\\\/cri\\\/2023\\\/05\\\/19\\\/xi-jinping-se-reune-com-presidente-do-turcomenistao\\\/#respond\"]}]},{\"@type\":\"WebPage\",\"@id\":\"https:\\\/\\\/diariodepe.com.br\\\/cri\\\/2023\\\/05\\\/19\\\/xi-jinping-se-reune-com-presidente-do-turcomenistao\\\/\",\"url\":\"https:\\\/\\\/diariodepe.com.br\\\/cri\\\/2023\\\/05\\\/19\\\/xi-jinping-se-reune-com-presidente-do-turcomenistao\\\/\",\"name\":\"Xi Jinping se re\u00fane com presidente do Turcomenist\u00e3o - CRI e Diario de Pernambuco\",\"isPartOf\":{\"@id\":\"https:\\\/\\\/diariodepe.com.br\\\/cri\\\/#website\"},\"datePublished\":\"2023-05-19T07:01:37+00:00\",\"breadcrumb\":{\"@id\":\"https:\\\/\\\/diariodepe.com.br\\\/cri\\\/2023\\\/05\\\/19\\\/xi-jinping-se-reune-com-presidente-do-turcomenistao\\\/#breadcrumb\"},\"inLanguage\":\"pt-BR\",\"potentialAction\":[{\"@type\":\"ReadAction\",\"target\":[\"https:\\\/\\\/diariodepe.com.br\\\/cri\\\/2023\\\/05\\\/19\\\/xi-jinping-se-reune-com-presidente-do-turcomenistao\\\/\"]}]},{\"@type\":\"BreadcrumbList\",\"@id\":\"https:\\\/\\\/diariodepe.com.br\\\/cri\\\/2023\\\/05\\\/19\\\/xi-jinping-se-reune-com-presidente-do-turcomenistao\\\/#breadcrumb\",\"itemListElement\":[{\"@type\":\"ListItem\",\"position\":1,\"name\":\"In\u00edcio\",\"item\":\"https:\\\/\\\/diariodepe.com.br\\\/cri\\\/\"},{\"@type\":\"ListItem\",\"position\":2,\"name\":\"Xi Jinping se re\u00fane com presidente do Turcomenist\u00e3o\"}]},{\"@type\":\"WebSite\",\"@id\":\"https:\\\/\\\/diariodepe.com.br\\\/cri\\\/#website\",\"url\":\"https:\\\/\\\/diariodepe.com.br\\\/cri\\\/\",\"name\":\"CRI e Diario de Pernambuco\",\"description\":\"R\u00e1dio Internacional da China\",\"publisher\":{\"@id\":\"https:\\\/\\\/diariodepe.com.br\\\/cri\\\/#organization\"},\"potentialAction\":[{\"@type\":\"SearchAction\",\"target\":{\"@type\":\"EntryPoint\",\"urlTemplate\":\"https:\\\/\\\/diariodepe.com.br\\\/cri\\\/?s={search_term_string}\"},\"query-input\":{\"@type\":\"PropertyValueSpecification\",\"valueRequired\":true,\"valueName\":\"search_term_string\"}}],\"inLanguage\":\"pt-BR\"},{\"@type\":\"Organization\",\"@id\":\"https:\\\/\\\/diariodepe.com.br\\\/cri\\\/#organization\",\"name\":\"CRI e Diario de Pernambuco\",\"url\":\"https:\\\/\\\/diariodepe.com.br\\\/cri\\\/\",\"logo\":{\"@type\":\"ImageObject\",\"inLanguage\":\"pt-BR\",\"@id\":\"https:\\\/\\\/diariodepe.com.br\\\/cri\\\/#\\\/schema\\\/logo\\\/image\\\/\",\"url\":\"https:\\\/\\\/diariodepe.com.br\\\/cri\\\/wp-content\\\/uploads\\\/sites\\\/2\\\/2022\\\/12\\\/cropped-Logo.jpg\",\"contentUrl\":\"https:\\\/\\\/diariodepe.com.br\\\/cri\\\/wp-content\\\/uploads\\\/sites\\\/2\\\/2022\\\/12\\\/cropped-Logo.jpg\",\"width\":700,\"height\":59,\"caption\":\"CRI e Diario de Pernambuco\"},\"image\":{\"@id\":\"https:\\\/\\\/diariodepe.com.br\\\/cri\\\/#\\\/schema\\\/logo\\\/image\\\/\"}},{\"@type\":\"Person\",\"@id\":\"https:\\\/\\\/diariodepe.com.br\\\/cri\\\/#\\\/schema\\\/person\\\/121bb28d84f1a5b1205ef4ce9c2e0c6b\",\"name\":\"Ismael Lucas S. Pereira\",\"image\":{\"@type\":\"ImageObject\",\"inLanguage\":\"pt-BR\",\"@id\":\"https:\\\/\\\/secure.gravatar.com\\\/avatar\\\/887a0f3b5a7ceea963a48499fb883ffce6b5037362def025c52c2505b15d63e4?s=96&d=mm&r=g\",\"url\":\"https:\\\/\\\/secure.gravatar.com\\\/avatar\\\/887a0f3b5a7ceea963a48499fb883ffce6b5037362def025c52c2505b15d63e4?s=96&d=mm&r=g\",\"contentUrl\":\"https:\\\/\\\/secure.gravatar.com\\\/avatar\\\/887a0f3b5a7ceea963a48499fb883ffce6b5037362def025c52c2505b15d63e4?s=96&d=mm&r=g\",\"caption\":\"Ismael Lucas S. Pereira\"},\"url\":\"https:\\\/\\\/diariodepe.com.br\\\/cri\\\/author\\\/ismael-lucas\\\/\"}]}<\/script>\n<!-- \/ Yoast SEO plugin. -->","yoast_head_json":{"title":"Xi Jinping se re\u00fane com presidente do Turcomenist\u00e3o - CRI e Diario de Pernambuco","robots":{"index":"index","follow":"follow","max-snippet":"max-snippet:-1","max-image-preview":"max-image-preview:large","max-video-preview":"max-video-preview:-1"},"canonical":"https:\/\/diariodepe.com.br\/cri\/2023\/05\/19\/xi-jinping-se-reune-com-presidente-do-turcomenistao\/","og_locale":"pt_BR","og_type":"article","og_title":"Xi Jinping se re\u00fane com presidente do Turcomenist\u00e3o - CRI e Diario de Pernambuco","og_description":"O presidente chin\u00eas, Xi Jinping, reuniu-se nesta quinta-feira com o presidente turcomano, Serdar Berdimuhamedov, em Xi&#8217;an, na Prov\u00edncia de Shaanxi, noroeste da China. Xi deu as boas-vindas a Berdimuhamedov \u00e0 China para a C\u00fapula China-\u00c1sia Central. Ele lembrou a visita...","og_url":"https:\/\/diariodepe.com.br\/cri\/2023\/05\/19\/xi-jinping-se-reune-com-presidente-do-turcomenistao\/","og_site_name":"CRI e Diario de Pernambuco","article_published_time":"2023-05-19T07:01:37+00:00","author":"Ismael Lucas S. Pereira","twitter_card":"summary_large_image","twitter_misc":{"Escrito por":"Ismael Lucas S. Pereira"},"schema":{"@context":"https:\/\/schema.org","@graph":[{"@type":"Article","@id":"https:\/\/diariodepe.com.br\/cri\/2023\/05\/19\/xi-jinping-se-reune-com-presidente-do-turcomenistao\/#article","isPartOf":{"@id":"https:\/\/diariodepe.com.br\/cri\/2023\/05\/19\/xi-jinping-se-reune-com-presidente-do-turcomenistao\/"},"author":{"name":"Ismael Lucas S. Pereira","@id":"https:\/\/diariodepe.com.br\/cri\/#\/schema\/person\/121bb28d84f1a5b1205ef4ce9c2e0c6b"},"headline":"Xi Jinping se re\u00fane com presidente do Turcomenist\u00e3o","datePublished":"2023-05-19T07:01:37+00:00","mainEntityOfPage":{"@id":"https:\/\/diariodepe.com.br\/cri\/2023\/05\/19\/xi-jinping-se-reune-com-presidente-do-turcomenistao\/"},"wordCount":291,"commentCount":0,"publisher":{"@id":"https:\/\/diariodepe.com.br\/cri\/#organization"},"articleSection":["China"],"inLanguage":"pt-BR","potentialAction":[{"@type":"CommentAction","name":"Comment","target":["https:\/\/diariodepe.com.br\/cri\/2023\/05\/19\/xi-jinping-se-reune-com-presidente-do-turcomenistao\/#respond"]}]},{"@type":"WebPage","@id":"https:\/\/diariodepe.com.br\/cri\/2023\/05\/19\/xi-jinping-se-reune-com-presidente-do-turcomenistao\/","url":"https:\/\/diariodepe.com.br\/cri\/2023\/05\/19\/xi-jinping-se-reune-com-presidente-do-turcomenistao\/","name":"Xi Jinping se re\u00fane com presidente do Turcomenist\u00e3o - CRI e Diario de Pernambuco","isPartOf":{"@id":"https:\/\/diariodepe.com.br\/cri\/#website"},"datePublished":"2023-05-19T07:01:37+00:00","breadcrumb":{"@id":"https:\/\/diariodepe.com.br\/cri\/2023\/05\/19\/xi-jinping-se-reune-com-presidente-do-turcomenistao\/#breadcrumb"},"inLanguage":"pt-BR","potentialAction":[{"@type":"ReadAction","target":["https:\/\/diariodepe.com.br\/cri\/2023\/05\/19\/xi-jinping-se-reune-com-presidente-do-turcomenistao\/"]}]},{"@type":"BreadcrumbList","@id":"https:\/\/diariodepe.com.br\/cri\/2023\/05\/19\/xi-jinping-se-reune-com-presidente-do-turcomenistao\/#breadcrumb","itemListElement":[{"@type":"ListItem","position":1,"name":"In\u00edcio","item":"https:\/\/diariodepe.com.br\/cri\/"},{"@type":"ListItem","position":2,"name":"Xi Jinping se re\u00fane com presidente do Turcomenist\u00e3o"}]},{"@type":"WebSite","@id":"https:\/\/diariodepe.com.br\/cri\/#website","url":"https:\/\/diariodepe.com.br\/cri\/","name":"CRI e Diario de Pernambuco","description":"R\u00e1dio Internacional da China","publisher":{"@id":"https:\/\/diariodepe.com.br\/cri\/#organization"},"potentialAction":[{"@type":"SearchAction","target":{"@type":"EntryPoint","urlTemplate":"https:\/\/diariodepe.com.br\/cri\/?s={search_term_string}"},"query-input":{"@type":"PropertyValueSpecification","valueRequired":true,"valueName":"search_term_string"}}],"inLanguage":"pt-BR"},{"@type":"Organization","@id":"https:\/\/diariodepe.com.br\/cri\/#organization","name":"CRI e Diario de Pernambuco","url":"https:\/\/diariodepe.com.br\/cri\/","logo":{"@type":"ImageObject","inLanguage":"pt-BR","@id":"https:\/\/diariodepe.com.br\/cri\/#\/schema\/logo\/image\/","url":"https:\/\/diariodepe.com.br\/cri\/wp-content\/uploads\/sites\/2\/2022\/12\/cropped-Logo.jpg","contentUrl":"https:\/\/diariodepe.com.br\/cri\/wp-content\/uploads\/sites\/2\/2022\/12\/cropped-Logo.jpg","width":700,"height":59,"caption":"CRI e Diario de Pernambuco"},"image":{"@id":"https:\/\/diariodepe.com.br\/cri\/#\/schema\/logo\/image\/"}},{"@type":"Person","@id":"https:\/\/diariodepe.com.br\/cri\/#\/schema\/person\/121bb28d84f1a5b1205ef4ce9c2e0c6b","name":"Ismael Lucas S. Pereira","image":{"@type":"ImageObject","inLanguage":"pt-BR","@id":"https:\/\/secure.gravatar.com\/avatar\/887a0f3b5a7ceea963a48499fb883ffce6b5037362def025c52c2505b15d63e4?s=96&d=mm&r=g","url":"https:\/\/secure.gravatar.com\/avatar\/887a0f3b5a7ceea963a48499fb883ffce6b5037362def025c52c2505b15d63e4?s=96&d=mm&r=g","contentUrl":"https:\/\/secure.gravatar.com\/avatar\/887a0f3b5a7ceea963a48499fb883ffce6b5037362def025c52c2505b15d63e4?s=96&d=mm&r=g","caption":"Ismael Lucas S. Pereira"},"url":"https:\/\/diariodepe.com.br\/cri\/author\/ismael-lucas\/"}]}},"cc_featured_image_caption":{"caption_text":false,"source_text":false,"source_url":false},"amp_enabled":true,"_links":{"self":[{"href":"https:\/\/diariodepe.com.br\/cri\/wp-json\/wp\/v2\/posts\/1485","targetHints":{"allow":["GET"]}}],"collection":[{"href":"https:\/\/diariodepe.com.br\/cri\/wp-json\/wp\/v2\/posts"}],"about":[{"href":"https:\/\/diariodepe.com.br\/cri\/wp-json\/wp\/v2\/types\/post"}],"author":[{"embeddable":true,"href":"https:\/\/diariodepe.com.br\/cri\/wp-json\/wp\/v2\/users\/2"}],"replies":[{"embeddable":true,"href":"https:\/\/diariodepe.com.br\/cri\/wp-json\/wp\/v2\/comments?post=1485"}],"version-history":[{"count":1,"href":"https:\/\/diariodepe.com.br\/cri\/wp-json\/wp\/v2\/posts\/1485\/revisions"}],"predecessor-version":[{"id":1486,"href":"https:\/\/diariodepe.com.br\/cri\/wp-json\/wp\/v2\/posts\/1485\/revisions\/1486"}],"wp:attachment":[{"href":"https:\/\/diariodepe.com.br\/cri\/wp-json\/wp\/v2\/media?parent=1485"}],"wp:term":[{"taxonomy":"category","embeddable":true,"href":"https:\/\/diariodepe.com.br\/cri\/wp-json\/wp\/v2\/categories?post=1485"},{"taxonomy":"post_tag","embeddable":true,"href":"https:\/\/diariodepe.com.br\/cri\/wp-json\/wp\/v2\/tags?post=1485"}],"curies":[{"name":"wp","href":"https:\/\/api.w.org\/{rel}","templated":true}]}}