{"id":1481,"date":"2023-05-19T04:00:12","date_gmt":"2023-05-19T07:00:12","guid":{"rendered":"https:\/\/diariodepe.com.br\/cri\/?p=1481"},"modified":"2023-05-19T04:00:12","modified_gmt":"2023-05-19T07:00:12","slug":"forca-motriz-para-desenvolvimento-das-relacoes-entre-china-e-paises-da-asia-central","status":"publish","type":"post","link":"https:\/\/diariodepe.com.br\/cri\/2023\/05\/19\/forca-motriz-para-desenvolvimento-das-relacoes-entre-china-e-paises-da-asia-central\/","title":{"rendered":"For\u00e7a motriz para desenvolvimento das rela\u00e7\u00f5es entre China e pa\u00edses da \u00c1sia Central"},"content":{"rendered":"<p>Entre os dias 18 e 19 de maio, a C\u00fapula China-\u00c1sia Central ser\u00e1 sediada em Xi\u2019an, na prov\u00edncia chinesa de Shaanxi. Trata-se da primeira c\u00fapula realizada de forma presencial na China desde o estabelecimento, h\u00e1 31 anos, das rela\u00e7\u00f5es diplom\u00e1ticas entre a China e as na\u00e7\u00f5es da \u00c1sia Central. Diante de um cen\u00e1rio internacional que passa por transforma\u00e7\u00f5es sem precedentes nos \u00faltimos cem anos, o fato de essa reuni\u00e3o com seis chefes de Estado ocorrer em Xi\u2019an, ponto de partida da antiga Rota da Seda, traz um significado especial.<\/p>\n<p>Bons vizinhos, amigos, parceiros e irm\u00e3os s\u00e3o palavras que verdadeiramente descrevem o relacionamento entre a China e os cinco pa\u00edses da \u00c1sia Central. Mas qual \u00e9 a for\u00e7a motriz que promove essa parceria?<\/p>\n<p>Ela \u00e9 resultado da orienta\u00e7\u00e3o da diplomacia de chefe de Estado. Na \u00faltima d\u00e9cada, o presidente Xi Jinping visitou a \u00c1sia Central em sete oportunidades, e os presidentes dos cinco pa\u00edses da regi\u00e3o tamb\u00e9m visitaram diversas cidades chinesas.<\/p>\n<p>Atualmente, a China e a \u00c1sia Central encontram-se em uma fase importante das suas trajet\u00f3rias de desenvolvimento. Enquanto os pa\u00edses da regi\u00e3o est\u00e3o acelerando suas estrat\u00e9gias de desenvolvimento e est\u00e3o dispostos a cooperar com a China, esta segue promovendo sua moderniza\u00e7\u00e3o. Nesse contexto, a primeira C\u00fapula China-\u00c1sia Central ser\u00e1 realizada em um momento extremamente oportuno para facilitar o aprofundamento da confian\u00e7a estrat\u00e9gica m\u00fatua e a amplia\u00e7\u00e3o da coopera\u00e7\u00e3o em diversos setores.<\/p>\n<p>Os pa\u00edses da \u00c1sia Central localizam-se no interior do continente, e o desenvolvimento \u00e9 uma de suas prioridades. A China e essas cinco na\u00e7\u00f5es possuem uma grande complementaridade econ\u00f4mica. Em 2022, o com\u00e9rcio entre a China e os pa\u00edses da \u00c1sia Central foi de US$ 70,2 bilh\u00f5es, cem vezes maior do que o volume comercial no ano em que foram estabelecidas rela\u00e7\u00f5es diplom\u00e1ticas entre eles.<\/p>\n<p>A amizade milenar e a articula\u00e7\u00e3o de coopera\u00e7\u00f5es pragm\u00e1ticas encurtaram a dist\u00e2ncia entre os povos da China e da \u00c1sia Central. Todos aderem ao multilateralismo e \u00e0s regras do direito internacional, bem como defendem interesses essenciais, tais como a soberania nacional e a integridade territorial.<\/p>\n<p>A primeira C\u00fapula China-\u00c1sia Central favorece a constru\u00e7\u00e3o da comunidade de futuro compartilhado China-\u00c1sia Central e criar\u00e1 um futuro ainda mais brilhante.<\/p>\n","protected":false},"excerpt":{"rendered":"<p>Entre os dias 18 e 19 de maio, a C\u00fapula China-\u00c1sia Central ser\u00e1 sediada em Xi\u2019an, na prov\u00edncia chinesa de Shaanxi. Trata-se da primeira c\u00fapula realizada de forma presencial na China desde o estabelecimento, h\u00e1 31 anos, das rela\u00e7\u00f5es diplom\u00e1ticas&#8230;<\/p>\n","protected":false},"author":2,"featured_media":0,"comment_status":"open","ping_status":"open","sticky":false,"template":"","format":"standard","meta":{"footnotes":""},"categories":[7],"tags":[],"class_list":["post-1481","post","type-post","status-publish","format-standard","hentry","category-visao"],"yoast_head":"<!-- This site is optimized with the Yoast SEO plugin v27.4 - https:\/\/yoast.com\/product\/yoast-seo-wordpress\/ -->\n<title>For\u00e7a motriz para desenvolvimento das rela\u00e7\u00f5es entre China e pa\u00edses da \u00c1sia Central - CRI e Diario de Pernambuco<\/title>\n<meta name=\"robots\" content=\"index, follow, max-snippet:-1, max-image-preview:large, max-video-preview:-1\" \/>\n<link rel=\"canonical\" href=\"https:\/\/diariodepe.com.br\/cri\/2023\/05\/19\/forca-motriz-para-desenvolvimento-das-relacoes-entre-china-e-paises-da-asia-central\/\" \/>\n<meta property=\"og:locale\" content=\"pt_BR\" \/>\n<meta property=\"og:type\" content=\"article\" \/>\n<meta property=\"og:title\" content=\"For\u00e7a motriz para desenvolvimento das rela\u00e7\u00f5es entre China e pa\u00edses da \u00c1sia Central - CRI e Diario de Pernambuco\" \/>\n<meta property=\"og:description\" content=\"Entre os dias 18 e 19 de maio, a C\u00fapula China-\u00c1sia Central ser\u00e1 sediada em Xi\u2019an, na prov\u00edncia chinesa de Shaanxi. Trata-se da primeira c\u00fapula realizada de forma presencial na China desde o estabelecimento, h\u00e1 31 anos, das rela\u00e7\u00f5es diplom\u00e1ticas...\" \/>\n<meta property=\"og:url\" content=\"https:\/\/diariodepe.com.br\/cri\/2023\/05\/19\/forca-motriz-para-desenvolvimento-das-relacoes-entre-china-e-paises-da-asia-central\/\" \/>\n<meta property=\"og:site_name\" content=\"CRI e Diario de Pernambuco\" \/>\n<meta property=\"article:published_time\" content=\"2023-05-19T07:00:12+00:00\" \/>\n<meta name=\"author\" content=\"Ismael Lucas S. Pereira\" \/>\n<meta name=\"twitter:card\" content=\"summary_large_image\" \/>\n<meta name=\"twitter:label1\" content=\"Escrito por\" \/>\n\t<meta name=\"twitter:data1\" content=\"Ismael Lucas S. Pereira\" \/>\n\t<meta name=\"twitter:label2\" content=\"Est. tempo de leitura\" \/>\n\t<meta name=\"twitter:data2\" content=\"3 minutos\" \/>\n<script type=\"application\/ld+json\" class=\"yoast-schema-graph\">{\"@context\":\"https:\\\/\\\/schema.org\",\"@graph\":[{\"@type\":\"Article\",\"@id\":\"https:\\\/\\\/diariodepe.com.br\\\/cri\\\/2023\\\/05\\\/19\\\/forca-motriz-para-desenvolvimento-das-relacoes-entre-china-e-paises-da-asia-central\\\/#article\",\"isPartOf\":{\"@id\":\"https:\\\/\\\/diariodepe.com.br\\\/cri\\\/2023\\\/05\\\/19\\\/forca-motriz-para-desenvolvimento-das-relacoes-entre-china-e-paises-da-asia-central\\\/\"},\"author\":{\"name\":\"Ismael Lucas S. Pereira\",\"@id\":\"https:\\\/\\\/diariodepe.com.br\\\/cri\\\/#\\\/schema\\\/person\\\/121bb28d84f1a5b1205ef4ce9c2e0c6b\"},\"headline\":\"For\u00e7a motriz para desenvolvimento das rela\u00e7\u00f5es entre China e pa\u00edses da \u00c1sia Central\",\"datePublished\":\"2023-05-19T07:00:12+00:00\",\"mainEntityOfPage\":{\"@id\":\"https:\\\/\\\/diariodepe.com.br\\\/cri\\\/2023\\\/05\\\/19\\\/forca-motriz-para-desenvolvimento-das-relacoes-entre-china-e-paises-da-asia-central\\\/\"},\"wordCount\":422,\"commentCount\":0,\"publisher\":{\"@id\":\"https:\\\/\\\/diariodepe.com.br\\\/cri\\\/#organization\"},\"articleSection\":[\"Vis\u00e3o\"],\"inLanguage\":\"pt-BR\",\"potentialAction\":[{\"@type\":\"CommentAction\",\"name\":\"Comment\",\"target\":[\"https:\\\/\\\/diariodepe.com.br\\\/cri\\\/2023\\\/05\\\/19\\\/forca-motriz-para-desenvolvimento-das-relacoes-entre-china-e-paises-da-asia-central\\\/#respond\"]}]},{\"@type\":\"WebPage\",\"@id\":\"https:\\\/\\\/diariodepe.com.br\\\/cri\\\/2023\\\/05\\\/19\\\/forca-motriz-para-desenvolvimento-das-relacoes-entre-china-e-paises-da-asia-central\\\/\",\"url\":\"https:\\\/\\\/diariodepe.com.br\\\/cri\\\/2023\\\/05\\\/19\\\/forca-motriz-para-desenvolvimento-das-relacoes-entre-china-e-paises-da-asia-central\\\/\",\"name\":\"For\u00e7a motriz para desenvolvimento das rela\u00e7\u00f5es entre China e pa\u00edses da \u00c1sia Central - CRI e Diario de Pernambuco\",\"isPartOf\":{\"@id\":\"https:\\\/\\\/diariodepe.com.br\\\/cri\\\/#website\"},\"datePublished\":\"2023-05-19T07:00:12+00:00\",\"breadcrumb\":{\"@id\":\"https:\\\/\\\/diariodepe.com.br\\\/cri\\\/2023\\\/05\\\/19\\\/forca-motriz-para-desenvolvimento-das-relacoes-entre-china-e-paises-da-asia-central\\\/#breadcrumb\"},\"inLanguage\":\"pt-BR\",\"potentialAction\":[{\"@type\":\"ReadAction\",\"target\":[\"https:\\\/\\\/diariodepe.com.br\\\/cri\\\/2023\\\/05\\\/19\\\/forca-motriz-para-desenvolvimento-das-relacoes-entre-china-e-paises-da-asia-central\\\/\"]}]},{\"@type\":\"BreadcrumbList\",\"@id\":\"https:\\\/\\\/diariodepe.com.br\\\/cri\\\/2023\\\/05\\\/19\\\/forca-motriz-para-desenvolvimento-das-relacoes-entre-china-e-paises-da-asia-central\\\/#breadcrumb\",\"itemListElement\":[{\"@type\":\"ListItem\",\"position\":1,\"name\":\"In\u00edcio\",\"item\":\"https:\\\/\\\/diariodepe.com.br\\\/cri\\\/\"},{\"@type\":\"ListItem\",\"position\":2,\"name\":\"For\u00e7a motriz para desenvolvimento das rela\u00e7\u00f5es entre China e pa\u00edses da \u00c1sia Central\"}]},{\"@type\":\"WebSite\",\"@id\":\"https:\\\/\\\/diariodepe.com.br\\\/cri\\\/#website\",\"url\":\"https:\\\/\\\/diariodepe.com.br\\\/cri\\\/\",\"name\":\"CRI e Diario de Pernambuco\",\"description\":\"R\u00e1dio Internacional da China\",\"publisher\":{\"@id\":\"https:\\\/\\\/diariodepe.com.br\\\/cri\\\/#organization\"},\"potentialAction\":[{\"@type\":\"SearchAction\",\"target\":{\"@type\":\"EntryPoint\",\"urlTemplate\":\"https:\\\/\\\/diariodepe.com.br\\\/cri\\\/?s={search_term_string}\"},\"query-input\":{\"@type\":\"PropertyValueSpecification\",\"valueRequired\":true,\"valueName\":\"search_term_string\"}}],\"inLanguage\":\"pt-BR\"},{\"@type\":\"Organization\",\"@id\":\"https:\\\/\\\/diariodepe.com.br\\\/cri\\\/#organization\",\"name\":\"CRI e Diario de Pernambuco\",\"url\":\"https:\\\/\\\/diariodepe.com.br\\\/cri\\\/\",\"logo\":{\"@type\":\"ImageObject\",\"inLanguage\":\"pt-BR\",\"@id\":\"https:\\\/\\\/diariodepe.com.br\\\/cri\\\/#\\\/schema\\\/logo\\\/image\\\/\",\"url\":\"https:\\\/\\\/diariodepe.com.br\\\/cri\\\/wp-content\\\/uploads\\\/sites\\\/2\\\/2022\\\/12\\\/cropped-Logo.jpg\",\"contentUrl\":\"https:\\\/\\\/diariodepe.com.br\\\/cri\\\/wp-content\\\/uploads\\\/sites\\\/2\\\/2022\\\/12\\\/cropped-Logo.jpg\",\"width\":700,\"height\":59,\"caption\":\"CRI e Diario de Pernambuco\"},\"image\":{\"@id\":\"https:\\\/\\\/diariodepe.com.br\\\/cri\\\/#\\\/schema\\\/logo\\\/image\\\/\"}},{\"@type\":\"Person\",\"@id\":\"https:\\\/\\\/diariodepe.com.br\\\/cri\\\/#\\\/schema\\\/person\\\/121bb28d84f1a5b1205ef4ce9c2e0c6b\",\"name\":\"Ismael Lucas S. Pereira\",\"image\":{\"@type\":\"ImageObject\",\"inLanguage\":\"pt-BR\",\"@id\":\"https:\\\/\\\/secure.gravatar.com\\\/avatar\\\/887a0f3b5a7ceea963a48499fb883ffce6b5037362def025c52c2505b15d63e4?s=96&d=mm&r=g\",\"url\":\"https:\\\/\\\/secure.gravatar.com\\\/avatar\\\/887a0f3b5a7ceea963a48499fb883ffce6b5037362def025c52c2505b15d63e4?s=96&d=mm&r=g\",\"contentUrl\":\"https:\\\/\\\/secure.gravatar.com\\\/avatar\\\/887a0f3b5a7ceea963a48499fb883ffce6b5037362def025c52c2505b15d63e4?s=96&d=mm&r=g\",\"caption\":\"Ismael Lucas S. Pereira\"},\"url\":\"https:\\\/\\\/diariodepe.com.br\\\/cri\\\/author\\\/ismael-lucas\\\/\"}]}<\/script>\n<!-- \/ Yoast SEO plugin. -->","yoast_head_json":{"title":"For\u00e7a motriz para desenvolvimento das rela\u00e7\u00f5es entre China e pa\u00edses da \u00c1sia Central - CRI e Diario de Pernambuco","robots":{"index":"index","follow":"follow","max-snippet":"max-snippet:-1","max-image-preview":"max-image-preview:large","max-video-preview":"max-video-preview:-1"},"canonical":"https:\/\/diariodepe.com.br\/cri\/2023\/05\/19\/forca-motriz-para-desenvolvimento-das-relacoes-entre-china-e-paises-da-asia-central\/","og_locale":"pt_BR","og_type":"article","og_title":"For\u00e7a motriz para desenvolvimento das rela\u00e7\u00f5es entre China e pa\u00edses da \u00c1sia Central - CRI e Diario de Pernambuco","og_description":"Entre os dias 18 e 19 de maio, a C\u00fapula China-\u00c1sia Central ser\u00e1 sediada em Xi\u2019an, na prov\u00edncia chinesa de Shaanxi. Trata-se da primeira c\u00fapula realizada de forma presencial na China desde o estabelecimento, h\u00e1 31 anos, das rela\u00e7\u00f5es diplom\u00e1ticas...","og_url":"https:\/\/diariodepe.com.br\/cri\/2023\/05\/19\/forca-motriz-para-desenvolvimento-das-relacoes-entre-china-e-paises-da-asia-central\/","og_site_name":"CRI e Diario de Pernambuco","article_published_time":"2023-05-19T07:00:12+00:00","author":"Ismael Lucas S. Pereira","twitter_card":"summary_large_image","twitter_misc":{"Escrito por":"Ismael Lucas S. Pereira","Est. tempo de leitura":"3 minutos"},"schema":{"@context":"https:\/\/schema.org","@graph":[{"@type":"Article","@id":"https:\/\/diariodepe.com.br\/cri\/2023\/05\/19\/forca-motriz-para-desenvolvimento-das-relacoes-entre-china-e-paises-da-asia-central\/#article","isPartOf":{"@id":"https:\/\/diariodepe.com.br\/cri\/2023\/05\/19\/forca-motriz-para-desenvolvimento-das-relacoes-entre-china-e-paises-da-asia-central\/"},"author":{"name":"Ismael Lucas S. Pereira","@id":"https:\/\/diariodepe.com.br\/cri\/#\/schema\/person\/121bb28d84f1a5b1205ef4ce9c2e0c6b"},"headline":"For\u00e7a motriz para desenvolvimento das rela\u00e7\u00f5es entre China e pa\u00edses da \u00c1sia Central","datePublished":"2023-05-19T07:00:12+00:00","mainEntityOfPage":{"@id":"https:\/\/diariodepe.com.br\/cri\/2023\/05\/19\/forca-motriz-para-desenvolvimento-das-relacoes-entre-china-e-paises-da-asia-central\/"},"wordCount":422,"commentCount":0,"publisher":{"@id":"https:\/\/diariodepe.com.br\/cri\/#organization"},"articleSection":["Vis\u00e3o"],"inLanguage":"pt-BR","potentialAction":[{"@type":"CommentAction","name":"Comment","target":["https:\/\/diariodepe.com.br\/cri\/2023\/05\/19\/forca-motriz-para-desenvolvimento-das-relacoes-entre-china-e-paises-da-asia-central\/#respond"]}]},{"@type":"WebPage","@id":"https:\/\/diariodepe.com.br\/cri\/2023\/05\/19\/forca-motriz-para-desenvolvimento-das-relacoes-entre-china-e-paises-da-asia-central\/","url":"https:\/\/diariodepe.com.br\/cri\/2023\/05\/19\/forca-motriz-para-desenvolvimento-das-relacoes-entre-china-e-paises-da-asia-central\/","name":"For\u00e7a motriz para desenvolvimento das rela\u00e7\u00f5es entre China e pa\u00edses da \u00c1sia Central - CRI e Diario de Pernambuco","isPartOf":{"@id":"https:\/\/diariodepe.com.br\/cri\/#website"},"datePublished":"2023-05-19T07:00:12+00:00","breadcrumb":{"@id":"https:\/\/diariodepe.com.br\/cri\/2023\/05\/19\/forca-motriz-para-desenvolvimento-das-relacoes-entre-china-e-paises-da-asia-central\/#breadcrumb"},"inLanguage":"pt-BR","potentialAction":[{"@type":"ReadAction","target":["https:\/\/diariodepe.com.br\/cri\/2023\/05\/19\/forca-motriz-para-desenvolvimento-das-relacoes-entre-china-e-paises-da-asia-central\/"]}]},{"@type":"BreadcrumbList","@id":"https:\/\/diariodepe.com.br\/cri\/2023\/05\/19\/forca-motriz-para-desenvolvimento-das-relacoes-entre-china-e-paises-da-asia-central\/#breadcrumb","itemListElement":[{"@type":"ListItem","position":1,"name":"In\u00edcio","item":"https:\/\/diariodepe.com.br\/cri\/"},{"@type":"ListItem","position":2,"name":"For\u00e7a motriz para desenvolvimento das rela\u00e7\u00f5es entre China e pa\u00edses da \u00c1sia Central"}]},{"@type":"WebSite","@id":"https:\/\/diariodepe.com.br\/cri\/#website","url":"https:\/\/diariodepe.com.br\/cri\/","name":"CRI e Diario de Pernambuco","description":"R\u00e1dio Internacional da China","publisher":{"@id":"https:\/\/diariodepe.com.br\/cri\/#organization"},"potentialAction":[{"@type":"SearchAction","target":{"@type":"EntryPoint","urlTemplate":"https:\/\/diariodepe.com.br\/cri\/?s={search_term_string}"},"query-input":{"@type":"PropertyValueSpecification","valueRequired":true,"valueName":"search_term_string"}}],"inLanguage":"pt-BR"},{"@type":"Organization","@id":"https:\/\/diariodepe.com.br\/cri\/#organization","name":"CRI e Diario de Pernambuco","url":"https:\/\/diariodepe.com.br\/cri\/","logo":{"@type":"ImageObject","inLanguage":"pt-BR","@id":"https:\/\/diariodepe.com.br\/cri\/#\/schema\/logo\/image\/","url":"https:\/\/diariodepe.com.br\/cri\/wp-content\/uploads\/sites\/2\/2022\/12\/cropped-Logo.jpg","contentUrl":"https:\/\/diariodepe.com.br\/cri\/wp-content\/uploads\/sites\/2\/2022\/12\/cropped-Logo.jpg","width":700,"height":59,"caption":"CRI e Diario de Pernambuco"},"image":{"@id":"https:\/\/diariodepe.com.br\/cri\/#\/schema\/logo\/image\/"}},{"@type":"Person","@id":"https:\/\/diariodepe.com.br\/cri\/#\/schema\/person\/121bb28d84f1a5b1205ef4ce9c2e0c6b","name":"Ismael Lucas S. Pereira","image":{"@type":"ImageObject","inLanguage":"pt-BR","@id":"https:\/\/secure.gravatar.com\/avatar\/887a0f3b5a7ceea963a48499fb883ffce6b5037362def025c52c2505b15d63e4?s=96&d=mm&r=g","url":"https:\/\/secure.gravatar.com\/avatar\/887a0f3b5a7ceea963a48499fb883ffce6b5037362def025c52c2505b15d63e4?s=96&d=mm&r=g","contentUrl":"https:\/\/secure.gravatar.com\/avatar\/887a0f3b5a7ceea963a48499fb883ffce6b5037362def025c52c2505b15d63e4?s=96&d=mm&r=g","caption":"Ismael Lucas S. Pereira"},"url":"https:\/\/diariodepe.com.br\/cri\/author\/ismael-lucas\/"}]}},"cc_featured_image_caption":{"caption_text":false,"source_text":false,"source_url":false},"amp_enabled":true,"_links":{"self":[{"href":"https:\/\/diariodepe.com.br\/cri\/wp-json\/wp\/v2\/posts\/1481","targetHints":{"allow":["GET"]}}],"collection":[{"href":"https:\/\/diariodepe.com.br\/cri\/wp-json\/wp\/v2\/posts"}],"about":[{"href":"https:\/\/diariodepe.com.br\/cri\/wp-json\/wp\/v2\/types\/post"}],"author":[{"embeddable":true,"href":"https:\/\/diariodepe.com.br\/cri\/wp-json\/wp\/v2\/users\/2"}],"replies":[{"embeddable":true,"href":"https:\/\/diariodepe.com.br\/cri\/wp-json\/wp\/v2\/comments?post=1481"}],"version-history":[{"count":1,"href":"https:\/\/diariodepe.com.br\/cri\/wp-json\/wp\/v2\/posts\/1481\/revisions"}],"predecessor-version":[{"id":1482,"href":"https:\/\/diariodepe.com.br\/cri\/wp-json\/wp\/v2\/posts\/1481\/revisions\/1482"}],"wp:attachment":[{"href":"https:\/\/diariodepe.com.br\/cri\/wp-json\/wp\/v2\/media?parent=1481"}],"wp:term":[{"taxonomy":"category","embeddable":true,"href":"https:\/\/diariodepe.com.br\/cri\/wp-json\/wp\/v2\/categories?post=1481"},{"taxonomy":"post_tag","embeddable":true,"href":"https:\/\/diariodepe.com.br\/cri\/wp-json\/wp\/v2\/tags?post=1481"}],"curies":[{"name":"wp","href":"https:\/\/api.w.org\/{rel}","templated":true}]}}