{"id":1478,"date":"2023-05-19T03:59:38","date_gmt":"2023-05-19T06:59:38","guid":{"rendered":"https:\/\/diariodepe.com.br\/cri\/?p=1478"},"modified":"2023-05-19T03:59:38","modified_gmt":"2023-05-19T06:59:38","slug":"dialogo-de-alto-nivel-das-midias-china-asia-central-e-realizado-com-sucesso","status":"publish","type":"post","link":"https:\/\/diariodepe.com.br\/cri\/2023\/05\/19\/dialogo-de-alto-nivel-das-midias-china-asia-central-e-realizado-com-sucesso\/","title":{"rendered":"Di\u00e1logo de alto n\u00edvel das m\u00eddias China-\u00c1sia Central \u00e9 realizado com sucesso"},"content":{"rendered":"<p>Na v\u00e9spera da C\u00fapula China-\u00c1sia Central, um di\u00e1logo de alto n\u00edvel entre as m\u00eddias da China e dos pa\u00edses da \u00c1sia Central (Cazaquist\u00e3o, Uzbequist\u00e3o, Turcomenist\u00e3o, Tajiquist\u00e3o e Quirguist\u00e3o) foi realizado com sucesso em Beijing, na ter\u00e7a-feira (16).<\/p>\n<p>O evento proposto pelo Grupo de M\u00eddia da China (CMG, sigla em ingl\u00eas) contou com a participa\u00e7\u00e3o de respons\u00e1veis das principais m\u00eddias, diplomatas, especialistas e acad\u00eamicos dos pa\u00edses envolvidos, discutindo sobre o tema \u201cModerniza\u00e7\u00e3o chinesa e \u00c1sia Central: novo desenvolvimento e novas oportunidades\u201d.<\/p>\n<p data-spm-anchor-id=\"C01117136916.Pa0Y3w89tEbw.0.i1\">Os convidados concordaram unanimemente que a moderniza\u00e7\u00e3o chinesa ofere\u00e7a\u00a0uma nova op\u00e7\u00e3o para que a humanidade alcance a moderniza\u00e7\u00e3o e estabele\u00e7a um modelo para que os pa\u00edses em desenvolvimento, incluindo os pa\u00edses da \u00c1sia Central, avancem de forma independente rumo \u00e0 moderniza\u00e7\u00e3o.<\/p>\n<p>Shen Haixiong, vice-ministro do Departamento de Comunica\u00e7\u00e3o do Comit\u00ea Central do Partido Comunista da China e presidente do CMG,\u00a0afirmou\u00a0que\u00a0a implementa\u00e7\u00e3o conjunta da iniciativa \u201cCintur\u00e3o e Rota\u201d na \u00c1sia Central onde a iniciativa foi proposta tem alcan\u00e7ado resultados frut\u00edferos nos \u00faltimos dez anos, injetando mais estabilidade e certeza na paz e prosperidade regionais. Segundo Shen, esse \u00e9 um retrato v\u00edvido de que a moderniza\u00e7\u00e3o chinesa criou novos\u00a0impulsos\u00a0e proporcionou novas oportunidades para o desenvolvimento da \u00c1sia Central.<\/p>\n<p>Como uma ponte para aumentar a compreens\u00e3o m\u00fatua e a amizade entre os povos, a m\u00eddia\u00a0desempenha um papel\u00a0indispens\u00e1vel e insubstitu\u00edvel no processo da\u00a0promo\u00e7\u00e3o da moderniza\u00e7\u00e3o humana, disse Shen Haixiong, salientando que o CMG aproveitar\u00e1 esse di\u00e1logo como uma oportunidade para aprender uns com os outros e\u00a0avan\u00e7ar de m\u00e3os dadas\u00a0com os colegas da m\u00eddia dos pa\u00edses da \u00c1sia Central, al\u00e9m de contribuir com a\u00e7\u00f5es concretas para a promo\u00e7\u00e3o dos valores comuns de toda a humanidade e para a constru\u00e7\u00e3o de uma comunidade mais pr\u00f3xima de futuro compartilhado\u00a0entre a China e a \u00c1sia Central.<\/p>\n","protected":false},"excerpt":{"rendered":"<p>Na v\u00e9spera da C\u00fapula China-\u00c1sia Central, um di\u00e1logo de alto n\u00edvel entre as m\u00eddias da China e dos pa\u00edses da \u00c1sia Central (Cazaquist\u00e3o, Uzbequist\u00e3o, Turcomenist\u00e3o, Tajiquist\u00e3o e Quirguist\u00e3o) foi realizado com sucesso em Beijing, na ter\u00e7a-feira (16). O evento proposto&#8230;<\/p>\n","protected":false},"author":2,"featured_media":1479,"comment_status":"open","ping_status":"open","sticky":false,"template":"","format":"standard","meta":{"footnotes":""},"categories":[3,5],"tags":[],"class_list":["post-1478","post","type-post","status-publish","format-standard","has-post-thumbnail","hentry","category-china","category-destaques-capa"],"yoast_head":"<!-- This site is optimized with the Yoast SEO plugin v27.4 - https:\/\/yoast.com\/product\/yoast-seo-wordpress\/ -->\n<title>Di\u00e1logo de alto n\u00edvel das m\u00eddias China-\u00c1sia Central \u00e9 realizado com sucesso - CRI e Diario de Pernambuco<\/title>\n<meta name=\"robots\" content=\"index, follow, max-snippet:-1, max-image-preview:large, max-video-preview:-1\" \/>\n<link rel=\"canonical\" href=\"https:\/\/diariodepe.com.br\/cri\/2023\/05\/19\/dialogo-de-alto-nivel-das-midias-china-asia-central-e-realizado-com-sucesso\/\" \/>\n<meta property=\"og:locale\" content=\"pt_BR\" \/>\n<meta property=\"og:type\" content=\"article\" \/>\n<meta property=\"og:title\" content=\"Di\u00e1logo de alto n\u00edvel das m\u00eddias China-\u00c1sia Central \u00e9 realizado com sucesso - CRI e Diario de Pernambuco\" \/>\n<meta property=\"og:description\" content=\"Na v\u00e9spera da C\u00fapula China-\u00c1sia Central, um di\u00e1logo de alto n\u00edvel entre as m\u00eddias da China e dos pa\u00edses da \u00c1sia Central (Cazaquist\u00e3o, Uzbequist\u00e3o, Turcomenist\u00e3o, Tajiquist\u00e3o e Quirguist\u00e3o) foi realizado com sucesso em Beijing, na ter\u00e7a-feira (16). O evento proposto...\" \/>\n<meta property=\"og:url\" content=\"https:\/\/diariodepe.com.br\/cri\/2023\/05\/19\/dialogo-de-alto-nivel-das-midias-china-asia-central-e-realizado-com-sucesso\/\" \/>\n<meta property=\"og:site_name\" content=\"CRI e Diario de Pernambuco\" \/>\n<meta property=\"article:published_time\" content=\"2023-05-19T06:59:38+00:00\" \/>\n<meta property=\"og:image\" content=\"https:\/\/diariodepe.com.br\/cri\/wp-content\/uploads\/sites\/2\/2023\/05\/2023051715343721153.jpg\" \/>\n\t<meta property=\"og:image:width\" content=\"1920\" \/>\n\t<meta property=\"og:image:height\" content=\"1080\" \/>\n\t<meta property=\"og:image:type\" content=\"image\/jpeg\" \/>\n<meta name=\"author\" content=\"Ismael Lucas S. Pereira\" \/>\n<meta name=\"twitter:card\" content=\"summary_large_image\" \/>\n<meta name=\"twitter:label1\" content=\"Escrito por\" \/>\n\t<meta name=\"twitter:data1\" content=\"Ismael Lucas S. Pereira\" \/>\n\t<meta name=\"twitter:label2\" content=\"Est. tempo de leitura\" \/>\n\t<meta name=\"twitter:data2\" content=\"2 minutos\" \/>\n<script type=\"application\/ld+json\" class=\"yoast-schema-graph\">{\"@context\":\"https:\\\/\\\/schema.org\",\"@graph\":[{\"@type\":\"Article\",\"@id\":\"https:\\\/\\\/diariodepe.com.br\\\/cri\\\/2023\\\/05\\\/19\\\/dialogo-de-alto-nivel-das-midias-china-asia-central-e-realizado-com-sucesso\\\/#article\",\"isPartOf\":{\"@id\":\"https:\\\/\\\/diariodepe.com.br\\\/cri\\\/2023\\\/05\\\/19\\\/dialogo-de-alto-nivel-das-midias-china-asia-central-e-realizado-com-sucesso\\\/\"},\"author\":{\"name\":\"Ismael Lucas S. Pereira\",\"@id\":\"https:\\\/\\\/diariodepe.com.br\\\/cri\\\/#\\\/schema\\\/person\\\/121bb28d84f1a5b1205ef4ce9c2e0c6b\"},\"headline\":\"Di\u00e1logo de alto n\u00edvel das m\u00eddias China-\u00c1sia Central \u00e9 realizado com sucesso\",\"datePublished\":\"2023-05-19T06:59:38+00:00\",\"mainEntityOfPage\":{\"@id\":\"https:\\\/\\\/diariodepe.com.br\\\/cri\\\/2023\\\/05\\\/19\\\/dialogo-de-alto-nivel-das-midias-china-asia-central-e-realizado-com-sucesso\\\/\"},\"wordCount\":365,\"commentCount\":0,\"publisher\":{\"@id\":\"https:\\\/\\\/diariodepe.com.br\\\/cri\\\/#organization\"},\"image\":{\"@id\":\"https:\\\/\\\/diariodepe.com.br\\\/cri\\\/2023\\\/05\\\/19\\\/dialogo-de-alto-nivel-das-midias-china-asia-central-e-realizado-com-sucesso\\\/#primaryimage\"},\"thumbnailUrl\":\"https:\\\/\\\/diariodepe.com.br\\\/cri\\\/wp-content\\\/uploads\\\/sites\\\/2\\\/2023\\\/05\\\/2023051715343721153.jpg\",\"articleSection\":[\"China\",\"Destaques Capa\"],\"inLanguage\":\"pt-BR\",\"potentialAction\":[{\"@type\":\"CommentAction\",\"name\":\"Comment\",\"target\":[\"https:\\\/\\\/diariodepe.com.br\\\/cri\\\/2023\\\/05\\\/19\\\/dialogo-de-alto-nivel-das-midias-china-asia-central-e-realizado-com-sucesso\\\/#respond\"]}]},{\"@type\":\"WebPage\",\"@id\":\"https:\\\/\\\/diariodepe.com.br\\\/cri\\\/2023\\\/05\\\/19\\\/dialogo-de-alto-nivel-das-midias-china-asia-central-e-realizado-com-sucesso\\\/\",\"url\":\"https:\\\/\\\/diariodepe.com.br\\\/cri\\\/2023\\\/05\\\/19\\\/dialogo-de-alto-nivel-das-midias-china-asia-central-e-realizado-com-sucesso\\\/\",\"name\":\"Di\u00e1logo de alto n\u00edvel das m\u00eddias China-\u00c1sia Central \u00e9 realizado com sucesso - CRI e Diario de Pernambuco\",\"isPartOf\":{\"@id\":\"https:\\\/\\\/diariodepe.com.br\\\/cri\\\/#website\"},\"primaryImageOfPage\":{\"@id\":\"https:\\\/\\\/diariodepe.com.br\\\/cri\\\/2023\\\/05\\\/19\\\/dialogo-de-alto-nivel-das-midias-china-asia-central-e-realizado-com-sucesso\\\/#primaryimage\"},\"image\":{\"@id\":\"https:\\\/\\\/diariodepe.com.br\\\/cri\\\/2023\\\/05\\\/19\\\/dialogo-de-alto-nivel-das-midias-china-asia-central-e-realizado-com-sucesso\\\/#primaryimage\"},\"thumbnailUrl\":\"https:\\\/\\\/diariodepe.com.br\\\/cri\\\/wp-content\\\/uploads\\\/sites\\\/2\\\/2023\\\/05\\\/2023051715343721153.jpg\",\"datePublished\":\"2023-05-19T06:59:38+00:00\",\"breadcrumb\":{\"@id\":\"https:\\\/\\\/diariodepe.com.br\\\/cri\\\/2023\\\/05\\\/19\\\/dialogo-de-alto-nivel-das-midias-china-asia-central-e-realizado-com-sucesso\\\/#breadcrumb\"},\"inLanguage\":\"pt-BR\",\"potentialAction\":[{\"@type\":\"ReadAction\",\"target\":[\"https:\\\/\\\/diariodepe.com.br\\\/cri\\\/2023\\\/05\\\/19\\\/dialogo-de-alto-nivel-das-midias-china-asia-central-e-realizado-com-sucesso\\\/\"]}]},{\"@type\":\"ImageObject\",\"inLanguage\":\"pt-BR\",\"@id\":\"https:\\\/\\\/diariodepe.com.br\\\/cri\\\/2023\\\/05\\\/19\\\/dialogo-de-alto-nivel-das-midias-china-asia-central-e-realizado-com-sucesso\\\/#primaryimage\",\"url\":\"https:\\\/\\\/diariodepe.com.br\\\/cri\\\/wp-content\\\/uploads\\\/sites\\\/2\\\/2023\\\/05\\\/2023051715343721153.jpg\",\"contentUrl\":\"https:\\\/\\\/diariodepe.com.br\\\/cri\\\/wp-content\\\/uploads\\\/sites\\\/2\\\/2023\\\/05\\\/2023051715343721153.jpg\",\"width\":1920,\"height\":1080},{\"@type\":\"BreadcrumbList\",\"@id\":\"https:\\\/\\\/diariodepe.com.br\\\/cri\\\/2023\\\/05\\\/19\\\/dialogo-de-alto-nivel-das-midias-china-asia-central-e-realizado-com-sucesso\\\/#breadcrumb\",\"itemListElement\":[{\"@type\":\"ListItem\",\"position\":1,\"name\":\"In\u00edcio\",\"item\":\"https:\\\/\\\/diariodepe.com.br\\\/cri\\\/\"},{\"@type\":\"ListItem\",\"position\":2,\"name\":\"Di\u00e1logo de alto n\u00edvel das m\u00eddias China-\u00c1sia Central \u00e9 realizado com sucesso\"}]},{\"@type\":\"WebSite\",\"@id\":\"https:\\\/\\\/diariodepe.com.br\\\/cri\\\/#website\",\"url\":\"https:\\\/\\\/diariodepe.com.br\\\/cri\\\/\",\"name\":\"CRI e Diario de Pernambuco\",\"description\":\"R\u00e1dio Internacional da China\",\"publisher\":{\"@id\":\"https:\\\/\\\/diariodepe.com.br\\\/cri\\\/#organization\"},\"potentialAction\":[{\"@type\":\"SearchAction\",\"target\":{\"@type\":\"EntryPoint\",\"urlTemplate\":\"https:\\\/\\\/diariodepe.com.br\\\/cri\\\/?s={search_term_string}\"},\"query-input\":{\"@type\":\"PropertyValueSpecification\",\"valueRequired\":true,\"valueName\":\"search_term_string\"}}],\"inLanguage\":\"pt-BR\"},{\"@type\":\"Organization\",\"@id\":\"https:\\\/\\\/diariodepe.com.br\\\/cri\\\/#organization\",\"name\":\"CRI e Diario de Pernambuco\",\"url\":\"https:\\\/\\\/diariodepe.com.br\\\/cri\\\/\",\"logo\":{\"@type\":\"ImageObject\",\"inLanguage\":\"pt-BR\",\"@id\":\"https:\\\/\\\/diariodepe.com.br\\\/cri\\\/#\\\/schema\\\/logo\\\/image\\\/\",\"url\":\"https:\\\/\\\/diariodepe.com.br\\\/cri\\\/wp-content\\\/uploads\\\/sites\\\/2\\\/2022\\\/12\\\/cropped-Logo.jpg\",\"contentUrl\":\"https:\\\/\\\/diariodepe.com.br\\\/cri\\\/wp-content\\\/uploads\\\/sites\\\/2\\\/2022\\\/12\\\/cropped-Logo.jpg\",\"width\":700,\"height\":59,\"caption\":\"CRI e Diario de Pernambuco\"},\"image\":{\"@id\":\"https:\\\/\\\/diariodepe.com.br\\\/cri\\\/#\\\/schema\\\/logo\\\/image\\\/\"}},{\"@type\":\"Person\",\"@id\":\"https:\\\/\\\/diariodepe.com.br\\\/cri\\\/#\\\/schema\\\/person\\\/121bb28d84f1a5b1205ef4ce9c2e0c6b\",\"name\":\"Ismael Lucas S. Pereira\",\"image\":{\"@type\":\"ImageObject\",\"inLanguage\":\"pt-BR\",\"@id\":\"https:\\\/\\\/secure.gravatar.com\\\/avatar\\\/887a0f3b5a7ceea963a48499fb883ffce6b5037362def025c52c2505b15d63e4?s=96&d=mm&r=g\",\"url\":\"https:\\\/\\\/secure.gravatar.com\\\/avatar\\\/887a0f3b5a7ceea963a48499fb883ffce6b5037362def025c52c2505b15d63e4?s=96&d=mm&r=g\",\"contentUrl\":\"https:\\\/\\\/secure.gravatar.com\\\/avatar\\\/887a0f3b5a7ceea963a48499fb883ffce6b5037362def025c52c2505b15d63e4?s=96&d=mm&r=g\",\"caption\":\"Ismael Lucas S. Pereira\"},\"url\":\"https:\\\/\\\/diariodepe.com.br\\\/cri\\\/author\\\/ismael-lucas\\\/\"}]}<\/script>\n<!-- \/ Yoast SEO plugin. -->","yoast_head_json":{"title":"Di\u00e1logo de alto n\u00edvel das m\u00eddias China-\u00c1sia Central \u00e9 realizado com sucesso - CRI e Diario de Pernambuco","robots":{"index":"index","follow":"follow","max-snippet":"max-snippet:-1","max-image-preview":"max-image-preview:large","max-video-preview":"max-video-preview:-1"},"canonical":"https:\/\/diariodepe.com.br\/cri\/2023\/05\/19\/dialogo-de-alto-nivel-das-midias-china-asia-central-e-realizado-com-sucesso\/","og_locale":"pt_BR","og_type":"article","og_title":"Di\u00e1logo de alto n\u00edvel das m\u00eddias China-\u00c1sia Central \u00e9 realizado com sucesso - CRI e Diario de Pernambuco","og_description":"Na v\u00e9spera da C\u00fapula China-\u00c1sia Central, um di\u00e1logo de alto n\u00edvel entre as m\u00eddias da China e dos pa\u00edses da \u00c1sia Central (Cazaquist\u00e3o, Uzbequist\u00e3o, Turcomenist\u00e3o, Tajiquist\u00e3o e Quirguist\u00e3o) foi realizado com sucesso em Beijing, na ter\u00e7a-feira (16). O evento proposto...","og_url":"https:\/\/diariodepe.com.br\/cri\/2023\/05\/19\/dialogo-de-alto-nivel-das-midias-china-asia-central-e-realizado-com-sucesso\/","og_site_name":"CRI e Diario de Pernambuco","article_published_time":"2023-05-19T06:59:38+00:00","og_image":[{"width":1920,"height":1080,"url":"https:\/\/diariodepe.com.br\/cri\/wp-content\/uploads\/sites\/2\/2023\/05\/2023051715343721153.jpg","type":"image\/jpeg"}],"author":"Ismael Lucas S. Pereira","twitter_card":"summary_large_image","twitter_misc":{"Escrito por":"Ismael Lucas S. Pereira","Est. tempo de leitura":"2 minutos"},"schema":{"@context":"https:\/\/schema.org","@graph":[{"@type":"Article","@id":"https:\/\/diariodepe.com.br\/cri\/2023\/05\/19\/dialogo-de-alto-nivel-das-midias-china-asia-central-e-realizado-com-sucesso\/#article","isPartOf":{"@id":"https:\/\/diariodepe.com.br\/cri\/2023\/05\/19\/dialogo-de-alto-nivel-das-midias-china-asia-central-e-realizado-com-sucesso\/"},"author":{"name":"Ismael Lucas S. Pereira","@id":"https:\/\/diariodepe.com.br\/cri\/#\/schema\/person\/121bb28d84f1a5b1205ef4ce9c2e0c6b"},"headline":"Di\u00e1logo de alto n\u00edvel das m\u00eddias China-\u00c1sia Central \u00e9 realizado com sucesso","datePublished":"2023-05-19T06:59:38+00:00","mainEntityOfPage":{"@id":"https:\/\/diariodepe.com.br\/cri\/2023\/05\/19\/dialogo-de-alto-nivel-das-midias-china-asia-central-e-realizado-com-sucesso\/"},"wordCount":365,"commentCount":0,"publisher":{"@id":"https:\/\/diariodepe.com.br\/cri\/#organization"},"image":{"@id":"https:\/\/diariodepe.com.br\/cri\/2023\/05\/19\/dialogo-de-alto-nivel-das-midias-china-asia-central-e-realizado-com-sucesso\/#primaryimage"},"thumbnailUrl":"https:\/\/diariodepe.com.br\/cri\/wp-content\/uploads\/sites\/2\/2023\/05\/2023051715343721153.jpg","articleSection":["China","Destaques Capa"],"inLanguage":"pt-BR","potentialAction":[{"@type":"CommentAction","name":"Comment","target":["https:\/\/diariodepe.com.br\/cri\/2023\/05\/19\/dialogo-de-alto-nivel-das-midias-china-asia-central-e-realizado-com-sucesso\/#respond"]}]},{"@type":"WebPage","@id":"https:\/\/diariodepe.com.br\/cri\/2023\/05\/19\/dialogo-de-alto-nivel-das-midias-china-asia-central-e-realizado-com-sucesso\/","url":"https:\/\/diariodepe.com.br\/cri\/2023\/05\/19\/dialogo-de-alto-nivel-das-midias-china-asia-central-e-realizado-com-sucesso\/","name":"Di\u00e1logo de alto n\u00edvel das m\u00eddias China-\u00c1sia Central \u00e9 realizado com sucesso - CRI e Diario de Pernambuco","isPartOf":{"@id":"https:\/\/diariodepe.com.br\/cri\/#website"},"primaryImageOfPage":{"@id":"https:\/\/diariodepe.com.br\/cri\/2023\/05\/19\/dialogo-de-alto-nivel-das-midias-china-asia-central-e-realizado-com-sucesso\/#primaryimage"},"image":{"@id":"https:\/\/diariodepe.com.br\/cri\/2023\/05\/19\/dialogo-de-alto-nivel-das-midias-china-asia-central-e-realizado-com-sucesso\/#primaryimage"},"thumbnailUrl":"https:\/\/diariodepe.com.br\/cri\/wp-content\/uploads\/sites\/2\/2023\/05\/2023051715343721153.jpg","datePublished":"2023-05-19T06:59:38+00:00","breadcrumb":{"@id":"https:\/\/diariodepe.com.br\/cri\/2023\/05\/19\/dialogo-de-alto-nivel-das-midias-china-asia-central-e-realizado-com-sucesso\/#breadcrumb"},"inLanguage":"pt-BR","potentialAction":[{"@type":"ReadAction","target":["https:\/\/diariodepe.com.br\/cri\/2023\/05\/19\/dialogo-de-alto-nivel-das-midias-china-asia-central-e-realizado-com-sucesso\/"]}]},{"@type":"ImageObject","inLanguage":"pt-BR","@id":"https:\/\/diariodepe.com.br\/cri\/2023\/05\/19\/dialogo-de-alto-nivel-das-midias-china-asia-central-e-realizado-com-sucesso\/#primaryimage","url":"https:\/\/diariodepe.com.br\/cri\/wp-content\/uploads\/sites\/2\/2023\/05\/2023051715343721153.jpg","contentUrl":"https:\/\/diariodepe.com.br\/cri\/wp-content\/uploads\/sites\/2\/2023\/05\/2023051715343721153.jpg","width":1920,"height":1080},{"@type":"BreadcrumbList","@id":"https:\/\/diariodepe.com.br\/cri\/2023\/05\/19\/dialogo-de-alto-nivel-das-midias-china-asia-central-e-realizado-com-sucesso\/#breadcrumb","itemListElement":[{"@type":"ListItem","position":1,"name":"In\u00edcio","item":"https:\/\/diariodepe.com.br\/cri\/"},{"@type":"ListItem","position":2,"name":"Di\u00e1logo de alto n\u00edvel das m\u00eddias China-\u00c1sia Central \u00e9 realizado com sucesso"}]},{"@type":"WebSite","@id":"https:\/\/diariodepe.com.br\/cri\/#website","url":"https:\/\/diariodepe.com.br\/cri\/","name":"CRI e Diario de Pernambuco","description":"R\u00e1dio Internacional da China","publisher":{"@id":"https:\/\/diariodepe.com.br\/cri\/#organization"},"potentialAction":[{"@type":"SearchAction","target":{"@type":"EntryPoint","urlTemplate":"https:\/\/diariodepe.com.br\/cri\/?s={search_term_string}"},"query-input":{"@type":"PropertyValueSpecification","valueRequired":true,"valueName":"search_term_string"}}],"inLanguage":"pt-BR"},{"@type":"Organization","@id":"https:\/\/diariodepe.com.br\/cri\/#organization","name":"CRI e Diario de Pernambuco","url":"https:\/\/diariodepe.com.br\/cri\/","logo":{"@type":"ImageObject","inLanguage":"pt-BR","@id":"https:\/\/diariodepe.com.br\/cri\/#\/schema\/logo\/image\/","url":"https:\/\/diariodepe.com.br\/cri\/wp-content\/uploads\/sites\/2\/2022\/12\/cropped-Logo.jpg","contentUrl":"https:\/\/diariodepe.com.br\/cri\/wp-content\/uploads\/sites\/2\/2022\/12\/cropped-Logo.jpg","width":700,"height":59,"caption":"CRI e Diario de Pernambuco"},"image":{"@id":"https:\/\/diariodepe.com.br\/cri\/#\/schema\/logo\/image\/"}},{"@type":"Person","@id":"https:\/\/diariodepe.com.br\/cri\/#\/schema\/person\/121bb28d84f1a5b1205ef4ce9c2e0c6b","name":"Ismael Lucas S. Pereira","image":{"@type":"ImageObject","inLanguage":"pt-BR","@id":"https:\/\/secure.gravatar.com\/avatar\/887a0f3b5a7ceea963a48499fb883ffce6b5037362def025c52c2505b15d63e4?s=96&d=mm&r=g","url":"https:\/\/secure.gravatar.com\/avatar\/887a0f3b5a7ceea963a48499fb883ffce6b5037362def025c52c2505b15d63e4?s=96&d=mm&r=g","contentUrl":"https:\/\/secure.gravatar.com\/avatar\/887a0f3b5a7ceea963a48499fb883ffce6b5037362def025c52c2505b15d63e4?s=96&d=mm&r=g","caption":"Ismael Lucas S. Pereira"},"url":"https:\/\/diariodepe.com.br\/cri\/author\/ismael-lucas\/"}]}},"cc_featured_image_caption":{"caption_text":false,"source_text":false,"source_url":false},"amp_enabled":true,"_links":{"self":[{"href":"https:\/\/diariodepe.com.br\/cri\/wp-json\/wp\/v2\/posts\/1478","targetHints":{"allow":["GET"]}}],"collection":[{"href":"https:\/\/diariodepe.com.br\/cri\/wp-json\/wp\/v2\/posts"}],"about":[{"href":"https:\/\/diariodepe.com.br\/cri\/wp-json\/wp\/v2\/types\/post"}],"author":[{"embeddable":true,"href":"https:\/\/diariodepe.com.br\/cri\/wp-json\/wp\/v2\/users\/2"}],"replies":[{"embeddable":true,"href":"https:\/\/diariodepe.com.br\/cri\/wp-json\/wp\/v2\/comments?post=1478"}],"version-history":[{"count":1,"href":"https:\/\/diariodepe.com.br\/cri\/wp-json\/wp\/v2\/posts\/1478\/revisions"}],"predecessor-version":[{"id":1480,"href":"https:\/\/diariodepe.com.br\/cri\/wp-json\/wp\/v2\/posts\/1478\/revisions\/1480"}],"wp:featuredmedia":[{"embeddable":true,"href":"https:\/\/diariodepe.com.br\/cri\/wp-json\/wp\/v2\/media\/1479"}],"wp:attachment":[{"href":"https:\/\/diariodepe.com.br\/cri\/wp-json\/wp\/v2\/media?parent=1478"}],"wp:term":[{"taxonomy":"category","embeddable":true,"href":"https:\/\/diariodepe.com.br\/cri\/wp-json\/wp\/v2\/categories?post=1478"},{"taxonomy":"post_tag","embeddable":true,"href":"https:\/\/diariodepe.com.br\/cri\/wp-json\/wp\/v2\/tags?post=1478"}],"curies":[{"name":"wp","href":"https:\/\/api.w.org\/{rel}","templated":true}]}}