{"id":1427,"date":"2023-05-15T05:15:55","date_gmt":"2023-05-15T08:15:55","guid":{"rendered":"https:\/\/diariodepe.com.br\/cri\/?p=1427"},"modified":"2023-05-15T05:15:55","modified_gmt":"2023-05-15T08:15:55","slug":"o-oriente-medio-nao-seguiu-o-roteiro-americano-novamente","status":"publish","type":"post","link":"https:\/\/diariodepe.com.br\/cri\/2023\/05\/15\/o-oriente-medio-nao-seguiu-o-roteiro-americano-novamente\/","title":{"rendered":"O Oriente M\u00e9dio n\u00e3o seguiu o &#8220;roteiro americano&#8221; novamente"},"content":{"rendered":"<p>Ap\u00f3s 12 anos de isolamento, a S\u00edria finalmente retornou \u00e0 fam\u00edlia da Liga \u00c1rabe. Os ministros das Rela\u00e7\u00f5es Exteriores da Liga \u00c1rabe decidiram, em uma reuni\u00e3o especial no domingo (7), &#8220;readmitir a delega\u00e7\u00e3o do governo s\u00edrio nas reuni\u00f5es do Conselho da organiza\u00e7\u00e3o e em todas os seus segmentos e \u00f3rg\u00e3os com efeito imediato&#8221;. Ap\u00f3s o aperto de m\u00e3os entre a Ar\u00e1bia Saudita e o Ir\u00e3 em Beijing, isso \u00e9 visto como um outro marco no processo de reconcilia\u00e7\u00e3o do Oriente M\u00e9dio.<\/p>\n<p>Ap\u00f3s a eclos\u00e3o da crise s\u00edria em 2011, a Liga \u00c1rabe suspendeu a participa\u00e7\u00e3o da S\u00edria, deixando a na\u00e7\u00e3o em relativo isolamento diplom\u00e1tico e sujeita a outras san\u00e7\u00f5es impostas pelos Estados Unidos e outros pa\u00edses ocidentais.<\/p>\n<p>N\u00e3o \u00e9 de surpreender que a S\u00edria conseguiu retornar \u00e0 fam\u00edlia da Liga \u00c1rabe ap\u00f3s 12 anos. Analisando o desenvolvimento da situa\u00e7\u00e3o no Oriente M\u00e9dio de uma perspectiva mais ampla, o aperto de m\u00e3os entre a Ar\u00e1bia Saudita e o Ir\u00e3 promoveu diretamente o retorno da S\u00edria. Como os dois pa\u00edses apoiam for\u00e7as pol\u00edticas diferentes na crise s\u00edria, a aproxima\u00e7\u00e3o saudita-iraniana, sem d\u00favida, criou uma oportunidade para a melhoria das rela\u00e7\u00f5es entre a S\u00edria e os pa\u00edses da Liga \u00c1rabe.<\/p>\n<p>De modo geral, a comunidade internacional saudou a readmiss\u00e3o da S\u00edria na Liga \u00c1rabe. Os analistas acreditam que essa medida sensata ajudar\u00e1 a S\u00edria a fortalecer a coopera\u00e7\u00e3o regional, melhorar sua economia e promover a reconstru\u00e7\u00e3o p\u00f3s-guerra; ajudar\u00e1 os pa\u00edses \u00e1rabes a formarem uma sinergia pol\u00edtica e desempenharem um papel mais importante no cen\u00e1rio internacional; tamb\u00e9m ajudar\u00e1 a reunir consensos sobre uma solu\u00e7\u00e3o pol\u00edtica para a crise s\u00edria e promover um maior al\u00edvio nas tens\u00f5es no Oriente M\u00e9dio.<\/p>\n<p>No mesmo dia em que a Liga \u00c1rabe anunciou a readmiss\u00e3o da S\u00edria, o conselheiro de seguran\u00e7a nacional dos EUA, Jake Sullivan, visitou a Ar\u00e1bia Saudita. A Bloomberg acredita que a decis\u00e3o da Liga, que \u201cignorou Washington\u201d, reflete sua influ\u00eancia cada vez menor na regi\u00e3o exportadora de petr\u00f3leo.<\/p>\n<p>Na verdade, os EUA v\u00eam tomando medidas h\u00e1 algum tempo contra a regi\u00e3o, que n\u00e3o quer mais seguir o &#8220;roteiro americano&#8221;. Entretanto, isso n\u00e3o impediu a tend\u00eancia geral de reconcilia\u00e7\u00e3o no Oriente M\u00e9dio. Com o aperto de m\u00e3os entre a Ar\u00e1bia Saudita e o Ir\u00e3 e o retorno da S\u00edria \u00e0 Liga \u00c1rabe, os pa\u00edses da regi\u00e3o enviaram sinais claros &#8211; eles querem a paz, querem o desenvolvimento e querem seguir seu pr\u00f3prio caminho.<\/p>\n<p>A atual onda de &#8220;reconcilia\u00e7\u00e3o&#8221; no Oriente M\u00e9dio lembra aos EUA que os tempos s\u00e3o realmente diferentes.<\/p>\n<p>tradu\u00e7\u00e3o: Shi Liang<\/p>\n","protected":false},"excerpt":{"rendered":"<p>Ap\u00f3s 12 anos de isolamento, a S\u00edria finalmente retornou \u00e0 fam\u00edlia da Liga \u00c1rabe. Os ministros das Rela\u00e7\u00f5es Exteriores da Liga \u00c1rabe decidiram, em uma reuni\u00e3o especial no domingo (7), &#8220;readmitir a delega\u00e7\u00e3o do governo s\u00edrio nas reuni\u00f5es do Conselho&#8230;<\/p>\n","protected":false},"author":2,"featured_media":1428,"comment_status":"open","ping_status":"open","sticky":false,"template":"","format":"standard","meta":{"footnotes":""},"categories":[7],"tags":[],"class_list":["post-1427","post","type-post","status-publish","format-standard","has-post-thumbnail","hentry","category-visao"],"yoast_head":"<!-- This site is optimized with the Yoast SEO plugin v27.4 - https:\/\/yoast.com\/product\/yoast-seo-wordpress\/ -->\n<title>O Oriente M\u00e9dio n\u00e3o seguiu o &quot;roteiro americano&quot; novamente - CRI e Diario de Pernambuco<\/title>\n<meta name=\"robots\" content=\"index, follow, max-snippet:-1, max-image-preview:large, max-video-preview:-1\" \/>\n<link rel=\"canonical\" href=\"https:\/\/diariodepe.com.br\/cri\/2023\/05\/15\/o-oriente-medio-nao-seguiu-o-roteiro-americano-novamente\/\" \/>\n<meta property=\"og:locale\" content=\"pt_BR\" \/>\n<meta property=\"og:type\" content=\"article\" \/>\n<meta property=\"og:title\" content=\"O Oriente M\u00e9dio n\u00e3o seguiu o &quot;roteiro americano&quot; novamente - CRI e Diario de Pernambuco\" \/>\n<meta property=\"og:description\" content=\"Ap\u00f3s 12 anos de isolamento, a S\u00edria finalmente retornou \u00e0 fam\u00edlia da Liga \u00c1rabe. Os ministros das Rela\u00e7\u00f5es Exteriores da Liga \u00c1rabe decidiram, em uma reuni\u00e3o especial no domingo (7), &#8220;readmitir a delega\u00e7\u00e3o do governo s\u00edrio nas reuni\u00f5es do Conselho...\" \/>\n<meta property=\"og:url\" content=\"https:\/\/diariodepe.com.br\/cri\/2023\/05\/15\/o-oriente-medio-nao-seguiu-o-roteiro-americano-novamente\/\" \/>\n<meta property=\"og:site_name\" content=\"CRI e Diario de Pernambuco\" \/>\n<meta property=\"article:published_time\" content=\"2023-05-15T08:15:55+00:00\" \/>\n<meta property=\"og:image\" content=\"https:\/\/diariodepe.com.br\/cri\/wp-content\/uploads\/sites\/2\/2023\/05\/2023050910590814221.jpg\" \/>\n\t<meta property=\"og:image:width\" content=\"1280\" \/>\n\t<meta property=\"og:image:height\" content=\"700\" \/>\n\t<meta property=\"og:image:type\" content=\"image\/jpeg\" \/>\n<meta name=\"author\" content=\"Ismael Lucas S. Pereira\" \/>\n<meta name=\"twitter:card\" content=\"summary_large_image\" \/>\n<meta name=\"twitter:label1\" content=\"Escrito por\" \/>\n\t<meta name=\"twitter:data1\" content=\"Ismael Lucas S. Pereira\" \/>\n\t<meta name=\"twitter:label2\" content=\"Est. tempo de leitura\" \/>\n\t<meta name=\"twitter:data2\" content=\"3 minutos\" \/>\n<script type=\"application\/ld+json\" class=\"yoast-schema-graph\">{\"@context\":\"https:\\\/\\\/schema.org\",\"@graph\":[{\"@type\":\"Article\",\"@id\":\"https:\\\/\\\/diariodepe.com.br\\\/cri\\\/2023\\\/05\\\/15\\\/o-oriente-medio-nao-seguiu-o-roteiro-americano-novamente\\\/#article\",\"isPartOf\":{\"@id\":\"https:\\\/\\\/diariodepe.com.br\\\/cri\\\/2023\\\/05\\\/15\\\/o-oriente-medio-nao-seguiu-o-roteiro-americano-novamente\\\/\"},\"author\":{\"name\":\"Ismael Lucas S. Pereira\",\"@id\":\"https:\\\/\\\/diariodepe.com.br\\\/cri\\\/#\\\/schema\\\/person\\\/121bb28d84f1a5b1205ef4ce9c2e0c6b\"},\"headline\":\"O Oriente M\u00e9dio n\u00e3o seguiu o &#8220;roteiro americano&#8221; novamente\",\"datePublished\":\"2023-05-15T08:15:55+00:00\",\"mainEntityOfPage\":{\"@id\":\"https:\\\/\\\/diariodepe.com.br\\\/cri\\\/2023\\\/05\\\/15\\\/o-oriente-medio-nao-seguiu-o-roteiro-americano-novamente\\\/\"},\"wordCount\":502,\"commentCount\":0,\"publisher\":{\"@id\":\"https:\\\/\\\/diariodepe.com.br\\\/cri\\\/#organization\"},\"image\":{\"@id\":\"https:\\\/\\\/diariodepe.com.br\\\/cri\\\/2023\\\/05\\\/15\\\/o-oriente-medio-nao-seguiu-o-roteiro-americano-novamente\\\/#primaryimage\"},\"thumbnailUrl\":\"https:\\\/\\\/diariodepe.com.br\\\/cri\\\/wp-content\\\/uploads\\\/sites\\\/2\\\/2023\\\/05\\\/2023050910590814221.jpg\",\"articleSection\":[\"Vis\u00e3o\"],\"inLanguage\":\"pt-BR\",\"potentialAction\":[{\"@type\":\"CommentAction\",\"name\":\"Comment\",\"target\":[\"https:\\\/\\\/diariodepe.com.br\\\/cri\\\/2023\\\/05\\\/15\\\/o-oriente-medio-nao-seguiu-o-roteiro-americano-novamente\\\/#respond\"]}]},{\"@type\":\"WebPage\",\"@id\":\"https:\\\/\\\/diariodepe.com.br\\\/cri\\\/2023\\\/05\\\/15\\\/o-oriente-medio-nao-seguiu-o-roteiro-americano-novamente\\\/\",\"url\":\"https:\\\/\\\/diariodepe.com.br\\\/cri\\\/2023\\\/05\\\/15\\\/o-oriente-medio-nao-seguiu-o-roteiro-americano-novamente\\\/\",\"name\":\"O Oriente M\u00e9dio n\u00e3o seguiu o \\\"roteiro americano\\\" novamente - CRI e Diario de Pernambuco\",\"isPartOf\":{\"@id\":\"https:\\\/\\\/diariodepe.com.br\\\/cri\\\/#website\"},\"primaryImageOfPage\":{\"@id\":\"https:\\\/\\\/diariodepe.com.br\\\/cri\\\/2023\\\/05\\\/15\\\/o-oriente-medio-nao-seguiu-o-roteiro-americano-novamente\\\/#primaryimage\"},\"image\":{\"@id\":\"https:\\\/\\\/diariodepe.com.br\\\/cri\\\/2023\\\/05\\\/15\\\/o-oriente-medio-nao-seguiu-o-roteiro-americano-novamente\\\/#primaryimage\"},\"thumbnailUrl\":\"https:\\\/\\\/diariodepe.com.br\\\/cri\\\/wp-content\\\/uploads\\\/sites\\\/2\\\/2023\\\/05\\\/2023050910590814221.jpg\",\"datePublished\":\"2023-05-15T08:15:55+00:00\",\"breadcrumb\":{\"@id\":\"https:\\\/\\\/diariodepe.com.br\\\/cri\\\/2023\\\/05\\\/15\\\/o-oriente-medio-nao-seguiu-o-roteiro-americano-novamente\\\/#breadcrumb\"},\"inLanguage\":\"pt-BR\",\"potentialAction\":[{\"@type\":\"ReadAction\",\"target\":[\"https:\\\/\\\/diariodepe.com.br\\\/cri\\\/2023\\\/05\\\/15\\\/o-oriente-medio-nao-seguiu-o-roteiro-americano-novamente\\\/\"]}]},{\"@type\":\"ImageObject\",\"inLanguage\":\"pt-BR\",\"@id\":\"https:\\\/\\\/diariodepe.com.br\\\/cri\\\/2023\\\/05\\\/15\\\/o-oriente-medio-nao-seguiu-o-roteiro-americano-novamente\\\/#primaryimage\",\"url\":\"https:\\\/\\\/diariodepe.com.br\\\/cri\\\/wp-content\\\/uploads\\\/sites\\\/2\\\/2023\\\/05\\\/2023050910590814221.jpg\",\"contentUrl\":\"https:\\\/\\\/diariodepe.com.br\\\/cri\\\/wp-content\\\/uploads\\\/sites\\\/2\\\/2023\\\/05\\\/2023050910590814221.jpg\",\"width\":1280,\"height\":700},{\"@type\":\"BreadcrumbList\",\"@id\":\"https:\\\/\\\/diariodepe.com.br\\\/cri\\\/2023\\\/05\\\/15\\\/o-oriente-medio-nao-seguiu-o-roteiro-americano-novamente\\\/#breadcrumb\",\"itemListElement\":[{\"@type\":\"ListItem\",\"position\":1,\"name\":\"In\u00edcio\",\"item\":\"https:\\\/\\\/diariodepe.com.br\\\/cri\\\/\"},{\"@type\":\"ListItem\",\"position\":2,\"name\":\"O Oriente M\u00e9dio n\u00e3o seguiu o &#8220;roteiro americano&#8221; novamente\"}]},{\"@type\":\"WebSite\",\"@id\":\"https:\\\/\\\/diariodepe.com.br\\\/cri\\\/#website\",\"url\":\"https:\\\/\\\/diariodepe.com.br\\\/cri\\\/\",\"name\":\"CRI e Diario de Pernambuco\",\"description\":\"R\u00e1dio Internacional da China\",\"publisher\":{\"@id\":\"https:\\\/\\\/diariodepe.com.br\\\/cri\\\/#organization\"},\"potentialAction\":[{\"@type\":\"SearchAction\",\"target\":{\"@type\":\"EntryPoint\",\"urlTemplate\":\"https:\\\/\\\/diariodepe.com.br\\\/cri\\\/?s={search_term_string}\"},\"query-input\":{\"@type\":\"PropertyValueSpecification\",\"valueRequired\":true,\"valueName\":\"search_term_string\"}}],\"inLanguage\":\"pt-BR\"},{\"@type\":\"Organization\",\"@id\":\"https:\\\/\\\/diariodepe.com.br\\\/cri\\\/#organization\",\"name\":\"CRI e Diario de Pernambuco\",\"url\":\"https:\\\/\\\/diariodepe.com.br\\\/cri\\\/\",\"logo\":{\"@type\":\"ImageObject\",\"inLanguage\":\"pt-BR\",\"@id\":\"https:\\\/\\\/diariodepe.com.br\\\/cri\\\/#\\\/schema\\\/logo\\\/image\\\/\",\"url\":\"https:\\\/\\\/diariodepe.com.br\\\/cri\\\/wp-content\\\/uploads\\\/sites\\\/2\\\/2022\\\/12\\\/cropped-Logo.jpg\",\"contentUrl\":\"https:\\\/\\\/diariodepe.com.br\\\/cri\\\/wp-content\\\/uploads\\\/sites\\\/2\\\/2022\\\/12\\\/cropped-Logo.jpg\",\"width\":700,\"height\":59,\"caption\":\"CRI e Diario de Pernambuco\"},\"image\":{\"@id\":\"https:\\\/\\\/diariodepe.com.br\\\/cri\\\/#\\\/schema\\\/logo\\\/image\\\/\"}},{\"@type\":\"Person\",\"@id\":\"https:\\\/\\\/diariodepe.com.br\\\/cri\\\/#\\\/schema\\\/person\\\/121bb28d84f1a5b1205ef4ce9c2e0c6b\",\"name\":\"Ismael Lucas S. Pereira\",\"image\":{\"@type\":\"ImageObject\",\"inLanguage\":\"pt-BR\",\"@id\":\"https:\\\/\\\/secure.gravatar.com\\\/avatar\\\/887a0f3b5a7ceea963a48499fb883ffce6b5037362def025c52c2505b15d63e4?s=96&d=mm&r=g\",\"url\":\"https:\\\/\\\/secure.gravatar.com\\\/avatar\\\/887a0f3b5a7ceea963a48499fb883ffce6b5037362def025c52c2505b15d63e4?s=96&d=mm&r=g\",\"contentUrl\":\"https:\\\/\\\/secure.gravatar.com\\\/avatar\\\/887a0f3b5a7ceea963a48499fb883ffce6b5037362def025c52c2505b15d63e4?s=96&d=mm&r=g\",\"caption\":\"Ismael Lucas S. Pereira\"},\"url\":\"https:\\\/\\\/diariodepe.com.br\\\/cri\\\/author\\\/ismael-lucas\\\/\"}]}<\/script>\n<!-- \/ Yoast SEO plugin. -->","yoast_head_json":{"title":"O Oriente M\u00e9dio n\u00e3o seguiu o \"roteiro americano\" novamente - CRI e Diario de Pernambuco","robots":{"index":"index","follow":"follow","max-snippet":"max-snippet:-1","max-image-preview":"max-image-preview:large","max-video-preview":"max-video-preview:-1"},"canonical":"https:\/\/diariodepe.com.br\/cri\/2023\/05\/15\/o-oriente-medio-nao-seguiu-o-roteiro-americano-novamente\/","og_locale":"pt_BR","og_type":"article","og_title":"O Oriente M\u00e9dio n\u00e3o seguiu o \"roteiro americano\" novamente - CRI e Diario de Pernambuco","og_description":"Ap\u00f3s 12 anos de isolamento, a S\u00edria finalmente retornou \u00e0 fam\u00edlia da Liga \u00c1rabe. Os ministros das Rela\u00e7\u00f5es Exteriores da Liga \u00c1rabe decidiram, em uma reuni\u00e3o especial no domingo (7), &#8220;readmitir a delega\u00e7\u00e3o do governo s\u00edrio nas reuni\u00f5es do Conselho...","og_url":"https:\/\/diariodepe.com.br\/cri\/2023\/05\/15\/o-oriente-medio-nao-seguiu-o-roteiro-americano-novamente\/","og_site_name":"CRI e Diario de Pernambuco","article_published_time":"2023-05-15T08:15:55+00:00","og_image":[{"width":1280,"height":700,"url":"https:\/\/diariodepe.com.br\/cri\/wp-content\/uploads\/sites\/2\/2023\/05\/2023050910590814221.jpg","type":"image\/jpeg"}],"author":"Ismael Lucas S. Pereira","twitter_card":"summary_large_image","twitter_misc":{"Escrito por":"Ismael Lucas S. Pereira","Est. tempo de leitura":"3 minutos"},"schema":{"@context":"https:\/\/schema.org","@graph":[{"@type":"Article","@id":"https:\/\/diariodepe.com.br\/cri\/2023\/05\/15\/o-oriente-medio-nao-seguiu-o-roteiro-americano-novamente\/#article","isPartOf":{"@id":"https:\/\/diariodepe.com.br\/cri\/2023\/05\/15\/o-oriente-medio-nao-seguiu-o-roteiro-americano-novamente\/"},"author":{"name":"Ismael Lucas S. Pereira","@id":"https:\/\/diariodepe.com.br\/cri\/#\/schema\/person\/121bb28d84f1a5b1205ef4ce9c2e0c6b"},"headline":"O Oriente M\u00e9dio n\u00e3o seguiu o &#8220;roteiro americano&#8221; novamente","datePublished":"2023-05-15T08:15:55+00:00","mainEntityOfPage":{"@id":"https:\/\/diariodepe.com.br\/cri\/2023\/05\/15\/o-oriente-medio-nao-seguiu-o-roteiro-americano-novamente\/"},"wordCount":502,"commentCount":0,"publisher":{"@id":"https:\/\/diariodepe.com.br\/cri\/#organization"},"image":{"@id":"https:\/\/diariodepe.com.br\/cri\/2023\/05\/15\/o-oriente-medio-nao-seguiu-o-roteiro-americano-novamente\/#primaryimage"},"thumbnailUrl":"https:\/\/diariodepe.com.br\/cri\/wp-content\/uploads\/sites\/2\/2023\/05\/2023050910590814221.jpg","articleSection":["Vis\u00e3o"],"inLanguage":"pt-BR","potentialAction":[{"@type":"CommentAction","name":"Comment","target":["https:\/\/diariodepe.com.br\/cri\/2023\/05\/15\/o-oriente-medio-nao-seguiu-o-roteiro-americano-novamente\/#respond"]}]},{"@type":"WebPage","@id":"https:\/\/diariodepe.com.br\/cri\/2023\/05\/15\/o-oriente-medio-nao-seguiu-o-roteiro-americano-novamente\/","url":"https:\/\/diariodepe.com.br\/cri\/2023\/05\/15\/o-oriente-medio-nao-seguiu-o-roteiro-americano-novamente\/","name":"O Oriente M\u00e9dio n\u00e3o seguiu o \"roteiro americano\" novamente - CRI e Diario de Pernambuco","isPartOf":{"@id":"https:\/\/diariodepe.com.br\/cri\/#website"},"primaryImageOfPage":{"@id":"https:\/\/diariodepe.com.br\/cri\/2023\/05\/15\/o-oriente-medio-nao-seguiu-o-roteiro-americano-novamente\/#primaryimage"},"image":{"@id":"https:\/\/diariodepe.com.br\/cri\/2023\/05\/15\/o-oriente-medio-nao-seguiu-o-roteiro-americano-novamente\/#primaryimage"},"thumbnailUrl":"https:\/\/diariodepe.com.br\/cri\/wp-content\/uploads\/sites\/2\/2023\/05\/2023050910590814221.jpg","datePublished":"2023-05-15T08:15:55+00:00","breadcrumb":{"@id":"https:\/\/diariodepe.com.br\/cri\/2023\/05\/15\/o-oriente-medio-nao-seguiu-o-roteiro-americano-novamente\/#breadcrumb"},"inLanguage":"pt-BR","potentialAction":[{"@type":"ReadAction","target":["https:\/\/diariodepe.com.br\/cri\/2023\/05\/15\/o-oriente-medio-nao-seguiu-o-roteiro-americano-novamente\/"]}]},{"@type":"ImageObject","inLanguage":"pt-BR","@id":"https:\/\/diariodepe.com.br\/cri\/2023\/05\/15\/o-oriente-medio-nao-seguiu-o-roteiro-americano-novamente\/#primaryimage","url":"https:\/\/diariodepe.com.br\/cri\/wp-content\/uploads\/sites\/2\/2023\/05\/2023050910590814221.jpg","contentUrl":"https:\/\/diariodepe.com.br\/cri\/wp-content\/uploads\/sites\/2\/2023\/05\/2023050910590814221.jpg","width":1280,"height":700},{"@type":"BreadcrumbList","@id":"https:\/\/diariodepe.com.br\/cri\/2023\/05\/15\/o-oriente-medio-nao-seguiu-o-roteiro-americano-novamente\/#breadcrumb","itemListElement":[{"@type":"ListItem","position":1,"name":"In\u00edcio","item":"https:\/\/diariodepe.com.br\/cri\/"},{"@type":"ListItem","position":2,"name":"O Oriente M\u00e9dio n\u00e3o seguiu o &#8220;roteiro americano&#8221; novamente"}]},{"@type":"WebSite","@id":"https:\/\/diariodepe.com.br\/cri\/#website","url":"https:\/\/diariodepe.com.br\/cri\/","name":"CRI e Diario de Pernambuco","description":"R\u00e1dio Internacional da China","publisher":{"@id":"https:\/\/diariodepe.com.br\/cri\/#organization"},"potentialAction":[{"@type":"SearchAction","target":{"@type":"EntryPoint","urlTemplate":"https:\/\/diariodepe.com.br\/cri\/?s={search_term_string}"},"query-input":{"@type":"PropertyValueSpecification","valueRequired":true,"valueName":"search_term_string"}}],"inLanguage":"pt-BR"},{"@type":"Organization","@id":"https:\/\/diariodepe.com.br\/cri\/#organization","name":"CRI e Diario de Pernambuco","url":"https:\/\/diariodepe.com.br\/cri\/","logo":{"@type":"ImageObject","inLanguage":"pt-BR","@id":"https:\/\/diariodepe.com.br\/cri\/#\/schema\/logo\/image\/","url":"https:\/\/diariodepe.com.br\/cri\/wp-content\/uploads\/sites\/2\/2022\/12\/cropped-Logo.jpg","contentUrl":"https:\/\/diariodepe.com.br\/cri\/wp-content\/uploads\/sites\/2\/2022\/12\/cropped-Logo.jpg","width":700,"height":59,"caption":"CRI e Diario de Pernambuco"},"image":{"@id":"https:\/\/diariodepe.com.br\/cri\/#\/schema\/logo\/image\/"}},{"@type":"Person","@id":"https:\/\/diariodepe.com.br\/cri\/#\/schema\/person\/121bb28d84f1a5b1205ef4ce9c2e0c6b","name":"Ismael Lucas S. Pereira","image":{"@type":"ImageObject","inLanguage":"pt-BR","@id":"https:\/\/secure.gravatar.com\/avatar\/887a0f3b5a7ceea963a48499fb883ffce6b5037362def025c52c2505b15d63e4?s=96&d=mm&r=g","url":"https:\/\/secure.gravatar.com\/avatar\/887a0f3b5a7ceea963a48499fb883ffce6b5037362def025c52c2505b15d63e4?s=96&d=mm&r=g","contentUrl":"https:\/\/secure.gravatar.com\/avatar\/887a0f3b5a7ceea963a48499fb883ffce6b5037362def025c52c2505b15d63e4?s=96&d=mm&r=g","caption":"Ismael Lucas S. Pereira"},"url":"https:\/\/diariodepe.com.br\/cri\/author\/ismael-lucas\/"}]}},"cc_featured_image_caption":{"caption_text":false,"source_text":false,"source_url":false},"amp_enabled":true,"_links":{"self":[{"href":"https:\/\/diariodepe.com.br\/cri\/wp-json\/wp\/v2\/posts\/1427","targetHints":{"allow":["GET"]}}],"collection":[{"href":"https:\/\/diariodepe.com.br\/cri\/wp-json\/wp\/v2\/posts"}],"about":[{"href":"https:\/\/diariodepe.com.br\/cri\/wp-json\/wp\/v2\/types\/post"}],"author":[{"embeddable":true,"href":"https:\/\/diariodepe.com.br\/cri\/wp-json\/wp\/v2\/users\/2"}],"replies":[{"embeddable":true,"href":"https:\/\/diariodepe.com.br\/cri\/wp-json\/wp\/v2\/comments?post=1427"}],"version-history":[{"count":1,"href":"https:\/\/diariodepe.com.br\/cri\/wp-json\/wp\/v2\/posts\/1427\/revisions"}],"predecessor-version":[{"id":1429,"href":"https:\/\/diariodepe.com.br\/cri\/wp-json\/wp\/v2\/posts\/1427\/revisions\/1429"}],"wp:featuredmedia":[{"embeddable":true,"href":"https:\/\/diariodepe.com.br\/cri\/wp-json\/wp\/v2\/media\/1428"}],"wp:attachment":[{"href":"https:\/\/diariodepe.com.br\/cri\/wp-json\/wp\/v2\/media?parent=1427"}],"wp:term":[{"taxonomy":"category","embeddable":true,"href":"https:\/\/diariodepe.com.br\/cri\/wp-json\/wp\/v2\/categories?post=1427"},{"taxonomy":"post_tag","embeddable":true,"href":"https:\/\/diariodepe.com.br\/cri\/wp-json\/wp\/v2\/tags?post=1427"}],"curies":[{"name":"wp","href":"https:\/\/api.w.org\/{rel}","templated":true}]}}