{"id":1422,"date":"2023-05-15T05:08:25","date_gmt":"2023-05-15T08:08:25","guid":{"rendered":"https:\/\/diariodepe.com.br\/cri\/?p=1422"},"modified":"2023-05-15T05:08:25","modified_gmt":"2023-05-15T08:08:25","slug":"com-a-proibicao-do-tiktok-os-estados-unidos-dao-quatro-tapas-na-propria-cara","status":"publish","type":"post","link":"https:\/\/diariodepe.com.br\/cri\/2023\/05\/15\/com-a-proibicao-do-tiktok-os-estados-unidos-dao-quatro-tapas-na-propria-cara\/","title":{"rendered":"Com a proibi\u00e7\u00e3o do TikTok, os Estados Unidos d\u00e3o quatro tapas na pr\u00f3pria cara"},"content":{"rendered":"<p>Recentemente, a Legislatura de Montana nos Estados Unidos aprovou um projeto de lei da proibi\u00e7\u00e3o total do TikTok. Isso nos revoca o julgamento de \u201cca\u00e7a \u00e0s bruxas\u201d que ocorreu numa audi\u00eancia no Congresso dos Estados Unidos no m\u00eas anterior, quando legisladores ferozes interrogaram o CEO do TikTok, Shou Zi Chew, na tentativa de exterminarem o TikTok sem nenhum ind\u00edcio.<\/p>\n<p>A proibi\u00e7\u00e3o do TikTok \u00e9 um esc\u00e2ndalo na era da informa\u00e7\u00e3o e da globaliza\u00e7\u00e3o, e coloca os valores americanos entre a espada e a parede. Com tapas na pr\u00f3pria cara, a farsa da \u201cAm\u00e9rica contra a Am\u00e9rica\u201d est\u00e1 em plena marcha.<\/p>\n<p>Primeiro Tapa: contra a Democracia<\/p>\n<p>A democracia \u00e9 o fundamento dos Estados Unidos desde a sua funda\u00e7\u00e3o, e a joia mais brilhante na coroa daquela \u201ccidade na colina\u201d. Os Estados Unidos se aforam de ser \u201cfarol da democracia\u201d e sempre pairam sobre outros pa\u00edses. O TikTok tem 150 milh\u00f5es de usu\u00e1rios ativos mensais neste pa\u00eds \u201cdemocr\u00e1tico\u201d, suas vozes est\u00e3o ouvidas no TikTok e espalhadas por multid\u00f5es de protestantes perante o Capit\u00f3lio. Mas \u00e9 ir\u00f4nico que essas vozes n\u00e3o se fazem \u201couvidas\u201d nas perguntas feitas pelos legisladores na audi\u00eancia.<\/p>\n<p>Uma pesquisa do Pew Research Center realizada em abril do ano corrente revelou que, 56% dos usu\u00e1rios do TikTok estiveram contra a proibi\u00e7\u00e3o do aplicativo e apenas 19% a favor. Assim sendo, o governo dos Estados Unidos se posiciona do lado oposto com pelo menos 84 milh\u00f5es de americanos. S\u00f3 para se ter uma ideia, nas elei\u00e7\u00f5es presidenciais, Biden venceu com menos de 81 milh\u00f5es de votos.<\/p>\n<p>Segundo Tapa: contra a Liberdade de Express\u00e3o<\/p>\n<p>Os algoritmos abertos dos v\u00eddeos curtos nas redes sociais forneceram a milhares de pessoas oportunidades para expressar e apresentar sobre si mesmo. A Primeira Emenda \u00e0 Constitui\u00e7\u00e3o dos EUA enfatiza a prote\u00e7\u00e3o da liberdade de express\u00e3o, mas isso falhou com a proibi\u00e7\u00e3o do TikTok. As sucessivas repress\u00f5es contra o TikTok pela administra\u00e7\u00e3o Trump e Biden deram a conhecer que, a chamada \u201cliberdade de express\u00e3o\u201d n\u00e3o \u00e9 nada mais do que uma disfar\u00e7a da hegemonia americana.<\/p>\n<p>A elite americana n\u00e3o atende \u00e0 aspira\u00e7\u00e3o do povo nem consegue resolver problemas, mas sim, mexe na plataforma onde os problemas s\u00e3o levantados e discutidos. N\u00e3o \u00e9 surpreendente que os influenciadores americanos no TikTok estejam com tanta f\u00faria, dado que Biden n\u00e3o tratou do \u201cdescarrilamento de trens\u201d t\u00e3o rapidamente quanto agiu para bloquear o TikTok!<\/p>\n<p>Terceiro Tapa: contra a Economia de Mercado<\/p>\n<p>Os Estados Unidos se etiquetam com defensor da economia de mercado livre, da concorr\u00eancia leal e da \u201cm\u00e3o invis\u00edvel\u201d, enquanto contra\u00edram o v\u00edcio de recorrer \u00e0 \u201cm\u00e3o vis\u00edvel\u201d de interven\u00e7\u00e3o.<\/p>\n<p>Para jovens da gera\u00e7\u00e3o Z, o TikTok \u00e9 mais acolhido do que os aplicativos americanos cl\u00e1ssicos como Facebook, Twitter e Instagram. A popularidade do TikTok n\u00e3o \u00e9 pela venda for\u00e7ada, mas sim pelo seu forte algoritmo, novo modelo de intera\u00e7\u00e3o e conte\u00fado de alta qualidade. O sucesso do TikTok prova a sobreviv\u00eancia do mais apto na economia de mercado. Tamb\u00e9m \u00e9 um retrato v\u00edvido da livre circula\u00e7\u00e3o de informa\u00e7\u00f5es e servi\u00e7os na era da globaliza\u00e7\u00e3o econ\u00f4mica. S\u00e3o exatamente com esses princ\u00edpios que as empresas americanas entram em outros mercados. Por que as empresas dos outros pa\u00edses n\u00e3o podem fazer o mesmo?<\/p>\n<p>Quarto Tapa: contra a Seguran\u00e7a da Informa\u00e7\u00e3o<\/p>\n<p>Recentemente, o \u201cleakgate\u201d dos Estados Unidos causou repercuss\u00e3o internacional. Os documentos confidenciais das For\u00e7as Armadas dos EUA, que circulavam nas m\u00eddias sociais, mostram que o governo dos Estados Unidos tem monitorado os seus aliados e at\u00e9 a ONU, h\u00e1 longo tempo e em grande escala. Desta vez, os vazamentos foram descritos como o mais devastador roubo de informa\u00e7\u00f5es secretas ap\u00f3s o \u201cprismgate\u201d.<\/p>\n<p>Os Estados Unidos lan\u00e7aram ataques ao TikTok sob o pretexto da \u201cseguran\u00e7a da informa\u00e7\u00e3o\u201d. Ironicamente, s\u00e3o os Estados Unidos que, da cabe\u00e7a aos p\u00e9s, t\u00eam a mania de monitorar, espionar e espreitar os outros. Os aliados dos EUA, como Coreia do Sul e Israel, jamais imaginaram que um dia os Estados Unidos vinham a dar facadas nas costas deles em benef\u00edcio dos pr\u00f3prios interesses.<\/p>\n<p>\u00c9 \u00f3bvio que os Estados Unidos querem uma \u201crede desprotegida perante os Estados Unidos\u201d em vez de chamada \u201crede limpa\u201d. Porque \u00e9 instintivo para um ladr\u00e3o estar em p\u00e2nico diante de uma porta de seguran\u00e7a.<\/p>\n<p>A repress\u00e3o dos EUA contra o TikTok n\u00e3o \u00e9 o fim, mas um novo come\u00e7o. Ent\u00e3o, quem ser\u00e1 a pr\u00f3xima v\u00edtima?<\/p>\n","protected":false},"excerpt":{"rendered":"<p>Recentemente, a Legislatura de Montana nos Estados Unidos aprovou um projeto de lei da proibi\u00e7\u00e3o total do TikTok. Isso nos revoca o julgamento de \u201cca\u00e7a \u00e0s bruxas\u201d que ocorreu numa audi\u00eancia no Congresso dos Estados Unidos no m\u00eas anterior, quando&#8230;<\/p>\n","protected":false},"author":2,"featured_media":0,"comment_status":"open","ping_status":"open","sticky":false,"template":"","format":"standard","meta":{"footnotes":""},"categories":[7],"tags":[],"class_list":["post-1422","post","type-post","status-publish","format-standard","hentry","category-visao"],"yoast_head":"<!-- This site is optimized with the Yoast SEO plugin v27.4 - https:\/\/yoast.com\/product\/yoast-seo-wordpress\/ -->\n<title>Com a proibi\u00e7\u00e3o do TikTok, os Estados Unidos d\u00e3o quatro tapas na pr\u00f3pria cara - CRI e Diario de Pernambuco<\/title>\n<meta name=\"robots\" content=\"index, follow, max-snippet:-1, max-image-preview:large, max-video-preview:-1\" \/>\n<link rel=\"canonical\" href=\"https:\/\/diariodepe.com.br\/cri\/2023\/05\/15\/com-a-proibicao-do-tiktok-os-estados-unidos-dao-quatro-tapas-na-propria-cara\/\" \/>\n<meta property=\"og:locale\" content=\"pt_BR\" \/>\n<meta property=\"og:type\" content=\"article\" \/>\n<meta property=\"og:title\" content=\"Com a proibi\u00e7\u00e3o do TikTok, os Estados Unidos d\u00e3o quatro tapas na pr\u00f3pria cara - CRI e Diario de Pernambuco\" \/>\n<meta property=\"og:description\" content=\"Recentemente, a Legislatura de Montana nos Estados Unidos aprovou um projeto de lei da proibi\u00e7\u00e3o total do TikTok. Isso nos revoca o julgamento de \u201cca\u00e7a \u00e0s bruxas\u201d que ocorreu numa audi\u00eancia no Congresso dos Estados Unidos no m\u00eas anterior, quando...\" \/>\n<meta property=\"og:url\" content=\"https:\/\/diariodepe.com.br\/cri\/2023\/05\/15\/com-a-proibicao-do-tiktok-os-estados-unidos-dao-quatro-tapas-na-propria-cara\/\" \/>\n<meta property=\"og:site_name\" content=\"CRI e Diario de Pernambuco\" \/>\n<meta property=\"article:published_time\" content=\"2023-05-15T08:08:25+00:00\" \/>\n<meta name=\"author\" content=\"Ismael Lucas S. Pereira\" \/>\n<meta name=\"twitter:card\" content=\"summary_large_image\" \/>\n<meta name=\"twitter:label1\" content=\"Escrito por\" \/>\n\t<meta name=\"twitter:data1\" content=\"Ismael Lucas S. Pereira\" \/>\n\t<meta name=\"twitter:label2\" content=\"Est. tempo de leitura\" \/>\n\t<meta name=\"twitter:data2\" content=\"4 minutos\" \/>\n<script type=\"application\/ld+json\" class=\"yoast-schema-graph\">{\"@context\":\"https:\\\/\\\/schema.org\",\"@graph\":[{\"@type\":\"Article\",\"@id\":\"https:\\\/\\\/diariodepe.com.br\\\/cri\\\/2023\\\/05\\\/15\\\/com-a-proibicao-do-tiktok-os-estados-unidos-dao-quatro-tapas-na-propria-cara\\\/#article\",\"isPartOf\":{\"@id\":\"https:\\\/\\\/diariodepe.com.br\\\/cri\\\/2023\\\/05\\\/15\\\/com-a-proibicao-do-tiktok-os-estados-unidos-dao-quatro-tapas-na-propria-cara\\\/\"},\"author\":{\"name\":\"Ismael Lucas S. Pereira\",\"@id\":\"https:\\\/\\\/diariodepe.com.br\\\/cri\\\/#\\\/schema\\\/person\\\/121bb28d84f1a5b1205ef4ce9c2e0c6b\"},\"headline\":\"Com a proibi\u00e7\u00e3o do TikTok, os Estados Unidos d\u00e3o quatro tapas na pr\u00f3pria cara\",\"datePublished\":\"2023-05-15T08:08:25+00:00\",\"mainEntityOfPage\":{\"@id\":\"https:\\\/\\\/diariodepe.com.br\\\/cri\\\/2023\\\/05\\\/15\\\/com-a-proibicao-do-tiktok-os-estados-unidos-dao-quatro-tapas-na-propria-cara\\\/\"},\"wordCount\":815,\"commentCount\":0,\"publisher\":{\"@id\":\"https:\\\/\\\/diariodepe.com.br\\\/cri\\\/#organization\"},\"articleSection\":[\"Vis\u00e3o\"],\"inLanguage\":\"pt-BR\",\"potentialAction\":[{\"@type\":\"CommentAction\",\"name\":\"Comment\",\"target\":[\"https:\\\/\\\/diariodepe.com.br\\\/cri\\\/2023\\\/05\\\/15\\\/com-a-proibicao-do-tiktok-os-estados-unidos-dao-quatro-tapas-na-propria-cara\\\/#respond\"]}]},{\"@type\":\"WebPage\",\"@id\":\"https:\\\/\\\/diariodepe.com.br\\\/cri\\\/2023\\\/05\\\/15\\\/com-a-proibicao-do-tiktok-os-estados-unidos-dao-quatro-tapas-na-propria-cara\\\/\",\"url\":\"https:\\\/\\\/diariodepe.com.br\\\/cri\\\/2023\\\/05\\\/15\\\/com-a-proibicao-do-tiktok-os-estados-unidos-dao-quatro-tapas-na-propria-cara\\\/\",\"name\":\"Com a proibi\u00e7\u00e3o do TikTok, os Estados Unidos d\u00e3o quatro tapas na pr\u00f3pria cara - CRI e Diario de Pernambuco\",\"isPartOf\":{\"@id\":\"https:\\\/\\\/diariodepe.com.br\\\/cri\\\/#website\"},\"datePublished\":\"2023-05-15T08:08:25+00:00\",\"breadcrumb\":{\"@id\":\"https:\\\/\\\/diariodepe.com.br\\\/cri\\\/2023\\\/05\\\/15\\\/com-a-proibicao-do-tiktok-os-estados-unidos-dao-quatro-tapas-na-propria-cara\\\/#breadcrumb\"},\"inLanguage\":\"pt-BR\",\"potentialAction\":[{\"@type\":\"ReadAction\",\"target\":[\"https:\\\/\\\/diariodepe.com.br\\\/cri\\\/2023\\\/05\\\/15\\\/com-a-proibicao-do-tiktok-os-estados-unidos-dao-quatro-tapas-na-propria-cara\\\/\"]}]},{\"@type\":\"BreadcrumbList\",\"@id\":\"https:\\\/\\\/diariodepe.com.br\\\/cri\\\/2023\\\/05\\\/15\\\/com-a-proibicao-do-tiktok-os-estados-unidos-dao-quatro-tapas-na-propria-cara\\\/#breadcrumb\",\"itemListElement\":[{\"@type\":\"ListItem\",\"position\":1,\"name\":\"In\u00edcio\",\"item\":\"https:\\\/\\\/diariodepe.com.br\\\/cri\\\/\"},{\"@type\":\"ListItem\",\"position\":2,\"name\":\"Com a proibi\u00e7\u00e3o do TikTok, os Estados Unidos d\u00e3o quatro tapas na pr\u00f3pria cara\"}]},{\"@type\":\"WebSite\",\"@id\":\"https:\\\/\\\/diariodepe.com.br\\\/cri\\\/#website\",\"url\":\"https:\\\/\\\/diariodepe.com.br\\\/cri\\\/\",\"name\":\"CRI e Diario de Pernambuco\",\"description\":\"R\u00e1dio Internacional da China\",\"publisher\":{\"@id\":\"https:\\\/\\\/diariodepe.com.br\\\/cri\\\/#organization\"},\"potentialAction\":[{\"@type\":\"SearchAction\",\"target\":{\"@type\":\"EntryPoint\",\"urlTemplate\":\"https:\\\/\\\/diariodepe.com.br\\\/cri\\\/?s={search_term_string}\"},\"query-input\":{\"@type\":\"PropertyValueSpecification\",\"valueRequired\":true,\"valueName\":\"search_term_string\"}}],\"inLanguage\":\"pt-BR\"},{\"@type\":\"Organization\",\"@id\":\"https:\\\/\\\/diariodepe.com.br\\\/cri\\\/#organization\",\"name\":\"CRI e Diario de Pernambuco\",\"url\":\"https:\\\/\\\/diariodepe.com.br\\\/cri\\\/\",\"logo\":{\"@type\":\"ImageObject\",\"inLanguage\":\"pt-BR\",\"@id\":\"https:\\\/\\\/diariodepe.com.br\\\/cri\\\/#\\\/schema\\\/logo\\\/image\\\/\",\"url\":\"https:\\\/\\\/diariodepe.com.br\\\/cri\\\/wp-content\\\/uploads\\\/sites\\\/2\\\/2022\\\/12\\\/cropped-Logo.jpg\",\"contentUrl\":\"https:\\\/\\\/diariodepe.com.br\\\/cri\\\/wp-content\\\/uploads\\\/sites\\\/2\\\/2022\\\/12\\\/cropped-Logo.jpg\",\"width\":700,\"height\":59,\"caption\":\"CRI e Diario de Pernambuco\"},\"image\":{\"@id\":\"https:\\\/\\\/diariodepe.com.br\\\/cri\\\/#\\\/schema\\\/logo\\\/image\\\/\"}},{\"@type\":\"Person\",\"@id\":\"https:\\\/\\\/diariodepe.com.br\\\/cri\\\/#\\\/schema\\\/person\\\/121bb28d84f1a5b1205ef4ce9c2e0c6b\",\"name\":\"Ismael Lucas S. Pereira\",\"image\":{\"@type\":\"ImageObject\",\"inLanguage\":\"pt-BR\",\"@id\":\"https:\\\/\\\/secure.gravatar.com\\\/avatar\\\/887a0f3b5a7ceea963a48499fb883ffce6b5037362def025c52c2505b15d63e4?s=96&d=mm&r=g\",\"url\":\"https:\\\/\\\/secure.gravatar.com\\\/avatar\\\/887a0f3b5a7ceea963a48499fb883ffce6b5037362def025c52c2505b15d63e4?s=96&d=mm&r=g\",\"contentUrl\":\"https:\\\/\\\/secure.gravatar.com\\\/avatar\\\/887a0f3b5a7ceea963a48499fb883ffce6b5037362def025c52c2505b15d63e4?s=96&d=mm&r=g\",\"caption\":\"Ismael Lucas S. Pereira\"},\"url\":\"https:\\\/\\\/diariodepe.com.br\\\/cri\\\/author\\\/ismael-lucas\\\/\"}]}<\/script>\n<!-- \/ Yoast SEO plugin. -->","yoast_head_json":{"title":"Com a proibi\u00e7\u00e3o do TikTok, os Estados Unidos d\u00e3o quatro tapas na pr\u00f3pria cara - CRI e Diario de Pernambuco","robots":{"index":"index","follow":"follow","max-snippet":"max-snippet:-1","max-image-preview":"max-image-preview:large","max-video-preview":"max-video-preview:-1"},"canonical":"https:\/\/diariodepe.com.br\/cri\/2023\/05\/15\/com-a-proibicao-do-tiktok-os-estados-unidos-dao-quatro-tapas-na-propria-cara\/","og_locale":"pt_BR","og_type":"article","og_title":"Com a proibi\u00e7\u00e3o do TikTok, os Estados Unidos d\u00e3o quatro tapas na pr\u00f3pria cara - CRI e Diario de Pernambuco","og_description":"Recentemente, a Legislatura de Montana nos Estados Unidos aprovou um projeto de lei da proibi\u00e7\u00e3o total do TikTok. Isso nos revoca o julgamento de \u201cca\u00e7a \u00e0s bruxas\u201d que ocorreu numa audi\u00eancia no Congresso dos Estados Unidos no m\u00eas anterior, quando...","og_url":"https:\/\/diariodepe.com.br\/cri\/2023\/05\/15\/com-a-proibicao-do-tiktok-os-estados-unidos-dao-quatro-tapas-na-propria-cara\/","og_site_name":"CRI e Diario de Pernambuco","article_published_time":"2023-05-15T08:08:25+00:00","author":"Ismael Lucas S. Pereira","twitter_card":"summary_large_image","twitter_misc":{"Escrito por":"Ismael Lucas S. Pereira","Est. tempo de leitura":"4 minutos"},"schema":{"@context":"https:\/\/schema.org","@graph":[{"@type":"Article","@id":"https:\/\/diariodepe.com.br\/cri\/2023\/05\/15\/com-a-proibicao-do-tiktok-os-estados-unidos-dao-quatro-tapas-na-propria-cara\/#article","isPartOf":{"@id":"https:\/\/diariodepe.com.br\/cri\/2023\/05\/15\/com-a-proibicao-do-tiktok-os-estados-unidos-dao-quatro-tapas-na-propria-cara\/"},"author":{"name":"Ismael Lucas S. Pereira","@id":"https:\/\/diariodepe.com.br\/cri\/#\/schema\/person\/121bb28d84f1a5b1205ef4ce9c2e0c6b"},"headline":"Com a proibi\u00e7\u00e3o do TikTok, os Estados Unidos d\u00e3o quatro tapas na pr\u00f3pria cara","datePublished":"2023-05-15T08:08:25+00:00","mainEntityOfPage":{"@id":"https:\/\/diariodepe.com.br\/cri\/2023\/05\/15\/com-a-proibicao-do-tiktok-os-estados-unidos-dao-quatro-tapas-na-propria-cara\/"},"wordCount":815,"commentCount":0,"publisher":{"@id":"https:\/\/diariodepe.com.br\/cri\/#organization"},"articleSection":["Vis\u00e3o"],"inLanguage":"pt-BR","potentialAction":[{"@type":"CommentAction","name":"Comment","target":["https:\/\/diariodepe.com.br\/cri\/2023\/05\/15\/com-a-proibicao-do-tiktok-os-estados-unidos-dao-quatro-tapas-na-propria-cara\/#respond"]}]},{"@type":"WebPage","@id":"https:\/\/diariodepe.com.br\/cri\/2023\/05\/15\/com-a-proibicao-do-tiktok-os-estados-unidos-dao-quatro-tapas-na-propria-cara\/","url":"https:\/\/diariodepe.com.br\/cri\/2023\/05\/15\/com-a-proibicao-do-tiktok-os-estados-unidos-dao-quatro-tapas-na-propria-cara\/","name":"Com a proibi\u00e7\u00e3o do TikTok, os Estados Unidos d\u00e3o quatro tapas na pr\u00f3pria cara - CRI e Diario de Pernambuco","isPartOf":{"@id":"https:\/\/diariodepe.com.br\/cri\/#website"},"datePublished":"2023-05-15T08:08:25+00:00","breadcrumb":{"@id":"https:\/\/diariodepe.com.br\/cri\/2023\/05\/15\/com-a-proibicao-do-tiktok-os-estados-unidos-dao-quatro-tapas-na-propria-cara\/#breadcrumb"},"inLanguage":"pt-BR","potentialAction":[{"@type":"ReadAction","target":["https:\/\/diariodepe.com.br\/cri\/2023\/05\/15\/com-a-proibicao-do-tiktok-os-estados-unidos-dao-quatro-tapas-na-propria-cara\/"]}]},{"@type":"BreadcrumbList","@id":"https:\/\/diariodepe.com.br\/cri\/2023\/05\/15\/com-a-proibicao-do-tiktok-os-estados-unidos-dao-quatro-tapas-na-propria-cara\/#breadcrumb","itemListElement":[{"@type":"ListItem","position":1,"name":"In\u00edcio","item":"https:\/\/diariodepe.com.br\/cri\/"},{"@type":"ListItem","position":2,"name":"Com a proibi\u00e7\u00e3o do TikTok, os Estados Unidos d\u00e3o quatro tapas na pr\u00f3pria cara"}]},{"@type":"WebSite","@id":"https:\/\/diariodepe.com.br\/cri\/#website","url":"https:\/\/diariodepe.com.br\/cri\/","name":"CRI e Diario de Pernambuco","description":"R\u00e1dio Internacional da China","publisher":{"@id":"https:\/\/diariodepe.com.br\/cri\/#organization"},"potentialAction":[{"@type":"SearchAction","target":{"@type":"EntryPoint","urlTemplate":"https:\/\/diariodepe.com.br\/cri\/?s={search_term_string}"},"query-input":{"@type":"PropertyValueSpecification","valueRequired":true,"valueName":"search_term_string"}}],"inLanguage":"pt-BR"},{"@type":"Organization","@id":"https:\/\/diariodepe.com.br\/cri\/#organization","name":"CRI e Diario de Pernambuco","url":"https:\/\/diariodepe.com.br\/cri\/","logo":{"@type":"ImageObject","inLanguage":"pt-BR","@id":"https:\/\/diariodepe.com.br\/cri\/#\/schema\/logo\/image\/","url":"https:\/\/diariodepe.com.br\/cri\/wp-content\/uploads\/sites\/2\/2022\/12\/cropped-Logo.jpg","contentUrl":"https:\/\/diariodepe.com.br\/cri\/wp-content\/uploads\/sites\/2\/2022\/12\/cropped-Logo.jpg","width":700,"height":59,"caption":"CRI e Diario de Pernambuco"},"image":{"@id":"https:\/\/diariodepe.com.br\/cri\/#\/schema\/logo\/image\/"}},{"@type":"Person","@id":"https:\/\/diariodepe.com.br\/cri\/#\/schema\/person\/121bb28d84f1a5b1205ef4ce9c2e0c6b","name":"Ismael Lucas S. Pereira","image":{"@type":"ImageObject","inLanguage":"pt-BR","@id":"https:\/\/secure.gravatar.com\/avatar\/887a0f3b5a7ceea963a48499fb883ffce6b5037362def025c52c2505b15d63e4?s=96&d=mm&r=g","url":"https:\/\/secure.gravatar.com\/avatar\/887a0f3b5a7ceea963a48499fb883ffce6b5037362def025c52c2505b15d63e4?s=96&d=mm&r=g","contentUrl":"https:\/\/secure.gravatar.com\/avatar\/887a0f3b5a7ceea963a48499fb883ffce6b5037362def025c52c2505b15d63e4?s=96&d=mm&r=g","caption":"Ismael Lucas S. Pereira"},"url":"https:\/\/diariodepe.com.br\/cri\/author\/ismael-lucas\/"}]}},"cc_featured_image_caption":{"caption_text":false,"source_text":false,"source_url":false},"amp_enabled":true,"_links":{"self":[{"href":"https:\/\/diariodepe.com.br\/cri\/wp-json\/wp\/v2\/posts\/1422","targetHints":{"allow":["GET"]}}],"collection":[{"href":"https:\/\/diariodepe.com.br\/cri\/wp-json\/wp\/v2\/posts"}],"about":[{"href":"https:\/\/diariodepe.com.br\/cri\/wp-json\/wp\/v2\/types\/post"}],"author":[{"embeddable":true,"href":"https:\/\/diariodepe.com.br\/cri\/wp-json\/wp\/v2\/users\/2"}],"replies":[{"embeddable":true,"href":"https:\/\/diariodepe.com.br\/cri\/wp-json\/wp\/v2\/comments?post=1422"}],"version-history":[{"count":1,"href":"https:\/\/diariodepe.com.br\/cri\/wp-json\/wp\/v2\/posts\/1422\/revisions"}],"predecessor-version":[{"id":1423,"href":"https:\/\/diariodepe.com.br\/cri\/wp-json\/wp\/v2\/posts\/1422\/revisions\/1423"}],"wp:attachment":[{"href":"https:\/\/diariodepe.com.br\/cri\/wp-json\/wp\/v2\/media?parent=1422"}],"wp:term":[{"taxonomy":"category","embeddable":true,"href":"https:\/\/diariodepe.com.br\/cri\/wp-json\/wp\/v2\/categories?post=1422"},{"taxonomy":"post_tag","embeddable":true,"href":"https:\/\/diariodepe.com.br\/cri\/wp-json\/wp\/v2\/tags?post=1422"}],"curies":[{"name":"wp","href":"https:\/\/api.w.org\/{rel}","templated":true}]}}