{"id":1414,"date":"2023-05-13T04:32:39","date_gmt":"2023-05-13T07:32:39","guid":{"rendered":"https:\/\/diariodepe.com.br\/cri\/?p=1414"},"modified":"2023-05-15T04:34:35","modified_gmt":"2023-05-15T07:34:35","slug":"comentario-quem-esta-quebrando-as-regras-internacionais","status":"publish","type":"post","link":"https:\/\/diariodepe.com.br\/cri\/2023\/05\/13\/comentario-quem-esta-quebrando-as-regras-internacionais\/","title":{"rendered":"Coment\u00e1rio: Quem est\u00e1 quebrando as regras internacionais?"},"content":{"rendered":"<p>Ve\u00edculos de comunica\u00e7\u00e3o social japoneses revelaram recentemente que a pr\u00f3xima c\u00fapula do G7, a ser realizada no Jap\u00e3o em breve, exigir\u00e1 que a China &#8220;obede\u00e7a&#8221; as regras internacionais. A comunidade mundial est\u00e1 confusa sobre a afirma\u00e7\u00e3o: de que tipo de regras est\u00e1 se falando?<\/p>\n<p>Quando se trata de regras internacionais, existe apenas um conjunto desse tipo de regramento no mundo, que s\u00e3o as normas b\u00e1sicas das rela\u00e7\u00f5es internacionais, com base nos prop\u00f3sitos e princ\u00edpios da Carta da ONU. Por\u00e9m, na boca de alguns pa\u00edses ocidentais representados pelos Estados Unidos, a &#8220;Carta das Na\u00e7\u00f5es Unidas&#8221; \u00e9 um termo raramente pronunciado. Em sua ret\u00f3rica, h\u00e1 uma palavra de alta frequ\u00eancia &#8211; &#8220;ordem internacional baseada em regras&#8221;. Esta \u00e9 uma afirma\u00e7\u00e3o amb\u00edgua que n\u00e3o est\u00e1 inclu\u00edda na Carta da ONU, nas declara\u00e7\u00f5es feitas pelos l\u00edderes dos pa\u00edses na organiza\u00e7\u00e3o ou nas resolu\u00e7\u00f5es da Assembleia Geral do organismo e do Conselho de Seguran\u00e7a.<\/p>\n<p>Sob a chamada &#8220;ordem internacional baseada em regras&#8221;, os EUA e outras na\u00e7\u00f5es violaram e quebraram arbitrariamente normas mundiais. Uma delas \u00e9 o princ\u00edpio da n\u00e3o interfer\u00eancia nos assuntos internos, um dos mais importantes da Carta da ONU e norma b\u00e1sica das rela\u00e7\u00f5es internacionais. No entanto, os Estados Unidos promoveram nos \u00faltimos anos a &#8220;Nova Doutrina Monroe&#8221; na Am\u00e9rica Latina, instigaram &#8220;revolu\u00e7\u00f5es coloridas&#8221; na Europa e na \u00c1sia e desenvolveram a &#8220;Primavera \u00c1rabe&#8221; no oeste asi\u00e1tico e no norte da \u00c1frica, levando caos e desastres para muitos pa\u00edses. Somente as guerras no Afeganist\u00e3o, no Iraque e na S\u00edria, com interfer\u00eancia norte-americana desde o come\u00e7o do s\u00e9culo 21, causaram 27 milh\u00f5es de refugiados.<\/p>\n<p>At\u00e9 mesmo os aliados dos EUA foram alvo do &#8220;intervencionismo&#8221; do pa\u00eds. O governo estadunidense realizou monitoramento indiscriminado de seus aliados, como Alemanha, Fran\u00e7a, Su\u00e9cia, Coreia do Sul, Israel e Ucr\u00e2nia, sendo a maior \u201cfor\u00e7a de monitoramento\u201d e o verdadeiro \u201cThe Matrix&#8221;.<\/p>\n<p>Os assuntos mundiais devem ser discutidos e tratados por todos, em vez de serem decididos por alguns pa\u00edses ocidentais. Quem est\u00e1 quebrando as regras internacionais? O G7 deve se olhar no espelho.<\/p>\n","protected":false},"excerpt":{"rendered":"<p>Ve\u00edculos de comunica\u00e7\u00e3o social japoneses revelaram recentemente que a pr\u00f3xima c\u00fapula do G7, a ser realizada no Jap\u00e3o em breve, exigir\u00e1 que a China &#8220;obede\u00e7a&#8221; as regras internacionais. A comunidade mundial est\u00e1 confusa sobre a afirma\u00e7\u00e3o: de que tipo de&#8230;<\/p>\n","protected":false},"author":2,"featured_media":1415,"comment_status":"open","ping_status":"open","sticky":false,"template":"","format":"standard","meta":{"footnotes":""},"categories":[7],"tags":[],"class_list":["post-1414","post","type-post","status-publish","format-standard","has-post-thumbnail","hentry","category-visao"],"yoast_head":"<!-- This site is optimized with the Yoast SEO plugin v27.4 - https:\/\/yoast.com\/product\/yoast-seo-wordpress\/ -->\n<title>Coment\u00e1rio: Quem est\u00e1 quebrando as regras internacionais? - CRI e Diario de Pernambuco<\/title>\n<meta name=\"robots\" content=\"index, follow, max-snippet:-1, max-image-preview:large, max-video-preview:-1\" \/>\n<link rel=\"canonical\" href=\"https:\/\/diariodepe.com.br\/cri\/2023\/05\/13\/comentario-quem-esta-quebrando-as-regras-internacionais\/\" \/>\n<meta property=\"og:locale\" content=\"pt_BR\" \/>\n<meta property=\"og:type\" content=\"article\" \/>\n<meta property=\"og:title\" content=\"Coment\u00e1rio: Quem est\u00e1 quebrando as regras internacionais? - CRI e Diario de Pernambuco\" \/>\n<meta property=\"og:description\" content=\"Ve\u00edculos de comunica\u00e7\u00e3o social japoneses revelaram recentemente que a pr\u00f3xima c\u00fapula do G7, a ser realizada no Jap\u00e3o em breve, exigir\u00e1 que a China &#8220;obede\u00e7a&#8221; as regras internacionais. A comunidade mundial est\u00e1 confusa sobre a afirma\u00e7\u00e3o: de que tipo de...\" \/>\n<meta property=\"og:url\" content=\"https:\/\/diariodepe.com.br\/cri\/2023\/05\/13\/comentario-quem-esta-quebrando-as-regras-internacionais\/\" \/>\n<meta property=\"og:site_name\" content=\"CRI e Diario de Pernambuco\" \/>\n<meta property=\"article:published_time\" content=\"2023-05-13T07:32:39+00:00\" \/>\n<meta property=\"article:modified_time\" content=\"2023-05-15T07:34:35+00:00\" \/>\n<meta property=\"og:image\" content=\"https:\/\/diariodepe.com.br\/cri\/wp-content\/uploads\/sites\/2\/2023\/05\/rBABC2RHjoaAY5TrAAAAAAAAAAA750.1000x563.800x450.jpg\" \/>\n\t<meta property=\"og:image:width\" content=\"800\" \/>\n\t<meta property=\"og:image:height\" content=\"450\" \/>\n\t<meta property=\"og:image:type\" content=\"image\/jpeg\" \/>\n<meta name=\"author\" content=\"Ismael Lucas S. Pereira\" \/>\n<meta name=\"twitter:card\" content=\"summary_large_image\" \/>\n<meta name=\"twitter:label1\" content=\"Escrito por\" \/>\n\t<meta name=\"twitter:data1\" content=\"Ismael Lucas S. Pereira\" \/>\n\t<meta name=\"twitter:label2\" content=\"Est. tempo de leitura\" \/>\n\t<meta name=\"twitter:data2\" content=\"2 minutos\" \/>\n<script type=\"application\/ld+json\" class=\"yoast-schema-graph\">{\"@context\":\"https:\\\/\\\/schema.org\",\"@graph\":[{\"@type\":\"Article\",\"@id\":\"https:\\\/\\\/diariodepe.com.br\\\/cri\\\/2023\\\/05\\\/13\\\/comentario-quem-esta-quebrando-as-regras-internacionais\\\/#article\",\"isPartOf\":{\"@id\":\"https:\\\/\\\/diariodepe.com.br\\\/cri\\\/2023\\\/05\\\/13\\\/comentario-quem-esta-quebrando-as-regras-internacionais\\\/\"},\"author\":{\"name\":\"Ismael Lucas S. Pereira\",\"@id\":\"https:\\\/\\\/diariodepe.com.br\\\/cri\\\/#\\\/schema\\\/person\\\/121bb28d84f1a5b1205ef4ce9c2e0c6b\"},\"headline\":\"Coment\u00e1rio: Quem est\u00e1 quebrando as regras internacionais?\",\"datePublished\":\"2023-05-13T07:32:39+00:00\",\"dateModified\":\"2023-05-15T07:34:35+00:00\",\"mainEntityOfPage\":{\"@id\":\"https:\\\/\\\/diariodepe.com.br\\\/cri\\\/2023\\\/05\\\/13\\\/comentario-quem-esta-quebrando-as-regras-internacionais\\\/\"},\"wordCount\":387,\"commentCount\":0,\"publisher\":{\"@id\":\"https:\\\/\\\/diariodepe.com.br\\\/cri\\\/#organization\"},\"image\":{\"@id\":\"https:\\\/\\\/diariodepe.com.br\\\/cri\\\/2023\\\/05\\\/13\\\/comentario-quem-esta-quebrando-as-regras-internacionais\\\/#primaryimage\"},\"thumbnailUrl\":\"https:\\\/\\\/diariodepe.com.br\\\/cri\\\/wp-content\\\/uploads\\\/sites\\\/2\\\/2023\\\/05\\\/rBABC2RHjoaAY5TrAAAAAAAAAAA750.1000x563.800x450.jpg\",\"articleSection\":[\"Vis\u00e3o\"],\"inLanguage\":\"pt-BR\",\"potentialAction\":[{\"@type\":\"CommentAction\",\"name\":\"Comment\",\"target\":[\"https:\\\/\\\/diariodepe.com.br\\\/cri\\\/2023\\\/05\\\/13\\\/comentario-quem-esta-quebrando-as-regras-internacionais\\\/#respond\"]}]},{\"@type\":\"WebPage\",\"@id\":\"https:\\\/\\\/diariodepe.com.br\\\/cri\\\/2023\\\/05\\\/13\\\/comentario-quem-esta-quebrando-as-regras-internacionais\\\/\",\"url\":\"https:\\\/\\\/diariodepe.com.br\\\/cri\\\/2023\\\/05\\\/13\\\/comentario-quem-esta-quebrando-as-regras-internacionais\\\/\",\"name\":\"Coment\u00e1rio: Quem est\u00e1 quebrando as regras internacionais? - CRI e Diario de Pernambuco\",\"isPartOf\":{\"@id\":\"https:\\\/\\\/diariodepe.com.br\\\/cri\\\/#website\"},\"primaryImageOfPage\":{\"@id\":\"https:\\\/\\\/diariodepe.com.br\\\/cri\\\/2023\\\/05\\\/13\\\/comentario-quem-esta-quebrando-as-regras-internacionais\\\/#primaryimage\"},\"image\":{\"@id\":\"https:\\\/\\\/diariodepe.com.br\\\/cri\\\/2023\\\/05\\\/13\\\/comentario-quem-esta-quebrando-as-regras-internacionais\\\/#primaryimage\"},\"thumbnailUrl\":\"https:\\\/\\\/diariodepe.com.br\\\/cri\\\/wp-content\\\/uploads\\\/sites\\\/2\\\/2023\\\/05\\\/rBABC2RHjoaAY5TrAAAAAAAAAAA750.1000x563.800x450.jpg\",\"datePublished\":\"2023-05-13T07:32:39+00:00\",\"dateModified\":\"2023-05-15T07:34:35+00:00\",\"breadcrumb\":{\"@id\":\"https:\\\/\\\/diariodepe.com.br\\\/cri\\\/2023\\\/05\\\/13\\\/comentario-quem-esta-quebrando-as-regras-internacionais\\\/#breadcrumb\"},\"inLanguage\":\"pt-BR\",\"potentialAction\":[{\"@type\":\"ReadAction\",\"target\":[\"https:\\\/\\\/diariodepe.com.br\\\/cri\\\/2023\\\/05\\\/13\\\/comentario-quem-esta-quebrando-as-regras-internacionais\\\/\"]}]},{\"@type\":\"ImageObject\",\"inLanguage\":\"pt-BR\",\"@id\":\"https:\\\/\\\/diariodepe.com.br\\\/cri\\\/2023\\\/05\\\/13\\\/comentario-quem-esta-quebrando-as-regras-internacionais\\\/#primaryimage\",\"url\":\"https:\\\/\\\/diariodepe.com.br\\\/cri\\\/wp-content\\\/uploads\\\/sites\\\/2\\\/2023\\\/05\\\/rBABC2RHjoaAY5TrAAAAAAAAAAA750.1000x563.800x450.jpg\",\"contentUrl\":\"https:\\\/\\\/diariodepe.com.br\\\/cri\\\/wp-content\\\/uploads\\\/sites\\\/2\\\/2023\\\/05\\\/rBABC2RHjoaAY5TrAAAAAAAAAAA750.1000x563.800x450.jpg\",\"width\":800,\"height\":450},{\"@type\":\"BreadcrumbList\",\"@id\":\"https:\\\/\\\/diariodepe.com.br\\\/cri\\\/2023\\\/05\\\/13\\\/comentario-quem-esta-quebrando-as-regras-internacionais\\\/#breadcrumb\",\"itemListElement\":[{\"@type\":\"ListItem\",\"position\":1,\"name\":\"In\u00edcio\",\"item\":\"https:\\\/\\\/diariodepe.com.br\\\/cri\\\/\"},{\"@type\":\"ListItem\",\"position\":2,\"name\":\"Coment\u00e1rio: Quem est\u00e1 quebrando as regras internacionais?\"}]},{\"@type\":\"WebSite\",\"@id\":\"https:\\\/\\\/diariodepe.com.br\\\/cri\\\/#website\",\"url\":\"https:\\\/\\\/diariodepe.com.br\\\/cri\\\/\",\"name\":\"CRI e Diario de Pernambuco\",\"description\":\"R\u00e1dio Internacional da China\",\"publisher\":{\"@id\":\"https:\\\/\\\/diariodepe.com.br\\\/cri\\\/#organization\"},\"potentialAction\":[{\"@type\":\"SearchAction\",\"target\":{\"@type\":\"EntryPoint\",\"urlTemplate\":\"https:\\\/\\\/diariodepe.com.br\\\/cri\\\/?s={search_term_string}\"},\"query-input\":{\"@type\":\"PropertyValueSpecification\",\"valueRequired\":true,\"valueName\":\"search_term_string\"}}],\"inLanguage\":\"pt-BR\"},{\"@type\":\"Organization\",\"@id\":\"https:\\\/\\\/diariodepe.com.br\\\/cri\\\/#organization\",\"name\":\"CRI e Diario de Pernambuco\",\"url\":\"https:\\\/\\\/diariodepe.com.br\\\/cri\\\/\",\"logo\":{\"@type\":\"ImageObject\",\"inLanguage\":\"pt-BR\",\"@id\":\"https:\\\/\\\/diariodepe.com.br\\\/cri\\\/#\\\/schema\\\/logo\\\/image\\\/\",\"url\":\"https:\\\/\\\/diariodepe.com.br\\\/cri\\\/wp-content\\\/uploads\\\/sites\\\/2\\\/2022\\\/12\\\/cropped-Logo.jpg\",\"contentUrl\":\"https:\\\/\\\/diariodepe.com.br\\\/cri\\\/wp-content\\\/uploads\\\/sites\\\/2\\\/2022\\\/12\\\/cropped-Logo.jpg\",\"width\":700,\"height\":59,\"caption\":\"CRI e Diario de Pernambuco\"},\"image\":{\"@id\":\"https:\\\/\\\/diariodepe.com.br\\\/cri\\\/#\\\/schema\\\/logo\\\/image\\\/\"}},{\"@type\":\"Person\",\"@id\":\"https:\\\/\\\/diariodepe.com.br\\\/cri\\\/#\\\/schema\\\/person\\\/121bb28d84f1a5b1205ef4ce9c2e0c6b\",\"name\":\"Ismael Lucas S. Pereira\",\"image\":{\"@type\":\"ImageObject\",\"inLanguage\":\"pt-BR\",\"@id\":\"https:\\\/\\\/secure.gravatar.com\\\/avatar\\\/887a0f3b5a7ceea963a48499fb883ffce6b5037362def025c52c2505b15d63e4?s=96&d=mm&r=g\",\"url\":\"https:\\\/\\\/secure.gravatar.com\\\/avatar\\\/887a0f3b5a7ceea963a48499fb883ffce6b5037362def025c52c2505b15d63e4?s=96&d=mm&r=g\",\"contentUrl\":\"https:\\\/\\\/secure.gravatar.com\\\/avatar\\\/887a0f3b5a7ceea963a48499fb883ffce6b5037362def025c52c2505b15d63e4?s=96&d=mm&r=g\",\"caption\":\"Ismael Lucas S. Pereira\"},\"url\":\"https:\\\/\\\/diariodepe.com.br\\\/cri\\\/author\\\/ismael-lucas\\\/\"}]}<\/script>\n<!-- \/ Yoast SEO plugin. -->","yoast_head_json":{"title":"Coment\u00e1rio: Quem est\u00e1 quebrando as regras internacionais? - CRI e Diario de Pernambuco","robots":{"index":"index","follow":"follow","max-snippet":"max-snippet:-1","max-image-preview":"max-image-preview:large","max-video-preview":"max-video-preview:-1"},"canonical":"https:\/\/diariodepe.com.br\/cri\/2023\/05\/13\/comentario-quem-esta-quebrando-as-regras-internacionais\/","og_locale":"pt_BR","og_type":"article","og_title":"Coment\u00e1rio: Quem est\u00e1 quebrando as regras internacionais? - CRI e Diario de Pernambuco","og_description":"Ve\u00edculos de comunica\u00e7\u00e3o social japoneses revelaram recentemente que a pr\u00f3xima c\u00fapula do G7, a ser realizada no Jap\u00e3o em breve, exigir\u00e1 que a China &#8220;obede\u00e7a&#8221; as regras internacionais. A comunidade mundial est\u00e1 confusa sobre a afirma\u00e7\u00e3o: de que tipo de...","og_url":"https:\/\/diariodepe.com.br\/cri\/2023\/05\/13\/comentario-quem-esta-quebrando-as-regras-internacionais\/","og_site_name":"CRI e Diario de Pernambuco","article_published_time":"2023-05-13T07:32:39+00:00","article_modified_time":"2023-05-15T07:34:35+00:00","og_image":[{"width":800,"height":450,"url":"https:\/\/diariodepe.com.br\/cri\/wp-content\/uploads\/sites\/2\/2023\/05\/rBABC2RHjoaAY5TrAAAAAAAAAAA750.1000x563.800x450.jpg","type":"image\/jpeg"}],"author":"Ismael Lucas S. Pereira","twitter_card":"summary_large_image","twitter_misc":{"Escrito por":"Ismael Lucas S. Pereira","Est. tempo de leitura":"2 minutos"},"schema":{"@context":"https:\/\/schema.org","@graph":[{"@type":"Article","@id":"https:\/\/diariodepe.com.br\/cri\/2023\/05\/13\/comentario-quem-esta-quebrando-as-regras-internacionais\/#article","isPartOf":{"@id":"https:\/\/diariodepe.com.br\/cri\/2023\/05\/13\/comentario-quem-esta-quebrando-as-regras-internacionais\/"},"author":{"name":"Ismael Lucas S. Pereira","@id":"https:\/\/diariodepe.com.br\/cri\/#\/schema\/person\/121bb28d84f1a5b1205ef4ce9c2e0c6b"},"headline":"Coment\u00e1rio: Quem est\u00e1 quebrando as regras internacionais?","datePublished":"2023-05-13T07:32:39+00:00","dateModified":"2023-05-15T07:34:35+00:00","mainEntityOfPage":{"@id":"https:\/\/diariodepe.com.br\/cri\/2023\/05\/13\/comentario-quem-esta-quebrando-as-regras-internacionais\/"},"wordCount":387,"commentCount":0,"publisher":{"@id":"https:\/\/diariodepe.com.br\/cri\/#organization"},"image":{"@id":"https:\/\/diariodepe.com.br\/cri\/2023\/05\/13\/comentario-quem-esta-quebrando-as-regras-internacionais\/#primaryimage"},"thumbnailUrl":"https:\/\/diariodepe.com.br\/cri\/wp-content\/uploads\/sites\/2\/2023\/05\/rBABC2RHjoaAY5TrAAAAAAAAAAA750.1000x563.800x450.jpg","articleSection":["Vis\u00e3o"],"inLanguage":"pt-BR","potentialAction":[{"@type":"CommentAction","name":"Comment","target":["https:\/\/diariodepe.com.br\/cri\/2023\/05\/13\/comentario-quem-esta-quebrando-as-regras-internacionais\/#respond"]}]},{"@type":"WebPage","@id":"https:\/\/diariodepe.com.br\/cri\/2023\/05\/13\/comentario-quem-esta-quebrando-as-regras-internacionais\/","url":"https:\/\/diariodepe.com.br\/cri\/2023\/05\/13\/comentario-quem-esta-quebrando-as-regras-internacionais\/","name":"Coment\u00e1rio: Quem est\u00e1 quebrando as regras internacionais? - CRI e Diario de Pernambuco","isPartOf":{"@id":"https:\/\/diariodepe.com.br\/cri\/#website"},"primaryImageOfPage":{"@id":"https:\/\/diariodepe.com.br\/cri\/2023\/05\/13\/comentario-quem-esta-quebrando-as-regras-internacionais\/#primaryimage"},"image":{"@id":"https:\/\/diariodepe.com.br\/cri\/2023\/05\/13\/comentario-quem-esta-quebrando-as-regras-internacionais\/#primaryimage"},"thumbnailUrl":"https:\/\/diariodepe.com.br\/cri\/wp-content\/uploads\/sites\/2\/2023\/05\/rBABC2RHjoaAY5TrAAAAAAAAAAA750.1000x563.800x450.jpg","datePublished":"2023-05-13T07:32:39+00:00","dateModified":"2023-05-15T07:34:35+00:00","breadcrumb":{"@id":"https:\/\/diariodepe.com.br\/cri\/2023\/05\/13\/comentario-quem-esta-quebrando-as-regras-internacionais\/#breadcrumb"},"inLanguage":"pt-BR","potentialAction":[{"@type":"ReadAction","target":["https:\/\/diariodepe.com.br\/cri\/2023\/05\/13\/comentario-quem-esta-quebrando-as-regras-internacionais\/"]}]},{"@type":"ImageObject","inLanguage":"pt-BR","@id":"https:\/\/diariodepe.com.br\/cri\/2023\/05\/13\/comentario-quem-esta-quebrando-as-regras-internacionais\/#primaryimage","url":"https:\/\/diariodepe.com.br\/cri\/wp-content\/uploads\/sites\/2\/2023\/05\/rBABC2RHjoaAY5TrAAAAAAAAAAA750.1000x563.800x450.jpg","contentUrl":"https:\/\/diariodepe.com.br\/cri\/wp-content\/uploads\/sites\/2\/2023\/05\/rBABC2RHjoaAY5TrAAAAAAAAAAA750.1000x563.800x450.jpg","width":800,"height":450},{"@type":"BreadcrumbList","@id":"https:\/\/diariodepe.com.br\/cri\/2023\/05\/13\/comentario-quem-esta-quebrando-as-regras-internacionais\/#breadcrumb","itemListElement":[{"@type":"ListItem","position":1,"name":"In\u00edcio","item":"https:\/\/diariodepe.com.br\/cri\/"},{"@type":"ListItem","position":2,"name":"Coment\u00e1rio: Quem est\u00e1 quebrando as regras internacionais?"}]},{"@type":"WebSite","@id":"https:\/\/diariodepe.com.br\/cri\/#website","url":"https:\/\/diariodepe.com.br\/cri\/","name":"CRI e Diario de Pernambuco","description":"R\u00e1dio Internacional da China","publisher":{"@id":"https:\/\/diariodepe.com.br\/cri\/#organization"},"potentialAction":[{"@type":"SearchAction","target":{"@type":"EntryPoint","urlTemplate":"https:\/\/diariodepe.com.br\/cri\/?s={search_term_string}"},"query-input":{"@type":"PropertyValueSpecification","valueRequired":true,"valueName":"search_term_string"}}],"inLanguage":"pt-BR"},{"@type":"Organization","@id":"https:\/\/diariodepe.com.br\/cri\/#organization","name":"CRI e Diario de Pernambuco","url":"https:\/\/diariodepe.com.br\/cri\/","logo":{"@type":"ImageObject","inLanguage":"pt-BR","@id":"https:\/\/diariodepe.com.br\/cri\/#\/schema\/logo\/image\/","url":"https:\/\/diariodepe.com.br\/cri\/wp-content\/uploads\/sites\/2\/2022\/12\/cropped-Logo.jpg","contentUrl":"https:\/\/diariodepe.com.br\/cri\/wp-content\/uploads\/sites\/2\/2022\/12\/cropped-Logo.jpg","width":700,"height":59,"caption":"CRI e Diario de Pernambuco"},"image":{"@id":"https:\/\/diariodepe.com.br\/cri\/#\/schema\/logo\/image\/"}},{"@type":"Person","@id":"https:\/\/diariodepe.com.br\/cri\/#\/schema\/person\/121bb28d84f1a5b1205ef4ce9c2e0c6b","name":"Ismael Lucas S. Pereira","image":{"@type":"ImageObject","inLanguage":"pt-BR","@id":"https:\/\/secure.gravatar.com\/avatar\/887a0f3b5a7ceea963a48499fb883ffce6b5037362def025c52c2505b15d63e4?s=96&d=mm&r=g","url":"https:\/\/secure.gravatar.com\/avatar\/887a0f3b5a7ceea963a48499fb883ffce6b5037362def025c52c2505b15d63e4?s=96&d=mm&r=g","contentUrl":"https:\/\/secure.gravatar.com\/avatar\/887a0f3b5a7ceea963a48499fb883ffce6b5037362def025c52c2505b15d63e4?s=96&d=mm&r=g","caption":"Ismael Lucas S. Pereira"},"url":"https:\/\/diariodepe.com.br\/cri\/author\/ismael-lucas\/"}]}},"cc_featured_image_caption":{"caption_text":false,"source_text":false,"source_url":false},"amp_enabled":true,"_links":{"self":[{"href":"https:\/\/diariodepe.com.br\/cri\/wp-json\/wp\/v2\/posts\/1414","targetHints":{"allow":["GET"]}}],"collection":[{"href":"https:\/\/diariodepe.com.br\/cri\/wp-json\/wp\/v2\/posts"}],"about":[{"href":"https:\/\/diariodepe.com.br\/cri\/wp-json\/wp\/v2\/types\/post"}],"author":[{"embeddable":true,"href":"https:\/\/diariodepe.com.br\/cri\/wp-json\/wp\/v2\/users\/2"}],"replies":[{"embeddable":true,"href":"https:\/\/diariodepe.com.br\/cri\/wp-json\/wp\/v2\/comments?post=1414"}],"version-history":[{"count":1,"href":"https:\/\/diariodepe.com.br\/cri\/wp-json\/wp\/v2\/posts\/1414\/revisions"}],"predecessor-version":[{"id":1416,"href":"https:\/\/diariodepe.com.br\/cri\/wp-json\/wp\/v2\/posts\/1414\/revisions\/1416"}],"wp:featuredmedia":[{"embeddable":true,"href":"https:\/\/diariodepe.com.br\/cri\/wp-json\/wp\/v2\/media\/1415"}],"wp:attachment":[{"href":"https:\/\/diariodepe.com.br\/cri\/wp-json\/wp\/v2\/media?parent=1414"}],"wp:term":[{"taxonomy":"category","embeddable":true,"href":"https:\/\/diariodepe.com.br\/cri\/wp-json\/wp\/v2\/categories?post=1414"},{"taxonomy":"post_tag","embeddable":true,"href":"https:\/\/diariodepe.com.br\/cri\/wp-json\/wp\/v2\/tags?post=1414"}],"curies":[{"name":"wp","href":"https:\/\/api.w.org\/{rel}","templated":true}]}}