{"id":141,"date":"2022-12-13T02:12:40","date_gmt":"2022-12-13T05:12:40","guid":{"rendered":"https:\/\/diariodepe.com.br\/cri\/?p=141"},"modified":"2022-12-13T02:12:41","modified_gmt":"2022-12-13T05:12:41","slug":"varias-obras-de-cinema-e-televisao-produzidas-pelo-cmg-sao-exibidas-na-nicaragua","status":"publish","type":"post","link":"https:\/\/diariodepe.com.br\/cri\/2022\/12\/13\/varias-obras-de-cinema-e-televisao-produzidas-pelo-cmg-sao-exibidas-na-nicaragua\/","title":{"rendered":"<strong>V\u00e1rias obras de cinema e televis\u00e3o produzidas pelo CMG s\u00e3o exibidas na Nicar\u00e1gua<\/strong>"},"content":{"rendered":"\n<p>Recentemente, o document\u00e1rio Uma Coexist\u00eancia Harmoniosa foi exibida em uma recep\u00e7\u00e3o de celebra\u00e7\u00e3o do primeiro anivers\u00e1rio da retomada das rela\u00e7\u00f5es diplom\u00e1ticas entre a China e a Nicar\u00e1gua, em Man\u00e1gua, capital da Nicar\u00e1gua.\u00a0<\/p>\n\n\n\n<p>Na ocasi\u00e3o, estavam presentes o embaixador da China no pa\u00eds, Chen Xi, o conselheiro do presidente da Nicar\u00e1gua, Laureano Ortega, que \u00e9 tamb\u00e9m o respons\u00e1vel pelas coopera\u00e7\u00f5es com a China, e mais de 300 convidados de v\u00e1rios setores dos dois pa\u00edses.<\/p>\n\n\n\n<p>O document\u00e1rio de 30 minutos em espanhol \u00e9 co-produzido pelo Grupo de M\u00eddia da China (CMG, na sigla em ingl\u00eas) e a televis\u00e3o nacional da Nicar\u00e1gua, sendo a primeira coprodu\u00e7\u00e3o entre as duas m\u00eddias que est\u00e1 no ar depois da retomada das rela\u00e7\u00f5es diplom\u00e1ticas.<\/p>\n\n\n\n<p>Outros document\u00e1rios e programas produzidos pelo CMG est\u00e3o na programa\u00e7\u00e3o local e impressionaram a audi\u00eancia.<\/p>\n\n\n\n<p>O presidente da Assembleia Nacional do pa\u00eds, Gustavo Eduardo Porras, concedeu uma entrevista ao CMG e disse que o document\u00e1rio \u00e9 uma obra comovente e parabenizou pela sua transmiss\u00e3o. Este \u00e9 um resultado importante na \u00e1rea dos interc\u00e2mbios culturais entre os dois pa\u00edses, e vai melhorar a compreens\u00e3o m\u00fatua e os la\u00e7os interpessoais entre os dois povos.<\/p>\n","protected":false},"excerpt":{"rendered":"<p>Recentemente, o document\u00e1rio Uma Coexist\u00eancia Harmoniosa foi exibida em uma recep\u00e7\u00e3o de celebra\u00e7\u00e3o do primeiro anivers\u00e1rio da retomada das rela\u00e7\u00f5es diplom\u00e1ticas entre a China e a Nicar\u00e1gua, em Man\u00e1gua, capital da Nicar\u00e1gua.\u00a0 Na ocasi\u00e3o, estavam presentes o embaixador da China&#8230;<\/p>\n","protected":false},"author":2,"featured_media":0,"comment_status":"open","ping_status":"open","sticky":false,"template":"","format":"standard","meta":{"footnotes":""},"categories":[8],"tags":[],"class_list":["post-141","post","type-post","status-publish","format-standard","hentry","category-internacional"],"yoast_head":"<!-- This site is optimized with the Yoast SEO plugin v27.4 - https:\/\/yoast.com\/product\/yoast-seo-wordpress\/ -->\n<title>V\u00e1rias obras de cinema e televis\u00e3o produzidas pelo CMG s\u00e3o exibidas na Nicar\u00e1gua - CRI e Diario de Pernambuco<\/title>\n<meta name=\"robots\" content=\"index, follow, max-snippet:-1, max-image-preview:large, max-video-preview:-1\" \/>\n<link rel=\"canonical\" href=\"https:\/\/diariodepe.com.br\/cri\/2022\/12\/13\/varias-obras-de-cinema-e-televisao-produzidas-pelo-cmg-sao-exibidas-na-nicaragua\/\" \/>\n<meta property=\"og:locale\" content=\"pt_BR\" \/>\n<meta property=\"og:type\" content=\"article\" \/>\n<meta property=\"og:title\" content=\"V\u00e1rias obras de cinema e televis\u00e3o produzidas pelo CMG s\u00e3o exibidas na Nicar\u00e1gua - CRI e Diario de Pernambuco\" \/>\n<meta property=\"og:description\" content=\"Recentemente, o document\u00e1rio Uma Coexist\u00eancia Harmoniosa foi exibida em uma recep\u00e7\u00e3o de celebra\u00e7\u00e3o do primeiro anivers\u00e1rio da retomada das rela\u00e7\u00f5es diplom\u00e1ticas entre a China e a Nicar\u00e1gua, em Man\u00e1gua, capital da Nicar\u00e1gua.\u00a0 Na ocasi\u00e3o, estavam presentes o embaixador da China...\" \/>\n<meta property=\"og:url\" content=\"https:\/\/diariodepe.com.br\/cri\/2022\/12\/13\/varias-obras-de-cinema-e-televisao-produzidas-pelo-cmg-sao-exibidas-na-nicaragua\/\" \/>\n<meta property=\"og:site_name\" content=\"CRI e Diario de Pernambuco\" \/>\n<meta property=\"article:published_time\" content=\"2022-12-13T05:12:40+00:00\" \/>\n<meta property=\"article:modified_time\" content=\"2022-12-13T05:12:41+00:00\" \/>\n<meta name=\"author\" content=\"Ismael Lucas S. Pereira\" \/>\n<meta name=\"twitter:card\" content=\"summary_large_image\" \/>\n<meta name=\"twitter:label1\" content=\"Escrito por\" \/>\n\t<meta name=\"twitter:data1\" content=\"Ismael Lucas S. Pereira\" \/>\n\t<meta name=\"twitter:label2\" content=\"Est. tempo de leitura\" \/>\n\t<meta name=\"twitter:data2\" content=\"2 minutos\" \/>\n<script type=\"application\/ld+json\" class=\"yoast-schema-graph\">{\"@context\":\"https:\\\/\\\/schema.org\",\"@graph\":[{\"@type\":\"Article\",\"@id\":\"https:\\\/\\\/diariodepe.com.br\\\/cri\\\/2022\\\/12\\\/13\\\/varias-obras-de-cinema-e-televisao-produzidas-pelo-cmg-sao-exibidas-na-nicaragua\\\/#article\",\"isPartOf\":{\"@id\":\"https:\\\/\\\/diariodepe.com.br\\\/cri\\\/2022\\\/12\\\/13\\\/varias-obras-de-cinema-e-televisao-produzidas-pelo-cmg-sao-exibidas-na-nicaragua\\\/\"},\"author\":{\"name\":\"Ismael Lucas S. Pereira\",\"@id\":\"https:\\\/\\\/diariodepe.com.br\\\/cri\\\/#\\\/schema\\\/person\\\/121bb28d84f1a5b1205ef4ce9c2e0c6b\"},\"headline\":\"V\u00e1rias obras de cinema e televis\u00e3o produzidas pelo CMG s\u00e3o exibidas na Nicar\u00e1gua\",\"datePublished\":\"2022-12-13T05:12:40+00:00\",\"dateModified\":\"2022-12-13T05:12:41+00:00\",\"mainEntityOfPage\":{\"@id\":\"https:\\\/\\\/diariodepe.com.br\\\/cri\\\/2022\\\/12\\\/13\\\/varias-obras-de-cinema-e-televisao-produzidas-pelo-cmg-sao-exibidas-na-nicaragua\\\/\"},\"wordCount\":239,\"commentCount\":0,\"publisher\":{\"@id\":\"https:\\\/\\\/diariodepe.com.br\\\/cri\\\/#organization\"},\"articleSection\":[\"Internacional\"],\"inLanguage\":\"pt-BR\",\"potentialAction\":[{\"@type\":\"CommentAction\",\"name\":\"Comment\",\"target\":[\"https:\\\/\\\/diariodepe.com.br\\\/cri\\\/2022\\\/12\\\/13\\\/varias-obras-de-cinema-e-televisao-produzidas-pelo-cmg-sao-exibidas-na-nicaragua\\\/#respond\"]}]},{\"@type\":\"WebPage\",\"@id\":\"https:\\\/\\\/diariodepe.com.br\\\/cri\\\/2022\\\/12\\\/13\\\/varias-obras-de-cinema-e-televisao-produzidas-pelo-cmg-sao-exibidas-na-nicaragua\\\/\",\"url\":\"https:\\\/\\\/diariodepe.com.br\\\/cri\\\/2022\\\/12\\\/13\\\/varias-obras-de-cinema-e-televisao-produzidas-pelo-cmg-sao-exibidas-na-nicaragua\\\/\",\"name\":\"V\u00e1rias obras de cinema e televis\u00e3o produzidas pelo CMG s\u00e3o exibidas na Nicar\u00e1gua - CRI e Diario de Pernambuco\",\"isPartOf\":{\"@id\":\"https:\\\/\\\/diariodepe.com.br\\\/cri\\\/#website\"},\"datePublished\":\"2022-12-13T05:12:40+00:00\",\"dateModified\":\"2022-12-13T05:12:41+00:00\",\"breadcrumb\":{\"@id\":\"https:\\\/\\\/diariodepe.com.br\\\/cri\\\/2022\\\/12\\\/13\\\/varias-obras-de-cinema-e-televisao-produzidas-pelo-cmg-sao-exibidas-na-nicaragua\\\/#breadcrumb\"},\"inLanguage\":\"pt-BR\",\"potentialAction\":[{\"@type\":\"ReadAction\",\"target\":[\"https:\\\/\\\/diariodepe.com.br\\\/cri\\\/2022\\\/12\\\/13\\\/varias-obras-de-cinema-e-televisao-produzidas-pelo-cmg-sao-exibidas-na-nicaragua\\\/\"]}]},{\"@type\":\"BreadcrumbList\",\"@id\":\"https:\\\/\\\/diariodepe.com.br\\\/cri\\\/2022\\\/12\\\/13\\\/varias-obras-de-cinema-e-televisao-produzidas-pelo-cmg-sao-exibidas-na-nicaragua\\\/#breadcrumb\",\"itemListElement\":[{\"@type\":\"ListItem\",\"position\":1,\"name\":\"In\u00edcio\",\"item\":\"https:\\\/\\\/diariodepe.com.br\\\/cri\\\/\"},{\"@type\":\"ListItem\",\"position\":2,\"name\":\"V\u00e1rias obras de cinema e televis\u00e3o produzidas pelo CMG s\u00e3o exibidas na Nicar\u00e1gua\"}]},{\"@type\":\"WebSite\",\"@id\":\"https:\\\/\\\/diariodepe.com.br\\\/cri\\\/#website\",\"url\":\"https:\\\/\\\/diariodepe.com.br\\\/cri\\\/\",\"name\":\"CRI e Diario de Pernambuco\",\"description\":\"R\u00e1dio Internacional da China\",\"publisher\":{\"@id\":\"https:\\\/\\\/diariodepe.com.br\\\/cri\\\/#organization\"},\"potentialAction\":[{\"@type\":\"SearchAction\",\"target\":{\"@type\":\"EntryPoint\",\"urlTemplate\":\"https:\\\/\\\/diariodepe.com.br\\\/cri\\\/?s={search_term_string}\"},\"query-input\":{\"@type\":\"PropertyValueSpecification\",\"valueRequired\":true,\"valueName\":\"search_term_string\"}}],\"inLanguage\":\"pt-BR\"},{\"@type\":\"Organization\",\"@id\":\"https:\\\/\\\/diariodepe.com.br\\\/cri\\\/#organization\",\"name\":\"CRI e Diario de Pernambuco\",\"url\":\"https:\\\/\\\/diariodepe.com.br\\\/cri\\\/\",\"logo\":{\"@type\":\"ImageObject\",\"inLanguage\":\"pt-BR\",\"@id\":\"https:\\\/\\\/diariodepe.com.br\\\/cri\\\/#\\\/schema\\\/logo\\\/image\\\/\",\"url\":\"https:\\\/\\\/diariodepe.com.br\\\/cri\\\/wp-content\\\/uploads\\\/sites\\\/2\\\/2022\\\/12\\\/cropped-Logo.jpg\",\"contentUrl\":\"https:\\\/\\\/diariodepe.com.br\\\/cri\\\/wp-content\\\/uploads\\\/sites\\\/2\\\/2022\\\/12\\\/cropped-Logo.jpg\",\"width\":700,\"height\":59,\"caption\":\"CRI e Diario de Pernambuco\"},\"image\":{\"@id\":\"https:\\\/\\\/diariodepe.com.br\\\/cri\\\/#\\\/schema\\\/logo\\\/image\\\/\"}},{\"@type\":\"Person\",\"@id\":\"https:\\\/\\\/diariodepe.com.br\\\/cri\\\/#\\\/schema\\\/person\\\/121bb28d84f1a5b1205ef4ce9c2e0c6b\",\"name\":\"Ismael Lucas S. Pereira\",\"image\":{\"@type\":\"ImageObject\",\"inLanguage\":\"pt-BR\",\"@id\":\"https:\\\/\\\/secure.gravatar.com\\\/avatar\\\/887a0f3b5a7ceea963a48499fb883ffce6b5037362def025c52c2505b15d63e4?s=96&d=mm&r=g\",\"url\":\"https:\\\/\\\/secure.gravatar.com\\\/avatar\\\/887a0f3b5a7ceea963a48499fb883ffce6b5037362def025c52c2505b15d63e4?s=96&d=mm&r=g\",\"contentUrl\":\"https:\\\/\\\/secure.gravatar.com\\\/avatar\\\/887a0f3b5a7ceea963a48499fb883ffce6b5037362def025c52c2505b15d63e4?s=96&d=mm&r=g\",\"caption\":\"Ismael Lucas S. Pereira\"},\"url\":\"https:\\\/\\\/diariodepe.com.br\\\/cri\\\/author\\\/ismael-lucas\\\/\"}]}<\/script>\n<!-- \/ Yoast SEO plugin. -->","yoast_head_json":{"title":"V\u00e1rias obras de cinema e televis\u00e3o produzidas pelo CMG s\u00e3o exibidas na Nicar\u00e1gua - CRI e Diario de Pernambuco","robots":{"index":"index","follow":"follow","max-snippet":"max-snippet:-1","max-image-preview":"max-image-preview:large","max-video-preview":"max-video-preview:-1"},"canonical":"https:\/\/diariodepe.com.br\/cri\/2022\/12\/13\/varias-obras-de-cinema-e-televisao-produzidas-pelo-cmg-sao-exibidas-na-nicaragua\/","og_locale":"pt_BR","og_type":"article","og_title":"V\u00e1rias obras de cinema e televis\u00e3o produzidas pelo CMG s\u00e3o exibidas na Nicar\u00e1gua - CRI e Diario de Pernambuco","og_description":"Recentemente, o document\u00e1rio Uma Coexist\u00eancia Harmoniosa foi exibida em uma recep\u00e7\u00e3o de celebra\u00e7\u00e3o do primeiro anivers\u00e1rio da retomada das rela\u00e7\u00f5es diplom\u00e1ticas entre a China e a Nicar\u00e1gua, em Man\u00e1gua, capital da Nicar\u00e1gua.\u00a0 Na ocasi\u00e3o, estavam presentes o embaixador da China...","og_url":"https:\/\/diariodepe.com.br\/cri\/2022\/12\/13\/varias-obras-de-cinema-e-televisao-produzidas-pelo-cmg-sao-exibidas-na-nicaragua\/","og_site_name":"CRI e Diario de Pernambuco","article_published_time":"2022-12-13T05:12:40+00:00","article_modified_time":"2022-12-13T05:12:41+00:00","author":"Ismael Lucas S. Pereira","twitter_card":"summary_large_image","twitter_misc":{"Escrito por":"Ismael Lucas S. Pereira","Est. tempo de leitura":"2 minutos"},"schema":{"@context":"https:\/\/schema.org","@graph":[{"@type":"Article","@id":"https:\/\/diariodepe.com.br\/cri\/2022\/12\/13\/varias-obras-de-cinema-e-televisao-produzidas-pelo-cmg-sao-exibidas-na-nicaragua\/#article","isPartOf":{"@id":"https:\/\/diariodepe.com.br\/cri\/2022\/12\/13\/varias-obras-de-cinema-e-televisao-produzidas-pelo-cmg-sao-exibidas-na-nicaragua\/"},"author":{"name":"Ismael Lucas S. Pereira","@id":"https:\/\/diariodepe.com.br\/cri\/#\/schema\/person\/121bb28d84f1a5b1205ef4ce9c2e0c6b"},"headline":"V\u00e1rias obras de cinema e televis\u00e3o produzidas pelo CMG s\u00e3o exibidas na Nicar\u00e1gua","datePublished":"2022-12-13T05:12:40+00:00","dateModified":"2022-12-13T05:12:41+00:00","mainEntityOfPage":{"@id":"https:\/\/diariodepe.com.br\/cri\/2022\/12\/13\/varias-obras-de-cinema-e-televisao-produzidas-pelo-cmg-sao-exibidas-na-nicaragua\/"},"wordCount":239,"commentCount":0,"publisher":{"@id":"https:\/\/diariodepe.com.br\/cri\/#organization"},"articleSection":["Internacional"],"inLanguage":"pt-BR","potentialAction":[{"@type":"CommentAction","name":"Comment","target":["https:\/\/diariodepe.com.br\/cri\/2022\/12\/13\/varias-obras-de-cinema-e-televisao-produzidas-pelo-cmg-sao-exibidas-na-nicaragua\/#respond"]}]},{"@type":"WebPage","@id":"https:\/\/diariodepe.com.br\/cri\/2022\/12\/13\/varias-obras-de-cinema-e-televisao-produzidas-pelo-cmg-sao-exibidas-na-nicaragua\/","url":"https:\/\/diariodepe.com.br\/cri\/2022\/12\/13\/varias-obras-de-cinema-e-televisao-produzidas-pelo-cmg-sao-exibidas-na-nicaragua\/","name":"V\u00e1rias obras de cinema e televis\u00e3o produzidas pelo CMG s\u00e3o exibidas na Nicar\u00e1gua - CRI e Diario de Pernambuco","isPartOf":{"@id":"https:\/\/diariodepe.com.br\/cri\/#website"},"datePublished":"2022-12-13T05:12:40+00:00","dateModified":"2022-12-13T05:12:41+00:00","breadcrumb":{"@id":"https:\/\/diariodepe.com.br\/cri\/2022\/12\/13\/varias-obras-de-cinema-e-televisao-produzidas-pelo-cmg-sao-exibidas-na-nicaragua\/#breadcrumb"},"inLanguage":"pt-BR","potentialAction":[{"@type":"ReadAction","target":["https:\/\/diariodepe.com.br\/cri\/2022\/12\/13\/varias-obras-de-cinema-e-televisao-produzidas-pelo-cmg-sao-exibidas-na-nicaragua\/"]}]},{"@type":"BreadcrumbList","@id":"https:\/\/diariodepe.com.br\/cri\/2022\/12\/13\/varias-obras-de-cinema-e-televisao-produzidas-pelo-cmg-sao-exibidas-na-nicaragua\/#breadcrumb","itemListElement":[{"@type":"ListItem","position":1,"name":"In\u00edcio","item":"https:\/\/diariodepe.com.br\/cri\/"},{"@type":"ListItem","position":2,"name":"V\u00e1rias obras de cinema e televis\u00e3o produzidas pelo CMG s\u00e3o exibidas na Nicar\u00e1gua"}]},{"@type":"WebSite","@id":"https:\/\/diariodepe.com.br\/cri\/#website","url":"https:\/\/diariodepe.com.br\/cri\/","name":"CRI e Diario de Pernambuco","description":"R\u00e1dio Internacional da China","publisher":{"@id":"https:\/\/diariodepe.com.br\/cri\/#organization"},"potentialAction":[{"@type":"SearchAction","target":{"@type":"EntryPoint","urlTemplate":"https:\/\/diariodepe.com.br\/cri\/?s={search_term_string}"},"query-input":{"@type":"PropertyValueSpecification","valueRequired":true,"valueName":"search_term_string"}}],"inLanguage":"pt-BR"},{"@type":"Organization","@id":"https:\/\/diariodepe.com.br\/cri\/#organization","name":"CRI e Diario de Pernambuco","url":"https:\/\/diariodepe.com.br\/cri\/","logo":{"@type":"ImageObject","inLanguage":"pt-BR","@id":"https:\/\/diariodepe.com.br\/cri\/#\/schema\/logo\/image\/","url":"https:\/\/diariodepe.com.br\/cri\/wp-content\/uploads\/sites\/2\/2022\/12\/cropped-Logo.jpg","contentUrl":"https:\/\/diariodepe.com.br\/cri\/wp-content\/uploads\/sites\/2\/2022\/12\/cropped-Logo.jpg","width":700,"height":59,"caption":"CRI e Diario de Pernambuco"},"image":{"@id":"https:\/\/diariodepe.com.br\/cri\/#\/schema\/logo\/image\/"}},{"@type":"Person","@id":"https:\/\/diariodepe.com.br\/cri\/#\/schema\/person\/121bb28d84f1a5b1205ef4ce9c2e0c6b","name":"Ismael Lucas S. Pereira","image":{"@type":"ImageObject","inLanguage":"pt-BR","@id":"https:\/\/secure.gravatar.com\/avatar\/887a0f3b5a7ceea963a48499fb883ffce6b5037362def025c52c2505b15d63e4?s=96&d=mm&r=g","url":"https:\/\/secure.gravatar.com\/avatar\/887a0f3b5a7ceea963a48499fb883ffce6b5037362def025c52c2505b15d63e4?s=96&d=mm&r=g","contentUrl":"https:\/\/secure.gravatar.com\/avatar\/887a0f3b5a7ceea963a48499fb883ffce6b5037362def025c52c2505b15d63e4?s=96&d=mm&r=g","caption":"Ismael Lucas S. Pereira"},"url":"https:\/\/diariodepe.com.br\/cri\/author\/ismael-lucas\/"}]}},"cc_featured_image_caption":{"caption_text":"","source_text":"","source_url":""},"amp_enabled":true,"_links":{"self":[{"href":"https:\/\/diariodepe.com.br\/cri\/wp-json\/wp\/v2\/posts\/141","targetHints":{"allow":["GET"]}}],"collection":[{"href":"https:\/\/diariodepe.com.br\/cri\/wp-json\/wp\/v2\/posts"}],"about":[{"href":"https:\/\/diariodepe.com.br\/cri\/wp-json\/wp\/v2\/types\/post"}],"author":[{"embeddable":true,"href":"https:\/\/diariodepe.com.br\/cri\/wp-json\/wp\/v2\/users\/2"}],"replies":[{"embeddable":true,"href":"https:\/\/diariodepe.com.br\/cri\/wp-json\/wp\/v2\/comments?post=141"}],"version-history":[{"count":1,"href":"https:\/\/diariodepe.com.br\/cri\/wp-json\/wp\/v2\/posts\/141\/revisions"}],"predecessor-version":[{"id":144,"href":"https:\/\/diariodepe.com.br\/cri\/wp-json\/wp\/v2\/posts\/141\/revisions\/144"}],"wp:attachment":[{"href":"https:\/\/diariodepe.com.br\/cri\/wp-json\/wp\/v2\/media?parent=141"}],"wp:term":[{"taxonomy":"category","embeddable":true,"href":"https:\/\/diariodepe.com.br\/cri\/wp-json\/wp\/v2\/categories?post=141"},{"taxonomy":"post_tag","embeddable":true,"href":"https:\/\/diariodepe.com.br\/cri\/wp-json\/wp\/v2\/tags?post=141"}],"curies":[{"name":"wp","href":"https:\/\/api.w.org\/{rel}","templated":true}]}}