{"id":135,"date":"2022-12-13T01:59:37","date_gmt":"2022-12-13T04:59:37","guid":{"rendered":"https:\/\/diariodepe.com.br\/cri\/?p=135"},"modified":"2022-12-13T01:59:39","modified_gmt":"2022-12-13T04:59:39","slug":"comentario-copa-do-catar-rejeita-guardiaes-dos-direitos-humanos-ocidentais","status":"publish","type":"post","link":"https:\/\/diariodepe.com.br\/cri\/2022\/12\/13\/comentario-copa-do-catar-rejeita-guardiaes-dos-direitos-humanos-ocidentais\/","title":{"rendered":"<strong>Coment\u00e1rio: Copa do Catar rejeita &#8220;guardi\u00e3es dos direitos humanos ocidentais&#8221;<\/strong>"},"content":{"rendered":"\n<p>A Copa do Mundo do Catar tem esta semana os jogos das semifinais que v\u00e3o definir os finalistas que se enfrentam no dia 18. No entanto, setores da m\u00eddia ocidental n\u00e3o focam na disputa. A CNN e o jornal The Washington Post n\u00e3o cansam de criticar as condi\u00e7\u00f5es de trabalho no Catar, enquanto a brit\u00e2nica BBC se recusou a transmitir a cerim\u00f4nia de abertura da Copa, ocorrida em 20 de novembro. &nbsp;<\/p>\n\n\n\n<p>Os ve\u00edculos de imprensa, que se autointitulam&nbsp;\u201cneutros\u201d, ignoraram os esfor\u00e7os feitos pelo Catar na organiza\u00e7\u00e3o do grande evento esportivo, al\u00e9m de negarem a for\u00e7a da uni\u00e3o que o futebol promove no mundo no panorama turbulento atual. &nbsp;<\/p>\n\n\n\n<p>O Catar \u00e9 o primeiro pa\u00eds do mundo \u00e1rabe a realizar uma Copa do Mundo. Por\u00e9m, desde que o pa\u00eds apresentou a candidatura, tem sido alvo de cr\u00edticas do mundo ocidental, que alega que cerca de 10 mil trabalhadores morreram nas obras, al\u00e9m de tentar boicotar o evento de forma diplom\u00e1tica. A politiza\u00e7\u00e3o \u00e9 uma marca desta edi\u00e7\u00e3o da Copa.&nbsp;<\/p>\n\n\n\n<p>O vice-premi\u00ea e ministro das Rela\u00e7\u00f5es Diplom\u00e1ticas do Catar, Mohammed bin Abdulrahman Al Thani, chamou as m\u00eddias ocidentais de&nbsp;\u201chip\u00f3critas\u201d.&nbsp;\u201cAlgumas n\u00e3o querem que um pequeno pa\u00eds do Oriente M\u00e9dio organize um grande evento mundial\u201d, reagiu o chefe da diplomacia do Catar. Os pa\u00edses ocidentais n\u00e3o aceitam que outras na\u00e7\u00f5es sejam mais fortes do que eles, o que \u00e9 realmente lament\u00e1vel e sinal de decad\u00eancia. &nbsp;&nbsp;<\/p>\n\n\n\n<p>O pa\u00eds sede da Copa 2022 organizou com sucesso o evento, trazendo alegrias e for\u00e7a para o mundo, o que j\u00e1 configura uma proeza. O mais importante \u00e9 que a competi\u00e7\u00e3o permite que as pessoas vejam um mundo \u00e1rabe real, maravilhoso, diferente das reportagens ocidentais cheias de preconceitos. &nbsp;&nbsp;<\/p>\n\n\n\n<p>Deixe o esporte ser esporte. A Copa do Catar n\u00e3o acolhe os&nbsp;\u201cguardi\u00e3es dos direitos humanos do Ocidente\u201d.&nbsp;<\/p>\n","protected":false},"excerpt":{"rendered":"<p>A Copa do Mundo do Catar tem esta semana os jogos das semifinais que v\u00e3o definir os finalistas que se enfrentam no dia 18. No entanto, setores da m\u00eddia ocidental n\u00e3o focam na disputa. A CNN e o jornal The&#8230;<\/p>\n","protected":false},"author":2,"featured_media":136,"comment_status":"open","ping_status":"open","sticky":false,"template":"","format":"standard","meta":{"footnotes":""},"categories":[7],"tags":[],"class_list":["post-135","post","type-post","status-publish","format-standard","has-post-thumbnail","hentry","category-visao"],"yoast_head":"<!-- This site is optimized with the Yoast SEO plugin v27.4 - https:\/\/yoast.com\/product\/yoast-seo-wordpress\/ -->\n<title>Coment\u00e1rio: Copa do Catar rejeita &quot;guardi\u00e3es dos direitos humanos ocidentais&quot; - CRI e Diario de Pernambuco<\/title>\n<meta name=\"robots\" content=\"index, follow, max-snippet:-1, max-image-preview:large, max-video-preview:-1\" \/>\n<link rel=\"canonical\" href=\"https:\/\/diariodepe.com.br\/cri\/2022\/12\/13\/comentario-copa-do-catar-rejeita-guardiaes-dos-direitos-humanos-ocidentais\/\" \/>\n<meta property=\"og:locale\" content=\"pt_BR\" \/>\n<meta property=\"og:type\" content=\"article\" \/>\n<meta property=\"og:title\" content=\"Coment\u00e1rio: Copa do Catar rejeita &quot;guardi\u00e3es dos direitos humanos ocidentais&quot; - CRI e Diario de Pernambuco\" \/>\n<meta property=\"og:description\" content=\"A Copa do Mundo do Catar tem esta semana os jogos das semifinais que v\u00e3o definir os finalistas que se enfrentam no dia 18. No entanto, setores da m\u00eddia ocidental n\u00e3o focam na disputa. A CNN e o jornal The...\" \/>\n<meta property=\"og:url\" content=\"https:\/\/diariodepe.com.br\/cri\/2022\/12\/13\/comentario-copa-do-catar-rejeita-guardiaes-dos-direitos-humanos-ocidentais\/\" \/>\n<meta property=\"og:site_name\" content=\"CRI e Diario de Pernambuco\" \/>\n<meta property=\"article:published_time\" content=\"2022-12-13T04:59:37+00:00\" \/>\n<meta property=\"article:modified_time\" content=\"2022-12-13T04:59:39+00:00\" \/>\n<meta property=\"og:image\" content=\"https:\/\/diariodepe.com.br\/cri\/wp-content\/uploads\/sites\/2\/2022\/12\/2022121220275744642.jpeg\" \/>\n\t<meta property=\"og:image:width\" content=\"1964\" \/>\n\t<meta property=\"og:image:height\" content=\"1156\" \/>\n\t<meta property=\"og:image:type\" content=\"image\/jpeg\" \/>\n<meta name=\"author\" content=\"Ismael Lucas S. Pereira\" \/>\n<meta name=\"twitter:card\" content=\"summary_large_image\" \/>\n<meta name=\"twitter:label1\" content=\"Escrito por\" \/>\n\t<meta name=\"twitter:data1\" content=\"Ismael Lucas S. Pereira\" \/>\n\t<meta name=\"twitter:label2\" content=\"Est. tempo de leitura\" \/>\n\t<meta name=\"twitter:data2\" content=\"2 minutos\" \/>\n<script type=\"application\/ld+json\" class=\"yoast-schema-graph\">{\"@context\":\"https:\\\/\\\/schema.org\",\"@graph\":[{\"@type\":\"Article\",\"@id\":\"https:\\\/\\\/diariodepe.com.br\\\/cri\\\/2022\\\/12\\\/13\\\/comentario-copa-do-catar-rejeita-guardiaes-dos-direitos-humanos-ocidentais\\\/#article\",\"isPartOf\":{\"@id\":\"https:\\\/\\\/diariodepe.com.br\\\/cri\\\/2022\\\/12\\\/13\\\/comentario-copa-do-catar-rejeita-guardiaes-dos-direitos-humanos-ocidentais\\\/\"},\"author\":{\"name\":\"Ismael Lucas S. Pereira\",\"@id\":\"https:\\\/\\\/diariodepe.com.br\\\/cri\\\/#\\\/schema\\\/person\\\/121bb28d84f1a5b1205ef4ce9c2e0c6b\"},\"headline\":\"Coment\u00e1rio: Copa do Catar rejeita &#8220;guardi\u00e3es dos direitos humanos ocidentais&#8221;\",\"datePublished\":\"2022-12-13T04:59:37+00:00\",\"dateModified\":\"2022-12-13T04:59:39+00:00\",\"mainEntityOfPage\":{\"@id\":\"https:\\\/\\\/diariodepe.com.br\\\/cri\\\/2022\\\/12\\\/13\\\/comentario-copa-do-catar-rejeita-guardiaes-dos-direitos-humanos-ocidentais\\\/\"},\"wordCount\":353,\"commentCount\":0,\"publisher\":{\"@id\":\"https:\\\/\\\/diariodepe.com.br\\\/cri\\\/#organization\"},\"image\":{\"@id\":\"https:\\\/\\\/diariodepe.com.br\\\/cri\\\/2022\\\/12\\\/13\\\/comentario-copa-do-catar-rejeita-guardiaes-dos-direitos-humanos-ocidentais\\\/#primaryimage\"},\"thumbnailUrl\":\"https:\\\/\\\/diariodepe.com.br\\\/cri\\\/wp-content\\\/uploads\\\/sites\\\/2\\\/2022\\\/12\\\/2022121220275744642.jpeg\",\"articleSection\":[\"Vis\u00e3o\"],\"inLanguage\":\"pt-BR\",\"potentialAction\":[{\"@type\":\"CommentAction\",\"name\":\"Comment\",\"target\":[\"https:\\\/\\\/diariodepe.com.br\\\/cri\\\/2022\\\/12\\\/13\\\/comentario-copa-do-catar-rejeita-guardiaes-dos-direitos-humanos-ocidentais\\\/#respond\"]}]},{\"@type\":\"WebPage\",\"@id\":\"https:\\\/\\\/diariodepe.com.br\\\/cri\\\/2022\\\/12\\\/13\\\/comentario-copa-do-catar-rejeita-guardiaes-dos-direitos-humanos-ocidentais\\\/\",\"url\":\"https:\\\/\\\/diariodepe.com.br\\\/cri\\\/2022\\\/12\\\/13\\\/comentario-copa-do-catar-rejeita-guardiaes-dos-direitos-humanos-ocidentais\\\/\",\"name\":\"Coment\u00e1rio: Copa do Catar rejeita \\\"guardi\u00e3es dos direitos humanos ocidentais\\\" - CRI e Diario de Pernambuco\",\"isPartOf\":{\"@id\":\"https:\\\/\\\/diariodepe.com.br\\\/cri\\\/#website\"},\"primaryImageOfPage\":{\"@id\":\"https:\\\/\\\/diariodepe.com.br\\\/cri\\\/2022\\\/12\\\/13\\\/comentario-copa-do-catar-rejeita-guardiaes-dos-direitos-humanos-ocidentais\\\/#primaryimage\"},\"image\":{\"@id\":\"https:\\\/\\\/diariodepe.com.br\\\/cri\\\/2022\\\/12\\\/13\\\/comentario-copa-do-catar-rejeita-guardiaes-dos-direitos-humanos-ocidentais\\\/#primaryimage\"},\"thumbnailUrl\":\"https:\\\/\\\/diariodepe.com.br\\\/cri\\\/wp-content\\\/uploads\\\/sites\\\/2\\\/2022\\\/12\\\/2022121220275744642.jpeg\",\"datePublished\":\"2022-12-13T04:59:37+00:00\",\"dateModified\":\"2022-12-13T04:59:39+00:00\",\"breadcrumb\":{\"@id\":\"https:\\\/\\\/diariodepe.com.br\\\/cri\\\/2022\\\/12\\\/13\\\/comentario-copa-do-catar-rejeita-guardiaes-dos-direitos-humanos-ocidentais\\\/#breadcrumb\"},\"inLanguage\":\"pt-BR\",\"potentialAction\":[{\"@type\":\"ReadAction\",\"target\":[\"https:\\\/\\\/diariodepe.com.br\\\/cri\\\/2022\\\/12\\\/13\\\/comentario-copa-do-catar-rejeita-guardiaes-dos-direitos-humanos-ocidentais\\\/\"]}]},{\"@type\":\"ImageObject\",\"inLanguage\":\"pt-BR\",\"@id\":\"https:\\\/\\\/diariodepe.com.br\\\/cri\\\/2022\\\/12\\\/13\\\/comentario-copa-do-catar-rejeita-guardiaes-dos-direitos-humanos-ocidentais\\\/#primaryimage\",\"url\":\"https:\\\/\\\/diariodepe.com.br\\\/cri\\\/wp-content\\\/uploads\\\/sites\\\/2\\\/2022\\\/12\\\/2022121220275744642.jpeg\",\"contentUrl\":\"https:\\\/\\\/diariodepe.com.br\\\/cri\\\/wp-content\\\/uploads\\\/sites\\\/2\\\/2022\\\/12\\\/2022121220275744642.jpeg\",\"width\":1964,\"height\":1156},{\"@type\":\"BreadcrumbList\",\"@id\":\"https:\\\/\\\/diariodepe.com.br\\\/cri\\\/2022\\\/12\\\/13\\\/comentario-copa-do-catar-rejeita-guardiaes-dos-direitos-humanos-ocidentais\\\/#breadcrumb\",\"itemListElement\":[{\"@type\":\"ListItem\",\"position\":1,\"name\":\"In\u00edcio\",\"item\":\"https:\\\/\\\/diariodepe.com.br\\\/cri\\\/\"},{\"@type\":\"ListItem\",\"position\":2,\"name\":\"Coment\u00e1rio: Copa do Catar rejeita &#8220;guardi\u00e3es dos direitos humanos ocidentais&#8221;\"}]},{\"@type\":\"WebSite\",\"@id\":\"https:\\\/\\\/diariodepe.com.br\\\/cri\\\/#website\",\"url\":\"https:\\\/\\\/diariodepe.com.br\\\/cri\\\/\",\"name\":\"CRI e Diario de Pernambuco\",\"description\":\"R\u00e1dio Internacional da China\",\"publisher\":{\"@id\":\"https:\\\/\\\/diariodepe.com.br\\\/cri\\\/#organization\"},\"potentialAction\":[{\"@type\":\"SearchAction\",\"target\":{\"@type\":\"EntryPoint\",\"urlTemplate\":\"https:\\\/\\\/diariodepe.com.br\\\/cri\\\/?s={search_term_string}\"},\"query-input\":{\"@type\":\"PropertyValueSpecification\",\"valueRequired\":true,\"valueName\":\"search_term_string\"}}],\"inLanguage\":\"pt-BR\"},{\"@type\":\"Organization\",\"@id\":\"https:\\\/\\\/diariodepe.com.br\\\/cri\\\/#organization\",\"name\":\"CRI e Diario de Pernambuco\",\"url\":\"https:\\\/\\\/diariodepe.com.br\\\/cri\\\/\",\"logo\":{\"@type\":\"ImageObject\",\"inLanguage\":\"pt-BR\",\"@id\":\"https:\\\/\\\/diariodepe.com.br\\\/cri\\\/#\\\/schema\\\/logo\\\/image\\\/\",\"url\":\"https:\\\/\\\/diariodepe.com.br\\\/cri\\\/wp-content\\\/uploads\\\/sites\\\/2\\\/2022\\\/12\\\/cropped-Logo.jpg\",\"contentUrl\":\"https:\\\/\\\/diariodepe.com.br\\\/cri\\\/wp-content\\\/uploads\\\/sites\\\/2\\\/2022\\\/12\\\/cropped-Logo.jpg\",\"width\":700,\"height\":59,\"caption\":\"CRI e Diario de Pernambuco\"},\"image\":{\"@id\":\"https:\\\/\\\/diariodepe.com.br\\\/cri\\\/#\\\/schema\\\/logo\\\/image\\\/\"}},{\"@type\":\"Person\",\"@id\":\"https:\\\/\\\/diariodepe.com.br\\\/cri\\\/#\\\/schema\\\/person\\\/121bb28d84f1a5b1205ef4ce9c2e0c6b\",\"name\":\"Ismael Lucas S. Pereira\",\"image\":{\"@type\":\"ImageObject\",\"inLanguage\":\"pt-BR\",\"@id\":\"https:\\\/\\\/secure.gravatar.com\\\/avatar\\\/887a0f3b5a7ceea963a48499fb883ffce6b5037362def025c52c2505b15d63e4?s=96&d=mm&r=g\",\"url\":\"https:\\\/\\\/secure.gravatar.com\\\/avatar\\\/887a0f3b5a7ceea963a48499fb883ffce6b5037362def025c52c2505b15d63e4?s=96&d=mm&r=g\",\"contentUrl\":\"https:\\\/\\\/secure.gravatar.com\\\/avatar\\\/887a0f3b5a7ceea963a48499fb883ffce6b5037362def025c52c2505b15d63e4?s=96&d=mm&r=g\",\"caption\":\"Ismael Lucas S. Pereira\"},\"url\":\"https:\\\/\\\/diariodepe.com.br\\\/cri\\\/author\\\/ismael-lucas\\\/\"}]}<\/script>\n<!-- \/ Yoast SEO plugin. -->","yoast_head_json":{"title":"Coment\u00e1rio: Copa do Catar rejeita \"guardi\u00e3es dos direitos humanos ocidentais\" - CRI e Diario de Pernambuco","robots":{"index":"index","follow":"follow","max-snippet":"max-snippet:-1","max-image-preview":"max-image-preview:large","max-video-preview":"max-video-preview:-1"},"canonical":"https:\/\/diariodepe.com.br\/cri\/2022\/12\/13\/comentario-copa-do-catar-rejeita-guardiaes-dos-direitos-humanos-ocidentais\/","og_locale":"pt_BR","og_type":"article","og_title":"Coment\u00e1rio: Copa do Catar rejeita \"guardi\u00e3es dos direitos humanos ocidentais\" - CRI e Diario de Pernambuco","og_description":"A Copa do Mundo do Catar tem esta semana os jogos das semifinais que v\u00e3o definir os finalistas que se enfrentam no dia 18. No entanto, setores da m\u00eddia ocidental n\u00e3o focam na disputa. A CNN e o jornal The...","og_url":"https:\/\/diariodepe.com.br\/cri\/2022\/12\/13\/comentario-copa-do-catar-rejeita-guardiaes-dos-direitos-humanos-ocidentais\/","og_site_name":"CRI e Diario de Pernambuco","article_published_time":"2022-12-13T04:59:37+00:00","article_modified_time":"2022-12-13T04:59:39+00:00","og_image":[{"width":1964,"height":1156,"url":"https:\/\/diariodepe.com.br\/cri\/wp-content\/uploads\/sites\/2\/2022\/12\/2022121220275744642.jpeg","type":"image\/jpeg"}],"author":"Ismael Lucas S. Pereira","twitter_card":"summary_large_image","twitter_misc":{"Escrito por":"Ismael Lucas S. Pereira","Est. tempo de leitura":"2 minutos"},"schema":{"@context":"https:\/\/schema.org","@graph":[{"@type":"Article","@id":"https:\/\/diariodepe.com.br\/cri\/2022\/12\/13\/comentario-copa-do-catar-rejeita-guardiaes-dos-direitos-humanos-ocidentais\/#article","isPartOf":{"@id":"https:\/\/diariodepe.com.br\/cri\/2022\/12\/13\/comentario-copa-do-catar-rejeita-guardiaes-dos-direitos-humanos-ocidentais\/"},"author":{"name":"Ismael Lucas S. Pereira","@id":"https:\/\/diariodepe.com.br\/cri\/#\/schema\/person\/121bb28d84f1a5b1205ef4ce9c2e0c6b"},"headline":"Coment\u00e1rio: Copa do Catar rejeita &#8220;guardi\u00e3es dos direitos humanos ocidentais&#8221;","datePublished":"2022-12-13T04:59:37+00:00","dateModified":"2022-12-13T04:59:39+00:00","mainEntityOfPage":{"@id":"https:\/\/diariodepe.com.br\/cri\/2022\/12\/13\/comentario-copa-do-catar-rejeita-guardiaes-dos-direitos-humanos-ocidentais\/"},"wordCount":353,"commentCount":0,"publisher":{"@id":"https:\/\/diariodepe.com.br\/cri\/#organization"},"image":{"@id":"https:\/\/diariodepe.com.br\/cri\/2022\/12\/13\/comentario-copa-do-catar-rejeita-guardiaes-dos-direitos-humanos-ocidentais\/#primaryimage"},"thumbnailUrl":"https:\/\/diariodepe.com.br\/cri\/wp-content\/uploads\/sites\/2\/2022\/12\/2022121220275744642.jpeg","articleSection":["Vis\u00e3o"],"inLanguage":"pt-BR","potentialAction":[{"@type":"CommentAction","name":"Comment","target":["https:\/\/diariodepe.com.br\/cri\/2022\/12\/13\/comentario-copa-do-catar-rejeita-guardiaes-dos-direitos-humanos-ocidentais\/#respond"]}]},{"@type":"WebPage","@id":"https:\/\/diariodepe.com.br\/cri\/2022\/12\/13\/comentario-copa-do-catar-rejeita-guardiaes-dos-direitos-humanos-ocidentais\/","url":"https:\/\/diariodepe.com.br\/cri\/2022\/12\/13\/comentario-copa-do-catar-rejeita-guardiaes-dos-direitos-humanos-ocidentais\/","name":"Coment\u00e1rio: Copa do Catar rejeita \"guardi\u00e3es dos direitos humanos ocidentais\" - CRI e Diario de Pernambuco","isPartOf":{"@id":"https:\/\/diariodepe.com.br\/cri\/#website"},"primaryImageOfPage":{"@id":"https:\/\/diariodepe.com.br\/cri\/2022\/12\/13\/comentario-copa-do-catar-rejeita-guardiaes-dos-direitos-humanos-ocidentais\/#primaryimage"},"image":{"@id":"https:\/\/diariodepe.com.br\/cri\/2022\/12\/13\/comentario-copa-do-catar-rejeita-guardiaes-dos-direitos-humanos-ocidentais\/#primaryimage"},"thumbnailUrl":"https:\/\/diariodepe.com.br\/cri\/wp-content\/uploads\/sites\/2\/2022\/12\/2022121220275744642.jpeg","datePublished":"2022-12-13T04:59:37+00:00","dateModified":"2022-12-13T04:59:39+00:00","breadcrumb":{"@id":"https:\/\/diariodepe.com.br\/cri\/2022\/12\/13\/comentario-copa-do-catar-rejeita-guardiaes-dos-direitos-humanos-ocidentais\/#breadcrumb"},"inLanguage":"pt-BR","potentialAction":[{"@type":"ReadAction","target":["https:\/\/diariodepe.com.br\/cri\/2022\/12\/13\/comentario-copa-do-catar-rejeita-guardiaes-dos-direitos-humanos-ocidentais\/"]}]},{"@type":"ImageObject","inLanguage":"pt-BR","@id":"https:\/\/diariodepe.com.br\/cri\/2022\/12\/13\/comentario-copa-do-catar-rejeita-guardiaes-dos-direitos-humanos-ocidentais\/#primaryimage","url":"https:\/\/diariodepe.com.br\/cri\/wp-content\/uploads\/sites\/2\/2022\/12\/2022121220275744642.jpeg","contentUrl":"https:\/\/diariodepe.com.br\/cri\/wp-content\/uploads\/sites\/2\/2022\/12\/2022121220275744642.jpeg","width":1964,"height":1156},{"@type":"BreadcrumbList","@id":"https:\/\/diariodepe.com.br\/cri\/2022\/12\/13\/comentario-copa-do-catar-rejeita-guardiaes-dos-direitos-humanos-ocidentais\/#breadcrumb","itemListElement":[{"@type":"ListItem","position":1,"name":"In\u00edcio","item":"https:\/\/diariodepe.com.br\/cri\/"},{"@type":"ListItem","position":2,"name":"Coment\u00e1rio: Copa do Catar rejeita &#8220;guardi\u00e3es dos direitos humanos ocidentais&#8221;"}]},{"@type":"WebSite","@id":"https:\/\/diariodepe.com.br\/cri\/#website","url":"https:\/\/diariodepe.com.br\/cri\/","name":"CRI e Diario de Pernambuco","description":"R\u00e1dio Internacional da China","publisher":{"@id":"https:\/\/diariodepe.com.br\/cri\/#organization"},"potentialAction":[{"@type":"SearchAction","target":{"@type":"EntryPoint","urlTemplate":"https:\/\/diariodepe.com.br\/cri\/?s={search_term_string}"},"query-input":{"@type":"PropertyValueSpecification","valueRequired":true,"valueName":"search_term_string"}}],"inLanguage":"pt-BR"},{"@type":"Organization","@id":"https:\/\/diariodepe.com.br\/cri\/#organization","name":"CRI e Diario de Pernambuco","url":"https:\/\/diariodepe.com.br\/cri\/","logo":{"@type":"ImageObject","inLanguage":"pt-BR","@id":"https:\/\/diariodepe.com.br\/cri\/#\/schema\/logo\/image\/","url":"https:\/\/diariodepe.com.br\/cri\/wp-content\/uploads\/sites\/2\/2022\/12\/cropped-Logo.jpg","contentUrl":"https:\/\/diariodepe.com.br\/cri\/wp-content\/uploads\/sites\/2\/2022\/12\/cropped-Logo.jpg","width":700,"height":59,"caption":"CRI e Diario de Pernambuco"},"image":{"@id":"https:\/\/diariodepe.com.br\/cri\/#\/schema\/logo\/image\/"}},{"@type":"Person","@id":"https:\/\/diariodepe.com.br\/cri\/#\/schema\/person\/121bb28d84f1a5b1205ef4ce9c2e0c6b","name":"Ismael Lucas S. Pereira","image":{"@type":"ImageObject","inLanguage":"pt-BR","@id":"https:\/\/secure.gravatar.com\/avatar\/887a0f3b5a7ceea963a48499fb883ffce6b5037362def025c52c2505b15d63e4?s=96&d=mm&r=g","url":"https:\/\/secure.gravatar.com\/avatar\/887a0f3b5a7ceea963a48499fb883ffce6b5037362def025c52c2505b15d63e4?s=96&d=mm&r=g","contentUrl":"https:\/\/secure.gravatar.com\/avatar\/887a0f3b5a7ceea963a48499fb883ffce6b5037362def025c52c2505b15d63e4?s=96&d=mm&r=g","caption":"Ismael Lucas S. Pereira"},"url":"https:\/\/diariodepe.com.br\/cri\/author\/ismael-lucas\/"}]}},"cc_featured_image_caption":{"caption_text":"","source_text":"","source_url":""},"amp_enabled":true,"_links":{"self":[{"href":"https:\/\/diariodepe.com.br\/cri\/wp-json\/wp\/v2\/posts\/135","targetHints":{"allow":["GET"]}}],"collection":[{"href":"https:\/\/diariodepe.com.br\/cri\/wp-json\/wp\/v2\/posts"}],"about":[{"href":"https:\/\/diariodepe.com.br\/cri\/wp-json\/wp\/v2\/types\/post"}],"author":[{"embeddable":true,"href":"https:\/\/diariodepe.com.br\/cri\/wp-json\/wp\/v2\/users\/2"}],"replies":[{"embeddable":true,"href":"https:\/\/diariodepe.com.br\/cri\/wp-json\/wp\/v2\/comments?post=135"}],"version-history":[{"count":1,"href":"https:\/\/diariodepe.com.br\/cri\/wp-json\/wp\/v2\/posts\/135\/revisions"}],"predecessor-version":[{"id":137,"href":"https:\/\/diariodepe.com.br\/cri\/wp-json\/wp\/v2\/posts\/135\/revisions\/137"}],"wp:featuredmedia":[{"embeddable":true,"href":"https:\/\/diariodepe.com.br\/cri\/wp-json\/wp\/v2\/media\/136"}],"wp:attachment":[{"href":"https:\/\/diariodepe.com.br\/cri\/wp-json\/wp\/v2\/media?parent=135"}],"wp:term":[{"taxonomy":"category","embeddable":true,"href":"https:\/\/diariodepe.com.br\/cri\/wp-json\/wp\/v2\/categories?post=135"},{"taxonomy":"post_tag","embeddable":true,"href":"https:\/\/diariodepe.com.br\/cri\/wp-json\/wp\/v2\/tags?post=135"}],"curies":[{"name":"wp","href":"https:\/\/api.w.org\/{rel}","templated":true}]}}