{"id":1333,"date":"2023-05-04T04:32:14","date_gmt":"2023-05-04T07:32:14","guid":{"rendered":"https:\/\/diariodepe.com.br\/cri\/?p=1333"},"modified":"2023-05-04T04:32:14","modified_gmt":"2023-05-04T07:32:14","slug":"programa-do-cmg-sobre-dia-mundial-da-lingua-chinesa-e-exibido-em-diferentes-paises","status":"publish","type":"post","link":"https:\/\/diariodepe.com.br\/cri\/2023\/05\/04\/programa-do-cmg-sobre-dia-mundial-da-lingua-chinesa-e-exibido-em-diferentes-paises\/","title":{"rendered":"Programa do CMG sobre Dia Mundial da L\u00edngua Chinesa \u00e9 exibido em diferentes pa\u00edses"},"content":{"rendered":"<p>O programa especial &#8220;Shaping Prosperity Together&#8221; sobre o terceiro Festival de V\u00eddeo em Chin\u00eas para o Dia Mundial da L\u00edngua Chinesa, produzido pelo Grupo de M\u00eddia da China (CMG, na sigla em ingl\u00eas), est\u00e1 sendo exibido no Aeroporto Internacional de Atenas, na Gr\u00e9cia.<\/p>\n<p>O v\u00eddeo \u00e9 transmitido 24 horas por dia na &#8220;sala de cultura&#8221; do aeroporto, com dura\u00e7\u00e3o de uma semana.<\/p>\n<p>Al\u00e9m do Aeroporto Internacional de Atenas, o programa ser\u00e1 mostrado em plataformas dos principais ve\u00edculos de m\u00eddia da Gr\u00e9cia, do Reino Unido, da It\u00e1lia e do Chipre.<\/p>\n","protected":false},"excerpt":{"rendered":"<p>O programa especial &#8220;Shaping Prosperity Together&#8221; sobre o terceiro Festival de V\u00eddeo em Chin\u00eas para o Dia Mundial da L\u00edngua Chinesa, produzido pelo Grupo de M\u00eddia da China (CMG, na sigla em ingl\u00eas), est\u00e1 sendo exibido no Aeroporto Internacional de&#8230;<\/p>\n","protected":false},"author":2,"featured_media":1334,"comment_status":"open","ping_status":"open","sticky":false,"template":"","format":"standard","meta":{"footnotes":""},"categories":[1],"tags":[],"class_list":["post-1333","post","type-post","status-publish","format-standard","has-post-thumbnail","hentry","category-estudio-paulista"],"yoast_head":"<!-- This site is optimized with the Yoast SEO plugin v27.4 - https:\/\/yoast.com\/product\/yoast-seo-wordpress\/ -->\n<title>Programa do CMG sobre Dia Mundial da L\u00edngua Chinesa \u00e9 exibido em diferentes pa\u00edses - CRI e Diario de Pernambuco<\/title>\n<meta name=\"robots\" content=\"index, follow, max-snippet:-1, max-image-preview:large, max-video-preview:-1\" \/>\n<link rel=\"canonical\" href=\"https:\/\/diariodepe.com.br\/cri\/2023\/05\/04\/programa-do-cmg-sobre-dia-mundial-da-lingua-chinesa-e-exibido-em-diferentes-paises\/\" \/>\n<meta property=\"og:locale\" content=\"pt_BR\" \/>\n<meta property=\"og:type\" content=\"article\" \/>\n<meta property=\"og:title\" content=\"Programa do CMG sobre Dia Mundial da L\u00edngua Chinesa \u00e9 exibido em diferentes pa\u00edses - CRI e Diario de Pernambuco\" \/>\n<meta property=\"og:description\" content=\"O programa especial &#8220;Shaping Prosperity Together&#8221; sobre o terceiro Festival de V\u00eddeo em Chin\u00eas para o Dia Mundial da L\u00edngua Chinesa, produzido pelo Grupo de M\u00eddia da China (CMG, na sigla em ingl\u00eas), est\u00e1 sendo exibido no Aeroporto Internacional de...\" \/>\n<meta property=\"og:url\" content=\"https:\/\/diariodepe.com.br\/cri\/2023\/05\/04\/programa-do-cmg-sobre-dia-mundial-da-lingua-chinesa-e-exibido-em-diferentes-paises\/\" \/>\n<meta property=\"og:site_name\" content=\"CRI e Diario de Pernambuco\" \/>\n<meta property=\"article:published_time\" content=\"2023-05-04T07:32:14+00:00\" \/>\n<meta property=\"og:image\" content=\"https:\/\/diariodepe.com.br\/cri\/wp-content\/uploads\/sites\/2\/2023\/05\/2023042821350727892-scaled.jpg\" \/>\n\t<meta property=\"og:image:width\" content=\"2560\" \/>\n\t<meta property=\"og:image:height\" content=\"1920\" \/>\n\t<meta property=\"og:image:type\" content=\"image\/jpeg\" \/>\n<meta name=\"author\" content=\"Ismael Lucas S. Pereira\" \/>\n<meta name=\"twitter:card\" content=\"summary_large_image\" \/>\n<meta name=\"twitter:label1\" content=\"Escrito por\" \/>\n\t<meta name=\"twitter:data1\" content=\"Ismael Lucas S. Pereira\" \/>\n\t<meta name=\"twitter:label2\" content=\"Est. tempo de leitura\" \/>\n\t<meta name=\"twitter:data2\" content=\"1 minuto\" \/>\n<script type=\"application\/ld+json\" class=\"yoast-schema-graph\">{\"@context\":\"https:\\\/\\\/schema.org\",\"@graph\":[{\"@type\":\"Article\",\"@id\":\"https:\\\/\\\/diariodepe.com.br\\\/cri\\\/2023\\\/05\\\/04\\\/programa-do-cmg-sobre-dia-mundial-da-lingua-chinesa-e-exibido-em-diferentes-paises\\\/#article\",\"isPartOf\":{\"@id\":\"https:\\\/\\\/diariodepe.com.br\\\/cri\\\/2023\\\/05\\\/04\\\/programa-do-cmg-sobre-dia-mundial-da-lingua-chinesa-e-exibido-em-diferentes-paises\\\/\"},\"author\":{\"name\":\"Ismael Lucas S. Pereira\",\"@id\":\"https:\\\/\\\/diariodepe.com.br\\\/cri\\\/#\\\/schema\\\/person\\\/121bb28d84f1a5b1205ef4ce9c2e0c6b\"},\"headline\":\"Programa do CMG sobre Dia Mundial da L\u00edngua Chinesa \u00e9 exibido em diferentes pa\u00edses\",\"datePublished\":\"2023-05-04T07:32:14+00:00\",\"mainEntityOfPage\":{\"@id\":\"https:\\\/\\\/diariodepe.com.br\\\/cri\\\/2023\\\/05\\\/04\\\/programa-do-cmg-sobre-dia-mundial-da-lingua-chinesa-e-exibido-em-diferentes-paises\\\/\"},\"wordCount\":115,\"commentCount\":0,\"publisher\":{\"@id\":\"https:\\\/\\\/diariodepe.com.br\\\/cri\\\/#organization\"},\"image\":{\"@id\":\"https:\\\/\\\/diariodepe.com.br\\\/cri\\\/2023\\\/05\\\/04\\\/programa-do-cmg-sobre-dia-mundial-da-lingua-chinesa-e-exibido-em-diferentes-paises\\\/#primaryimage\"},\"thumbnailUrl\":\"https:\\\/\\\/diariodepe.com.br\\\/cri\\\/wp-content\\\/uploads\\\/sites\\\/2\\\/2023\\\/05\\\/2023042821350727892-scaled.jpg\",\"articleSection\":[\"Est\u00fadio Paulista\"],\"inLanguage\":\"pt-BR\",\"potentialAction\":[{\"@type\":\"CommentAction\",\"name\":\"Comment\",\"target\":[\"https:\\\/\\\/diariodepe.com.br\\\/cri\\\/2023\\\/05\\\/04\\\/programa-do-cmg-sobre-dia-mundial-da-lingua-chinesa-e-exibido-em-diferentes-paises\\\/#respond\"]}]},{\"@type\":\"WebPage\",\"@id\":\"https:\\\/\\\/diariodepe.com.br\\\/cri\\\/2023\\\/05\\\/04\\\/programa-do-cmg-sobre-dia-mundial-da-lingua-chinesa-e-exibido-em-diferentes-paises\\\/\",\"url\":\"https:\\\/\\\/diariodepe.com.br\\\/cri\\\/2023\\\/05\\\/04\\\/programa-do-cmg-sobre-dia-mundial-da-lingua-chinesa-e-exibido-em-diferentes-paises\\\/\",\"name\":\"Programa do CMG sobre Dia Mundial da L\u00edngua Chinesa \u00e9 exibido em diferentes pa\u00edses - CRI e Diario de Pernambuco\",\"isPartOf\":{\"@id\":\"https:\\\/\\\/diariodepe.com.br\\\/cri\\\/#website\"},\"primaryImageOfPage\":{\"@id\":\"https:\\\/\\\/diariodepe.com.br\\\/cri\\\/2023\\\/05\\\/04\\\/programa-do-cmg-sobre-dia-mundial-da-lingua-chinesa-e-exibido-em-diferentes-paises\\\/#primaryimage\"},\"image\":{\"@id\":\"https:\\\/\\\/diariodepe.com.br\\\/cri\\\/2023\\\/05\\\/04\\\/programa-do-cmg-sobre-dia-mundial-da-lingua-chinesa-e-exibido-em-diferentes-paises\\\/#primaryimage\"},\"thumbnailUrl\":\"https:\\\/\\\/diariodepe.com.br\\\/cri\\\/wp-content\\\/uploads\\\/sites\\\/2\\\/2023\\\/05\\\/2023042821350727892-scaled.jpg\",\"datePublished\":\"2023-05-04T07:32:14+00:00\",\"breadcrumb\":{\"@id\":\"https:\\\/\\\/diariodepe.com.br\\\/cri\\\/2023\\\/05\\\/04\\\/programa-do-cmg-sobre-dia-mundial-da-lingua-chinesa-e-exibido-em-diferentes-paises\\\/#breadcrumb\"},\"inLanguage\":\"pt-BR\",\"potentialAction\":[{\"@type\":\"ReadAction\",\"target\":[\"https:\\\/\\\/diariodepe.com.br\\\/cri\\\/2023\\\/05\\\/04\\\/programa-do-cmg-sobre-dia-mundial-da-lingua-chinesa-e-exibido-em-diferentes-paises\\\/\"]}]},{\"@type\":\"ImageObject\",\"inLanguage\":\"pt-BR\",\"@id\":\"https:\\\/\\\/diariodepe.com.br\\\/cri\\\/2023\\\/05\\\/04\\\/programa-do-cmg-sobre-dia-mundial-da-lingua-chinesa-e-exibido-em-diferentes-paises\\\/#primaryimage\",\"url\":\"https:\\\/\\\/diariodepe.com.br\\\/cri\\\/wp-content\\\/uploads\\\/sites\\\/2\\\/2023\\\/05\\\/2023042821350727892-scaled.jpg\",\"contentUrl\":\"https:\\\/\\\/diariodepe.com.br\\\/cri\\\/wp-content\\\/uploads\\\/sites\\\/2\\\/2023\\\/05\\\/2023042821350727892-scaled.jpg\",\"width\":2560,\"height\":1920},{\"@type\":\"BreadcrumbList\",\"@id\":\"https:\\\/\\\/diariodepe.com.br\\\/cri\\\/2023\\\/05\\\/04\\\/programa-do-cmg-sobre-dia-mundial-da-lingua-chinesa-e-exibido-em-diferentes-paises\\\/#breadcrumb\",\"itemListElement\":[{\"@type\":\"ListItem\",\"position\":1,\"name\":\"In\u00edcio\",\"item\":\"https:\\\/\\\/diariodepe.com.br\\\/cri\\\/\"},{\"@type\":\"ListItem\",\"position\":2,\"name\":\"Programa do CMG sobre Dia Mundial da L\u00edngua Chinesa \u00e9 exibido em diferentes pa\u00edses\"}]},{\"@type\":\"WebSite\",\"@id\":\"https:\\\/\\\/diariodepe.com.br\\\/cri\\\/#website\",\"url\":\"https:\\\/\\\/diariodepe.com.br\\\/cri\\\/\",\"name\":\"CRI e Diario de Pernambuco\",\"description\":\"R\u00e1dio Internacional da China\",\"publisher\":{\"@id\":\"https:\\\/\\\/diariodepe.com.br\\\/cri\\\/#organization\"},\"potentialAction\":[{\"@type\":\"SearchAction\",\"target\":{\"@type\":\"EntryPoint\",\"urlTemplate\":\"https:\\\/\\\/diariodepe.com.br\\\/cri\\\/?s={search_term_string}\"},\"query-input\":{\"@type\":\"PropertyValueSpecification\",\"valueRequired\":true,\"valueName\":\"search_term_string\"}}],\"inLanguage\":\"pt-BR\"},{\"@type\":\"Organization\",\"@id\":\"https:\\\/\\\/diariodepe.com.br\\\/cri\\\/#organization\",\"name\":\"CRI e Diario de Pernambuco\",\"url\":\"https:\\\/\\\/diariodepe.com.br\\\/cri\\\/\",\"logo\":{\"@type\":\"ImageObject\",\"inLanguage\":\"pt-BR\",\"@id\":\"https:\\\/\\\/diariodepe.com.br\\\/cri\\\/#\\\/schema\\\/logo\\\/image\\\/\",\"url\":\"https:\\\/\\\/diariodepe.com.br\\\/cri\\\/wp-content\\\/uploads\\\/sites\\\/2\\\/2022\\\/12\\\/cropped-Logo.jpg\",\"contentUrl\":\"https:\\\/\\\/diariodepe.com.br\\\/cri\\\/wp-content\\\/uploads\\\/sites\\\/2\\\/2022\\\/12\\\/cropped-Logo.jpg\",\"width\":700,\"height\":59,\"caption\":\"CRI e Diario de Pernambuco\"},\"image\":{\"@id\":\"https:\\\/\\\/diariodepe.com.br\\\/cri\\\/#\\\/schema\\\/logo\\\/image\\\/\"}},{\"@type\":\"Person\",\"@id\":\"https:\\\/\\\/diariodepe.com.br\\\/cri\\\/#\\\/schema\\\/person\\\/121bb28d84f1a5b1205ef4ce9c2e0c6b\",\"name\":\"Ismael Lucas S. Pereira\",\"image\":{\"@type\":\"ImageObject\",\"inLanguage\":\"pt-BR\",\"@id\":\"https:\\\/\\\/secure.gravatar.com\\\/avatar\\\/887a0f3b5a7ceea963a48499fb883ffce6b5037362def025c52c2505b15d63e4?s=96&d=mm&r=g\",\"url\":\"https:\\\/\\\/secure.gravatar.com\\\/avatar\\\/887a0f3b5a7ceea963a48499fb883ffce6b5037362def025c52c2505b15d63e4?s=96&d=mm&r=g\",\"contentUrl\":\"https:\\\/\\\/secure.gravatar.com\\\/avatar\\\/887a0f3b5a7ceea963a48499fb883ffce6b5037362def025c52c2505b15d63e4?s=96&d=mm&r=g\",\"caption\":\"Ismael Lucas S. Pereira\"},\"url\":\"https:\\\/\\\/diariodepe.com.br\\\/cri\\\/author\\\/ismael-lucas\\\/\"}]}<\/script>\n<!-- \/ Yoast SEO plugin. -->","yoast_head_json":{"title":"Programa do CMG sobre Dia Mundial da L\u00edngua Chinesa \u00e9 exibido em diferentes pa\u00edses - CRI e Diario de Pernambuco","robots":{"index":"index","follow":"follow","max-snippet":"max-snippet:-1","max-image-preview":"max-image-preview:large","max-video-preview":"max-video-preview:-1"},"canonical":"https:\/\/diariodepe.com.br\/cri\/2023\/05\/04\/programa-do-cmg-sobre-dia-mundial-da-lingua-chinesa-e-exibido-em-diferentes-paises\/","og_locale":"pt_BR","og_type":"article","og_title":"Programa do CMG sobre Dia Mundial da L\u00edngua Chinesa \u00e9 exibido em diferentes pa\u00edses - CRI e Diario de Pernambuco","og_description":"O programa especial &#8220;Shaping Prosperity Together&#8221; sobre o terceiro Festival de V\u00eddeo em Chin\u00eas para o Dia Mundial da L\u00edngua Chinesa, produzido pelo Grupo de M\u00eddia da China (CMG, na sigla em ingl\u00eas), est\u00e1 sendo exibido no Aeroporto Internacional de...","og_url":"https:\/\/diariodepe.com.br\/cri\/2023\/05\/04\/programa-do-cmg-sobre-dia-mundial-da-lingua-chinesa-e-exibido-em-diferentes-paises\/","og_site_name":"CRI e Diario de Pernambuco","article_published_time":"2023-05-04T07:32:14+00:00","og_image":[{"width":2560,"height":1920,"url":"https:\/\/diariodepe.com.br\/cri\/wp-content\/uploads\/sites\/2\/2023\/05\/2023042821350727892-scaled.jpg","type":"image\/jpeg"}],"author":"Ismael Lucas S. Pereira","twitter_card":"summary_large_image","twitter_misc":{"Escrito por":"Ismael Lucas S. Pereira","Est. tempo de leitura":"1 minuto"},"schema":{"@context":"https:\/\/schema.org","@graph":[{"@type":"Article","@id":"https:\/\/diariodepe.com.br\/cri\/2023\/05\/04\/programa-do-cmg-sobre-dia-mundial-da-lingua-chinesa-e-exibido-em-diferentes-paises\/#article","isPartOf":{"@id":"https:\/\/diariodepe.com.br\/cri\/2023\/05\/04\/programa-do-cmg-sobre-dia-mundial-da-lingua-chinesa-e-exibido-em-diferentes-paises\/"},"author":{"name":"Ismael Lucas S. Pereira","@id":"https:\/\/diariodepe.com.br\/cri\/#\/schema\/person\/121bb28d84f1a5b1205ef4ce9c2e0c6b"},"headline":"Programa do CMG sobre Dia Mundial da L\u00edngua Chinesa \u00e9 exibido em diferentes pa\u00edses","datePublished":"2023-05-04T07:32:14+00:00","mainEntityOfPage":{"@id":"https:\/\/diariodepe.com.br\/cri\/2023\/05\/04\/programa-do-cmg-sobre-dia-mundial-da-lingua-chinesa-e-exibido-em-diferentes-paises\/"},"wordCount":115,"commentCount":0,"publisher":{"@id":"https:\/\/diariodepe.com.br\/cri\/#organization"},"image":{"@id":"https:\/\/diariodepe.com.br\/cri\/2023\/05\/04\/programa-do-cmg-sobre-dia-mundial-da-lingua-chinesa-e-exibido-em-diferentes-paises\/#primaryimage"},"thumbnailUrl":"https:\/\/diariodepe.com.br\/cri\/wp-content\/uploads\/sites\/2\/2023\/05\/2023042821350727892-scaled.jpg","articleSection":["Est\u00fadio Paulista"],"inLanguage":"pt-BR","potentialAction":[{"@type":"CommentAction","name":"Comment","target":["https:\/\/diariodepe.com.br\/cri\/2023\/05\/04\/programa-do-cmg-sobre-dia-mundial-da-lingua-chinesa-e-exibido-em-diferentes-paises\/#respond"]}]},{"@type":"WebPage","@id":"https:\/\/diariodepe.com.br\/cri\/2023\/05\/04\/programa-do-cmg-sobre-dia-mundial-da-lingua-chinesa-e-exibido-em-diferentes-paises\/","url":"https:\/\/diariodepe.com.br\/cri\/2023\/05\/04\/programa-do-cmg-sobre-dia-mundial-da-lingua-chinesa-e-exibido-em-diferentes-paises\/","name":"Programa do CMG sobre Dia Mundial da L\u00edngua Chinesa \u00e9 exibido em diferentes pa\u00edses - CRI e Diario de Pernambuco","isPartOf":{"@id":"https:\/\/diariodepe.com.br\/cri\/#website"},"primaryImageOfPage":{"@id":"https:\/\/diariodepe.com.br\/cri\/2023\/05\/04\/programa-do-cmg-sobre-dia-mundial-da-lingua-chinesa-e-exibido-em-diferentes-paises\/#primaryimage"},"image":{"@id":"https:\/\/diariodepe.com.br\/cri\/2023\/05\/04\/programa-do-cmg-sobre-dia-mundial-da-lingua-chinesa-e-exibido-em-diferentes-paises\/#primaryimage"},"thumbnailUrl":"https:\/\/diariodepe.com.br\/cri\/wp-content\/uploads\/sites\/2\/2023\/05\/2023042821350727892-scaled.jpg","datePublished":"2023-05-04T07:32:14+00:00","breadcrumb":{"@id":"https:\/\/diariodepe.com.br\/cri\/2023\/05\/04\/programa-do-cmg-sobre-dia-mundial-da-lingua-chinesa-e-exibido-em-diferentes-paises\/#breadcrumb"},"inLanguage":"pt-BR","potentialAction":[{"@type":"ReadAction","target":["https:\/\/diariodepe.com.br\/cri\/2023\/05\/04\/programa-do-cmg-sobre-dia-mundial-da-lingua-chinesa-e-exibido-em-diferentes-paises\/"]}]},{"@type":"ImageObject","inLanguage":"pt-BR","@id":"https:\/\/diariodepe.com.br\/cri\/2023\/05\/04\/programa-do-cmg-sobre-dia-mundial-da-lingua-chinesa-e-exibido-em-diferentes-paises\/#primaryimage","url":"https:\/\/diariodepe.com.br\/cri\/wp-content\/uploads\/sites\/2\/2023\/05\/2023042821350727892-scaled.jpg","contentUrl":"https:\/\/diariodepe.com.br\/cri\/wp-content\/uploads\/sites\/2\/2023\/05\/2023042821350727892-scaled.jpg","width":2560,"height":1920},{"@type":"BreadcrumbList","@id":"https:\/\/diariodepe.com.br\/cri\/2023\/05\/04\/programa-do-cmg-sobre-dia-mundial-da-lingua-chinesa-e-exibido-em-diferentes-paises\/#breadcrumb","itemListElement":[{"@type":"ListItem","position":1,"name":"In\u00edcio","item":"https:\/\/diariodepe.com.br\/cri\/"},{"@type":"ListItem","position":2,"name":"Programa do CMG sobre Dia Mundial da L\u00edngua Chinesa \u00e9 exibido em diferentes pa\u00edses"}]},{"@type":"WebSite","@id":"https:\/\/diariodepe.com.br\/cri\/#website","url":"https:\/\/diariodepe.com.br\/cri\/","name":"CRI e Diario de Pernambuco","description":"R\u00e1dio Internacional da China","publisher":{"@id":"https:\/\/diariodepe.com.br\/cri\/#organization"},"potentialAction":[{"@type":"SearchAction","target":{"@type":"EntryPoint","urlTemplate":"https:\/\/diariodepe.com.br\/cri\/?s={search_term_string}"},"query-input":{"@type":"PropertyValueSpecification","valueRequired":true,"valueName":"search_term_string"}}],"inLanguage":"pt-BR"},{"@type":"Organization","@id":"https:\/\/diariodepe.com.br\/cri\/#organization","name":"CRI e Diario de Pernambuco","url":"https:\/\/diariodepe.com.br\/cri\/","logo":{"@type":"ImageObject","inLanguage":"pt-BR","@id":"https:\/\/diariodepe.com.br\/cri\/#\/schema\/logo\/image\/","url":"https:\/\/diariodepe.com.br\/cri\/wp-content\/uploads\/sites\/2\/2022\/12\/cropped-Logo.jpg","contentUrl":"https:\/\/diariodepe.com.br\/cri\/wp-content\/uploads\/sites\/2\/2022\/12\/cropped-Logo.jpg","width":700,"height":59,"caption":"CRI e Diario de Pernambuco"},"image":{"@id":"https:\/\/diariodepe.com.br\/cri\/#\/schema\/logo\/image\/"}},{"@type":"Person","@id":"https:\/\/diariodepe.com.br\/cri\/#\/schema\/person\/121bb28d84f1a5b1205ef4ce9c2e0c6b","name":"Ismael Lucas S. Pereira","image":{"@type":"ImageObject","inLanguage":"pt-BR","@id":"https:\/\/secure.gravatar.com\/avatar\/887a0f3b5a7ceea963a48499fb883ffce6b5037362def025c52c2505b15d63e4?s=96&d=mm&r=g","url":"https:\/\/secure.gravatar.com\/avatar\/887a0f3b5a7ceea963a48499fb883ffce6b5037362def025c52c2505b15d63e4?s=96&d=mm&r=g","contentUrl":"https:\/\/secure.gravatar.com\/avatar\/887a0f3b5a7ceea963a48499fb883ffce6b5037362def025c52c2505b15d63e4?s=96&d=mm&r=g","caption":"Ismael Lucas S. Pereira"},"url":"https:\/\/diariodepe.com.br\/cri\/author\/ismael-lucas\/"}]}},"cc_featured_image_caption":{"caption_text":false,"source_text":false,"source_url":false},"amp_enabled":true,"_links":{"self":[{"href":"https:\/\/diariodepe.com.br\/cri\/wp-json\/wp\/v2\/posts\/1333","targetHints":{"allow":["GET"]}}],"collection":[{"href":"https:\/\/diariodepe.com.br\/cri\/wp-json\/wp\/v2\/posts"}],"about":[{"href":"https:\/\/diariodepe.com.br\/cri\/wp-json\/wp\/v2\/types\/post"}],"author":[{"embeddable":true,"href":"https:\/\/diariodepe.com.br\/cri\/wp-json\/wp\/v2\/users\/2"}],"replies":[{"embeddable":true,"href":"https:\/\/diariodepe.com.br\/cri\/wp-json\/wp\/v2\/comments?post=1333"}],"version-history":[{"count":1,"href":"https:\/\/diariodepe.com.br\/cri\/wp-json\/wp\/v2\/posts\/1333\/revisions"}],"predecessor-version":[{"id":1335,"href":"https:\/\/diariodepe.com.br\/cri\/wp-json\/wp\/v2\/posts\/1333\/revisions\/1335"}],"wp:featuredmedia":[{"embeddable":true,"href":"https:\/\/diariodepe.com.br\/cri\/wp-json\/wp\/v2\/media\/1334"}],"wp:attachment":[{"href":"https:\/\/diariodepe.com.br\/cri\/wp-json\/wp\/v2\/media?parent=1333"}],"wp:term":[{"taxonomy":"category","embeddable":true,"href":"https:\/\/diariodepe.com.br\/cri\/wp-json\/wp\/v2\/categories?post=1333"},{"taxonomy":"post_tag","embeddable":true,"href":"https:\/\/diariodepe.com.br\/cri\/wp-json\/wp\/v2\/tags?post=1333"}],"curies":[{"name":"wp","href":"https:\/\/api.w.org\/{rel}","templated":true}]}}