{"id":1328,"date":"2023-05-04T04:28:39","date_gmt":"2023-05-04T07:28:39","guid":{"rendered":"https:\/\/diariodepe.com.br\/cri\/?p=1328"},"modified":"2023-05-04T04:29:29","modified_gmt":"2023-05-04T07:29:29","slug":"biro-politico-do-comite-central-do-pcch-convoca-reuniao-sobre-trabalho-economico","status":"publish","type":"post","link":"https:\/\/diariodepe.com.br\/cri\/2023\/05\/04\/biro-politico-do-comite-central-do-pcch-convoca-reuniao-sobre-trabalho-economico\/","title":{"rendered":"Bir\u00f4 Pol\u00edtico do Comit\u00ea Central do PCCh convoca reuni\u00e3o sobre trabalho econ\u00f4mico"},"content":{"rendered":"<p>O Bir\u00f4 Pol\u00edtico do Comit\u00ea Central do Partido Comunista da China (PCCh) convocou hoje (28) uma reuni\u00e3o para analisar a situa\u00e7\u00e3o e o trabalho econ\u00f4mico da atualidade. O secret\u00e1rio-geral do Comit\u00ea Central do PCCh, Xi Jinping, presidiu o encontro.<\/p>\n<p>Na ocasi\u00e3o foi apontado que, desde o in\u00edcio do ano corrente, sob a lideran\u00e7a do Comit\u00ea Central do PCCh, tendo o camarada Xi Jinping como o n\u00facleo, os departamentos concernentes combinaram bem as situa\u00e7\u00f5es nacional e internacional, o controle da epidemia e o desenvolvimento socioecon\u00f4mico, bem como o desenvolvimento e a seguran\u00e7a. Por isso, o crescimento econ\u00f4mico foi melhor do que o previsto e a demanda do mercado tamb\u00e9m se recuperou.<\/p>\n<p>Ao mesmo tempo, indicou-se que a economia nacional ainda est\u00e1 enfrentando v\u00e1rios desafios, como a falta de for\u00e7a motriz interna, a procura ainda n\u00e3o \u00e9 suficiente e a reestrutura\u00e7\u00e3o econ\u00f4mica continua dif\u00edcil.<\/p>\n<p>Foi ressaltada na reuni\u00e3o a import\u00e2ncia de estabelecer um sistema industrial moderno com base na economia real, recuperar e aumentar a procura, criar um ambiente de concorr\u00eancia justa, aprofundar a reforma e ampliar a abertura, prevenir riscos financeiros e melhorar o bem-estar do povo.<\/p>\n","protected":false},"excerpt":{"rendered":"<p>O Bir\u00f4 Pol\u00edtico do Comit\u00ea Central do Partido Comunista da China (PCCh) convocou hoje (28) uma reuni\u00e3o para analisar a situa\u00e7\u00e3o e o trabalho econ\u00f4mico da atualidade. O secret\u00e1rio-geral do Comit\u00ea Central do PCCh, Xi Jinping, presidiu o encontro. Na&#8230;<\/p>\n","protected":false},"author":2,"featured_media":1329,"comment_status":"open","ping_status":"open","sticky":false,"template":"","format":"standard","meta":{"footnotes":""},"categories":[3],"tags":[],"class_list":["post-1328","post","type-post","status-publish","format-standard","has-post-thumbnail","hentry","category-china"],"yoast_head":"<!-- This site is optimized with the Yoast SEO plugin v27.4 - https:\/\/yoast.com\/product\/yoast-seo-wordpress\/ -->\n<title>Bir\u00f4 Pol\u00edtico do Comit\u00ea Central do PCCh convoca reuni\u00e3o sobre trabalho econ\u00f4mico - CRI e Diario de Pernambuco<\/title>\n<meta name=\"robots\" content=\"index, follow, max-snippet:-1, max-image-preview:large, max-video-preview:-1\" \/>\n<link rel=\"canonical\" href=\"https:\/\/diariodepe.com.br\/cri\/2023\/05\/04\/biro-politico-do-comite-central-do-pcch-convoca-reuniao-sobre-trabalho-economico\/\" \/>\n<meta property=\"og:locale\" content=\"pt_BR\" \/>\n<meta property=\"og:type\" content=\"article\" \/>\n<meta property=\"og:title\" content=\"Bir\u00f4 Pol\u00edtico do Comit\u00ea Central do PCCh convoca reuni\u00e3o sobre trabalho econ\u00f4mico - CRI e Diario de Pernambuco\" \/>\n<meta property=\"og:description\" content=\"O Bir\u00f4 Pol\u00edtico do Comit\u00ea Central do Partido Comunista da China (PCCh) convocou hoje (28) uma reuni\u00e3o para analisar a situa\u00e7\u00e3o e o trabalho econ\u00f4mico da atualidade. O secret\u00e1rio-geral do Comit\u00ea Central do PCCh, Xi Jinping, presidiu o encontro. Na...\" \/>\n<meta property=\"og:url\" content=\"https:\/\/diariodepe.com.br\/cri\/2023\/05\/04\/biro-politico-do-comite-central-do-pcch-convoca-reuniao-sobre-trabalho-economico\/\" \/>\n<meta property=\"og:site_name\" content=\"CRI e Diario de Pernambuco\" \/>\n<meta property=\"article:published_time\" content=\"2023-05-04T07:28:39+00:00\" \/>\n<meta property=\"article:modified_time\" content=\"2023-05-04T07:29:29+00:00\" \/>\n<meta property=\"og:image\" content=\"https:\/\/diariodepe.com.br\/cri\/wp-content\/uploads\/sites\/2\/2023\/05\/2023042821240424803.png\" \/>\n\t<meta property=\"og:image:width\" content=\"600\" \/>\n\t<meta property=\"og:image:height\" content=\"337\" \/>\n\t<meta property=\"og:image:type\" content=\"image\/png\" \/>\n<meta name=\"author\" content=\"Ismael Lucas S. Pereira\" \/>\n<meta name=\"twitter:card\" content=\"summary_large_image\" \/>\n<meta name=\"twitter:label1\" content=\"Escrito por\" \/>\n\t<meta name=\"twitter:data1\" content=\"Ismael Lucas S. Pereira\" \/>\n\t<meta name=\"twitter:label2\" content=\"Est. tempo de leitura\" \/>\n\t<meta name=\"twitter:data2\" content=\"2 minutos\" \/>\n<script type=\"application\/ld+json\" class=\"yoast-schema-graph\">{\"@context\":\"https:\\\/\\\/schema.org\",\"@graph\":[{\"@type\":\"Article\",\"@id\":\"https:\\\/\\\/diariodepe.com.br\\\/cri\\\/2023\\\/05\\\/04\\\/biro-politico-do-comite-central-do-pcch-convoca-reuniao-sobre-trabalho-economico\\\/#article\",\"isPartOf\":{\"@id\":\"https:\\\/\\\/diariodepe.com.br\\\/cri\\\/2023\\\/05\\\/04\\\/biro-politico-do-comite-central-do-pcch-convoca-reuniao-sobre-trabalho-economico\\\/\"},\"author\":{\"name\":\"Ismael Lucas S. Pereira\",\"@id\":\"https:\\\/\\\/diariodepe.com.br\\\/cri\\\/#\\\/schema\\\/person\\\/121bb28d84f1a5b1205ef4ce9c2e0c6b\"},\"headline\":\"Bir\u00f4 Pol\u00edtico do Comit\u00ea Central do PCCh convoca reuni\u00e3o sobre trabalho econ\u00f4mico\",\"datePublished\":\"2023-05-04T07:28:39+00:00\",\"dateModified\":\"2023-05-04T07:29:29+00:00\",\"mainEntityOfPage\":{\"@id\":\"https:\\\/\\\/diariodepe.com.br\\\/cri\\\/2023\\\/05\\\/04\\\/biro-politico-do-comite-central-do-pcch-convoca-reuniao-sobre-trabalho-economico\\\/\"},\"wordCount\":222,\"commentCount\":0,\"publisher\":{\"@id\":\"https:\\\/\\\/diariodepe.com.br\\\/cri\\\/#organization\"},\"image\":{\"@id\":\"https:\\\/\\\/diariodepe.com.br\\\/cri\\\/2023\\\/05\\\/04\\\/biro-politico-do-comite-central-do-pcch-convoca-reuniao-sobre-trabalho-economico\\\/#primaryimage\"},\"thumbnailUrl\":\"https:\\\/\\\/diariodepe.com.br\\\/cri\\\/wp-content\\\/uploads\\\/sites\\\/2\\\/2023\\\/05\\\/2023042821240424803.png\",\"articleSection\":[\"China\"],\"inLanguage\":\"pt-BR\",\"potentialAction\":[{\"@type\":\"CommentAction\",\"name\":\"Comment\",\"target\":[\"https:\\\/\\\/diariodepe.com.br\\\/cri\\\/2023\\\/05\\\/04\\\/biro-politico-do-comite-central-do-pcch-convoca-reuniao-sobre-trabalho-economico\\\/#respond\"]}]},{\"@type\":\"WebPage\",\"@id\":\"https:\\\/\\\/diariodepe.com.br\\\/cri\\\/2023\\\/05\\\/04\\\/biro-politico-do-comite-central-do-pcch-convoca-reuniao-sobre-trabalho-economico\\\/\",\"url\":\"https:\\\/\\\/diariodepe.com.br\\\/cri\\\/2023\\\/05\\\/04\\\/biro-politico-do-comite-central-do-pcch-convoca-reuniao-sobre-trabalho-economico\\\/\",\"name\":\"Bir\u00f4 Pol\u00edtico do Comit\u00ea Central do PCCh convoca reuni\u00e3o sobre trabalho econ\u00f4mico - CRI e Diario de Pernambuco\",\"isPartOf\":{\"@id\":\"https:\\\/\\\/diariodepe.com.br\\\/cri\\\/#website\"},\"primaryImageOfPage\":{\"@id\":\"https:\\\/\\\/diariodepe.com.br\\\/cri\\\/2023\\\/05\\\/04\\\/biro-politico-do-comite-central-do-pcch-convoca-reuniao-sobre-trabalho-economico\\\/#primaryimage\"},\"image\":{\"@id\":\"https:\\\/\\\/diariodepe.com.br\\\/cri\\\/2023\\\/05\\\/04\\\/biro-politico-do-comite-central-do-pcch-convoca-reuniao-sobre-trabalho-economico\\\/#primaryimage\"},\"thumbnailUrl\":\"https:\\\/\\\/diariodepe.com.br\\\/cri\\\/wp-content\\\/uploads\\\/sites\\\/2\\\/2023\\\/05\\\/2023042821240424803.png\",\"datePublished\":\"2023-05-04T07:28:39+00:00\",\"dateModified\":\"2023-05-04T07:29:29+00:00\",\"breadcrumb\":{\"@id\":\"https:\\\/\\\/diariodepe.com.br\\\/cri\\\/2023\\\/05\\\/04\\\/biro-politico-do-comite-central-do-pcch-convoca-reuniao-sobre-trabalho-economico\\\/#breadcrumb\"},\"inLanguage\":\"pt-BR\",\"potentialAction\":[{\"@type\":\"ReadAction\",\"target\":[\"https:\\\/\\\/diariodepe.com.br\\\/cri\\\/2023\\\/05\\\/04\\\/biro-politico-do-comite-central-do-pcch-convoca-reuniao-sobre-trabalho-economico\\\/\"]}]},{\"@type\":\"ImageObject\",\"inLanguage\":\"pt-BR\",\"@id\":\"https:\\\/\\\/diariodepe.com.br\\\/cri\\\/2023\\\/05\\\/04\\\/biro-politico-do-comite-central-do-pcch-convoca-reuniao-sobre-trabalho-economico\\\/#primaryimage\",\"url\":\"https:\\\/\\\/diariodepe.com.br\\\/cri\\\/wp-content\\\/uploads\\\/sites\\\/2\\\/2023\\\/05\\\/2023042821240424803.png\",\"contentUrl\":\"https:\\\/\\\/diariodepe.com.br\\\/cri\\\/wp-content\\\/uploads\\\/sites\\\/2\\\/2023\\\/05\\\/2023042821240424803.png\",\"width\":600,\"height\":337},{\"@type\":\"BreadcrumbList\",\"@id\":\"https:\\\/\\\/diariodepe.com.br\\\/cri\\\/2023\\\/05\\\/04\\\/biro-politico-do-comite-central-do-pcch-convoca-reuniao-sobre-trabalho-economico\\\/#breadcrumb\",\"itemListElement\":[{\"@type\":\"ListItem\",\"position\":1,\"name\":\"In\u00edcio\",\"item\":\"https:\\\/\\\/diariodepe.com.br\\\/cri\\\/\"},{\"@type\":\"ListItem\",\"position\":2,\"name\":\"Bir\u00f4 Pol\u00edtico do Comit\u00ea Central do PCCh convoca reuni\u00e3o sobre trabalho econ\u00f4mico\"}]},{\"@type\":\"WebSite\",\"@id\":\"https:\\\/\\\/diariodepe.com.br\\\/cri\\\/#website\",\"url\":\"https:\\\/\\\/diariodepe.com.br\\\/cri\\\/\",\"name\":\"CRI e Diario de Pernambuco\",\"description\":\"R\u00e1dio Internacional da China\",\"publisher\":{\"@id\":\"https:\\\/\\\/diariodepe.com.br\\\/cri\\\/#organization\"},\"potentialAction\":[{\"@type\":\"SearchAction\",\"target\":{\"@type\":\"EntryPoint\",\"urlTemplate\":\"https:\\\/\\\/diariodepe.com.br\\\/cri\\\/?s={search_term_string}\"},\"query-input\":{\"@type\":\"PropertyValueSpecification\",\"valueRequired\":true,\"valueName\":\"search_term_string\"}}],\"inLanguage\":\"pt-BR\"},{\"@type\":\"Organization\",\"@id\":\"https:\\\/\\\/diariodepe.com.br\\\/cri\\\/#organization\",\"name\":\"CRI e Diario de Pernambuco\",\"url\":\"https:\\\/\\\/diariodepe.com.br\\\/cri\\\/\",\"logo\":{\"@type\":\"ImageObject\",\"inLanguage\":\"pt-BR\",\"@id\":\"https:\\\/\\\/diariodepe.com.br\\\/cri\\\/#\\\/schema\\\/logo\\\/image\\\/\",\"url\":\"https:\\\/\\\/diariodepe.com.br\\\/cri\\\/wp-content\\\/uploads\\\/sites\\\/2\\\/2022\\\/12\\\/cropped-Logo.jpg\",\"contentUrl\":\"https:\\\/\\\/diariodepe.com.br\\\/cri\\\/wp-content\\\/uploads\\\/sites\\\/2\\\/2022\\\/12\\\/cropped-Logo.jpg\",\"width\":700,\"height\":59,\"caption\":\"CRI e Diario de Pernambuco\"},\"image\":{\"@id\":\"https:\\\/\\\/diariodepe.com.br\\\/cri\\\/#\\\/schema\\\/logo\\\/image\\\/\"}},{\"@type\":\"Person\",\"@id\":\"https:\\\/\\\/diariodepe.com.br\\\/cri\\\/#\\\/schema\\\/person\\\/121bb28d84f1a5b1205ef4ce9c2e0c6b\",\"name\":\"Ismael Lucas S. Pereira\",\"image\":{\"@type\":\"ImageObject\",\"inLanguage\":\"pt-BR\",\"@id\":\"https:\\\/\\\/secure.gravatar.com\\\/avatar\\\/887a0f3b5a7ceea963a48499fb883ffce6b5037362def025c52c2505b15d63e4?s=96&d=mm&r=g\",\"url\":\"https:\\\/\\\/secure.gravatar.com\\\/avatar\\\/887a0f3b5a7ceea963a48499fb883ffce6b5037362def025c52c2505b15d63e4?s=96&d=mm&r=g\",\"contentUrl\":\"https:\\\/\\\/secure.gravatar.com\\\/avatar\\\/887a0f3b5a7ceea963a48499fb883ffce6b5037362def025c52c2505b15d63e4?s=96&d=mm&r=g\",\"caption\":\"Ismael Lucas S. Pereira\"},\"url\":\"https:\\\/\\\/diariodepe.com.br\\\/cri\\\/author\\\/ismael-lucas\\\/\"}]}<\/script>\n<!-- \/ Yoast SEO plugin. -->","yoast_head_json":{"title":"Bir\u00f4 Pol\u00edtico do Comit\u00ea Central do PCCh convoca reuni\u00e3o sobre trabalho econ\u00f4mico - CRI e Diario de Pernambuco","robots":{"index":"index","follow":"follow","max-snippet":"max-snippet:-1","max-image-preview":"max-image-preview:large","max-video-preview":"max-video-preview:-1"},"canonical":"https:\/\/diariodepe.com.br\/cri\/2023\/05\/04\/biro-politico-do-comite-central-do-pcch-convoca-reuniao-sobre-trabalho-economico\/","og_locale":"pt_BR","og_type":"article","og_title":"Bir\u00f4 Pol\u00edtico do Comit\u00ea Central do PCCh convoca reuni\u00e3o sobre trabalho econ\u00f4mico - CRI e Diario de Pernambuco","og_description":"O Bir\u00f4 Pol\u00edtico do Comit\u00ea Central do Partido Comunista da China (PCCh) convocou hoje (28) uma reuni\u00e3o para analisar a situa\u00e7\u00e3o e o trabalho econ\u00f4mico da atualidade. O secret\u00e1rio-geral do Comit\u00ea Central do PCCh, Xi Jinping, presidiu o encontro. Na...","og_url":"https:\/\/diariodepe.com.br\/cri\/2023\/05\/04\/biro-politico-do-comite-central-do-pcch-convoca-reuniao-sobre-trabalho-economico\/","og_site_name":"CRI e Diario de Pernambuco","article_published_time":"2023-05-04T07:28:39+00:00","article_modified_time":"2023-05-04T07:29:29+00:00","og_image":[{"width":600,"height":337,"url":"https:\/\/diariodepe.com.br\/cri\/wp-content\/uploads\/sites\/2\/2023\/05\/2023042821240424803.png","type":"image\/png"}],"author":"Ismael Lucas S. Pereira","twitter_card":"summary_large_image","twitter_misc":{"Escrito por":"Ismael Lucas S. Pereira","Est. tempo de leitura":"2 minutos"},"schema":{"@context":"https:\/\/schema.org","@graph":[{"@type":"Article","@id":"https:\/\/diariodepe.com.br\/cri\/2023\/05\/04\/biro-politico-do-comite-central-do-pcch-convoca-reuniao-sobre-trabalho-economico\/#article","isPartOf":{"@id":"https:\/\/diariodepe.com.br\/cri\/2023\/05\/04\/biro-politico-do-comite-central-do-pcch-convoca-reuniao-sobre-trabalho-economico\/"},"author":{"name":"Ismael Lucas S. Pereira","@id":"https:\/\/diariodepe.com.br\/cri\/#\/schema\/person\/121bb28d84f1a5b1205ef4ce9c2e0c6b"},"headline":"Bir\u00f4 Pol\u00edtico do Comit\u00ea Central do PCCh convoca reuni\u00e3o sobre trabalho econ\u00f4mico","datePublished":"2023-05-04T07:28:39+00:00","dateModified":"2023-05-04T07:29:29+00:00","mainEntityOfPage":{"@id":"https:\/\/diariodepe.com.br\/cri\/2023\/05\/04\/biro-politico-do-comite-central-do-pcch-convoca-reuniao-sobre-trabalho-economico\/"},"wordCount":222,"commentCount":0,"publisher":{"@id":"https:\/\/diariodepe.com.br\/cri\/#organization"},"image":{"@id":"https:\/\/diariodepe.com.br\/cri\/2023\/05\/04\/biro-politico-do-comite-central-do-pcch-convoca-reuniao-sobre-trabalho-economico\/#primaryimage"},"thumbnailUrl":"https:\/\/diariodepe.com.br\/cri\/wp-content\/uploads\/sites\/2\/2023\/05\/2023042821240424803.png","articleSection":["China"],"inLanguage":"pt-BR","potentialAction":[{"@type":"CommentAction","name":"Comment","target":["https:\/\/diariodepe.com.br\/cri\/2023\/05\/04\/biro-politico-do-comite-central-do-pcch-convoca-reuniao-sobre-trabalho-economico\/#respond"]}]},{"@type":"WebPage","@id":"https:\/\/diariodepe.com.br\/cri\/2023\/05\/04\/biro-politico-do-comite-central-do-pcch-convoca-reuniao-sobre-trabalho-economico\/","url":"https:\/\/diariodepe.com.br\/cri\/2023\/05\/04\/biro-politico-do-comite-central-do-pcch-convoca-reuniao-sobre-trabalho-economico\/","name":"Bir\u00f4 Pol\u00edtico do Comit\u00ea Central do PCCh convoca reuni\u00e3o sobre trabalho econ\u00f4mico - CRI e Diario de Pernambuco","isPartOf":{"@id":"https:\/\/diariodepe.com.br\/cri\/#website"},"primaryImageOfPage":{"@id":"https:\/\/diariodepe.com.br\/cri\/2023\/05\/04\/biro-politico-do-comite-central-do-pcch-convoca-reuniao-sobre-trabalho-economico\/#primaryimage"},"image":{"@id":"https:\/\/diariodepe.com.br\/cri\/2023\/05\/04\/biro-politico-do-comite-central-do-pcch-convoca-reuniao-sobre-trabalho-economico\/#primaryimage"},"thumbnailUrl":"https:\/\/diariodepe.com.br\/cri\/wp-content\/uploads\/sites\/2\/2023\/05\/2023042821240424803.png","datePublished":"2023-05-04T07:28:39+00:00","dateModified":"2023-05-04T07:29:29+00:00","breadcrumb":{"@id":"https:\/\/diariodepe.com.br\/cri\/2023\/05\/04\/biro-politico-do-comite-central-do-pcch-convoca-reuniao-sobre-trabalho-economico\/#breadcrumb"},"inLanguage":"pt-BR","potentialAction":[{"@type":"ReadAction","target":["https:\/\/diariodepe.com.br\/cri\/2023\/05\/04\/biro-politico-do-comite-central-do-pcch-convoca-reuniao-sobre-trabalho-economico\/"]}]},{"@type":"ImageObject","inLanguage":"pt-BR","@id":"https:\/\/diariodepe.com.br\/cri\/2023\/05\/04\/biro-politico-do-comite-central-do-pcch-convoca-reuniao-sobre-trabalho-economico\/#primaryimage","url":"https:\/\/diariodepe.com.br\/cri\/wp-content\/uploads\/sites\/2\/2023\/05\/2023042821240424803.png","contentUrl":"https:\/\/diariodepe.com.br\/cri\/wp-content\/uploads\/sites\/2\/2023\/05\/2023042821240424803.png","width":600,"height":337},{"@type":"BreadcrumbList","@id":"https:\/\/diariodepe.com.br\/cri\/2023\/05\/04\/biro-politico-do-comite-central-do-pcch-convoca-reuniao-sobre-trabalho-economico\/#breadcrumb","itemListElement":[{"@type":"ListItem","position":1,"name":"In\u00edcio","item":"https:\/\/diariodepe.com.br\/cri\/"},{"@type":"ListItem","position":2,"name":"Bir\u00f4 Pol\u00edtico do Comit\u00ea Central do PCCh convoca reuni\u00e3o sobre trabalho econ\u00f4mico"}]},{"@type":"WebSite","@id":"https:\/\/diariodepe.com.br\/cri\/#website","url":"https:\/\/diariodepe.com.br\/cri\/","name":"CRI e Diario de Pernambuco","description":"R\u00e1dio Internacional da China","publisher":{"@id":"https:\/\/diariodepe.com.br\/cri\/#organization"},"potentialAction":[{"@type":"SearchAction","target":{"@type":"EntryPoint","urlTemplate":"https:\/\/diariodepe.com.br\/cri\/?s={search_term_string}"},"query-input":{"@type":"PropertyValueSpecification","valueRequired":true,"valueName":"search_term_string"}}],"inLanguage":"pt-BR"},{"@type":"Organization","@id":"https:\/\/diariodepe.com.br\/cri\/#organization","name":"CRI e Diario de Pernambuco","url":"https:\/\/diariodepe.com.br\/cri\/","logo":{"@type":"ImageObject","inLanguage":"pt-BR","@id":"https:\/\/diariodepe.com.br\/cri\/#\/schema\/logo\/image\/","url":"https:\/\/diariodepe.com.br\/cri\/wp-content\/uploads\/sites\/2\/2022\/12\/cropped-Logo.jpg","contentUrl":"https:\/\/diariodepe.com.br\/cri\/wp-content\/uploads\/sites\/2\/2022\/12\/cropped-Logo.jpg","width":700,"height":59,"caption":"CRI e Diario de Pernambuco"},"image":{"@id":"https:\/\/diariodepe.com.br\/cri\/#\/schema\/logo\/image\/"}},{"@type":"Person","@id":"https:\/\/diariodepe.com.br\/cri\/#\/schema\/person\/121bb28d84f1a5b1205ef4ce9c2e0c6b","name":"Ismael Lucas S. Pereira","image":{"@type":"ImageObject","inLanguage":"pt-BR","@id":"https:\/\/secure.gravatar.com\/avatar\/887a0f3b5a7ceea963a48499fb883ffce6b5037362def025c52c2505b15d63e4?s=96&d=mm&r=g","url":"https:\/\/secure.gravatar.com\/avatar\/887a0f3b5a7ceea963a48499fb883ffce6b5037362def025c52c2505b15d63e4?s=96&d=mm&r=g","contentUrl":"https:\/\/secure.gravatar.com\/avatar\/887a0f3b5a7ceea963a48499fb883ffce6b5037362def025c52c2505b15d63e4?s=96&d=mm&r=g","caption":"Ismael Lucas S. Pereira"},"url":"https:\/\/diariodepe.com.br\/cri\/author\/ismael-lucas\/"}]}},"cc_featured_image_caption":{"caption_text":false,"source_text":false,"source_url":false},"amp_enabled":true,"_links":{"self":[{"href":"https:\/\/diariodepe.com.br\/cri\/wp-json\/wp\/v2\/posts\/1328","targetHints":{"allow":["GET"]}}],"collection":[{"href":"https:\/\/diariodepe.com.br\/cri\/wp-json\/wp\/v2\/posts"}],"about":[{"href":"https:\/\/diariodepe.com.br\/cri\/wp-json\/wp\/v2\/types\/post"}],"author":[{"embeddable":true,"href":"https:\/\/diariodepe.com.br\/cri\/wp-json\/wp\/v2\/users\/2"}],"replies":[{"embeddable":true,"href":"https:\/\/diariodepe.com.br\/cri\/wp-json\/wp\/v2\/comments?post=1328"}],"version-history":[{"count":1,"href":"https:\/\/diariodepe.com.br\/cri\/wp-json\/wp\/v2\/posts\/1328\/revisions"}],"predecessor-version":[{"id":1330,"href":"https:\/\/diariodepe.com.br\/cri\/wp-json\/wp\/v2\/posts\/1328\/revisions\/1330"}],"wp:featuredmedia":[{"embeddable":true,"href":"https:\/\/diariodepe.com.br\/cri\/wp-json\/wp\/v2\/media\/1329"}],"wp:attachment":[{"href":"https:\/\/diariodepe.com.br\/cri\/wp-json\/wp\/v2\/media?parent=1328"}],"wp:term":[{"taxonomy":"category","embeddable":true,"href":"https:\/\/diariodepe.com.br\/cri\/wp-json\/wp\/v2\/categories?post=1328"},{"taxonomy":"post_tag","embeddable":true,"href":"https:\/\/diariodepe.com.br\/cri\/wp-json\/wp\/v2\/tags?post=1328"}],"curies":[{"name":"wp","href":"https:\/\/api.w.org\/{rel}","templated":true}]}}