{"id":1318,"date":"2023-04-28T05:38:37","date_gmt":"2023-04-28T08:38:37","guid":{"rendered":"https:\/\/diariodepe.com.br\/cri\/?p=1318"},"modified":"2023-04-28T05:38:37","modified_gmt":"2023-04-28T08:38:37","slug":"rumo-a-prosperidade-como-o-trabalho-de-base-contribuiu-para-o-salto-milenar-da-etnia-yi","status":"publish","type":"post","link":"https:\/\/diariodepe.com.br\/cri\/2023\/04\/28\/rumo-a-prosperidade-como-o-trabalho-de-base-contribuiu-para-o-salto-milenar-da-etnia-yi\/","title":{"rendered":"Rumo \u00e0 prosperidade: como o trabalho de base contribuiu para o \u201csalto milenar\u201d da etnia Yi"},"content":{"rendered":"<p>Da escravid\u00e3o para o socialismo, a minoria \u00e9tnica Yi que habita a regi\u00e3o montanhosa de Liangshan experimentou um \u201csalto milenar\u201d na d\u00e9cada de 1950, e em pouco mais de meio s\u00e9culo eliminou a pobreza extrema, seguindo a jornada rumo \u00e0 prosperidade comum. O especialista brasileiro em Administra\u00e7\u00e3o P\u00fablica chinesa, Renato Peneluppi Jr., foi convidado a visitar uma aldeia no sudoeste da prov\u00edncia de Sichuan para conhecer de perto o modelo singular de moderniza\u00e7\u00e3o chinesa.<\/p>\n<p><iframe title=\"Rumo \u00e0 prosperidade: como o trabalho de base contribuiu para o \u201csalto milenar\u201d da etnia Yi\" width=\"640\" height=\"360\" src=\"https:\/\/www.youtube.com\/embed\/yGWUENOVpyk?feature=oembed\" frameborder=\"0\" allow=\"accelerometer; autoplay; clipboard-write; encrypted-media; gyroscope; picture-in-picture; web-share\" referrerpolicy=\"strict-origin-when-cross-origin\" allowfullscreen><\/iframe><\/p>\n","protected":false},"excerpt":{"rendered":"<p>Da escravid\u00e3o para o socialismo, a minoria \u00e9tnica Yi que habita a regi\u00e3o montanhosa de Liangshan experimentou um \u201csalto milenar\u201d na d\u00e9cada de 1950, e em pouco mais de meio s\u00e9culo eliminou a pobreza extrema, seguindo a jornada rumo \u00e0&#8230;<\/p>\n","protected":false},"author":2,"featured_media":0,"comment_status":"open","ping_status":"open","sticky":false,"template":"","format":"standard","meta":{"footnotes":""},"categories":[1],"tags":[],"class_list":["post-1318","post","type-post","status-publish","format-standard","hentry","category-estudio-paulista"],"yoast_head":"<!-- This site is optimized with the Yoast SEO plugin v27.4 - https:\/\/yoast.com\/product\/yoast-seo-wordpress\/ -->\n<title>Rumo \u00e0 prosperidade: como o trabalho de base contribuiu para o \u201csalto milenar\u201d da etnia Yi - CRI e Diario de Pernambuco<\/title>\n<meta name=\"robots\" content=\"index, follow, max-snippet:-1, max-image-preview:large, max-video-preview:-1\" \/>\n<link rel=\"canonical\" href=\"https:\/\/diariodepe.com.br\/cri\/2023\/04\/28\/rumo-a-prosperidade-como-o-trabalho-de-base-contribuiu-para-o-salto-milenar-da-etnia-yi\/\" \/>\n<meta property=\"og:locale\" content=\"pt_BR\" \/>\n<meta property=\"og:type\" content=\"article\" \/>\n<meta property=\"og:title\" content=\"Rumo \u00e0 prosperidade: como o trabalho de base contribuiu para o \u201csalto milenar\u201d da etnia Yi - CRI e Diario de Pernambuco\" \/>\n<meta property=\"og:description\" content=\"Da escravid\u00e3o para o socialismo, a minoria \u00e9tnica Yi que habita a regi\u00e3o montanhosa de Liangshan experimentou um \u201csalto milenar\u201d na d\u00e9cada de 1950, e em pouco mais de meio s\u00e9culo eliminou a pobreza extrema, seguindo a jornada rumo \u00e0...\" \/>\n<meta property=\"og:url\" content=\"https:\/\/diariodepe.com.br\/cri\/2023\/04\/28\/rumo-a-prosperidade-como-o-trabalho-de-base-contribuiu-para-o-salto-milenar-da-etnia-yi\/\" \/>\n<meta property=\"og:site_name\" content=\"CRI e Diario de Pernambuco\" \/>\n<meta property=\"article:published_time\" content=\"2023-04-28T08:38:37+00:00\" \/>\n<meta name=\"author\" content=\"Ismael Lucas S. Pereira\" \/>\n<meta name=\"twitter:card\" content=\"summary_large_image\" \/>\n<meta name=\"twitter:label1\" content=\"Escrito por\" \/>\n\t<meta name=\"twitter:data1\" content=\"Ismael Lucas S. Pereira\" \/>\n\t<meta name=\"twitter:label2\" content=\"Est. tempo de leitura\" \/>\n\t<meta name=\"twitter:data2\" content=\"1 minuto\" \/>\n<script type=\"application\/ld+json\" class=\"yoast-schema-graph\">{\"@context\":\"https:\\\/\\\/schema.org\",\"@graph\":[{\"@type\":\"Article\",\"@id\":\"https:\\\/\\\/diariodepe.com.br\\\/cri\\\/2023\\\/04\\\/28\\\/rumo-a-prosperidade-como-o-trabalho-de-base-contribuiu-para-o-salto-milenar-da-etnia-yi\\\/#article\",\"isPartOf\":{\"@id\":\"https:\\\/\\\/diariodepe.com.br\\\/cri\\\/2023\\\/04\\\/28\\\/rumo-a-prosperidade-como-o-trabalho-de-base-contribuiu-para-o-salto-milenar-da-etnia-yi\\\/\"},\"author\":{\"name\":\"Ismael Lucas S. Pereira\",\"@id\":\"https:\\\/\\\/diariodepe.com.br\\\/cri\\\/#\\\/schema\\\/person\\\/121bb28d84f1a5b1205ef4ce9c2e0c6b\"},\"headline\":\"Rumo \u00e0 prosperidade: como o trabalho de base contribuiu para o \u201csalto milenar\u201d da etnia Yi\",\"datePublished\":\"2023-04-28T08:38:37+00:00\",\"mainEntityOfPage\":{\"@id\":\"https:\\\/\\\/diariodepe.com.br\\\/cri\\\/2023\\\/04\\\/28\\\/rumo-a-prosperidade-como-o-trabalho-de-base-contribuiu-para-o-salto-milenar-da-etnia-yi\\\/\"},\"wordCount\":104,\"commentCount\":0,\"publisher\":{\"@id\":\"https:\\\/\\\/diariodepe.com.br\\\/cri\\\/#organization\"},\"articleSection\":[\"Est\u00fadio Paulista\"],\"inLanguage\":\"pt-BR\",\"potentialAction\":[{\"@type\":\"CommentAction\",\"name\":\"Comment\",\"target\":[\"https:\\\/\\\/diariodepe.com.br\\\/cri\\\/2023\\\/04\\\/28\\\/rumo-a-prosperidade-como-o-trabalho-de-base-contribuiu-para-o-salto-milenar-da-etnia-yi\\\/#respond\"]}]},{\"@type\":\"WebPage\",\"@id\":\"https:\\\/\\\/diariodepe.com.br\\\/cri\\\/2023\\\/04\\\/28\\\/rumo-a-prosperidade-como-o-trabalho-de-base-contribuiu-para-o-salto-milenar-da-etnia-yi\\\/\",\"url\":\"https:\\\/\\\/diariodepe.com.br\\\/cri\\\/2023\\\/04\\\/28\\\/rumo-a-prosperidade-como-o-trabalho-de-base-contribuiu-para-o-salto-milenar-da-etnia-yi\\\/\",\"name\":\"Rumo \u00e0 prosperidade: como o trabalho de base contribuiu para o \u201csalto milenar\u201d da etnia Yi - CRI e Diario de Pernambuco\",\"isPartOf\":{\"@id\":\"https:\\\/\\\/diariodepe.com.br\\\/cri\\\/#website\"},\"datePublished\":\"2023-04-28T08:38:37+00:00\",\"breadcrumb\":{\"@id\":\"https:\\\/\\\/diariodepe.com.br\\\/cri\\\/2023\\\/04\\\/28\\\/rumo-a-prosperidade-como-o-trabalho-de-base-contribuiu-para-o-salto-milenar-da-etnia-yi\\\/#breadcrumb\"},\"inLanguage\":\"pt-BR\",\"potentialAction\":[{\"@type\":\"ReadAction\",\"target\":[\"https:\\\/\\\/diariodepe.com.br\\\/cri\\\/2023\\\/04\\\/28\\\/rumo-a-prosperidade-como-o-trabalho-de-base-contribuiu-para-o-salto-milenar-da-etnia-yi\\\/\"]}]},{\"@type\":\"BreadcrumbList\",\"@id\":\"https:\\\/\\\/diariodepe.com.br\\\/cri\\\/2023\\\/04\\\/28\\\/rumo-a-prosperidade-como-o-trabalho-de-base-contribuiu-para-o-salto-milenar-da-etnia-yi\\\/#breadcrumb\",\"itemListElement\":[{\"@type\":\"ListItem\",\"position\":1,\"name\":\"In\u00edcio\",\"item\":\"https:\\\/\\\/diariodepe.com.br\\\/cri\\\/\"},{\"@type\":\"ListItem\",\"position\":2,\"name\":\"Rumo \u00e0 prosperidade: como o trabalho de base contribuiu para o \u201csalto milenar\u201d da etnia Yi\"}]},{\"@type\":\"WebSite\",\"@id\":\"https:\\\/\\\/diariodepe.com.br\\\/cri\\\/#website\",\"url\":\"https:\\\/\\\/diariodepe.com.br\\\/cri\\\/\",\"name\":\"CRI e Diario de Pernambuco\",\"description\":\"R\u00e1dio Internacional da China\",\"publisher\":{\"@id\":\"https:\\\/\\\/diariodepe.com.br\\\/cri\\\/#organization\"},\"potentialAction\":[{\"@type\":\"SearchAction\",\"target\":{\"@type\":\"EntryPoint\",\"urlTemplate\":\"https:\\\/\\\/diariodepe.com.br\\\/cri\\\/?s={search_term_string}\"},\"query-input\":{\"@type\":\"PropertyValueSpecification\",\"valueRequired\":true,\"valueName\":\"search_term_string\"}}],\"inLanguage\":\"pt-BR\"},{\"@type\":\"Organization\",\"@id\":\"https:\\\/\\\/diariodepe.com.br\\\/cri\\\/#organization\",\"name\":\"CRI e Diario de Pernambuco\",\"url\":\"https:\\\/\\\/diariodepe.com.br\\\/cri\\\/\",\"logo\":{\"@type\":\"ImageObject\",\"inLanguage\":\"pt-BR\",\"@id\":\"https:\\\/\\\/diariodepe.com.br\\\/cri\\\/#\\\/schema\\\/logo\\\/image\\\/\",\"url\":\"https:\\\/\\\/diariodepe.com.br\\\/cri\\\/wp-content\\\/uploads\\\/sites\\\/2\\\/2022\\\/12\\\/cropped-Logo.jpg\",\"contentUrl\":\"https:\\\/\\\/diariodepe.com.br\\\/cri\\\/wp-content\\\/uploads\\\/sites\\\/2\\\/2022\\\/12\\\/cropped-Logo.jpg\",\"width\":700,\"height\":59,\"caption\":\"CRI e Diario de Pernambuco\"},\"image\":{\"@id\":\"https:\\\/\\\/diariodepe.com.br\\\/cri\\\/#\\\/schema\\\/logo\\\/image\\\/\"}},{\"@type\":\"Person\",\"@id\":\"https:\\\/\\\/diariodepe.com.br\\\/cri\\\/#\\\/schema\\\/person\\\/121bb28d84f1a5b1205ef4ce9c2e0c6b\",\"name\":\"Ismael Lucas S. Pereira\",\"image\":{\"@type\":\"ImageObject\",\"inLanguage\":\"pt-BR\",\"@id\":\"https:\\\/\\\/secure.gravatar.com\\\/avatar\\\/887a0f3b5a7ceea963a48499fb883ffce6b5037362def025c52c2505b15d63e4?s=96&d=mm&r=g\",\"url\":\"https:\\\/\\\/secure.gravatar.com\\\/avatar\\\/887a0f3b5a7ceea963a48499fb883ffce6b5037362def025c52c2505b15d63e4?s=96&d=mm&r=g\",\"contentUrl\":\"https:\\\/\\\/secure.gravatar.com\\\/avatar\\\/887a0f3b5a7ceea963a48499fb883ffce6b5037362def025c52c2505b15d63e4?s=96&d=mm&r=g\",\"caption\":\"Ismael Lucas S. Pereira\"},\"url\":\"https:\\\/\\\/diariodepe.com.br\\\/cri\\\/author\\\/ismael-lucas\\\/\"}]}<\/script>\n<!-- \/ Yoast SEO plugin. -->","yoast_head_json":{"title":"Rumo \u00e0 prosperidade: como o trabalho de base contribuiu para o \u201csalto milenar\u201d da etnia Yi - CRI e Diario de Pernambuco","robots":{"index":"index","follow":"follow","max-snippet":"max-snippet:-1","max-image-preview":"max-image-preview:large","max-video-preview":"max-video-preview:-1"},"canonical":"https:\/\/diariodepe.com.br\/cri\/2023\/04\/28\/rumo-a-prosperidade-como-o-trabalho-de-base-contribuiu-para-o-salto-milenar-da-etnia-yi\/","og_locale":"pt_BR","og_type":"article","og_title":"Rumo \u00e0 prosperidade: como o trabalho de base contribuiu para o \u201csalto milenar\u201d da etnia Yi - CRI e Diario de Pernambuco","og_description":"Da escravid\u00e3o para o socialismo, a minoria \u00e9tnica Yi que habita a regi\u00e3o montanhosa de Liangshan experimentou um \u201csalto milenar\u201d na d\u00e9cada de 1950, e em pouco mais de meio s\u00e9culo eliminou a pobreza extrema, seguindo a jornada rumo \u00e0...","og_url":"https:\/\/diariodepe.com.br\/cri\/2023\/04\/28\/rumo-a-prosperidade-como-o-trabalho-de-base-contribuiu-para-o-salto-milenar-da-etnia-yi\/","og_site_name":"CRI e Diario de Pernambuco","article_published_time":"2023-04-28T08:38:37+00:00","author":"Ismael Lucas S. Pereira","twitter_card":"summary_large_image","twitter_misc":{"Escrito por":"Ismael Lucas S. Pereira","Est. tempo de leitura":"1 minuto"},"schema":{"@context":"https:\/\/schema.org","@graph":[{"@type":"Article","@id":"https:\/\/diariodepe.com.br\/cri\/2023\/04\/28\/rumo-a-prosperidade-como-o-trabalho-de-base-contribuiu-para-o-salto-milenar-da-etnia-yi\/#article","isPartOf":{"@id":"https:\/\/diariodepe.com.br\/cri\/2023\/04\/28\/rumo-a-prosperidade-como-o-trabalho-de-base-contribuiu-para-o-salto-milenar-da-etnia-yi\/"},"author":{"name":"Ismael Lucas S. Pereira","@id":"https:\/\/diariodepe.com.br\/cri\/#\/schema\/person\/121bb28d84f1a5b1205ef4ce9c2e0c6b"},"headline":"Rumo \u00e0 prosperidade: como o trabalho de base contribuiu para o \u201csalto milenar\u201d da etnia Yi","datePublished":"2023-04-28T08:38:37+00:00","mainEntityOfPage":{"@id":"https:\/\/diariodepe.com.br\/cri\/2023\/04\/28\/rumo-a-prosperidade-como-o-trabalho-de-base-contribuiu-para-o-salto-milenar-da-etnia-yi\/"},"wordCount":104,"commentCount":0,"publisher":{"@id":"https:\/\/diariodepe.com.br\/cri\/#organization"},"articleSection":["Est\u00fadio Paulista"],"inLanguage":"pt-BR","potentialAction":[{"@type":"CommentAction","name":"Comment","target":["https:\/\/diariodepe.com.br\/cri\/2023\/04\/28\/rumo-a-prosperidade-como-o-trabalho-de-base-contribuiu-para-o-salto-milenar-da-etnia-yi\/#respond"]}]},{"@type":"WebPage","@id":"https:\/\/diariodepe.com.br\/cri\/2023\/04\/28\/rumo-a-prosperidade-como-o-trabalho-de-base-contribuiu-para-o-salto-milenar-da-etnia-yi\/","url":"https:\/\/diariodepe.com.br\/cri\/2023\/04\/28\/rumo-a-prosperidade-como-o-trabalho-de-base-contribuiu-para-o-salto-milenar-da-etnia-yi\/","name":"Rumo \u00e0 prosperidade: como o trabalho de base contribuiu para o \u201csalto milenar\u201d da etnia Yi - CRI e Diario de Pernambuco","isPartOf":{"@id":"https:\/\/diariodepe.com.br\/cri\/#website"},"datePublished":"2023-04-28T08:38:37+00:00","breadcrumb":{"@id":"https:\/\/diariodepe.com.br\/cri\/2023\/04\/28\/rumo-a-prosperidade-como-o-trabalho-de-base-contribuiu-para-o-salto-milenar-da-etnia-yi\/#breadcrumb"},"inLanguage":"pt-BR","potentialAction":[{"@type":"ReadAction","target":["https:\/\/diariodepe.com.br\/cri\/2023\/04\/28\/rumo-a-prosperidade-como-o-trabalho-de-base-contribuiu-para-o-salto-milenar-da-etnia-yi\/"]}]},{"@type":"BreadcrumbList","@id":"https:\/\/diariodepe.com.br\/cri\/2023\/04\/28\/rumo-a-prosperidade-como-o-trabalho-de-base-contribuiu-para-o-salto-milenar-da-etnia-yi\/#breadcrumb","itemListElement":[{"@type":"ListItem","position":1,"name":"In\u00edcio","item":"https:\/\/diariodepe.com.br\/cri\/"},{"@type":"ListItem","position":2,"name":"Rumo \u00e0 prosperidade: como o trabalho de base contribuiu para o \u201csalto milenar\u201d da etnia Yi"}]},{"@type":"WebSite","@id":"https:\/\/diariodepe.com.br\/cri\/#website","url":"https:\/\/diariodepe.com.br\/cri\/","name":"CRI e Diario de Pernambuco","description":"R\u00e1dio Internacional da China","publisher":{"@id":"https:\/\/diariodepe.com.br\/cri\/#organization"},"potentialAction":[{"@type":"SearchAction","target":{"@type":"EntryPoint","urlTemplate":"https:\/\/diariodepe.com.br\/cri\/?s={search_term_string}"},"query-input":{"@type":"PropertyValueSpecification","valueRequired":true,"valueName":"search_term_string"}}],"inLanguage":"pt-BR"},{"@type":"Organization","@id":"https:\/\/diariodepe.com.br\/cri\/#organization","name":"CRI e Diario de Pernambuco","url":"https:\/\/diariodepe.com.br\/cri\/","logo":{"@type":"ImageObject","inLanguage":"pt-BR","@id":"https:\/\/diariodepe.com.br\/cri\/#\/schema\/logo\/image\/","url":"https:\/\/diariodepe.com.br\/cri\/wp-content\/uploads\/sites\/2\/2022\/12\/cropped-Logo.jpg","contentUrl":"https:\/\/diariodepe.com.br\/cri\/wp-content\/uploads\/sites\/2\/2022\/12\/cropped-Logo.jpg","width":700,"height":59,"caption":"CRI e Diario de Pernambuco"},"image":{"@id":"https:\/\/diariodepe.com.br\/cri\/#\/schema\/logo\/image\/"}},{"@type":"Person","@id":"https:\/\/diariodepe.com.br\/cri\/#\/schema\/person\/121bb28d84f1a5b1205ef4ce9c2e0c6b","name":"Ismael Lucas S. Pereira","image":{"@type":"ImageObject","inLanguage":"pt-BR","@id":"https:\/\/secure.gravatar.com\/avatar\/887a0f3b5a7ceea963a48499fb883ffce6b5037362def025c52c2505b15d63e4?s=96&d=mm&r=g","url":"https:\/\/secure.gravatar.com\/avatar\/887a0f3b5a7ceea963a48499fb883ffce6b5037362def025c52c2505b15d63e4?s=96&d=mm&r=g","contentUrl":"https:\/\/secure.gravatar.com\/avatar\/887a0f3b5a7ceea963a48499fb883ffce6b5037362def025c52c2505b15d63e4?s=96&d=mm&r=g","caption":"Ismael Lucas S. Pereira"},"url":"https:\/\/diariodepe.com.br\/cri\/author\/ismael-lucas\/"}]}},"cc_featured_image_caption":{"caption_text":false,"source_text":false,"source_url":false},"amp_enabled":true,"_links":{"self":[{"href":"https:\/\/diariodepe.com.br\/cri\/wp-json\/wp\/v2\/posts\/1318","targetHints":{"allow":["GET"]}}],"collection":[{"href":"https:\/\/diariodepe.com.br\/cri\/wp-json\/wp\/v2\/posts"}],"about":[{"href":"https:\/\/diariodepe.com.br\/cri\/wp-json\/wp\/v2\/types\/post"}],"author":[{"embeddable":true,"href":"https:\/\/diariodepe.com.br\/cri\/wp-json\/wp\/v2\/users\/2"}],"replies":[{"embeddable":true,"href":"https:\/\/diariodepe.com.br\/cri\/wp-json\/wp\/v2\/comments?post=1318"}],"version-history":[{"count":1,"href":"https:\/\/diariodepe.com.br\/cri\/wp-json\/wp\/v2\/posts\/1318\/revisions"}],"predecessor-version":[{"id":1319,"href":"https:\/\/diariodepe.com.br\/cri\/wp-json\/wp\/v2\/posts\/1318\/revisions\/1319"}],"wp:attachment":[{"href":"https:\/\/diariodepe.com.br\/cri\/wp-json\/wp\/v2\/media?parent=1318"}],"wp:term":[{"taxonomy":"category","embeddable":true,"href":"https:\/\/diariodepe.com.br\/cri\/wp-json\/wp\/v2\/categories?post=1318"},{"taxonomy":"post_tag","embeddable":true,"href":"https:\/\/diariodepe.com.br\/cri\/wp-json\/wp\/v2\/tags?post=1318"}],"curies":[{"name":"wp","href":"https:\/\/api.w.org\/{rel}","templated":true}]}}