{"id":1313,"date":"2023-04-28T05:35:59","date_gmt":"2023-04-28T08:35:59","guid":{"rendered":"https:\/\/diariodepe.com.br\/cri\/?p=1313"},"modified":"2023-04-28T05:35:59","modified_gmt":"2023-04-28T08:35:59","slug":"comentario-nao-deixe-okinawa-se-tornar-novamente-um-campo-de-batalha","status":"publish","type":"post","link":"https:\/\/diariodepe.com.br\/cri\/2023\/04\/28\/comentario-nao-deixe-okinawa-se-tornar-novamente-um-campo-de-batalha\/","title":{"rendered":"Coment\u00e1rio: N\u00e3o deixe Okinawa se tornar novamente um campo de batalha"},"content":{"rendered":"<p>Na manh\u00e3 do dia 26 de abril, muitos residentes locais da prefeitura de Okinawa, Jap\u00e3o, viram que um grande n\u00famero de soldados e ve\u00edculos das For\u00e7as de Autodefesa do pa\u00eds entraram nos portos e ruas locais, pois o governo japon\u00eas anunciou que implantar\u00e1 m\u00edsseis Patriot III na prefeitura. A imprensa local criticou \u00a0a cont\u00ednua expans\u00e3o de armas do governo como uma viola\u00e7\u00e3o da \u201cConstitui\u00e7\u00e3o de paz\u201d, e uma amea\u00e7a \u00e0 seguran\u00e7a e estabilidade regionais.<\/p>\n<p>\u201cN\u00e3o deixe Okinawa se tornar novamente um campo de batalha!\u201d Para expressar o clamor pela paz, a delega\u00e7\u00e3o de deputados da prefeitura de Okinawa apresentou uma resolu\u00e7\u00e3o sobre a diplomacia pac\u00edfica, adotada pela assembleia da prefeitura, ao Gabinete, Minist\u00e9rio da Defesa e Minist\u00e9rio das Rela\u00e7\u00f5es Exteriores do pa\u00eds. A resolu\u00e7\u00e3o exige que o governo japon\u00eas siga os princ\u00edpios estabelecidos nos quatro documentos pol\u00edticos China-Jap\u00e3o, promova a amizade sino-japonesa e a paz por meio do di\u00e1logo e da diplomacia.<\/p>\n<p>Nos \u00faltimos anos, o cen\u00e1rio pol\u00edtico mundial tem passado por profundas mudan\u00e7as. Os Estados Unidos definiu erroneamente a China como seu \u201cprincipal concorrrente\u201d e a Organiza\u00e7\u00e3o do Tratado do Atl\u00e2ntico Norte (Otan) intrometeu-se constantemente nos assuntos da \u00c1sia-Pac\u00edfico.As for\u00e7as pol\u00edticas de direita do Jap\u00e3o acreditam que encontraram oportunidade de romper a \u201cConstitui\u00e7\u00e3o de paz\u201d e revivier o militarismo. Essas for\u00e7as exageraram a \u201camea\u00e7a da China\u201d, aumentaram os gastos da defesa e desenvolveram armas ofensivas para buscar a capacidade de ataque contra inimigos, tentando subverter a ordem internacional p\u00f3s-guerra.<\/p>\n<p>O povo de Okinawa conhece o valor da paz devido aos traumas da guerra. A resolu\u00e7\u00e3o apresentada pela assembleia local expressa a insatisfa\u00e7\u00e3o e preocupa\u00e7\u00e3o com a expans\u00e3o militar do governo japon\u00eas, bem como a demanda pela amizade China-Jap\u00e3o e pela paz regional. V\u00e1ros grupos de cidad\u00e3os japoneses tamb\u00e9m anunciaram a realiza\u00e7\u00e3o de manifesta\u00e7\u00f5es pela paz no dia 21 de maio para se opor \u00e0 instala\u00e7\u00e3o de unidades de m\u00edsseis em Okinawa, pedindo para \u201cn\u00e3o deixar Okinawa se tornar novamente um campo de batalha\u201d.<\/p>\n<p>O povo de Okinawa quer paz, n\u00e3o m\u00edsseis. O governo japon\u00eas deve ouvir atentamente essas demandas leg\u00edtimas. Tamb\u00e9m deve pensar com mais cuidado sobre como remover os obst\u00e1culos nas rela\u00e7\u00f5es com a China.<\/p>\n<p>&nbsp;<\/p>\n","protected":false},"excerpt":{"rendered":"<p>Na manh\u00e3 do dia 26 de abril, muitos residentes locais da prefeitura de Okinawa, Jap\u00e3o, viram que um grande n\u00famero de soldados e ve\u00edculos das For\u00e7as de Autodefesa do pa\u00eds entraram nos portos e ruas locais, pois o governo japon\u00eas&#8230;<\/p>\n","protected":false},"author":2,"featured_media":1314,"comment_status":"open","ping_status":"open","sticky":false,"template":"","format":"standard","meta":{"footnotes":""},"categories":[7],"tags":[],"class_list":["post-1313","post","type-post","status-publish","format-standard","has-post-thumbnail","hentry","category-visao"],"yoast_head":"<!-- This site is optimized with the Yoast SEO plugin v27.4 - https:\/\/yoast.com\/product\/yoast-seo-wordpress\/ -->\n<title>Coment\u00e1rio: N\u00e3o deixe Okinawa se tornar novamente um campo de batalha - CRI e Diario de Pernambuco<\/title>\n<meta name=\"robots\" content=\"index, follow, max-snippet:-1, max-image-preview:large, max-video-preview:-1\" \/>\n<link rel=\"canonical\" href=\"https:\/\/diariodepe.com.br\/cri\/2023\/04\/28\/comentario-nao-deixe-okinawa-se-tornar-novamente-um-campo-de-batalha\/\" \/>\n<meta property=\"og:locale\" content=\"pt_BR\" \/>\n<meta property=\"og:type\" content=\"article\" \/>\n<meta property=\"og:title\" content=\"Coment\u00e1rio: N\u00e3o deixe Okinawa se tornar novamente um campo de batalha - CRI e Diario de Pernambuco\" \/>\n<meta property=\"og:description\" content=\"Na manh\u00e3 do dia 26 de abril, muitos residentes locais da prefeitura de Okinawa, Jap\u00e3o, viram que um grande n\u00famero de soldados e ve\u00edculos das For\u00e7as de Autodefesa do pa\u00eds entraram nos portos e ruas locais, pois o governo japon\u00eas...\" \/>\n<meta property=\"og:url\" content=\"https:\/\/diariodepe.com.br\/cri\/2023\/04\/28\/comentario-nao-deixe-okinawa-se-tornar-novamente-um-campo-de-batalha\/\" \/>\n<meta property=\"og:site_name\" content=\"CRI e Diario de Pernambuco\" \/>\n<meta property=\"article:published_time\" content=\"2023-04-28T08:35:59+00:00\" \/>\n<meta property=\"og:image\" content=\"https:\/\/diariodepe.com.br\/cri\/wp-content\/uploads\/sites\/2\/2023\/04\/2023042621592857121.jpg\" \/>\n\t<meta property=\"og:image:width\" content=\"1000\" \/>\n\t<meta property=\"og:image:height\" content=\"563\" \/>\n\t<meta property=\"og:image:type\" content=\"image\/jpeg\" \/>\n<meta name=\"author\" content=\"Ismael Lucas S. Pereira\" \/>\n<meta name=\"twitter:card\" content=\"summary_large_image\" \/>\n<meta name=\"twitter:label1\" content=\"Escrito por\" \/>\n\t<meta name=\"twitter:data1\" content=\"Ismael Lucas S. Pereira\" \/>\n\t<meta name=\"twitter:label2\" content=\"Est. tempo de leitura\" \/>\n\t<meta name=\"twitter:data2\" content=\"2 minutos\" \/>\n<script type=\"application\/ld+json\" class=\"yoast-schema-graph\">{\"@context\":\"https:\\\/\\\/schema.org\",\"@graph\":[{\"@type\":\"Article\",\"@id\":\"https:\\\/\\\/diariodepe.com.br\\\/cri\\\/2023\\\/04\\\/28\\\/comentario-nao-deixe-okinawa-se-tornar-novamente-um-campo-de-batalha\\\/#article\",\"isPartOf\":{\"@id\":\"https:\\\/\\\/diariodepe.com.br\\\/cri\\\/2023\\\/04\\\/28\\\/comentario-nao-deixe-okinawa-se-tornar-novamente-um-campo-de-batalha\\\/\"},\"author\":{\"name\":\"Ismael Lucas S. Pereira\",\"@id\":\"https:\\\/\\\/diariodepe.com.br\\\/cri\\\/#\\\/schema\\\/person\\\/121bb28d84f1a5b1205ef4ce9c2e0c6b\"},\"headline\":\"Coment\u00e1rio: N\u00e3o deixe Okinawa se tornar novamente um campo de batalha\",\"datePublished\":\"2023-04-28T08:35:59+00:00\",\"mainEntityOfPage\":{\"@id\":\"https:\\\/\\\/diariodepe.com.br\\\/cri\\\/2023\\\/04\\\/28\\\/comentario-nao-deixe-okinawa-se-tornar-novamente-um-campo-de-batalha\\\/\"},\"wordCount\":429,\"commentCount\":0,\"publisher\":{\"@id\":\"https:\\\/\\\/diariodepe.com.br\\\/cri\\\/#organization\"},\"image\":{\"@id\":\"https:\\\/\\\/diariodepe.com.br\\\/cri\\\/2023\\\/04\\\/28\\\/comentario-nao-deixe-okinawa-se-tornar-novamente-um-campo-de-batalha\\\/#primaryimage\"},\"thumbnailUrl\":\"https:\\\/\\\/diariodepe.com.br\\\/cri\\\/wp-content\\\/uploads\\\/sites\\\/2\\\/2023\\\/04\\\/2023042621592857121.jpg\",\"articleSection\":[\"Vis\u00e3o\"],\"inLanguage\":\"pt-BR\",\"potentialAction\":[{\"@type\":\"CommentAction\",\"name\":\"Comment\",\"target\":[\"https:\\\/\\\/diariodepe.com.br\\\/cri\\\/2023\\\/04\\\/28\\\/comentario-nao-deixe-okinawa-se-tornar-novamente-um-campo-de-batalha\\\/#respond\"]}]},{\"@type\":\"WebPage\",\"@id\":\"https:\\\/\\\/diariodepe.com.br\\\/cri\\\/2023\\\/04\\\/28\\\/comentario-nao-deixe-okinawa-se-tornar-novamente-um-campo-de-batalha\\\/\",\"url\":\"https:\\\/\\\/diariodepe.com.br\\\/cri\\\/2023\\\/04\\\/28\\\/comentario-nao-deixe-okinawa-se-tornar-novamente-um-campo-de-batalha\\\/\",\"name\":\"Coment\u00e1rio: N\u00e3o deixe Okinawa se tornar novamente um campo de batalha - CRI e Diario de Pernambuco\",\"isPartOf\":{\"@id\":\"https:\\\/\\\/diariodepe.com.br\\\/cri\\\/#website\"},\"primaryImageOfPage\":{\"@id\":\"https:\\\/\\\/diariodepe.com.br\\\/cri\\\/2023\\\/04\\\/28\\\/comentario-nao-deixe-okinawa-se-tornar-novamente-um-campo-de-batalha\\\/#primaryimage\"},\"image\":{\"@id\":\"https:\\\/\\\/diariodepe.com.br\\\/cri\\\/2023\\\/04\\\/28\\\/comentario-nao-deixe-okinawa-se-tornar-novamente-um-campo-de-batalha\\\/#primaryimage\"},\"thumbnailUrl\":\"https:\\\/\\\/diariodepe.com.br\\\/cri\\\/wp-content\\\/uploads\\\/sites\\\/2\\\/2023\\\/04\\\/2023042621592857121.jpg\",\"datePublished\":\"2023-04-28T08:35:59+00:00\",\"breadcrumb\":{\"@id\":\"https:\\\/\\\/diariodepe.com.br\\\/cri\\\/2023\\\/04\\\/28\\\/comentario-nao-deixe-okinawa-se-tornar-novamente-um-campo-de-batalha\\\/#breadcrumb\"},\"inLanguage\":\"pt-BR\",\"potentialAction\":[{\"@type\":\"ReadAction\",\"target\":[\"https:\\\/\\\/diariodepe.com.br\\\/cri\\\/2023\\\/04\\\/28\\\/comentario-nao-deixe-okinawa-se-tornar-novamente-um-campo-de-batalha\\\/\"]}]},{\"@type\":\"ImageObject\",\"inLanguage\":\"pt-BR\",\"@id\":\"https:\\\/\\\/diariodepe.com.br\\\/cri\\\/2023\\\/04\\\/28\\\/comentario-nao-deixe-okinawa-se-tornar-novamente-um-campo-de-batalha\\\/#primaryimage\",\"url\":\"https:\\\/\\\/diariodepe.com.br\\\/cri\\\/wp-content\\\/uploads\\\/sites\\\/2\\\/2023\\\/04\\\/2023042621592857121.jpg\",\"contentUrl\":\"https:\\\/\\\/diariodepe.com.br\\\/cri\\\/wp-content\\\/uploads\\\/sites\\\/2\\\/2023\\\/04\\\/2023042621592857121.jpg\",\"width\":1000,\"height\":563},{\"@type\":\"BreadcrumbList\",\"@id\":\"https:\\\/\\\/diariodepe.com.br\\\/cri\\\/2023\\\/04\\\/28\\\/comentario-nao-deixe-okinawa-se-tornar-novamente-um-campo-de-batalha\\\/#breadcrumb\",\"itemListElement\":[{\"@type\":\"ListItem\",\"position\":1,\"name\":\"In\u00edcio\",\"item\":\"https:\\\/\\\/diariodepe.com.br\\\/cri\\\/\"},{\"@type\":\"ListItem\",\"position\":2,\"name\":\"Coment\u00e1rio: N\u00e3o deixe Okinawa se tornar novamente um campo de batalha\"}]},{\"@type\":\"WebSite\",\"@id\":\"https:\\\/\\\/diariodepe.com.br\\\/cri\\\/#website\",\"url\":\"https:\\\/\\\/diariodepe.com.br\\\/cri\\\/\",\"name\":\"CRI e Diario de Pernambuco\",\"description\":\"R\u00e1dio Internacional da China\",\"publisher\":{\"@id\":\"https:\\\/\\\/diariodepe.com.br\\\/cri\\\/#organization\"},\"potentialAction\":[{\"@type\":\"SearchAction\",\"target\":{\"@type\":\"EntryPoint\",\"urlTemplate\":\"https:\\\/\\\/diariodepe.com.br\\\/cri\\\/?s={search_term_string}\"},\"query-input\":{\"@type\":\"PropertyValueSpecification\",\"valueRequired\":true,\"valueName\":\"search_term_string\"}}],\"inLanguage\":\"pt-BR\"},{\"@type\":\"Organization\",\"@id\":\"https:\\\/\\\/diariodepe.com.br\\\/cri\\\/#organization\",\"name\":\"CRI e Diario de Pernambuco\",\"url\":\"https:\\\/\\\/diariodepe.com.br\\\/cri\\\/\",\"logo\":{\"@type\":\"ImageObject\",\"inLanguage\":\"pt-BR\",\"@id\":\"https:\\\/\\\/diariodepe.com.br\\\/cri\\\/#\\\/schema\\\/logo\\\/image\\\/\",\"url\":\"https:\\\/\\\/diariodepe.com.br\\\/cri\\\/wp-content\\\/uploads\\\/sites\\\/2\\\/2022\\\/12\\\/cropped-Logo.jpg\",\"contentUrl\":\"https:\\\/\\\/diariodepe.com.br\\\/cri\\\/wp-content\\\/uploads\\\/sites\\\/2\\\/2022\\\/12\\\/cropped-Logo.jpg\",\"width\":700,\"height\":59,\"caption\":\"CRI e Diario de Pernambuco\"},\"image\":{\"@id\":\"https:\\\/\\\/diariodepe.com.br\\\/cri\\\/#\\\/schema\\\/logo\\\/image\\\/\"}},{\"@type\":\"Person\",\"@id\":\"https:\\\/\\\/diariodepe.com.br\\\/cri\\\/#\\\/schema\\\/person\\\/121bb28d84f1a5b1205ef4ce9c2e0c6b\",\"name\":\"Ismael Lucas S. Pereira\",\"image\":{\"@type\":\"ImageObject\",\"inLanguage\":\"pt-BR\",\"@id\":\"https:\\\/\\\/secure.gravatar.com\\\/avatar\\\/887a0f3b5a7ceea963a48499fb883ffce6b5037362def025c52c2505b15d63e4?s=96&d=mm&r=g\",\"url\":\"https:\\\/\\\/secure.gravatar.com\\\/avatar\\\/887a0f3b5a7ceea963a48499fb883ffce6b5037362def025c52c2505b15d63e4?s=96&d=mm&r=g\",\"contentUrl\":\"https:\\\/\\\/secure.gravatar.com\\\/avatar\\\/887a0f3b5a7ceea963a48499fb883ffce6b5037362def025c52c2505b15d63e4?s=96&d=mm&r=g\",\"caption\":\"Ismael Lucas S. Pereira\"},\"url\":\"https:\\\/\\\/diariodepe.com.br\\\/cri\\\/author\\\/ismael-lucas\\\/\"}]}<\/script>\n<!-- \/ Yoast SEO plugin. -->","yoast_head_json":{"title":"Coment\u00e1rio: N\u00e3o deixe Okinawa se tornar novamente um campo de batalha - CRI e Diario de Pernambuco","robots":{"index":"index","follow":"follow","max-snippet":"max-snippet:-1","max-image-preview":"max-image-preview:large","max-video-preview":"max-video-preview:-1"},"canonical":"https:\/\/diariodepe.com.br\/cri\/2023\/04\/28\/comentario-nao-deixe-okinawa-se-tornar-novamente-um-campo-de-batalha\/","og_locale":"pt_BR","og_type":"article","og_title":"Coment\u00e1rio: N\u00e3o deixe Okinawa se tornar novamente um campo de batalha - CRI e Diario de Pernambuco","og_description":"Na manh\u00e3 do dia 26 de abril, muitos residentes locais da prefeitura de Okinawa, Jap\u00e3o, viram que um grande n\u00famero de soldados e ve\u00edculos das For\u00e7as de Autodefesa do pa\u00eds entraram nos portos e ruas locais, pois o governo japon\u00eas...","og_url":"https:\/\/diariodepe.com.br\/cri\/2023\/04\/28\/comentario-nao-deixe-okinawa-se-tornar-novamente-um-campo-de-batalha\/","og_site_name":"CRI e Diario de Pernambuco","article_published_time":"2023-04-28T08:35:59+00:00","og_image":[{"width":1000,"height":563,"url":"https:\/\/diariodepe.com.br\/cri\/wp-content\/uploads\/sites\/2\/2023\/04\/2023042621592857121.jpg","type":"image\/jpeg"}],"author":"Ismael Lucas S. Pereira","twitter_card":"summary_large_image","twitter_misc":{"Escrito por":"Ismael Lucas S. Pereira","Est. tempo de leitura":"2 minutos"},"schema":{"@context":"https:\/\/schema.org","@graph":[{"@type":"Article","@id":"https:\/\/diariodepe.com.br\/cri\/2023\/04\/28\/comentario-nao-deixe-okinawa-se-tornar-novamente-um-campo-de-batalha\/#article","isPartOf":{"@id":"https:\/\/diariodepe.com.br\/cri\/2023\/04\/28\/comentario-nao-deixe-okinawa-se-tornar-novamente-um-campo-de-batalha\/"},"author":{"name":"Ismael Lucas S. Pereira","@id":"https:\/\/diariodepe.com.br\/cri\/#\/schema\/person\/121bb28d84f1a5b1205ef4ce9c2e0c6b"},"headline":"Coment\u00e1rio: N\u00e3o deixe Okinawa se tornar novamente um campo de batalha","datePublished":"2023-04-28T08:35:59+00:00","mainEntityOfPage":{"@id":"https:\/\/diariodepe.com.br\/cri\/2023\/04\/28\/comentario-nao-deixe-okinawa-se-tornar-novamente-um-campo-de-batalha\/"},"wordCount":429,"commentCount":0,"publisher":{"@id":"https:\/\/diariodepe.com.br\/cri\/#organization"},"image":{"@id":"https:\/\/diariodepe.com.br\/cri\/2023\/04\/28\/comentario-nao-deixe-okinawa-se-tornar-novamente-um-campo-de-batalha\/#primaryimage"},"thumbnailUrl":"https:\/\/diariodepe.com.br\/cri\/wp-content\/uploads\/sites\/2\/2023\/04\/2023042621592857121.jpg","articleSection":["Vis\u00e3o"],"inLanguage":"pt-BR","potentialAction":[{"@type":"CommentAction","name":"Comment","target":["https:\/\/diariodepe.com.br\/cri\/2023\/04\/28\/comentario-nao-deixe-okinawa-se-tornar-novamente-um-campo-de-batalha\/#respond"]}]},{"@type":"WebPage","@id":"https:\/\/diariodepe.com.br\/cri\/2023\/04\/28\/comentario-nao-deixe-okinawa-se-tornar-novamente-um-campo-de-batalha\/","url":"https:\/\/diariodepe.com.br\/cri\/2023\/04\/28\/comentario-nao-deixe-okinawa-se-tornar-novamente-um-campo-de-batalha\/","name":"Coment\u00e1rio: N\u00e3o deixe Okinawa se tornar novamente um campo de batalha - CRI e Diario de Pernambuco","isPartOf":{"@id":"https:\/\/diariodepe.com.br\/cri\/#website"},"primaryImageOfPage":{"@id":"https:\/\/diariodepe.com.br\/cri\/2023\/04\/28\/comentario-nao-deixe-okinawa-se-tornar-novamente-um-campo-de-batalha\/#primaryimage"},"image":{"@id":"https:\/\/diariodepe.com.br\/cri\/2023\/04\/28\/comentario-nao-deixe-okinawa-se-tornar-novamente-um-campo-de-batalha\/#primaryimage"},"thumbnailUrl":"https:\/\/diariodepe.com.br\/cri\/wp-content\/uploads\/sites\/2\/2023\/04\/2023042621592857121.jpg","datePublished":"2023-04-28T08:35:59+00:00","breadcrumb":{"@id":"https:\/\/diariodepe.com.br\/cri\/2023\/04\/28\/comentario-nao-deixe-okinawa-se-tornar-novamente-um-campo-de-batalha\/#breadcrumb"},"inLanguage":"pt-BR","potentialAction":[{"@type":"ReadAction","target":["https:\/\/diariodepe.com.br\/cri\/2023\/04\/28\/comentario-nao-deixe-okinawa-se-tornar-novamente-um-campo-de-batalha\/"]}]},{"@type":"ImageObject","inLanguage":"pt-BR","@id":"https:\/\/diariodepe.com.br\/cri\/2023\/04\/28\/comentario-nao-deixe-okinawa-se-tornar-novamente-um-campo-de-batalha\/#primaryimage","url":"https:\/\/diariodepe.com.br\/cri\/wp-content\/uploads\/sites\/2\/2023\/04\/2023042621592857121.jpg","contentUrl":"https:\/\/diariodepe.com.br\/cri\/wp-content\/uploads\/sites\/2\/2023\/04\/2023042621592857121.jpg","width":1000,"height":563},{"@type":"BreadcrumbList","@id":"https:\/\/diariodepe.com.br\/cri\/2023\/04\/28\/comentario-nao-deixe-okinawa-se-tornar-novamente-um-campo-de-batalha\/#breadcrumb","itemListElement":[{"@type":"ListItem","position":1,"name":"In\u00edcio","item":"https:\/\/diariodepe.com.br\/cri\/"},{"@type":"ListItem","position":2,"name":"Coment\u00e1rio: N\u00e3o deixe Okinawa se tornar novamente um campo de batalha"}]},{"@type":"WebSite","@id":"https:\/\/diariodepe.com.br\/cri\/#website","url":"https:\/\/diariodepe.com.br\/cri\/","name":"CRI e Diario de Pernambuco","description":"R\u00e1dio Internacional da China","publisher":{"@id":"https:\/\/diariodepe.com.br\/cri\/#organization"},"potentialAction":[{"@type":"SearchAction","target":{"@type":"EntryPoint","urlTemplate":"https:\/\/diariodepe.com.br\/cri\/?s={search_term_string}"},"query-input":{"@type":"PropertyValueSpecification","valueRequired":true,"valueName":"search_term_string"}}],"inLanguage":"pt-BR"},{"@type":"Organization","@id":"https:\/\/diariodepe.com.br\/cri\/#organization","name":"CRI e Diario de Pernambuco","url":"https:\/\/diariodepe.com.br\/cri\/","logo":{"@type":"ImageObject","inLanguage":"pt-BR","@id":"https:\/\/diariodepe.com.br\/cri\/#\/schema\/logo\/image\/","url":"https:\/\/diariodepe.com.br\/cri\/wp-content\/uploads\/sites\/2\/2022\/12\/cropped-Logo.jpg","contentUrl":"https:\/\/diariodepe.com.br\/cri\/wp-content\/uploads\/sites\/2\/2022\/12\/cropped-Logo.jpg","width":700,"height":59,"caption":"CRI e Diario de Pernambuco"},"image":{"@id":"https:\/\/diariodepe.com.br\/cri\/#\/schema\/logo\/image\/"}},{"@type":"Person","@id":"https:\/\/diariodepe.com.br\/cri\/#\/schema\/person\/121bb28d84f1a5b1205ef4ce9c2e0c6b","name":"Ismael Lucas S. Pereira","image":{"@type":"ImageObject","inLanguage":"pt-BR","@id":"https:\/\/secure.gravatar.com\/avatar\/887a0f3b5a7ceea963a48499fb883ffce6b5037362def025c52c2505b15d63e4?s=96&d=mm&r=g","url":"https:\/\/secure.gravatar.com\/avatar\/887a0f3b5a7ceea963a48499fb883ffce6b5037362def025c52c2505b15d63e4?s=96&d=mm&r=g","contentUrl":"https:\/\/secure.gravatar.com\/avatar\/887a0f3b5a7ceea963a48499fb883ffce6b5037362def025c52c2505b15d63e4?s=96&d=mm&r=g","caption":"Ismael Lucas S. Pereira"},"url":"https:\/\/diariodepe.com.br\/cri\/author\/ismael-lucas\/"}]}},"cc_featured_image_caption":{"caption_text":false,"source_text":false,"source_url":false},"amp_enabled":true,"_links":{"self":[{"href":"https:\/\/diariodepe.com.br\/cri\/wp-json\/wp\/v2\/posts\/1313","targetHints":{"allow":["GET"]}}],"collection":[{"href":"https:\/\/diariodepe.com.br\/cri\/wp-json\/wp\/v2\/posts"}],"about":[{"href":"https:\/\/diariodepe.com.br\/cri\/wp-json\/wp\/v2\/types\/post"}],"author":[{"embeddable":true,"href":"https:\/\/diariodepe.com.br\/cri\/wp-json\/wp\/v2\/users\/2"}],"replies":[{"embeddable":true,"href":"https:\/\/diariodepe.com.br\/cri\/wp-json\/wp\/v2\/comments?post=1313"}],"version-history":[{"count":1,"href":"https:\/\/diariodepe.com.br\/cri\/wp-json\/wp\/v2\/posts\/1313\/revisions"}],"predecessor-version":[{"id":1315,"href":"https:\/\/diariodepe.com.br\/cri\/wp-json\/wp\/v2\/posts\/1313\/revisions\/1315"}],"wp:featuredmedia":[{"embeddable":true,"href":"https:\/\/diariodepe.com.br\/cri\/wp-json\/wp\/v2\/media\/1314"}],"wp:attachment":[{"href":"https:\/\/diariodepe.com.br\/cri\/wp-json\/wp\/v2\/media?parent=1313"}],"wp:term":[{"taxonomy":"category","embeddable":true,"href":"https:\/\/diariodepe.com.br\/cri\/wp-json\/wp\/v2\/categories?post=1313"},{"taxonomy":"post_tag","embeddable":true,"href":"https:\/\/diariodepe.com.br\/cri\/wp-json\/wp\/v2\/tags?post=1313"}],"curies":[{"name":"wp","href":"https:\/\/api.w.org\/{rel}","templated":true}]}}