{"id":1311,"date":"2023-04-28T05:34:11","date_gmt":"2023-04-28T08:34:11","guid":{"rendered":"https:\/\/diariodepe.com.br\/cri\/?p=1311"},"modified":"2023-04-28T05:34:11","modified_gmt":"2023-04-28T08:34:11","slug":"xi-jinping-reune-se-com-oficial-de-alto-escalao-do-partido-comunista-do-vietna","status":"publish","type":"post","link":"https:\/\/diariodepe.com.br\/cri\/2023\/04\/28\/xi-jinping-reune-se-com-oficial-de-alto-escalao-do-partido-comunista-do-vietna\/","title":{"rendered":"Xi Jinping re\u00fane-se com oficial de alto escal\u00e3o do Partido Comunista do Vietn\u00e3"},"content":{"rendered":"<p>Xi Jinping, secret\u00e1rio-geral do Comit\u00ea Central do Partido Comunista da China\u00a0(PCCh)\u00a0e presidente chin\u00eas, reuniu-se nesta quarta-feira\u00a0(26),\u00a0em Beijing,\u00a0com Truong Thi Mai, membro do Bir\u00f4\u00a0Pol\u00edtico do Comit\u00ea Central do Partido Comunista do Vietn\u00e3 (PCV), membro permanente do Secretariado do Comit\u00ea Central do PCV e chefe do Departamento\u00a0de Organiza\u00e7\u00e3o do Comit\u00ea Central do PCV.<\/p>\n<p>No encontro, Xi Jinping lembrou que este ano marca o 15<sup>o<\/sup>\u00a0anivers\u00e1rio do estabelecimento da parceria estrat\u00e9gica abrangente entre a China e o Vietn\u00e3.\u00a0Segundo o l\u00edder chin\u00eas, desde a visita do\u00a0secret\u00e1rio-geral do PCV, Nguyen Phu Trong,\u00a0\u00e0 China em 2022, os dois pa\u00edses t\u00eam dado grande import\u00e2ncia aos consensos alcan\u00e7ados\u00a0entre os dois chefes de Estado, adotando\u00a0medidas positivas para a promo\u00e7\u00e3o do\u00a0interc\u00e2mbio e da coopera\u00e7\u00e3o bilateral.<\/p>\n<p>Xi Jinping expressou sua disposi\u00e7\u00e3o e prontid\u00e3o em\u00a0manter contato pr\u00f3ximo com Nguyen Phu Trong para refor\u00e7ar a orienta\u00e7\u00e3o\u00a0pol\u00edtica e a lideran\u00e7a\u00a0estrat\u00e9gica no desenvolvimento das rela\u00e7\u00f5es entre os dois pa\u00edses.<\/p>\n","protected":false},"excerpt":{"rendered":"<p>Xi Jinping, secret\u00e1rio-geral do Comit\u00ea Central do Partido Comunista da China\u00a0(PCCh)\u00a0e presidente chin\u00eas, reuniu-se nesta quarta-feira\u00a0(26),\u00a0em Beijing,\u00a0com Truong Thi Mai, membro do Bir\u00f4\u00a0Pol\u00edtico do Comit\u00ea Central do Partido Comunista do Vietn\u00e3 (PCV), membro permanente do Secretariado do Comit\u00ea Central do&#8230;<\/p>\n","protected":false},"author":2,"featured_media":0,"comment_status":"open","ping_status":"open","sticky":false,"template":"","format":"standard","meta":{"footnotes":""},"categories":[3],"tags":[],"class_list":["post-1311","post","type-post","status-publish","format-standard","hentry","category-china"],"yoast_head":"<!-- This site is optimized with the Yoast SEO plugin v27.4 - https:\/\/yoast.com\/product\/yoast-seo-wordpress\/ -->\n<title>Xi Jinping re\u00fane-se com oficial de alto escal\u00e3o do Partido Comunista do Vietn\u00e3 - CRI e Diario de Pernambuco<\/title>\n<meta name=\"robots\" content=\"index, follow, max-snippet:-1, max-image-preview:large, max-video-preview:-1\" \/>\n<link rel=\"canonical\" href=\"https:\/\/diariodepe.com.br\/cri\/2023\/04\/28\/xi-jinping-reune-se-com-oficial-de-alto-escalao-do-partido-comunista-do-vietna\/\" \/>\n<meta property=\"og:locale\" content=\"pt_BR\" \/>\n<meta property=\"og:type\" content=\"article\" \/>\n<meta property=\"og:title\" content=\"Xi Jinping re\u00fane-se com oficial de alto escal\u00e3o do Partido Comunista do Vietn\u00e3 - CRI e Diario de Pernambuco\" \/>\n<meta property=\"og:description\" content=\"Xi Jinping, secret\u00e1rio-geral do Comit\u00ea Central do Partido Comunista da China\u00a0(PCCh)\u00a0e presidente chin\u00eas, reuniu-se nesta quarta-feira\u00a0(26),\u00a0em Beijing,\u00a0com Truong Thi Mai, membro do Bir\u00f4\u00a0Pol\u00edtico do Comit\u00ea Central do Partido Comunista do Vietn\u00e3 (PCV), membro permanente do Secretariado do Comit\u00ea Central do...\" \/>\n<meta property=\"og:url\" content=\"https:\/\/diariodepe.com.br\/cri\/2023\/04\/28\/xi-jinping-reune-se-com-oficial-de-alto-escalao-do-partido-comunista-do-vietna\/\" \/>\n<meta property=\"og:site_name\" content=\"CRI e Diario de Pernambuco\" \/>\n<meta property=\"article:published_time\" content=\"2023-04-28T08:34:11+00:00\" \/>\n<meta name=\"author\" content=\"Ismael Lucas S. Pereira\" \/>\n<meta name=\"twitter:card\" content=\"summary_large_image\" \/>\n<meta name=\"twitter:label1\" content=\"Escrito por\" \/>\n\t<meta name=\"twitter:data1\" content=\"Ismael Lucas S. Pereira\" \/>\n<script type=\"application\/ld+json\" class=\"yoast-schema-graph\">{\"@context\":\"https:\\\/\\\/schema.org\",\"@graph\":[{\"@type\":\"Article\",\"@id\":\"https:\\\/\\\/diariodepe.com.br\\\/cri\\\/2023\\\/04\\\/28\\\/xi-jinping-reune-se-com-oficial-de-alto-escalao-do-partido-comunista-do-vietna\\\/#article\",\"isPartOf\":{\"@id\":\"https:\\\/\\\/diariodepe.com.br\\\/cri\\\/2023\\\/04\\\/28\\\/xi-jinping-reune-se-com-oficial-de-alto-escalao-do-partido-comunista-do-vietna\\\/\"},\"author\":{\"name\":\"Ismael Lucas S. Pereira\",\"@id\":\"https:\\\/\\\/diariodepe.com.br\\\/cri\\\/#\\\/schema\\\/person\\\/121bb28d84f1a5b1205ef4ce9c2e0c6b\"},\"headline\":\"Xi Jinping re\u00fane-se com oficial de alto escal\u00e3o do Partido Comunista do Vietn\u00e3\",\"datePublished\":\"2023-04-28T08:34:11+00:00\",\"mainEntityOfPage\":{\"@id\":\"https:\\\/\\\/diariodepe.com.br\\\/cri\\\/2023\\\/04\\\/28\\\/xi-jinping-reune-se-com-oficial-de-alto-escalao-do-partido-comunista-do-vietna\\\/\"},\"wordCount\":198,\"commentCount\":0,\"publisher\":{\"@id\":\"https:\\\/\\\/diariodepe.com.br\\\/cri\\\/#organization\"},\"articleSection\":[\"China\"],\"inLanguage\":\"pt-BR\",\"potentialAction\":[{\"@type\":\"CommentAction\",\"name\":\"Comment\",\"target\":[\"https:\\\/\\\/diariodepe.com.br\\\/cri\\\/2023\\\/04\\\/28\\\/xi-jinping-reune-se-com-oficial-de-alto-escalao-do-partido-comunista-do-vietna\\\/#respond\"]}]},{\"@type\":\"WebPage\",\"@id\":\"https:\\\/\\\/diariodepe.com.br\\\/cri\\\/2023\\\/04\\\/28\\\/xi-jinping-reune-se-com-oficial-de-alto-escalao-do-partido-comunista-do-vietna\\\/\",\"url\":\"https:\\\/\\\/diariodepe.com.br\\\/cri\\\/2023\\\/04\\\/28\\\/xi-jinping-reune-se-com-oficial-de-alto-escalao-do-partido-comunista-do-vietna\\\/\",\"name\":\"Xi Jinping re\u00fane-se com oficial de alto escal\u00e3o do Partido Comunista do Vietn\u00e3 - CRI e Diario de Pernambuco\",\"isPartOf\":{\"@id\":\"https:\\\/\\\/diariodepe.com.br\\\/cri\\\/#website\"},\"datePublished\":\"2023-04-28T08:34:11+00:00\",\"breadcrumb\":{\"@id\":\"https:\\\/\\\/diariodepe.com.br\\\/cri\\\/2023\\\/04\\\/28\\\/xi-jinping-reune-se-com-oficial-de-alto-escalao-do-partido-comunista-do-vietna\\\/#breadcrumb\"},\"inLanguage\":\"pt-BR\",\"potentialAction\":[{\"@type\":\"ReadAction\",\"target\":[\"https:\\\/\\\/diariodepe.com.br\\\/cri\\\/2023\\\/04\\\/28\\\/xi-jinping-reune-se-com-oficial-de-alto-escalao-do-partido-comunista-do-vietna\\\/\"]}]},{\"@type\":\"BreadcrumbList\",\"@id\":\"https:\\\/\\\/diariodepe.com.br\\\/cri\\\/2023\\\/04\\\/28\\\/xi-jinping-reune-se-com-oficial-de-alto-escalao-do-partido-comunista-do-vietna\\\/#breadcrumb\",\"itemListElement\":[{\"@type\":\"ListItem\",\"position\":1,\"name\":\"In\u00edcio\",\"item\":\"https:\\\/\\\/diariodepe.com.br\\\/cri\\\/\"},{\"@type\":\"ListItem\",\"position\":2,\"name\":\"Xi Jinping re\u00fane-se com oficial de alto escal\u00e3o do Partido Comunista do Vietn\u00e3\"}]},{\"@type\":\"WebSite\",\"@id\":\"https:\\\/\\\/diariodepe.com.br\\\/cri\\\/#website\",\"url\":\"https:\\\/\\\/diariodepe.com.br\\\/cri\\\/\",\"name\":\"CRI e Diario de Pernambuco\",\"description\":\"R\u00e1dio Internacional da China\",\"publisher\":{\"@id\":\"https:\\\/\\\/diariodepe.com.br\\\/cri\\\/#organization\"},\"potentialAction\":[{\"@type\":\"SearchAction\",\"target\":{\"@type\":\"EntryPoint\",\"urlTemplate\":\"https:\\\/\\\/diariodepe.com.br\\\/cri\\\/?s={search_term_string}\"},\"query-input\":{\"@type\":\"PropertyValueSpecification\",\"valueRequired\":true,\"valueName\":\"search_term_string\"}}],\"inLanguage\":\"pt-BR\"},{\"@type\":\"Organization\",\"@id\":\"https:\\\/\\\/diariodepe.com.br\\\/cri\\\/#organization\",\"name\":\"CRI e Diario de Pernambuco\",\"url\":\"https:\\\/\\\/diariodepe.com.br\\\/cri\\\/\",\"logo\":{\"@type\":\"ImageObject\",\"inLanguage\":\"pt-BR\",\"@id\":\"https:\\\/\\\/diariodepe.com.br\\\/cri\\\/#\\\/schema\\\/logo\\\/image\\\/\",\"url\":\"https:\\\/\\\/diariodepe.com.br\\\/cri\\\/wp-content\\\/uploads\\\/sites\\\/2\\\/2022\\\/12\\\/cropped-Logo.jpg\",\"contentUrl\":\"https:\\\/\\\/diariodepe.com.br\\\/cri\\\/wp-content\\\/uploads\\\/sites\\\/2\\\/2022\\\/12\\\/cropped-Logo.jpg\",\"width\":700,\"height\":59,\"caption\":\"CRI e Diario de Pernambuco\"},\"image\":{\"@id\":\"https:\\\/\\\/diariodepe.com.br\\\/cri\\\/#\\\/schema\\\/logo\\\/image\\\/\"}},{\"@type\":\"Person\",\"@id\":\"https:\\\/\\\/diariodepe.com.br\\\/cri\\\/#\\\/schema\\\/person\\\/121bb28d84f1a5b1205ef4ce9c2e0c6b\",\"name\":\"Ismael Lucas S. Pereira\",\"image\":{\"@type\":\"ImageObject\",\"inLanguage\":\"pt-BR\",\"@id\":\"https:\\\/\\\/secure.gravatar.com\\\/avatar\\\/887a0f3b5a7ceea963a48499fb883ffce6b5037362def025c52c2505b15d63e4?s=96&d=mm&r=g\",\"url\":\"https:\\\/\\\/secure.gravatar.com\\\/avatar\\\/887a0f3b5a7ceea963a48499fb883ffce6b5037362def025c52c2505b15d63e4?s=96&d=mm&r=g\",\"contentUrl\":\"https:\\\/\\\/secure.gravatar.com\\\/avatar\\\/887a0f3b5a7ceea963a48499fb883ffce6b5037362def025c52c2505b15d63e4?s=96&d=mm&r=g\",\"caption\":\"Ismael Lucas S. Pereira\"},\"url\":\"https:\\\/\\\/diariodepe.com.br\\\/cri\\\/author\\\/ismael-lucas\\\/\"}]}<\/script>\n<!-- \/ Yoast SEO plugin. -->","yoast_head_json":{"title":"Xi Jinping re\u00fane-se com oficial de alto escal\u00e3o do Partido Comunista do Vietn\u00e3 - CRI e Diario de Pernambuco","robots":{"index":"index","follow":"follow","max-snippet":"max-snippet:-1","max-image-preview":"max-image-preview:large","max-video-preview":"max-video-preview:-1"},"canonical":"https:\/\/diariodepe.com.br\/cri\/2023\/04\/28\/xi-jinping-reune-se-com-oficial-de-alto-escalao-do-partido-comunista-do-vietna\/","og_locale":"pt_BR","og_type":"article","og_title":"Xi Jinping re\u00fane-se com oficial de alto escal\u00e3o do Partido Comunista do Vietn\u00e3 - CRI e Diario de Pernambuco","og_description":"Xi Jinping, secret\u00e1rio-geral do Comit\u00ea Central do Partido Comunista da China\u00a0(PCCh)\u00a0e presidente chin\u00eas, reuniu-se nesta quarta-feira\u00a0(26),\u00a0em Beijing,\u00a0com Truong Thi Mai, membro do Bir\u00f4\u00a0Pol\u00edtico do Comit\u00ea Central do Partido Comunista do Vietn\u00e3 (PCV), membro permanente do Secretariado do Comit\u00ea Central do...","og_url":"https:\/\/diariodepe.com.br\/cri\/2023\/04\/28\/xi-jinping-reune-se-com-oficial-de-alto-escalao-do-partido-comunista-do-vietna\/","og_site_name":"CRI e Diario de Pernambuco","article_published_time":"2023-04-28T08:34:11+00:00","author":"Ismael Lucas S. Pereira","twitter_card":"summary_large_image","twitter_misc":{"Escrito por":"Ismael Lucas S. Pereira"},"schema":{"@context":"https:\/\/schema.org","@graph":[{"@type":"Article","@id":"https:\/\/diariodepe.com.br\/cri\/2023\/04\/28\/xi-jinping-reune-se-com-oficial-de-alto-escalao-do-partido-comunista-do-vietna\/#article","isPartOf":{"@id":"https:\/\/diariodepe.com.br\/cri\/2023\/04\/28\/xi-jinping-reune-se-com-oficial-de-alto-escalao-do-partido-comunista-do-vietna\/"},"author":{"name":"Ismael Lucas S. Pereira","@id":"https:\/\/diariodepe.com.br\/cri\/#\/schema\/person\/121bb28d84f1a5b1205ef4ce9c2e0c6b"},"headline":"Xi Jinping re\u00fane-se com oficial de alto escal\u00e3o do Partido Comunista do Vietn\u00e3","datePublished":"2023-04-28T08:34:11+00:00","mainEntityOfPage":{"@id":"https:\/\/diariodepe.com.br\/cri\/2023\/04\/28\/xi-jinping-reune-se-com-oficial-de-alto-escalao-do-partido-comunista-do-vietna\/"},"wordCount":198,"commentCount":0,"publisher":{"@id":"https:\/\/diariodepe.com.br\/cri\/#organization"},"articleSection":["China"],"inLanguage":"pt-BR","potentialAction":[{"@type":"CommentAction","name":"Comment","target":["https:\/\/diariodepe.com.br\/cri\/2023\/04\/28\/xi-jinping-reune-se-com-oficial-de-alto-escalao-do-partido-comunista-do-vietna\/#respond"]}]},{"@type":"WebPage","@id":"https:\/\/diariodepe.com.br\/cri\/2023\/04\/28\/xi-jinping-reune-se-com-oficial-de-alto-escalao-do-partido-comunista-do-vietna\/","url":"https:\/\/diariodepe.com.br\/cri\/2023\/04\/28\/xi-jinping-reune-se-com-oficial-de-alto-escalao-do-partido-comunista-do-vietna\/","name":"Xi Jinping re\u00fane-se com oficial de alto escal\u00e3o do Partido Comunista do Vietn\u00e3 - CRI e Diario de Pernambuco","isPartOf":{"@id":"https:\/\/diariodepe.com.br\/cri\/#website"},"datePublished":"2023-04-28T08:34:11+00:00","breadcrumb":{"@id":"https:\/\/diariodepe.com.br\/cri\/2023\/04\/28\/xi-jinping-reune-se-com-oficial-de-alto-escalao-do-partido-comunista-do-vietna\/#breadcrumb"},"inLanguage":"pt-BR","potentialAction":[{"@type":"ReadAction","target":["https:\/\/diariodepe.com.br\/cri\/2023\/04\/28\/xi-jinping-reune-se-com-oficial-de-alto-escalao-do-partido-comunista-do-vietna\/"]}]},{"@type":"BreadcrumbList","@id":"https:\/\/diariodepe.com.br\/cri\/2023\/04\/28\/xi-jinping-reune-se-com-oficial-de-alto-escalao-do-partido-comunista-do-vietna\/#breadcrumb","itemListElement":[{"@type":"ListItem","position":1,"name":"In\u00edcio","item":"https:\/\/diariodepe.com.br\/cri\/"},{"@type":"ListItem","position":2,"name":"Xi Jinping re\u00fane-se com oficial de alto escal\u00e3o do Partido Comunista do Vietn\u00e3"}]},{"@type":"WebSite","@id":"https:\/\/diariodepe.com.br\/cri\/#website","url":"https:\/\/diariodepe.com.br\/cri\/","name":"CRI e Diario de Pernambuco","description":"R\u00e1dio Internacional da China","publisher":{"@id":"https:\/\/diariodepe.com.br\/cri\/#organization"},"potentialAction":[{"@type":"SearchAction","target":{"@type":"EntryPoint","urlTemplate":"https:\/\/diariodepe.com.br\/cri\/?s={search_term_string}"},"query-input":{"@type":"PropertyValueSpecification","valueRequired":true,"valueName":"search_term_string"}}],"inLanguage":"pt-BR"},{"@type":"Organization","@id":"https:\/\/diariodepe.com.br\/cri\/#organization","name":"CRI e Diario de Pernambuco","url":"https:\/\/diariodepe.com.br\/cri\/","logo":{"@type":"ImageObject","inLanguage":"pt-BR","@id":"https:\/\/diariodepe.com.br\/cri\/#\/schema\/logo\/image\/","url":"https:\/\/diariodepe.com.br\/cri\/wp-content\/uploads\/sites\/2\/2022\/12\/cropped-Logo.jpg","contentUrl":"https:\/\/diariodepe.com.br\/cri\/wp-content\/uploads\/sites\/2\/2022\/12\/cropped-Logo.jpg","width":700,"height":59,"caption":"CRI e Diario de Pernambuco"},"image":{"@id":"https:\/\/diariodepe.com.br\/cri\/#\/schema\/logo\/image\/"}},{"@type":"Person","@id":"https:\/\/diariodepe.com.br\/cri\/#\/schema\/person\/121bb28d84f1a5b1205ef4ce9c2e0c6b","name":"Ismael Lucas S. Pereira","image":{"@type":"ImageObject","inLanguage":"pt-BR","@id":"https:\/\/secure.gravatar.com\/avatar\/887a0f3b5a7ceea963a48499fb883ffce6b5037362def025c52c2505b15d63e4?s=96&d=mm&r=g","url":"https:\/\/secure.gravatar.com\/avatar\/887a0f3b5a7ceea963a48499fb883ffce6b5037362def025c52c2505b15d63e4?s=96&d=mm&r=g","contentUrl":"https:\/\/secure.gravatar.com\/avatar\/887a0f3b5a7ceea963a48499fb883ffce6b5037362def025c52c2505b15d63e4?s=96&d=mm&r=g","caption":"Ismael Lucas S. Pereira"},"url":"https:\/\/diariodepe.com.br\/cri\/author\/ismael-lucas\/"}]}},"cc_featured_image_caption":{"caption_text":false,"source_text":false,"source_url":false},"amp_enabled":true,"_links":{"self":[{"href":"https:\/\/diariodepe.com.br\/cri\/wp-json\/wp\/v2\/posts\/1311","targetHints":{"allow":["GET"]}}],"collection":[{"href":"https:\/\/diariodepe.com.br\/cri\/wp-json\/wp\/v2\/posts"}],"about":[{"href":"https:\/\/diariodepe.com.br\/cri\/wp-json\/wp\/v2\/types\/post"}],"author":[{"embeddable":true,"href":"https:\/\/diariodepe.com.br\/cri\/wp-json\/wp\/v2\/users\/2"}],"replies":[{"embeddable":true,"href":"https:\/\/diariodepe.com.br\/cri\/wp-json\/wp\/v2\/comments?post=1311"}],"version-history":[{"count":1,"href":"https:\/\/diariodepe.com.br\/cri\/wp-json\/wp\/v2\/posts\/1311\/revisions"}],"predecessor-version":[{"id":1312,"href":"https:\/\/diariodepe.com.br\/cri\/wp-json\/wp\/v2\/posts\/1311\/revisions\/1312"}],"wp:attachment":[{"href":"https:\/\/diariodepe.com.br\/cri\/wp-json\/wp\/v2\/media?parent=1311"}],"wp:term":[{"taxonomy":"category","embeddable":true,"href":"https:\/\/diariodepe.com.br\/cri\/wp-json\/wp\/v2\/categories?post=1311"},{"taxonomy":"post_tag","embeddable":true,"href":"https:\/\/diariodepe.com.br\/cri\/wp-json\/wp\/v2\/tags?post=1311"}],"curies":[{"name":"wp","href":"https:\/\/api.w.org\/{rel}","templated":true}]}}