{"id":1309,"date":"2023-04-28T05:33:02","date_gmt":"2023-04-28T08:33:02","guid":{"rendered":"https:\/\/diariodepe.com.br\/cri\/?p=1309"},"modified":"2023-04-28T05:33:02","modified_gmt":"2023-04-28T08:33:02","slug":"a-concretizacao-da-paz-depende-do-dialogo-e-negociacoes-diz-lula","status":"publish","type":"post","link":"https:\/\/diariodepe.com.br\/cri\/2023\/04\/28\/a-concretizacao-da-paz-depende-do-dialogo-e-negociacoes-diz-lula\/","title":{"rendered":"A concretiza\u00e7\u00e3o da paz depende do di\u00e1logo e negocia\u00e7\u00f5es, diz Lula"},"content":{"rendered":"<p>A concretiza\u00e7\u00e3o da paz tem que depender do di\u00e1logo e negocia\u00e7\u00f5es, afirmou na ter\u00e7a-feira (25) o presidente do Brasil, Luiz In\u00e1cio Lula da Silva, em Portugal.<\/p>\n<p>Durante seu discurso na Assembleia da Rep\u00fablica, Lula disse que a situa\u00e7\u00e3o geopol\u00edtica se tornou mais intensa. Segundo o l\u00edder brasileiro, quem acredita que os problemas possam ser resolvidos por meios militares ir\u00e1 contra a corrente hist\u00f3rica. Para o presidente, seja no conflito dom\u00e9stico seja no internacional, n\u00e3o haver\u00e1 paz duradoura se as solu\u00e7\u00f5es n\u00e3o forem alcan\u00e7adas com base no di\u00e1logo e negocia\u00e7\u00e3o pol\u00edtica.<\/p>\n<p>Lula tamb\u00e9m promoveu o multilateralismo. Para ele, como o atual modelo de governan\u00e7a global j\u00e1 n\u00e3o serve para enfrentar os atuais desafios, ser\u00e3o necess\u00e1rias reformas nas Na\u00e7\u00f5es Unidas para garantir a representatividade do procedimento do Conselho de Seguran\u00e7a da ONU, bem como a efetividade da execu\u00e7\u00e3o de suas decis\u00f5es.<\/p>\n<p>Lula chegou na sexta-feira (21) a Portugal para uma visita oficial e compareceu \u00e0 13\u00aa Cimeira Luso-Brasileira. Os dois pa\u00edses assinaram uma declara\u00e7\u00e3o conjunta ap\u00f3s a c\u00fapula, destacando seus compromissos em rela\u00e7\u00e3o \u00e0s leis internacionais, \u00e0 Carta das Na\u00e7\u00f5es Unidas e \u00e0 resolu\u00e7\u00e3o pac\u00edfica de conflitos. Al\u00e9m disso, 13 acordos foram alcan\u00e7ados para orientar as coopera\u00e7\u00f5es luso-brasileiras nas \u00e1reas de educa\u00e7\u00e3o, justi\u00e7a, servi\u00e7o m\u00e9dico, economia e cultura.<\/p>\n","protected":false},"excerpt":{"rendered":"<p>A concretiza\u00e7\u00e3o da paz tem que depender do di\u00e1logo e negocia\u00e7\u00f5es, afirmou na ter\u00e7a-feira (25) o presidente do Brasil, Luiz In\u00e1cio Lula da Silva, em Portugal. Durante seu discurso na Assembleia da Rep\u00fablica, Lula disse que a situa\u00e7\u00e3o geopol\u00edtica se&#8230;<\/p>\n","protected":false},"author":2,"featured_media":0,"comment_status":"open","ping_status":"open","sticky":false,"template":"","format":"standard","meta":{"footnotes":""},"categories":[3],"tags":[],"class_list":["post-1309","post","type-post","status-publish","format-standard","hentry","category-china"],"yoast_head":"<!-- This site is optimized with the Yoast SEO plugin v27.4 - https:\/\/yoast.com\/product\/yoast-seo-wordpress\/ -->\n<title>A concretiza\u00e7\u00e3o da paz depende do di\u00e1logo e negocia\u00e7\u00f5es, diz Lula - CRI e Diario de Pernambuco<\/title>\n<meta name=\"robots\" content=\"index, follow, max-snippet:-1, max-image-preview:large, max-video-preview:-1\" \/>\n<link rel=\"canonical\" href=\"https:\/\/diariodepe.com.br\/cri\/2023\/04\/28\/a-concretizacao-da-paz-depende-do-dialogo-e-negociacoes-diz-lula\/\" \/>\n<meta property=\"og:locale\" content=\"pt_BR\" \/>\n<meta property=\"og:type\" content=\"article\" \/>\n<meta property=\"og:title\" content=\"A concretiza\u00e7\u00e3o da paz depende do di\u00e1logo e negocia\u00e7\u00f5es, diz Lula - CRI e Diario de Pernambuco\" \/>\n<meta property=\"og:description\" content=\"A concretiza\u00e7\u00e3o da paz tem que depender do di\u00e1logo e negocia\u00e7\u00f5es, afirmou na ter\u00e7a-feira (25) o presidente do Brasil, Luiz In\u00e1cio Lula da Silva, em Portugal. Durante seu discurso na Assembleia da Rep\u00fablica, Lula disse que a situa\u00e7\u00e3o geopol\u00edtica se...\" \/>\n<meta property=\"og:url\" content=\"https:\/\/diariodepe.com.br\/cri\/2023\/04\/28\/a-concretizacao-da-paz-depende-do-dialogo-e-negociacoes-diz-lula\/\" \/>\n<meta property=\"og:site_name\" content=\"CRI e Diario de Pernambuco\" \/>\n<meta property=\"article:published_time\" content=\"2023-04-28T08:33:02+00:00\" \/>\n<meta name=\"author\" content=\"Ismael Lucas S. Pereira\" \/>\n<meta name=\"twitter:card\" content=\"summary_large_image\" \/>\n<meta name=\"twitter:label1\" content=\"Escrito por\" \/>\n\t<meta name=\"twitter:data1\" content=\"Ismael Lucas S. Pereira\" \/>\n<script type=\"application\/ld+json\" class=\"yoast-schema-graph\">{\"@context\":\"https:\\\/\\\/schema.org\",\"@graph\":[{\"@type\":\"Article\",\"@id\":\"https:\\\/\\\/diariodepe.com.br\\\/cri\\\/2023\\\/04\\\/28\\\/a-concretizacao-da-paz-depende-do-dialogo-e-negociacoes-diz-lula\\\/#article\",\"isPartOf\":{\"@id\":\"https:\\\/\\\/diariodepe.com.br\\\/cri\\\/2023\\\/04\\\/28\\\/a-concretizacao-da-paz-depende-do-dialogo-e-negociacoes-diz-lula\\\/\"},\"author\":{\"name\":\"Ismael Lucas S. Pereira\",\"@id\":\"https:\\\/\\\/diariodepe.com.br\\\/cri\\\/#\\\/schema\\\/person\\\/121bb28d84f1a5b1205ef4ce9c2e0c6b\"},\"headline\":\"A concretiza\u00e7\u00e3o da paz depende do di\u00e1logo e negocia\u00e7\u00f5es, diz Lula\",\"datePublished\":\"2023-04-28T08:33:02+00:00\",\"mainEntityOfPage\":{\"@id\":\"https:\\\/\\\/diariodepe.com.br\\\/cri\\\/2023\\\/04\\\/28\\\/a-concretizacao-da-paz-depende-do-dialogo-e-negociacoes-diz-lula\\\/\"},\"wordCount\":255,\"commentCount\":0,\"publisher\":{\"@id\":\"https:\\\/\\\/diariodepe.com.br\\\/cri\\\/#organization\"},\"articleSection\":[\"China\"],\"inLanguage\":\"pt-BR\",\"potentialAction\":[{\"@type\":\"CommentAction\",\"name\":\"Comment\",\"target\":[\"https:\\\/\\\/diariodepe.com.br\\\/cri\\\/2023\\\/04\\\/28\\\/a-concretizacao-da-paz-depende-do-dialogo-e-negociacoes-diz-lula\\\/#respond\"]}]},{\"@type\":\"WebPage\",\"@id\":\"https:\\\/\\\/diariodepe.com.br\\\/cri\\\/2023\\\/04\\\/28\\\/a-concretizacao-da-paz-depende-do-dialogo-e-negociacoes-diz-lula\\\/\",\"url\":\"https:\\\/\\\/diariodepe.com.br\\\/cri\\\/2023\\\/04\\\/28\\\/a-concretizacao-da-paz-depende-do-dialogo-e-negociacoes-diz-lula\\\/\",\"name\":\"A concretiza\u00e7\u00e3o da paz depende do di\u00e1logo e negocia\u00e7\u00f5es, diz Lula - CRI e Diario de Pernambuco\",\"isPartOf\":{\"@id\":\"https:\\\/\\\/diariodepe.com.br\\\/cri\\\/#website\"},\"datePublished\":\"2023-04-28T08:33:02+00:00\",\"breadcrumb\":{\"@id\":\"https:\\\/\\\/diariodepe.com.br\\\/cri\\\/2023\\\/04\\\/28\\\/a-concretizacao-da-paz-depende-do-dialogo-e-negociacoes-diz-lula\\\/#breadcrumb\"},\"inLanguage\":\"pt-BR\",\"potentialAction\":[{\"@type\":\"ReadAction\",\"target\":[\"https:\\\/\\\/diariodepe.com.br\\\/cri\\\/2023\\\/04\\\/28\\\/a-concretizacao-da-paz-depende-do-dialogo-e-negociacoes-diz-lula\\\/\"]}]},{\"@type\":\"BreadcrumbList\",\"@id\":\"https:\\\/\\\/diariodepe.com.br\\\/cri\\\/2023\\\/04\\\/28\\\/a-concretizacao-da-paz-depende-do-dialogo-e-negociacoes-diz-lula\\\/#breadcrumb\",\"itemListElement\":[{\"@type\":\"ListItem\",\"position\":1,\"name\":\"In\u00edcio\",\"item\":\"https:\\\/\\\/diariodepe.com.br\\\/cri\\\/\"},{\"@type\":\"ListItem\",\"position\":2,\"name\":\"A concretiza\u00e7\u00e3o da paz depende do di\u00e1logo e negocia\u00e7\u00f5es, diz Lula\"}]},{\"@type\":\"WebSite\",\"@id\":\"https:\\\/\\\/diariodepe.com.br\\\/cri\\\/#website\",\"url\":\"https:\\\/\\\/diariodepe.com.br\\\/cri\\\/\",\"name\":\"CRI e Diario de Pernambuco\",\"description\":\"R\u00e1dio Internacional da China\",\"publisher\":{\"@id\":\"https:\\\/\\\/diariodepe.com.br\\\/cri\\\/#organization\"},\"potentialAction\":[{\"@type\":\"SearchAction\",\"target\":{\"@type\":\"EntryPoint\",\"urlTemplate\":\"https:\\\/\\\/diariodepe.com.br\\\/cri\\\/?s={search_term_string}\"},\"query-input\":{\"@type\":\"PropertyValueSpecification\",\"valueRequired\":true,\"valueName\":\"search_term_string\"}}],\"inLanguage\":\"pt-BR\"},{\"@type\":\"Organization\",\"@id\":\"https:\\\/\\\/diariodepe.com.br\\\/cri\\\/#organization\",\"name\":\"CRI e Diario de Pernambuco\",\"url\":\"https:\\\/\\\/diariodepe.com.br\\\/cri\\\/\",\"logo\":{\"@type\":\"ImageObject\",\"inLanguage\":\"pt-BR\",\"@id\":\"https:\\\/\\\/diariodepe.com.br\\\/cri\\\/#\\\/schema\\\/logo\\\/image\\\/\",\"url\":\"https:\\\/\\\/diariodepe.com.br\\\/cri\\\/wp-content\\\/uploads\\\/sites\\\/2\\\/2022\\\/12\\\/cropped-Logo.jpg\",\"contentUrl\":\"https:\\\/\\\/diariodepe.com.br\\\/cri\\\/wp-content\\\/uploads\\\/sites\\\/2\\\/2022\\\/12\\\/cropped-Logo.jpg\",\"width\":700,\"height\":59,\"caption\":\"CRI e Diario de Pernambuco\"},\"image\":{\"@id\":\"https:\\\/\\\/diariodepe.com.br\\\/cri\\\/#\\\/schema\\\/logo\\\/image\\\/\"}},{\"@type\":\"Person\",\"@id\":\"https:\\\/\\\/diariodepe.com.br\\\/cri\\\/#\\\/schema\\\/person\\\/121bb28d84f1a5b1205ef4ce9c2e0c6b\",\"name\":\"Ismael Lucas S. Pereira\",\"image\":{\"@type\":\"ImageObject\",\"inLanguage\":\"pt-BR\",\"@id\":\"https:\\\/\\\/secure.gravatar.com\\\/avatar\\\/887a0f3b5a7ceea963a48499fb883ffce6b5037362def025c52c2505b15d63e4?s=96&d=mm&r=g\",\"url\":\"https:\\\/\\\/secure.gravatar.com\\\/avatar\\\/887a0f3b5a7ceea963a48499fb883ffce6b5037362def025c52c2505b15d63e4?s=96&d=mm&r=g\",\"contentUrl\":\"https:\\\/\\\/secure.gravatar.com\\\/avatar\\\/887a0f3b5a7ceea963a48499fb883ffce6b5037362def025c52c2505b15d63e4?s=96&d=mm&r=g\",\"caption\":\"Ismael Lucas S. Pereira\"},\"url\":\"https:\\\/\\\/diariodepe.com.br\\\/cri\\\/author\\\/ismael-lucas\\\/\"}]}<\/script>\n<!-- \/ Yoast SEO plugin. -->","yoast_head_json":{"title":"A concretiza\u00e7\u00e3o da paz depende do di\u00e1logo e negocia\u00e7\u00f5es, diz Lula - CRI e Diario de Pernambuco","robots":{"index":"index","follow":"follow","max-snippet":"max-snippet:-1","max-image-preview":"max-image-preview:large","max-video-preview":"max-video-preview:-1"},"canonical":"https:\/\/diariodepe.com.br\/cri\/2023\/04\/28\/a-concretizacao-da-paz-depende-do-dialogo-e-negociacoes-diz-lula\/","og_locale":"pt_BR","og_type":"article","og_title":"A concretiza\u00e7\u00e3o da paz depende do di\u00e1logo e negocia\u00e7\u00f5es, diz Lula - CRI e Diario de Pernambuco","og_description":"A concretiza\u00e7\u00e3o da paz tem que depender do di\u00e1logo e negocia\u00e7\u00f5es, afirmou na ter\u00e7a-feira (25) o presidente do Brasil, Luiz In\u00e1cio Lula da Silva, em Portugal. Durante seu discurso na Assembleia da Rep\u00fablica, Lula disse que a situa\u00e7\u00e3o geopol\u00edtica se...","og_url":"https:\/\/diariodepe.com.br\/cri\/2023\/04\/28\/a-concretizacao-da-paz-depende-do-dialogo-e-negociacoes-diz-lula\/","og_site_name":"CRI e Diario de Pernambuco","article_published_time":"2023-04-28T08:33:02+00:00","author":"Ismael Lucas S. Pereira","twitter_card":"summary_large_image","twitter_misc":{"Escrito por":"Ismael Lucas S. Pereira"},"schema":{"@context":"https:\/\/schema.org","@graph":[{"@type":"Article","@id":"https:\/\/diariodepe.com.br\/cri\/2023\/04\/28\/a-concretizacao-da-paz-depende-do-dialogo-e-negociacoes-diz-lula\/#article","isPartOf":{"@id":"https:\/\/diariodepe.com.br\/cri\/2023\/04\/28\/a-concretizacao-da-paz-depende-do-dialogo-e-negociacoes-diz-lula\/"},"author":{"name":"Ismael Lucas S. Pereira","@id":"https:\/\/diariodepe.com.br\/cri\/#\/schema\/person\/121bb28d84f1a5b1205ef4ce9c2e0c6b"},"headline":"A concretiza\u00e7\u00e3o da paz depende do di\u00e1logo e negocia\u00e7\u00f5es, diz Lula","datePublished":"2023-04-28T08:33:02+00:00","mainEntityOfPage":{"@id":"https:\/\/diariodepe.com.br\/cri\/2023\/04\/28\/a-concretizacao-da-paz-depende-do-dialogo-e-negociacoes-diz-lula\/"},"wordCount":255,"commentCount":0,"publisher":{"@id":"https:\/\/diariodepe.com.br\/cri\/#organization"},"articleSection":["China"],"inLanguage":"pt-BR","potentialAction":[{"@type":"CommentAction","name":"Comment","target":["https:\/\/diariodepe.com.br\/cri\/2023\/04\/28\/a-concretizacao-da-paz-depende-do-dialogo-e-negociacoes-diz-lula\/#respond"]}]},{"@type":"WebPage","@id":"https:\/\/diariodepe.com.br\/cri\/2023\/04\/28\/a-concretizacao-da-paz-depende-do-dialogo-e-negociacoes-diz-lula\/","url":"https:\/\/diariodepe.com.br\/cri\/2023\/04\/28\/a-concretizacao-da-paz-depende-do-dialogo-e-negociacoes-diz-lula\/","name":"A concretiza\u00e7\u00e3o da paz depende do di\u00e1logo e negocia\u00e7\u00f5es, diz Lula - CRI e Diario de Pernambuco","isPartOf":{"@id":"https:\/\/diariodepe.com.br\/cri\/#website"},"datePublished":"2023-04-28T08:33:02+00:00","breadcrumb":{"@id":"https:\/\/diariodepe.com.br\/cri\/2023\/04\/28\/a-concretizacao-da-paz-depende-do-dialogo-e-negociacoes-diz-lula\/#breadcrumb"},"inLanguage":"pt-BR","potentialAction":[{"@type":"ReadAction","target":["https:\/\/diariodepe.com.br\/cri\/2023\/04\/28\/a-concretizacao-da-paz-depende-do-dialogo-e-negociacoes-diz-lula\/"]}]},{"@type":"BreadcrumbList","@id":"https:\/\/diariodepe.com.br\/cri\/2023\/04\/28\/a-concretizacao-da-paz-depende-do-dialogo-e-negociacoes-diz-lula\/#breadcrumb","itemListElement":[{"@type":"ListItem","position":1,"name":"In\u00edcio","item":"https:\/\/diariodepe.com.br\/cri\/"},{"@type":"ListItem","position":2,"name":"A concretiza\u00e7\u00e3o da paz depende do di\u00e1logo e negocia\u00e7\u00f5es, diz Lula"}]},{"@type":"WebSite","@id":"https:\/\/diariodepe.com.br\/cri\/#website","url":"https:\/\/diariodepe.com.br\/cri\/","name":"CRI e Diario de Pernambuco","description":"R\u00e1dio Internacional da China","publisher":{"@id":"https:\/\/diariodepe.com.br\/cri\/#organization"},"potentialAction":[{"@type":"SearchAction","target":{"@type":"EntryPoint","urlTemplate":"https:\/\/diariodepe.com.br\/cri\/?s={search_term_string}"},"query-input":{"@type":"PropertyValueSpecification","valueRequired":true,"valueName":"search_term_string"}}],"inLanguage":"pt-BR"},{"@type":"Organization","@id":"https:\/\/diariodepe.com.br\/cri\/#organization","name":"CRI e Diario de Pernambuco","url":"https:\/\/diariodepe.com.br\/cri\/","logo":{"@type":"ImageObject","inLanguage":"pt-BR","@id":"https:\/\/diariodepe.com.br\/cri\/#\/schema\/logo\/image\/","url":"https:\/\/diariodepe.com.br\/cri\/wp-content\/uploads\/sites\/2\/2022\/12\/cropped-Logo.jpg","contentUrl":"https:\/\/diariodepe.com.br\/cri\/wp-content\/uploads\/sites\/2\/2022\/12\/cropped-Logo.jpg","width":700,"height":59,"caption":"CRI e Diario de Pernambuco"},"image":{"@id":"https:\/\/diariodepe.com.br\/cri\/#\/schema\/logo\/image\/"}},{"@type":"Person","@id":"https:\/\/diariodepe.com.br\/cri\/#\/schema\/person\/121bb28d84f1a5b1205ef4ce9c2e0c6b","name":"Ismael Lucas S. Pereira","image":{"@type":"ImageObject","inLanguage":"pt-BR","@id":"https:\/\/secure.gravatar.com\/avatar\/887a0f3b5a7ceea963a48499fb883ffce6b5037362def025c52c2505b15d63e4?s=96&d=mm&r=g","url":"https:\/\/secure.gravatar.com\/avatar\/887a0f3b5a7ceea963a48499fb883ffce6b5037362def025c52c2505b15d63e4?s=96&d=mm&r=g","contentUrl":"https:\/\/secure.gravatar.com\/avatar\/887a0f3b5a7ceea963a48499fb883ffce6b5037362def025c52c2505b15d63e4?s=96&d=mm&r=g","caption":"Ismael Lucas S. Pereira"},"url":"https:\/\/diariodepe.com.br\/cri\/author\/ismael-lucas\/"}]}},"cc_featured_image_caption":{"caption_text":false,"source_text":false,"source_url":false},"amp_enabled":true,"_links":{"self":[{"href":"https:\/\/diariodepe.com.br\/cri\/wp-json\/wp\/v2\/posts\/1309","targetHints":{"allow":["GET"]}}],"collection":[{"href":"https:\/\/diariodepe.com.br\/cri\/wp-json\/wp\/v2\/posts"}],"about":[{"href":"https:\/\/diariodepe.com.br\/cri\/wp-json\/wp\/v2\/types\/post"}],"author":[{"embeddable":true,"href":"https:\/\/diariodepe.com.br\/cri\/wp-json\/wp\/v2\/users\/2"}],"replies":[{"embeddable":true,"href":"https:\/\/diariodepe.com.br\/cri\/wp-json\/wp\/v2\/comments?post=1309"}],"version-history":[{"count":1,"href":"https:\/\/diariodepe.com.br\/cri\/wp-json\/wp\/v2\/posts\/1309\/revisions"}],"predecessor-version":[{"id":1310,"href":"https:\/\/diariodepe.com.br\/cri\/wp-json\/wp\/v2\/posts\/1309\/revisions\/1310"}],"wp:attachment":[{"href":"https:\/\/diariodepe.com.br\/cri\/wp-json\/wp\/v2\/media?parent=1309"}],"wp:term":[{"taxonomy":"category","embeddable":true,"href":"https:\/\/diariodepe.com.br\/cri\/wp-json\/wp\/v2\/categories?post=1309"},{"taxonomy":"post_tag","embeddable":true,"href":"https:\/\/diariodepe.com.br\/cri\/wp-json\/wp\/v2\/tags?post=1309"}],"curies":[{"name":"wp","href":"https:\/\/api.w.org\/{rel}","templated":true}]}}