{"id":1305,"date":"2023-04-28T05:30:19","date_gmt":"2023-04-28T08:30:19","guid":{"rendered":"https:\/\/diariodepe.com.br\/cri\/?p=1305"},"modified":"2023-04-28T05:30:19","modified_gmt":"2023-04-28T08:30:19","slug":"atire-primeiro-e-fale-depois-um-circulo-vicioso-nos-eua","status":"publish","type":"post","link":"https:\/\/diariodepe.com.br\/cri\/2023\/04\/28\/atire-primeiro-e-fale-depois-um-circulo-vicioso-nos-eua\/","title":{"rendered":"Atire primeiro e fale depois: um c\u00edrculo vicioso nos EUA"},"content":{"rendered":"<p data-spm-anchor-id=\"C01117136916.Pa0Y3w89tEbw.0.i2\">Bater acidentalmente na porta errada, entrar pelo caminho errado ou no carro errado. Estes erros por neglig\u00eancia podem levar a perdas mortais nos Estados Unidos. De acordo com uma reportagem do USA Today, tiroteios e mortes por descuido \u00a0em &#8220;lugares errados&#8221; provocaram trag\u00e9dias no pa\u00eds nos \u00faltimos anos.<\/p>\n<p>Os cidad\u00e3os norte-americanos vivem agora em constante medo ligado intimamente ao aumento da criminalidade nos anos recentes. De acordo com as estat\u00edsticas do Comit\u00ea da Justi\u00e7a Criminal, o n\u00famero de roubos nas principais cidades dos EUA aumentou 19% no primeiro semestre de 2022 e o de furtos cresceu \u00a020%.<\/p>\n<p>Nos \u00faltimos anos, v\u00e1rios problemas no pa\u00eds, incluindo a divis\u00e3o da sociedade, a diferen\u00e7a entre ricos e pobres e a polariza\u00e7\u00e3o pol\u00edtica e o racismo, agravaram as contradi\u00e7\u00f5es e os conflitos internos. A sensa\u00e7\u00e3o de inseguran\u00e7a das pessoas se tornou cada vez mais forte. Diante disso, um n\u00famero crescente de norte-americanos compra armas de fogo para se proteger. Quando as pessoas recorrem ao armamento para se proteger, a sociedade norte-americana cai inevitavelmente em um ciclo vicioso: &#8220;inseguran\u00e7a &#8211; compra de armas de fogo &#8211; mais inseguran\u00e7a&#8221;.<\/p>\n<p>Grupos de interesses, como a National Rifle Association (NRA), por meio do lobby das armas, t\u00eam, por um lado, promovido a cria\u00e7\u00e3o de um ambiente livre para a posse de armas de fogo e, por outro, obstru\u00eddo vigorosamente o processo de controle do arsenal em poder dos cidad\u00e3os. Por causa dos votos em elei\u00e7\u00f5es e do dinheiro, o controle de armas h\u00e1 muito tempo se tornou uma ferramenta de luta entre republicanos e democratas. Como resultado, a viol\u00eancia com armas se tornou um problema sem solu\u00e7\u00e3o.<\/p>\n<p>\u00c9 dif\u00edcil imaginar que a \u00fanica superpot\u00eancia do mundo, que sempre se considerou um &#8220;farol dos direitos humanos&#8221;, seja assim: atire primeiro e fale depois. Quem poder\u00e1 garantir os direitos humanos dos norte-americanos que forem baleados antes de poderem falar?<\/p>\n","protected":false},"excerpt":{"rendered":"<p>Bater acidentalmente na porta errada, entrar pelo caminho errado ou no carro errado. Estes erros por neglig\u00eancia podem levar a perdas mortais nos Estados Unidos. De acordo com uma reportagem do USA Today, tiroteios e mortes por descuido \u00a0em &#8220;lugares&#8230;<\/p>\n","protected":false},"author":2,"featured_media":0,"comment_status":"open","ping_status":"open","sticky":false,"template":"","format":"standard","meta":{"footnotes":""},"categories":[7],"tags":[],"class_list":["post-1305","post","type-post","status-publish","format-standard","hentry","category-visao"],"yoast_head":"<!-- This site is optimized with the Yoast SEO plugin v27.4 - https:\/\/yoast.com\/product\/yoast-seo-wordpress\/ -->\n<title>Atire primeiro e fale depois: um c\u00edrculo vicioso nos EUA - CRI e Diario de Pernambuco<\/title>\n<meta name=\"robots\" content=\"index, follow, max-snippet:-1, max-image-preview:large, max-video-preview:-1\" \/>\n<link rel=\"canonical\" href=\"https:\/\/diariodepe.com.br\/cri\/2023\/04\/28\/atire-primeiro-e-fale-depois-um-circulo-vicioso-nos-eua\/\" \/>\n<meta property=\"og:locale\" content=\"pt_BR\" \/>\n<meta property=\"og:type\" content=\"article\" \/>\n<meta property=\"og:title\" content=\"Atire primeiro e fale depois: um c\u00edrculo vicioso nos EUA - CRI e Diario de Pernambuco\" \/>\n<meta property=\"og:description\" content=\"Bater acidentalmente na porta errada, entrar pelo caminho errado ou no carro errado. Estes erros por neglig\u00eancia podem levar a perdas mortais nos Estados Unidos. De acordo com uma reportagem do USA Today, tiroteios e mortes por descuido \u00a0em &#8220;lugares...\" \/>\n<meta property=\"og:url\" content=\"https:\/\/diariodepe.com.br\/cri\/2023\/04\/28\/atire-primeiro-e-fale-depois-um-circulo-vicioso-nos-eua\/\" \/>\n<meta property=\"og:site_name\" content=\"CRI e Diario de Pernambuco\" \/>\n<meta property=\"article:published_time\" content=\"2023-04-28T08:30:19+00:00\" \/>\n<meta name=\"author\" content=\"Ismael Lucas S. Pereira\" \/>\n<meta name=\"twitter:card\" content=\"summary_large_image\" \/>\n<meta name=\"twitter:label1\" content=\"Escrito por\" \/>\n\t<meta name=\"twitter:data1\" content=\"Ismael Lucas S. Pereira\" \/>\n\t<meta name=\"twitter:label2\" content=\"Est. tempo de leitura\" \/>\n\t<meta name=\"twitter:data2\" content=\"2 minutos\" \/>\n<script type=\"application\/ld+json\" class=\"yoast-schema-graph\">{\"@context\":\"https:\\\/\\\/schema.org\",\"@graph\":[{\"@type\":\"Article\",\"@id\":\"https:\\\/\\\/diariodepe.com.br\\\/cri\\\/2023\\\/04\\\/28\\\/atire-primeiro-e-fale-depois-um-circulo-vicioso-nos-eua\\\/#article\",\"isPartOf\":{\"@id\":\"https:\\\/\\\/diariodepe.com.br\\\/cri\\\/2023\\\/04\\\/28\\\/atire-primeiro-e-fale-depois-um-circulo-vicioso-nos-eua\\\/\"},\"author\":{\"name\":\"Ismael Lucas S. Pereira\",\"@id\":\"https:\\\/\\\/diariodepe.com.br\\\/cri\\\/#\\\/schema\\\/person\\\/121bb28d84f1a5b1205ef4ce9c2e0c6b\"},\"headline\":\"Atire primeiro e fale depois: um c\u00edrculo vicioso nos EUA\",\"datePublished\":\"2023-04-28T08:30:19+00:00\",\"mainEntityOfPage\":{\"@id\":\"https:\\\/\\\/diariodepe.com.br\\\/cri\\\/2023\\\/04\\\/28\\\/atire-primeiro-e-fale-depois-um-circulo-vicioso-nos-eua\\\/\"},\"wordCount\":344,\"commentCount\":0,\"publisher\":{\"@id\":\"https:\\\/\\\/diariodepe.com.br\\\/cri\\\/#organization\"},\"articleSection\":[\"Vis\u00e3o\"],\"inLanguage\":\"pt-BR\",\"potentialAction\":[{\"@type\":\"CommentAction\",\"name\":\"Comment\",\"target\":[\"https:\\\/\\\/diariodepe.com.br\\\/cri\\\/2023\\\/04\\\/28\\\/atire-primeiro-e-fale-depois-um-circulo-vicioso-nos-eua\\\/#respond\"]}]},{\"@type\":\"WebPage\",\"@id\":\"https:\\\/\\\/diariodepe.com.br\\\/cri\\\/2023\\\/04\\\/28\\\/atire-primeiro-e-fale-depois-um-circulo-vicioso-nos-eua\\\/\",\"url\":\"https:\\\/\\\/diariodepe.com.br\\\/cri\\\/2023\\\/04\\\/28\\\/atire-primeiro-e-fale-depois-um-circulo-vicioso-nos-eua\\\/\",\"name\":\"Atire primeiro e fale depois: um c\u00edrculo vicioso nos EUA - CRI e Diario de Pernambuco\",\"isPartOf\":{\"@id\":\"https:\\\/\\\/diariodepe.com.br\\\/cri\\\/#website\"},\"datePublished\":\"2023-04-28T08:30:19+00:00\",\"breadcrumb\":{\"@id\":\"https:\\\/\\\/diariodepe.com.br\\\/cri\\\/2023\\\/04\\\/28\\\/atire-primeiro-e-fale-depois-um-circulo-vicioso-nos-eua\\\/#breadcrumb\"},\"inLanguage\":\"pt-BR\",\"potentialAction\":[{\"@type\":\"ReadAction\",\"target\":[\"https:\\\/\\\/diariodepe.com.br\\\/cri\\\/2023\\\/04\\\/28\\\/atire-primeiro-e-fale-depois-um-circulo-vicioso-nos-eua\\\/\"]}]},{\"@type\":\"BreadcrumbList\",\"@id\":\"https:\\\/\\\/diariodepe.com.br\\\/cri\\\/2023\\\/04\\\/28\\\/atire-primeiro-e-fale-depois-um-circulo-vicioso-nos-eua\\\/#breadcrumb\",\"itemListElement\":[{\"@type\":\"ListItem\",\"position\":1,\"name\":\"In\u00edcio\",\"item\":\"https:\\\/\\\/diariodepe.com.br\\\/cri\\\/\"},{\"@type\":\"ListItem\",\"position\":2,\"name\":\"Atire primeiro e fale depois: um c\u00edrculo vicioso nos EUA\"}]},{\"@type\":\"WebSite\",\"@id\":\"https:\\\/\\\/diariodepe.com.br\\\/cri\\\/#website\",\"url\":\"https:\\\/\\\/diariodepe.com.br\\\/cri\\\/\",\"name\":\"CRI e Diario de Pernambuco\",\"description\":\"R\u00e1dio Internacional da China\",\"publisher\":{\"@id\":\"https:\\\/\\\/diariodepe.com.br\\\/cri\\\/#organization\"},\"potentialAction\":[{\"@type\":\"SearchAction\",\"target\":{\"@type\":\"EntryPoint\",\"urlTemplate\":\"https:\\\/\\\/diariodepe.com.br\\\/cri\\\/?s={search_term_string}\"},\"query-input\":{\"@type\":\"PropertyValueSpecification\",\"valueRequired\":true,\"valueName\":\"search_term_string\"}}],\"inLanguage\":\"pt-BR\"},{\"@type\":\"Organization\",\"@id\":\"https:\\\/\\\/diariodepe.com.br\\\/cri\\\/#organization\",\"name\":\"CRI e Diario de Pernambuco\",\"url\":\"https:\\\/\\\/diariodepe.com.br\\\/cri\\\/\",\"logo\":{\"@type\":\"ImageObject\",\"inLanguage\":\"pt-BR\",\"@id\":\"https:\\\/\\\/diariodepe.com.br\\\/cri\\\/#\\\/schema\\\/logo\\\/image\\\/\",\"url\":\"https:\\\/\\\/diariodepe.com.br\\\/cri\\\/wp-content\\\/uploads\\\/sites\\\/2\\\/2022\\\/12\\\/cropped-Logo.jpg\",\"contentUrl\":\"https:\\\/\\\/diariodepe.com.br\\\/cri\\\/wp-content\\\/uploads\\\/sites\\\/2\\\/2022\\\/12\\\/cropped-Logo.jpg\",\"width\":700,\"height\":59,\"caption\":\"CRI e Diario de Pernambuco\"},\"image\":{\"@id\":\"https:\\\/\\\/diariodepe.com.br\\\/cri\\\/#\\\/schema\\\/logo\\\/image\\\/\"}},{\"@type\":\"Person\",\"@id\":\"https:\\\/\\\/diariodepe.com.br\\\/cri\\\/#\\\/schema\\\/person\\\/121bb28d84f1a5b1205ef4ce9c2e0c6b\",\"name\":\"Ismael Lucas S. Pereira\",\"image\":{\"@type\":\"ImageObject\",\"inLanguage\":\"pt-BR\",\"@id\":\"https:\\\/\\\/secure.gravatar.com\\\/avatar\\\/887a0f3b5a7ceea963a48499fb883ffce6b5037362def025c52c2505b15d63e4?s=96&d=mm&r=g\",\"url\":\"https:\\\/\\\/secure.gravatar.com\\\/avatar\\\/887a0f3b5a7ceea963a48499fb883ffce6b5037362def025c52c2505b15d63e4?s=96&d=mm&r=g\",\"contentUrl\":\"https:\\\/\\\/secure.gravatar.com\\\/avatar\\\/887a0f3b5a7ceea963a48499fb883ffce6b5037362def025c52c2505b15d63e4?s=96&d=mm&r=g\",\"caption\":\"Ismael Lucas S. Pereira\"},\"url\":\"https:\\\/\\\/diariodepe.com.br\\\/cri\\\/author\\\/ismael-lucas\\\/\"}]}<\/script>\n<!-- \/ Yoast SEO plugin. -->","yoast_head_json":{"title":"Atire primeiro e fale depois: um c\u00edrculo vicioso nos EUA - CRI e Diario de Pernambuco","robots":{"index":"index","follow":"follow","max-snippet":"max-snippet:-1","max-image-preview":"max-image-preview:large","max-video-preview":"max-video-preview:-1"},"canonical":"https:\/\/diariodepe.com.br\/cri\/2023\/04\/28\/atire-primeiro-e-fale-depois-um-circulo-vicioso-nos-eua\/","og_locale":"pt_BR","og_type":"article","og_title":"Atire primeiro e fale depois: um c\u00edrculo vicioso nos EUA - CRI e Diario de Pernambuco","og_description":"Bater acidentalmente na porta errada, entrar pelo caminho errado ou no carro errado. Estes erros por neglig\u00eancia podem levar a perdas mortais nos Estados Unidos. De acordo com uma reportagem do USA Today, tiroteios e mortes por descuido \u00a0em &#8220;lugares...","og_url":"https:\/\/diariodepe.com.br\/cri\/2023\/04\/28\/atire-primeiro-e-fale-depois-um-circulo-vicioso-nos-eua\/","og_site_name":"CRI e Diario de Pernambuco","article_published_time":"2023-04-28T08:30:19+00:00","author":"Ismael Lucas S. Pereira","twitter_card":"summary_large_image","twitter_misc":{"Escrito por":"Ismael Lucas S. Pereira","Est. tempo de leitura":"2 minutos"},"schema":{"@context":"https:\/\/schema.org","@graph":[{"@type":"Article","@id":"https:\/\/diariodepe.com.br\/cri\/2023\/04\/28\/atire-primeiro-e-fale-depois-um-circulo-vicioso-nos-eua\/#article","isPartOf":{"@id":"https:\/\/diariodepe.com.br\/cri\/2023\/04\/28\/atire-primeiro-e-fale-depois-um-circulo-vicioso-nos-eua\/"},"author":{"name":"Ismael Lucas S. Pereira","@id":"https:\/\/diariodepe.com.br\/cri\/#\/schema\/person\/121bb28d84f1a5b1205ef4ce9c2e0c6b"},"headline":"Atire primeiro e fale depois: um c\u00edrculo vicioso nos EUA","datePublished":"2023-04-28T08:30:19+00:00","mainEntityOfPage":{"@id":"https:\/\/diariodepe.com.br\/cri\/2023\/04\/28\/atire-primeiro-e-fale-depois-um-circulo-vicioso-nos-eua\/"},"wordCount":344,"commentCount":0,"publisher":{"@id":"https:\/\/diariodepe.com.br\/cri\/#organization"},"articleSection":["Vis\u00e3o"],"inLanguage":"pt-BR","potentialAction":[{"@type":"CommentAction","name":"Comment","target":["https:\/\/diariodepe.com.br\/cri\/2023\/04\/28\/atire-primeiro-e-fale-depois-um-circulo-vicioso-nos-eua\/#respond"]}]},{"@type":"WebPage","@id":"https:\/\/diariodepe.com.br\/cri\/2023\/04\/28\/atire-primeiro-e-fale-depois-um-circulo-vicioso-nos-eua\/","url":"https:\/\/diariodepe.com.br\/cri\/2023\/04\/28\/atire-primeiro-e-fale-depois-um-circulo-vicioso-nos-eua\/","name":"Atire primeiro e fale depois: um c\u00edrculo vicioso nos EUA - CRI e Diario de Pernambuco","isPartOf":{"@id":"https:\/\/diariodepe.com.br\/cri\/#website"},"datePublished":"2023-04-28T08:30:19+00:00","breadcrumb":{"@id":"https:\/\/diariodepe.com.br\/cri\/2023\/04\/28\/atire-primeiro-e-fale-depois-um-circulo-vicioso-nos-eua\/#breadcrumb"},"inLanguage":"pt-BR","potentialAction":[{"@type":"ReadAction","target":["https:\/\/diariodepe.com.br\/cri\/2023\/04\/28\/atire-primeiro-e-fale-depois-um-circulo-vicioso-nos-eua\/"]}]},{"@type":"BreadcrumbList","@id":"https:\/\/diariodepe.com.br\/cri\/2023\/04\/28\/atire-primeiro-e-fale-depois-um-circulo-vicioso-nos-eua\/#breadcrumb","itemListElement":[{"@type":"ListItem","position":1,"name":"In\u00edcio","item":"https:\/\/diariodepe.com.br\/cri\/"},{"@type":"ListItem","position":2,"name":"Atire primeiro e fale depois: um c\u00edrculo vicioso nos EUA"}]},{"@type":"WebSite","@id":"https:\/\/diariodepe.com.br\/cri\/#website","url":"https:\/\/diariodepe.com.br\/cri\/","name":"CRI e Diario de Pernambuco","description":"R\u00e1dio Internacional da China","publisher":{"@id":"https:\/\/diariodepe.com.br\/cri\/#organization"},"potentialAction":[{"@type":"SearchAction","target":{"@type":"EntryPoint","urlTemplate":"https:\/\/diariodepe.com.br\/cri\/?s={search_term_string}"},"query-input":{"@type":"PropertyValueSpecification","valueRequired":true,"valueName":"search_term_string"}}],"inLanguage":"pt-BR"},{"@type":"Organization","@id":"https:\/\/diariodepe.com.br\/cri\/#organization","name":"CRI e Diario de Pernambuco","url":"https:\/\/diariodepe.com.br\/cri\/","logo":{"@type":"ImageObject","inLanguage":"pt-BR","@id":"https:\/\/diariodepe.com.br\/cri\/#\/schema\/logo\/image\/","url":"https:\/\/diariodepe.com.br\/cri\/wp-content\/uploads\/sites\/2\/2022\/12\/cropped-Logo.jpg","contentUrl":"https:\/\/diariodepe.com.br\/cri\/wp-content\/uploads\/sites\/2\/2022\/12\/cropped-Logo.jpg","width":700,"height":59,"caption":"CRI e Diario de Pernambuco"},"image":{"@id":"https:\/\/diariodepe.com.br\/cri\/#\/schema\/logo\/image\/"}},{"@type":"Person","@id":"https:\/\/diariodepe.com.br\/cri\/#\/schema\/person\/121bb28d84f1a5b1205ef4ce9c2e0c6b","name":"Ismael Lucas S. Pereira","image":{"@type":"ImageObject","inLanguage":"pt-BR","@id":"https:\/\/secure.gravatar.com\/avatar\/887a0f3b5a7ceea963a48499fb883ffce6b5037362def025c52c2505b15d63e4?s=96&d=mm&r=g","url":"https:\/\/secure.gravatar.com\/avatar\/887a0f3b5a7ceea963a48499fb883ffce6b5037362def025c52c2505b15d63e4?s=96&d=mm&r=g","contentUrl":"https:\/\/secure.gravatar.com\/avatar\/887a0f3b5a7ceea963a48499fb883ffce6b5037362def025c52c2505b15d63e4?s=96&d=mm&r=g","caption":"Ismael Lucas S. Pereira"},"url":"https:\/\/diariodepe.com.br\/cri\/author\/ismael-lucas\/"}]}},"cc_featured_image_caption":{"caption_text":false,"source_text":false,"source_url":false},"amp_enabled":true,"_links":{"self":[{"href":"https:\/\/diariodepe.com.br\/cri\/wp-json\/wp\/v2\/posts\/1305","targetHints":{"allow":["GET"]}}],"collection":[{"href":"https:\/\/diariodepe.com.br\/cri\/wp-json\/wp\/v2\/posts"}],"about":[{"href":"https:\/\/diariodepe.com.br\/cri\/wp-json\/wp\/v2\/types\/post"}],"author":[{"embeddable":true,"href":"https:\/\/diariodepe.com.br\/cri\/wp-json\/wp\/v2\/users\/2"}],"replies":[{"embeddable":true,"href":"https:\/\/diariodepe.com.br\/cri\/wp-json\/wp\/v2\/comments?post=1305"}],"version-history":[{"count":1,"href":"https:\/\/diariodepe.com.br\/cri\/wp-json\/wp\/v2\/posts\/1305\/revisions"}],"predecessor-version":[{"id":1306,"href":"https:\/\/diariodepe.com.br\/cri\/wp-json\/wp\/v2\/posts\/1305\/revisions\/1306"}],"wp:attachment":[{"href":"https:\/\/diariodepe.com.br\/cri\/wp-json\/wp\/v2\/media?parent=1305"}],"wp:term":[{"taxonomy":"category","embeddable":true,"href":"https:\/\/diariodepe.com.br\/cri\/wp-json\/wp\/v2\/categories?post=1305"},{"taxonomy":"post_tag","embeddable":true,"href":"https:\/\/diariodepe.com.br\/cri\/wp-json\/wp\/v2\/tags?post=1305"}],"curies":[{"name":"wp","href":"https:\/\/api.w.org\/{rel}","templated":true}]}}