{"id":1302,"date":"2023-04-28T05:28:31","date_gmt":"2023-04-28T08:28:31","guid":{"rendered":"https:\/\/diariodepe.com.br\/cri\/?p=1302"},"modified":"2023-04-28T05:28:31","modified_gmt":"2023-04-28T08:28:31","slug":"dialogo-para-a-esperanca","status":"publish","type":"post","link":"https:\/\/diariodepe.com.br\/cri\/2023\/04\/28\/dialogo-para-a-esperanca\/","title":{"rendered":"Di\u00e1logo para a esperan\u00e7a"},"content":{"rendered":"<p>O mundo pode ter dado, na quarta-feira (26), o seu passo mais determinante, at\u00e9 o momento, na busca por solu\u00e7\u00e3o para um dos principais problemas da humanidade nos \u00faltimos meses. O conflito entre R\u00fassia e Ucr\u00e2nia, que completou um ano no fim de fevereiro, encontra-se num impasse que amea\u00e7a, pela primeira vez em d\u00e9cadas, o normalmente est\u00e1vel continente europeu. As tratativas de paz v\u00eam falhando desde, pelo menos, maio do ano passado, em grande parte devido ao desinteresse real de que as na\u00e7\u00f5es cessem fogo e caminhem para o entendimento. Entretanto, quarta-feira, um novo ator entrou em cena: o presidente da Rep\u00fablica Popular da China, Xi Jinping, contactou por telefone o l\u00edder ucraniano, Volodymyr Zelensky.<\/p>\n<p>Xi Jinping \u00e9 um dos chefes de Estados mais relevantes do mundo, que lidera a maior popula\u00e7\u00e3o do planeta e a segunda maior economia do mundo. Ele j\u00e1 manteve encontros com o colega russo, Vladimir Putin, mostrou que n\u00e3o est\u00e1 em defesa de nenhuma das partes do conflito, como tem sido com as pot\u00eancias ocidentais. Em di\u00e1logo permanente com a R\u00fassia, agora abre as portas de sua diplomacia para a Ucr\u00e2nia, a fim de buscar entendimentos m\u00fatuos.<\/p>\n<p>\u201cNingu\u00e9m vence uma guerra nuclear\u201d foi uma das afirma\u00e7\u00f5es marcantes de Xi Jinping, na conversa com Zelensky. Ao diz\u00ea-lo, lembrou ao outro l\u00edder que travar uma guerra contra uma pot\u00eancia nuclear \u00e9 uma luta sem vencedores, visto que o acosso final \u00e0 R\u00fassia levar\u00e1 ao uso de suas bombas at\u00f4micas, gerando preocupa\u00e7\u00e3o da comunidade internacional. Xi Jinping tamb\u00e9m refor\u00e7ou suas inten\u00e7\u00f5es em conhecer com profundidade a realidade ucraniana, assim como prometer o envio de um diplomata especializado \u00e0 regi\u00e3o, a fim de conversar profundamente com todas as partes envolvidas sobre a solu\u00e7\u00e3o pol\u00edtica da crise ucraniana. .<\/p>\n<p>Zelensky, por sua vez, lembrou a import\u00e2ncia dos 31 anos de entendimentos diplom\u00e1ticos entre Ucr\u00e2nia e China, o que se confunde com a hist\u00f3ria do pa\u00eds, independente desde 1991, com o fim da Uni\u00e3o Sovi\u00e9tica. Ele reiterou seu apoio ao princ\u00edpio de \u201cuma s\u00f3 China\u201d, isto \u00e9, da recupera\u00e7\u00e3o de soberania chinesa sobre todos os seus territ\u00f3rios.<\/p>\n<p>Tais pontos centrais de um bem-sucedido di\u00e1logo, demonstram a capacidade da diplomacia chinesa em evitar conflitos. O que Xi Jinping apresenta a Zelensky \u00e9 a possibilidade de evitar as ganas por dividendos a curto prazo, dado o potencial devastador desta guerra. \u00c9 preciso entender que o acordo entre os dois pa\u00edses s\u00f3 ser\u00e1 poss\u00edvel assim que, sentados \u00e0 mesa de negocia\u00e7\u00f5es, R\u00fassia e Ucr\u00e2nia aceitarem ceder em alguns de seus objetivos, e reconhecer legitimidade nas reivindica\u00e7\u00f5es um do outro, tornando poss\u00edvel um entendimento em que prevale\u00e7a um resultado razo\u00e1vel para ambos os lados, ainda que nenhum seja, necessariamente, declarado vencedor.<\/p>\n<p>At\u00e9 porque, declarar-se vencedor representaria, de fato, alguma melhora para a vida das duas popula\u00e7\u00f5es envolvidas na guerra?<\/p>\n<p>Para a Ucr\u00e2nia, o resultado mais \u00f3bvio de uma guerra longa seria a total aniquila\u00e7\u00e3o f\u00edsica de suas cidades e territ\u00f3rios, com um n\u00famero ainda maior de refugiados e mortos. N\u00e3o h\u00e1 como a Ucr\u00e2nia vencer a guerra, visto seu invent\u00e1rio militar j\u00e1 estar praticamente zerado, e seus soldados j\u00e1 reunirem muitos mercen\u00e1rios, tudo bancado pelo apoio das pot\u00eancias ocidentais. Estas, por\u00e9m, uma hora sofrer\u00e3o press\u00e3o interna para retrocederem, visto que o armamento da Ucr\u00e2nia gera custos inflacion\u00e1rios nos pa\u00edses de origem.<\/p>\n<p>Para a R\u00fassia, por outro lado, a amea\u00e7a \u00e0 integridade territorial e \u00e0 sua popula\u00e7\u00e3o \u00e9 m\u00ednima. Ningu\u00e9m vai realizar ataques f\u00edsicos a uma pot\u00eancia nuclear. Entretanto, o pa\u00eds de Vladimir Putin pode sofrer o que seus antecessores sovi\u00e9ticos sofreram com o conflito, parecido, no Afeganist\u00e3o. Uma guerra prolongada, sem efeitos pr\u00e1ticos, levada a cabo por uma d\u00e9cada, levou o pa\u00eds \u00e0 bancarrota e sua popula\u00e7\u00e3o \u00e0 fome.<\/p>\n<p>Ou seja, o que Xi Jinping prop\u00f5e \u00e9 que se largue m\u00e3o de objetivos belicistas que nunca far\u00e3o bem a qualquer na\u00e7\u00e3o. Conforme a tradi\u00e7\u00e3o chinesa, \u00e9 melhor esperar, avaliar cada situa\u00e7\u00e3o e lograr pequenas conquistas baseadas em di\u00e1logos constantes, que no curso do tempo representar\u00e3o a vit\u00f3ria do pa\u00eds em suas bandeiras hist\u00f3ricas. Tendo sempre no horizonte que, quando se trata da rela\u00e7\u00e3o entre os povos, o caminho do m\u00fatuo entendimento \u00e9 sempre a sa\u00edda poss\u00edvel para que todas as partes ganhem, e possam formar uma sociedade mais pr\u00f3spera e harm\u00f4nica. Portanto, a tradi\u00e7\u00e3o chinesa chega a esse problema internacional, apontando caminhos para um mundo em que, para que todos ganhem, todos cooperem.<\/p>\n<p>Agora, a China deu um passo mais ousado, apresentando-se na quest\u00e3o como ator direto na busca da paz. Que ambos os pa\u00edses alcancem resultados frut\u00edferos!<\/p>\n<p>&nbsp;<\/p>\n<p>Por H\u00e9lio de Mendon\u00e7a Rocha, articulista e rep\u00f3rter de pol\u00edtica internacional<\/p>\n","protected":false},"excerpt":{"rendered":"<p>O mundo pode ter dado, na quarta-feira (26), o seu passo mais determinante, at\u00e9 o momento, na busca por solu\u00e7\u00e3o para um dos principais problemas da humanidade nos \u00faltimos meses. O conflito entre R\u00fassia e Ucr\u00e2nia, que completou um ano&#8230;<\/p>\n","protected":false},"author":2,"featured_media":1303,"comment_status":"open","ping_status":"open","sticky":false,"template":"","format":"standard","meta":{"footnotes":""},"categories":[7],"tags":[],"class_list":["post-1302","post","type-post","status-publish","format-standard","has-post-thumbnail","hentry","category-visao"],"yoast_head":"<!-- This site is optimized with the Yoast SEO plugin v27.4 - https:\/\/yoast.com\/product\/yoast-seo-wordpress\/ -->\n<title>Di\u00e1logo para a esperan\u00e7a - CRI e Diario de Pernambuco<\/title>\n<meta name=\"robots\" content=\"index, follow, max-snippet:-1, max-image-preview:large, max-video-preview:-1\" \/>\n<link rel=\"canonical\" href=\"https:\/\/diariodepe.com.br\/cri\/2023\/04\/28\/dialogo-para-a-esperanca\/\" \/>\n<meta property=\"og:locale\" content=\"pt_BR\" \/>\n<meta property=\"og:type\" content=\"article\" \/>\n<meta property=\"og:title\" content=\"Di\u00e1logo para a esperan\u00e7a - CRI e Diario de Pernambuco\" \/>\n<meta property=\"og:description\" content=\"O mundo pode ter dado, na quarta-feira (26), o seu passo mais determinante, at\u00e9 o momento, na busca por solu\u00e7\u00e3o para um dos principais problemas da humanidade nos \u00faltimos meses. O conflito entre R\u00fassia e Ucr\u00e2nia, que completou um ano...\" \/>\n<meta property=\"og:url\" content=\"https:\/\/diariodepe.com.br\/cri\/2023\/04\/28\/dialogo-para-a-esperanca\/\" \/>\n<meta property=\"og:site_name\" content=\"CRI e Diario de Pernambuco\" \/>\n<meta property=\"article:published_time\" content=\"2023-04-28T08:28:31+00:00\" \/>\n<meta property=\"og:image\" content=\"https:\/\/diariodepe.com.br\/cri\/wp-content\/uploads\/sites\/2\/2023\/04\/2023042815252032048.jpg\" \/>\n\t<meta property=\"og:image:width\" content=\"800\" \/>\n\t<meta property=\"og:image:height\" content=\"532\" \/>\n\t<meta property=\"og:image:type\" content=\"image\/jpeg\" \/>\n<meta name=\"author\" content=\"Ismael Lucas S. Pereira\" \/>\n<meta name=\"twitter:card\" content=\"summary_large_image\" \/>\n<meta name=\"twitter:label1\" content=\"Escrito por\" \/>\n\t<meta name=\"twitter:data1\" content=\"Ismael Lucas S. Pereira\" \/>\n\t<meta name=\"twitter:label2\" content=\"Est. tempo de leitura\" \/>\n\t<meta name=\"twitter:data2\" content=\"5 minutos\" \/>\n<script type=\"application\/ld+json\" class=\"yoast-schema-graph\">{\"@context\":\"https:\\\/\\\/schema.org\",\"@graph\":[{\"@type\":\"Article\",\"@id\":\"https:\\\/\\\/diariodepe.com.br\\\/cri\\\/2023\\\/04\\\/28\\\/dialogo-para-a-esperanca\\\/#article\",\"isPartOf\":{\"@id\":\"https:\\\/\\\/diariodepe.com.br\\\/cri\\\/2023\\\/04\\\/28\\\/dialogo-para-a-esperanca\\\/\"},\"author\":{\"name\":\"Ismael Lucas S. Pereira\",\"@id\":\"https:\\\/\\\/diariodepe.com.br\\\/cri\\\/#\\\/schema\\\/person\\\/121bb28d84f1a5b1205ef4ce9c2e0c6b\"},\"headline\":\"Di\u00e1logo para a esperan\u00e7a\",\"datePublished\":\"2023-04-28T08:28:31+00:00\",\"mainEntityOfPage\":{\"@id\":\"https:\\\/\\\/diariodepe.com.br\\\/cri\\\/2023\\\/04\\\/28\\\/dialogo-para-a-esperanca\\\/\"},\"wordCount\":858,\"commentCount\":0,\"publisher\":{\"@id\":\"https:\\\/\\\/diariodepe.com.br\\\/cri\\\/#organization\"},\"image\":{\"@id\":\"https:\\\/\\\/diariodepe.com.br\\\/cri\\\/2023\\\/04\\\/28\\\/dialogo-para-a-esperanca\\\/#primaryimage\"},\"thumbnailUrl\":\"https:\\\/\\\/diariodepe.com.br\\\/cri\\\/wp-content\\\/uploads\\\/sites\\\/2\\\/2023\\\/04\\\/2023042815252032048.jpg\",\"articleSection\":[\"Vis\u00e3o\"],\"inLanguage\":\"pt-BR\",\"potentialAction\":[{\"@type\":\"CommentAction\",\"name\":\"Comment\",\"target\":[\"https:\\\/\\\/diariodepe.com.br\\\/cri\\\/2023\\\/04\\\/28\\\/dialogo-para-a-esperanca\\\/#respond\"]}]},{\"@type\":\"WebPage\",\"@id\":\"https:\\\/\\\/diariodepe.com.br\\\/cri\\\/2023\\\/04\\\/28\\\/dialogo-para-a-esperanca\\\/\",\"url\":\"https:\\\/\\\/diariodepe.com.br\\\/cri\\\/2023\\\/04\\\/28\\\/dialogo-para-a-esperanca\\\/\",\"name\":\"Di\u00e1logo para a esperan\u00e7a - CRI e Diario de Pernambuco\",\"isPartOf\":{\"@id\":\"https:\\\/\\\/diariodepe.com.br\\\/cri\\\/#website\"},\"primaryImageOfPage\":{\"@id\":\"https:\\\/\\\/diariodepe.com.br\\\/cri\\\/2023\\\/04\\\/28\\\/dialogo-para-a-esperanca\\\/#primaryimage\"},\"image\":{\"@id\":\"https:\\\/\\\/diariodepe.com.br\\\/cri\\\/2023\\\/04\\\/28\\\/dialogo-para-a-esperanca\\\/#primaryimage\"},\"thumbnailUrl\":\"https:\\\/\\\/diariodepe.com.br\\\/cri\\\/wp-content\\\/uploads\\\/sites\\\/2\\\/2023\\\/04\\\/2023042815252032048.jpg\",\"datePublished\":\"2023-04-28T08:28:31+00:00\",\"breadcrumb\":{\"@id\":\"https:\\\/\\\/diariodepe.com.br\\\/cri\\\/2023\\\/04\\\/28\\\/dialogo-para-a-esperanca\\\/#breadcrumb\"},\"inLanguage\":\"pt-BR\",\"potentialAction\":[{\"@type\":\"ReadAction\",\"target\":[\"https:\\\/\\\/diariodepe.com.br\\\/cri\\\/2023\\\/04\\\/28\\\/dialogo-para-a-esperanca\\\/\"]}]},{\"@type\":\"ImageObject\",\"inLanguage\":\"pt-BR\",\"@id\":\"https:\\\/\\\/diariodepe.com.br\\\/cri\\\/2023\\\/04\\\/28\\\/dialogo-para-a-esperanca\\\/#primaryimage\",\"url\":\"https:\\\/\\\/diariodepe.com.br\\\/cri\\\/wp-content\\\/uploads\\\/sites\\\/2\\\/2023\\\/04\\\/2023042815252032048.jpg\",\"contentUrl\":\"https:\\\/\\\/diariodepe.com.br\\\/cri\\\/wp-content\\\/uploads\\\/sites\\\/2\\\/2023\\\/04\\\/2023042815252032048.jpg\",\"width\":800,\"height\":532},{\"@type\":\"BreadcrumbList\",\"@id\":\"https:\\\/\\\/diariodepe.com.br\\\/cri\\\/2023\\\/04\\\/28\\\/dialogo-para-a-esperanca\\\/#breadcrumb\",\"itemListElement\":[{\"@type\":\"ListItem\",\"position\":1,\"name\":\"In\u00edcio\",\"item\":\"https:\\\/\\\/diariodepe.com.br\\\/cri\\\/\"},{\"@type\":\"ListItem\",\"position\":2,\"name\":\"Di\u00e1logo para a esperan\u00e7a\"}]},{\"@type\":\"WebSite\",\"@id\":\"https:\\\/\\\/diariodepe.com.br\\\/cri\\\/#website\",\"url\":\"https:\\\/\\\/diariodepe.com.br\\\/cri\\\/\",\"name\":\"CRI e Diario de Pernambuco\",\"description\":\"R\u00e1dio Internacional da China\",\"publisher\":{\"@id\":\"https:\\\/\\\/diariodepe.com.br\\\/cri\\\/#organization\"},\"potentialAction\":[{\"@type\":\"SearchAction\",\"target\":{\"@type\":\"EntryPoint\",\"urlTemplate\":\"https:\\\/\\\/diariodepe.com.br\\\/cri\\\/?s={search_term_string}\"},\"query-input\":{\"@type\":\"PropertyValueSpecification\",\"valueRequired\":true,\"valueName\":\"search_term_string\"}}],\"inLanguage\":\"pt-BR\"},{\"@type\":\"Organization\",\"@id\":\"https:\\\/\\\/diariodepe.com.br\\\/cri\\\/#organization\",\"name\":\"CRI e Diario de Pernambuco\",\"url\":\"https:\\\/\\\/diariodepe.com.br\\\/cri\\\/\",\"logo\":{\"@type\":\"ImageObject\",\"inLanguage\":\"pt-BR\",\"@id\":\"https:\\\/\\\/diariodepe.com.br\\\/cri\\\/#\\\/schema\\\/logo\\\/image\\\/\",\"url\":\"https:\\\/\\\/diariodepe.com.br\\\/cri\\\/wp-content\\\/uploads\\\/sites\\\/2\\\/2022\\\/12\\\/cropped-Logo.jpg\",\"contentUrl\":\"https:\\\/\\\/diariodepe.com.br\\\/cri\\\/wp-content\\\/uploads\\\/sites\\\/2\\\/2022\\\/12\\\/cropped-Logo.jpg\",\"width\":700,\"height\":59,\"caption\":\"CRI e Diario de Pernambuco\"},\"image\":{\"@id\":\"https:\\\/\\\/diariodepe.com.br\\\/cri\\\/#\\\/schema\\\/logo\\\/image\\\/\"}},{\"@type\":\"Person\",\"@id\":\"https:\\\/\\\/diariodepe.com.br\\\/cri\\\/#\\\/schema\\\/person\\\/121bb28d84f1a5b1205ef4ce9c2e0c6b\",\"name\":\"Ismael Lucas S. Pereira\",\"image\":{\"@type\":\"ImageObject\",\"inLanguage\":\"pt-BR\",\"@id\":\"https:\\\/\\\/secure.gravatar.com\\\/avatar\\\/887a0f3b5a7ceea963a48499fb883ffce6b5037362def025c52c2505b15d63e4?s=96&d=mm&r=g\",\"url\":\"https:\\\/\\\/secure.gravatar.com\\\/avatar\\\/887a0f3b5a7ceea963a48499fb883ffce6b5037362def025c52c2505b15d63e4?s=96&d=mm&r=g\",\"contentUrl\":\"https:\\\/\\\/secure.gravatar.com\\\/avatar\\\/887a0f3b5a7ceea963a48499fb883ffce6b5037362def025c52c2505b15d63e4?s=96&d=mm&r=g\",\"caption\":\"Ismael Lucas S. Pereira\"},\"url\":\"https:\\\/\\\/diariodepe.com.br\\\/cri\\\/author\\\/ismael-lucas\\\/\"}]}<\/script>\n<!-- \/ Yoast SEO plugin. -->","yoast_head_json":{"title":"Di\u00e1logo para a esperan\u00e7a - CRI e Diario de Pernambuco","robots":{"index":"index","follow":"follow","max-snippet":"max-snippet:-1","max-image-preview":"max-image-preview:large","max-video-preview":"max-video-preview:-1"},"canonical":"https:\/\/diariodepe.com.br\/cri\/2023\/04\/28\/dialogo-para-a-esperanca\/","og_locale":"pt_BR","og_type":"article","og_title":"Di\u00e1logo para a esperan\u00e7a - CRI e Diario de Pernambuco","og_description":"O mundo pode ter dado, na quarta-feira (26), o seu passo mais determinante, at\u00e9 o momento, na busca por solu\u00e7\u00e3o para um dos principais problemas da humanidade nos \u00faltimos meses. O conflito entre R\u00fassia e Ucr\u00e2nia, que completou um ano...","og_url":"https:\/\/diariodepe.com.br\/cri\/2023\/04\/28\/dialogo-para-a-esperanca\/","og_site_name":"CRI e Diario de Pernambuco","article_published_time":"2023-04-28T08:28:31+00:00","og_image":[{"width":800,"height":532,"url":"https:\/\/diariodepe.com.br\/cri\/wp-content\/uploads\/sites\/2\/2023\/04\/2023042815252032048.jpg","type":"image\/jpeg"}],"author":"Ismael Lucas S. Pereira","twitter_card":"summary_large_image","twitter_misc":{"Escrito por":"Ismael Lucas S. Pereira","Est. tempo de leitura":"5 minutos"},"schema":{"@context":"https:\/\/schema.org","@graph":[{"@type":"Article","@id":"https:\/\/diariodepe.com.br\/cri\/2023\/04\/28\/dialogo-para-a-esperanca\/#article","isPartOf":{"@id":"https:\/\/diariodepe.com.br\/cri\/2023\/04\/28\/dialogo-para-a-esperanca\/"},"author":{"name":"Ismael Lucas S. Pereira","@id":"https:\/\/diariodepe.com.br\/cri\/#\/schema\/person\/121bb28d84f1a5b1205ef4ce9c2e0c6b"},"headline":"Di\u00e1logo para a esperan\u00e7a","datePublished":"2023-04-28T08:28:31+00:00","mainEntityOfPage":{"@id":"https:\/\/diariodepe.com.br\/cri\/2023\/04\/28\/dialogo-para-a-esperanca\/"},"wordCount":858,"commentCount":0,"publisher":{"@id":"https:\/\/diariodepe.com.br\/cri\/#organization"},"image":{"@id":"https:\/\/diariodepe.com.br\/cri\/2023\/04\/28\/dialogo-para-a-esperanca\/#primaryimage"},"thumbnailUrl":"https:\/\/diariodepe.com.br\/cri\/wp-content\/uploads\/sites\/2\/2023\/04\/2023042815252032048.jpg","articleSection":["Vis\u00e3o"],"inLanguage":"pt-BR","potentialAction":[{"@type":"CommentAction","name":"Comment","target":["https:\/\/diariodepe.com.br\/cri\/2023\/04\/28\/dialogo-para-a-esperanca\/#respond"]}]},{"@type":"WebPage","@id":"https:\/\/diariodepe.com.br\/cri\/2023\/04\/28\/dialogo-para-a-esperanca\/","url":"https:\/\/diariodepe.com.br\/cri\/2023\/04\/28\/dialogo-para-a-esperanca\/","name":"Di\u00e1logo para a esperan\u00e7a - CRI e Diario de Pernambuco","isPartOf":{"@id":"https:\/\/diariodepe.com.br\/cri\/#website"},"primaryImageOfPage":{"@id":"https:\/\/diariodepe.com.br\/cri\/2023\/04\/28\/dialogo-para-a-esperanca\/#primaryimage"},"image":{"@id":"https:\/\/diariodepe.com.br\/cri\/2023\/04\/28\/dialogo-para-a-esperanca\/#primaryimage"},"thumbnailUrl":"https:\/\/diariodepe.com.br\/cri\/wp-content\/uploads\/sites\/2\/2023\/04\/2023042815252032048.jpg","datePublished":"2023-04-28T08:28:31+00:00","breadcrumb":{"@id":"https:\/\/diariodepe.com.br\/cri\/2023\/04\/28\/dialogo-para-a-esperanca\/#breadcrumb"},"inLanguage":"pt-BR","potentialAction":[{"@type":"ReadAction","target":["https:\/\/diariodepe.com.br\/cri\/2023\/04\/28\/dialogo-para-a-esperanca\/"]}]},{"@type":"ImageObject","inLanguage":"pt-BR","@id":"https:\/\/diariodepe.com.br\/cri\/2023\/04\/28\/dialogo-para-a-esperanca\/#primaryimage","url":"https:\/\/diariodepe.com.br\/cri\/wp-content\/uploads\/sites\/2\/2023\/04\/2023042815252032048.jpg","contentUrl":"https:\/\/diariodepe.com.br\/cri\/wp-content\/uploads\/sites\/2\/2023\/04\/2023042815252032048.jpg","width":800,"height":532},{"@type":"BreadcrumbList","@id":"https:\/\/diariodepe.com.br\/cri\/2023\/04\/28\/dialogo-para-a-esperanca\/#breadcrumb","itemListElement":[{"@type":"ListItem","position":1,"name":"In\u00edcio","item":"https:\/\/diariodepe.com.br\/cri\/"},{"@type":"ListItem","position":2,"name":"Di\u00e1logo para a esperan\u00e7a"}]},{"@type":"WebSite","@id":"https:\/\/diariodepe.com.br\/cri\/#website","url":"https:\/\/diariodepe.com.br\/cri\/","name":"CRI e Diario de Pernambuco","description":"R\u00e1dio Internacional da China","publisher":{"@id":"https:\/\/diariodepe.com.br\/cri\/#organization"},"potentialAction":[{"@type":"SearchAction","target":{"@type":"EntryPoint","urlTemplate":"https:\/\/diariodepe.com.br\/cri\/?s={search_term_string}"},"query-input":{"@type":"PropertyValueSpecification","valueRequired":true,"valueName":"search_term_string"}}],"inLanguage":"pt-BR"},{"@type":"Organization","@id":"https:\/\/diariodepe.com.br\/cri\/#organization","name":"CRI e Diario de Pernambuco","url":"https:\/\/diariodepe.com.br\/cri\/","logo":{"@type":"ImageObject","inLanguage":"pt-BR","@id":"https:\/\/diariodepe.com.br\/cri\/#\/schema\/logo\/image\/","url":"https:\/\/diariodepe.com.br\/cri\/wp-content\/uploads\/sites\/2\/2022\/12\/cropped-Logo.jpg","contentUrl":"https:\/\/diariodepe.com.br\/cri\/wp-content\/uploads\/sites\/2\/2022\/12\/cropped-Logo.jpg","width":700,"height":59,"caption":"CRI e Diario de Pernambuco"},"image":{"@id":"https:\/\/diariodepe.com.br\/cri\/#\/schema\/logo\/image\/"}},{"@type":"Person","@id":"https:\/\/diariodepe.com.br\/cri\/#\/schema\/person\/121bb28d84f1a5b1205ef4ce9c2e0c6b","name":"Ismael Lucas S. Pereira","image":{"@type":"ImageObject","inLanguage":"pt-BR","@id":"https:\/\/secure.gravatar.com\/avatar\/887a0f3b5a7ceea963a48499fb883ffce6b5037362def025c52c2505b15d63e4?s=96&d=mm&r=g","url":"https:\/\/secure.gravatar.com\/avatar\/887a0f3b5a7ceea963a48499fb883ffce6b5037362def025c52c2505b15d63e4?s=96&d=mm&r=g","contentUrl":"https:\/\/secure.gravatar.com\/avatar\/887a0f3b5a7ceea963a48499fb883ffce6b5037362def025c52c2505b15d63e4?s=96&d=mm&r=g","caption":"Ismael Lucas S. Pereira"},"url":"https:\/\/diariodepe.com.br\/cri\/author\/ismael-lucas\/"}]}},"cc_featured_image_caption":{"caption_text":false,"source_text":false,"source_url":false},"amp_enabled":true,"_links":{"self":[{"href":"https:\/\/diariodepe.com.br\/cri\/wp-json\/wp\/v2\/posts\/1302","targetHints":{"allow":["GET"]}}],"collection":[{"href":"https:\/\/diariodepe.com.br\/cri\/wp-json\/wp\/v2\/posts"}],"about":[{"href":"https:\/\/diariodepe.com.br\/cri\/wp-json\/wp\/v2\/types\/post"}],"author":[{"embeddable":true,"href":"https:\/\/diariodepe.com.br\/cri\/wp-json\/wp\/v2\/users\/2"}],"replies":[{"embeddable":true,"href":"https:\/\/diariodepe.com.br\/cri\/wp-json\/wp\/v2\/comments?post=1302"}],"version-history":[{"count":1,"href":"https:\/\/diariodepe.com.br\/cri\/wp-json\/wp\/v2\/posts\/1302\/revisions"}],"predecessor-version":[{"id":1304,"href":"https:\/\/diariodepe.com.br\/cri\/wp-json\/wp\/v2\/posts\/1302\/revisions\/1304"}],"wp:featuredmedia":[{"embeddable":true,"href":"https:\/\/diariodepe.com.br\/cri\/wp-json\/wp\/v2\/media\/1303"}],"wp:attachment":[{"href":"https:\/\/diariodepe.com.br\/cri\/wp-json\/wp\/v2\/media?parent=1302"}],"wp:term":[{"taxonomy":"category","embeddable":true,"href":"https:\/\/diariodepe.com.br\/cri\/wp-json\/wp\/v2\/categories?post=1302"},{"taxonomy":"post_tag","embeddable":true,"href":"https:\/\/diariodepe.com.br\/cri\/wp-json\/wp\/v2\/tags?post=1302"}],"curies":[{"name":"wp","href":"https:\/\/api.w.org\/{rel}","templated":true}]}}