{"id":1297,"date":"2023-04-28T05:19:19","date_gmt":"2023-04-28T08:19:19","guid":{"rendered":"https:\/\/diariodepe.com.br\/cri\/?p=1297"},"modified":"2023-04-28T05:19:19","modified_gmt":"2023-04-28T08:19:19","slug":"ridiculo-da-ferrovia-de-alta-velocidade-de-taiwan","status":"publish","type":"post","link":"https:\/\/diariodepe.com.br\/cri\/2023\/04\/28\/ridiculo-da-ferrovia-de-alta-velocidade-de-taiwan\/","title":{"rendered":"Rid\u00edculo da ferrovia de alta velocidade de Taiwan"},"content":{"rendered":"<p>A constru\u00e7\u00e3o da ferrovia de alta velocidade de Taiwan come\u00e7ou em 1999 e sua opera\u00e7\u00e3o experimental iniciou\u00a0em 2007. Em compara\u00e7\u00e3o com a abertura da primeira ferrovia interurbana de alta velocidade Beijing-Tianjin da parte continental da China, com direitos de propriedade intelectual completamente independentes, em 2008, n\u00e3o \u00e9 tarde demais.<\/p>\n<p>Nos \u00faltimos dez anos, o desenvolvimento das ferrovias de alta velocidade da parte continental cresceu rapidamente, j\u00e1 com uma quilometragem de 40 mil quil\u00f4metros e uma velocidade de 350 km\/h.<\/p>\n<p>Entretanto, na ilha de Taiwan, a extens\u00e3o da ferrovia de alta velocidade contabiliza somente 350 quil\u00f4metros e a velocidade alcan\u00e7a 230 km\/h.<\/p>\n<p>Em 1998, o cons\u00f3rcio da ferrovia de alta velocidade de Taiwan, que defendeu a ado\u00e7\u00e3o da tecnologia europeia,\u00a0venceu o concurso. No entanto, a fim de buscar um chamado &#8220;avan\u00e7o diplom\u00e1tico&#8221; com o Jap\u00e3o, Lee Teng-hui, ent\u00e3o l\u00edder de Taiwan, decidiu no \u00faltimo minuto adotar sistemas eletromec\u00e2nicos centrais do Jap\u00e3o para as obras.<\/p>\n<p>Assim, o trem-bala de Taiwan tornou-se uma &#8220;crian\u00e7a deformada&#8221;, com o padr\u00e3o europeu de infraestruturas misturado\u00a0com os principais sistemas eletromec\u00e2nicos e ve\u00edculos ferrovi\u00e1rios do Jap\u00e3o.<\/p>\n<p>A consequ\u00eancia mais direta dessa &#8220;hibridiza\u00e7\u00e3o&#8221; \u00e9 que os dois sistemas s\u00e3o incompat\u00edveis e, devido aos conflitos subjacentes, \u00e9 dif\u00edcil de resolver, causando ainda uma s\u00e9rie de problemas, como atrasos na constru\u00e7\u00e3o, aumento de custos e falhas cont\u00ednuas ap\u00f3s a inaugura\u00e7\u00e3o.<\/p>\n<p>Al\u00e9m disso, o lado japon\u00eas personalizou trens para Taiwan e registrou seu\u00a0controle de viagem e seu\u00a0sistema num\u00e9rico como uma patente, para que a ilha\u00a0seja\u00a0obrigada\u00a0a comprar os equipamentos japoneses.<\/p>\n<p>No in\u00edcio da opera\u00e7\u00e3o do trem-bala de Taiwan, a rela\u00e7\u00e3o ativo-passivo havia atingido 80%. Apenas tr\u00eas anos depois, em 2010, a companhia ferrovi\u00e1ria de alta velocidade da regi\u00e3o estava sobrecarregada de d\u00edvidas e \u00e0 beira da fal\u00eancia, e teve que pedir dinheiro emprestado em larga escala para financiar a reestrutura\u00e7\u00e3o com a interven\u00e7\u00e3o das autoridades.<\/p>\n<p>A\u00a0administra\u00e7\u00e3o de Taiwan alimentou\u00a0o cons\u00f3rcio intimamente relacionado com o Partido Progressista\u00a0Democr\u00e1tico, mas sobrecarregou todo o p\u00fablico com enormes riscos operacionais e intermin\u00e1veis buracos negros financeiros do transporte ferrovi\u00e1rio de alta velocidade.<\/p>\n","protected":false},"excerpt":{"rendered":"<p>A constru\u00e7\u00e3o da ferrovia de alta velocidade de Taiwan come\u00e7ou em 1999 e sua opera\u00e7\u00e3o experimental iniciou\u00a0em 2007. Em compara\u00e7\u00e3o com a abertura da primeira ferrovia interurbana de alta velocidade Beijing-Tianjin da parte continental da China, com direitos de propriedade&#8230;<\/p>\n","protected":false},"author":2,"featured_media":1298,"comment_status":"open","ping_status":"open","sticky":false,"template":"","format":"standard","meta":{"footnotes":""},"categories":[3],"tags":[],"class_list":["post-1297","post","type-post","status-publish","format-standard","has-post-thumbnail","hentry","category-china"],"yoast_head":"<!-- This site is optimized with the Yoast SEO plugin v27.4 - https:\/\/yoast.com\/product\/yoast-seo-wordpress\/ -->\n<title>Rid\u00edculo da ferrovia de alta velocidade de Taiwan - CRI e Diario de Pernambuco<\/title>\n<meta name=\"robots\" content=\"index, follow, max-snippet:-1, max-image-preview:large, max-video-preview:-1\" \/>\n<link rel=\"canonical\" href=\"https:\/\/diariodepe.com.br\/cri\/2023\/04\/28\/ridiculo-da-ferrovia-de-alta-velocidade-de-taiwan\/\" \/>\n<meta property=\"og:locale\" content=\"pt_BR\" \/>\n<meta property=\"og:type\" content=\"article\" \/>\n<meta property=\"og:title\" content=\"Rid\u00edculo da ferrovia de alta velocidade de Taiwan - CRI e Diario de Pernambuco\" \/>\n<meta property=\"og:description\" content=\"A constru\u00e7\u00e3o da ferrovia de alta velocidade de Taiwan come\u00e7ou em 1999 e sua opera\u00e7\u00e3o experimental iniciou\u00a0em 2007. Em compara\u00e7\u00e3o com a abertura da primeira ferrovia interurbana de alta velocidade Beijing-Tianjin da parte continental da China, com direitos de propriedade...\" \/>\n<meta property=\"og:url\" content=\"https:\/\/diariodepe.com.br\/cri\/2023\/04\/28\/ridiculo-da-ferrovia-de-alta-velocidade-de-taiwan\/\" \/>\n<meta property=\"og:site_name\" content=\"CRI e Diario de Pernambuco\" \/>\n<meta property=\"article:published_time\" content=\"2023-04-28T08:19:19+00:00\" \/>\n<meta property=\"og:image\" content=\"https:\/\/diariodepe.com.br\/cri\/wp-content\/uploads\/sites\/2\/2023\/04\/2023042515553383343.jpg\" \/>\n\t<meta property=\"og:image:width\" content=\"1000\" \/>\n\t<meta property=\"og:image:height\" content=\"667\" \/>\n\t<meta property=\"og:image:type\" content=\"image\/jpeg\" \/>\n<meta name=\"author\" content=\"Ismael Lucas S. Pereira\" \/>\n<meta name=\"twitter:card\" content=\"summary_large_image\" \/>\n<meta name=\"twitter:label1\" content=\"Escrito por\" \/>\n\t<meta name=\"twitter:data1\" content=\"Ismael Lucas S. Pereira\" \/>\n\t<meta name=\"twitter:label2\" content=\"Est. tempo de leitura\" \/>\n\t<meta name=\"twitter:data2\" content=\"2 minutos\" \/>\n<script type=\"application\/ld+json\" class=\"yoast-schema-graph\">{\"@context\":\"https:\\\/\\\/schema.org\",\"@graph\":[{\"@type\":\"Article\",\"@id\":\"https:\\\/\\\/diariodepe.com.br\\\/cri\\\/2023\\\/04\\\/28\\\/ridiculo-da-ferrovia-de-alta-velocidade-de-taiwan\\\/#article\",\"isPartOf\":{\"@id\":\"https:\\\/\\\/diariodepe.com.br\\\/cri\\\/2023\\\/04\\\/28\\\/ridiculo-da-ferrovia-de-alta-velocidade-de-taiwan\\\/\"},\"author\":{\"name\":\"Ismael Lucas S. Pereira\",\"@id\":\"https:\\\/\\\/diariodepe.com.br\\\/cri\\\/#\\\/schema\\\/person\\\/121bb28d84f1a5b1205ef4ce9c2e0c6b\"},\"headline\":\"Rid\u00edculo da ferrovia de alta velocidade de Taiwan\",\"datePublished\":\"2023-04-28T08:19:19+00:00\",\"mainEntityOfPage\":{\"@id\":\"https:\\\/\\\/diariodepe.com.br\\\/cri\\\/2023\\\/04\\\/28\\\/ridiculo-da-ferrovia-de-alta-velocidade-de-taiwan\\\/\"},\"wordCount\":394,\"commentCount\":0,\"publisher\":{\"@id\":\"https:\\\/\\\/diariodepe.com.br\\\/cri\\\/#organization\"},\"image\":{\"@id\":\"https:\\\/\\\/diariodepe.com.br\\\/cri\\\/2023\\\/04\\\/28\\\/ridiculo-da-ferrovia-de-alta-velocidade-de-taiwan\\\/#primaryimage\"},\"thumbnailUrl\":\"https:\\\/\\\/diariodepe.com.br\\\/cri\\\/wp-content\\\/uploads\\\/sites\\\/2\\\/2023\\\/04\\\/2023042515553383343.jpg\",\"articleSection\":[\"China\"],\"inLanguage\":\"pt-BR\",\"potentialAction\":[{\"@type\":\"CommentAction\",\"name\":\"Comment\",\"target\":[\"https:\\\/\\\/diariodepe.com.br\\\/cri\\\/2023\\\/04\\\/28\\\/ridiculo-da-ferrovia-de-alta-velocidade-de-taiwan\\\/#respond\"]}]},{\"@type\":\"WebPage\",\"@id\":\"https:\\\/\\\/diariodepe.com.br\\\/cri\\\/2023\\\/04\\\/28\\\/ridiculo-da-ferrovia-de-alta-velocidade-de-taiwan\\\/\",\"url\":\"https:\\\/\\\/diariodepe.com.br\\\/cri\\\/2023\\\/04\\\/28\\\/ridiculo-da-ferrovia-de-alta-velocidade-de-taiwan\\\/\",\"name\":\"Rid\u00edculo da ferrovia de alta velocidade de Taiwan - CRI e Diario de Pernambuco\",\"isPartOf\":{\"@id\":\"https:\\\/\\\/diariodepe.com.br\\\/cri\\\/#website\"},\"primaryImageOfPage\":{\"@id\":\"https:\\\/\\\/diariodepe.com.br\\\/cri\\\/2023\\\/04\\\/28\\\/ridiculo-da-ferrovia-de-alta-velocidade-de-taiwan\\\/#primaryimage\"},\"image\":{\"@id\":\"https:\\\/\\\/diariodepe.com.br\\\/cri\\\/2023\\\/04\\\/28\\\/ridiculo-da-ferrovia-de-alta-velocidade-de-taiwan\\\/#primaryimage\"},\"thumbnailUrl\":\"https:\\\/\\\/diariodepe.com.br\\\/cri\\\/wp-content\\\/uploads\\\/sites\\\/2\\\/2023\\\/04\\\/2023042515553383343.jpg\",\"datePublished\":\"2023-04-28T08:19:19+00:00\",\"breadcrumb\":{\"@id\":\"https:\\\/\\\/diariodepe.com.br\\\/cri\\\/2023\\\/04\\\/28\\\/ridiculo-da-ferrovia-de-alta-velocidade-de-taiwan\\\/#breadcrumb\"},\"inLanguage\":\"pt-BR\",\"potentialAction\":[{\"@type\":\"ReadAction\",\"target\":[\"https:\\\/\\\/diariodepe.com.br\\\/cri\\\/2023\\\/04\\\/28\\\/ridiculo-da-ferrovia-de-alta-velocidade-de-taiwan\\\/\"]}]},{\"@type\":\"ImageObject\",\"inLanguage\":\"pt-BR\",\"@id\":\"https:\\\/\\\/diariodepe.com.br\\\/cri\\\/2023\\\/04\\\/28\\\/ridiculo-da-ferrovia-de-alta-velocidade-de-taiwan\\\/#primaryimage\",\"url\":\"https:\\\/\\\/diariodepe.com.br\\\/cri\\\/wp-content\\\/uploads\\\/sites\\\/2\\\/2023\\\/04\\\/2023042515553383343.jpg\",\"contentUrl\":\"https:\\\/\\\/diariodepe.com.br\\\/cri\\\/wp-content\\\/uploads\\\/sites\\\/2\\\/2023\\\/04\\\/2023042515553383343.jpg\",\"width\":1000,\"height\":667},{\"@type\":\"BreadcrumbList\",\"@id\":\"https:\\\/\\\/diariodepe.com.br\\\/cri\\\/2023\\\/04\\\/28\\\/ridiculo-da-ferrovia-de-alta-velocidade-de-taiwan\\\/#breadcrumb\",\"itemListElement\":[{\"@type\":\"ListItem\",\"position\":1,\"name\":\"In\u00edcio\",\"item\":\"https:\\\/\\\/diariodepe.com.br\\\/cri\\\/\"},{\"@type\":\"ListItem\",\"position\":2,\"name\":\"Rid\u00edculo da ferrovia de alta velocidade de Taiwan\"}]},{\"@type\":\"WebSite\",\"@id\":\"https:\\\/\\\/diariodepe.com.br\\\/cri\\\/#website\",\"url\":\"https:\\\/\\\/diariodepe.com.br\\\/cri\\\/\",\"name\":\"CRI e Diario de Pernambuco\",\"description\":\"R\u00e1dio Internacional da China\",\"publisher\":{\"@id\":\"https:\\\/\\\/diariodepe.com.br\\\/cri\\\/#organization\"},\"potentialAction\":[{\"@type\":\"SearchAction\",\"target\":{\"@type\":\"EntryPoint\",\"urlTemplate\":\"https:\\\/\\\/diariodepe.com.br\\\/cri\\\/?s={search_term_string}\"},\"query-input\":{\"@type\":\"PropertyValueSpecification\",\"valueRequired\":true,\"valueName\":\"search_term_string\"}}],\"inLanguage\":\"pt-BR\"},{\"@type\":\"Organization\",\"@id\":\"https:\\\/\\\/diariodepe.com.br\\\/cri\\\/#organization\",\"name\":\"CRI e Diario de Pernambuco\",\"url\":\"https:\\\/\\\/diariodepe.com.br\\\/cri\\\/\",\"logo\":{\"@type\":\"ImageObject\",\"inLanguage\":\"pt-BR\",\"@id\":\"https:\\\/\\\/diariodepe.com.br\\\/cri\\\/#\\\/schema\\\/logo\\\/image\\\/\",\"url\":\"https:\\\/\\\/diariodepe.com.br\\\/cri\\\/wp-content\\\/uploads\\\/sites\\\/2\\\/2022\\\/12\\\/cropped-Logo.jpg\",\"contentUrl\":\"https:\\\/\\\/diariodepe.com.br\\\/cri\\\/wp-content\\\/uploads\\\/sites\\\/2\\\/2022\\\/12\\\/cropped-Logo.jpg\",\"width\":700,\"height\":59,\"caption\":\"CRI e Diario de Pernambuco\"},\"image\":{\"@id\":\"https:\\\/\\\/diariodepe.com.br\\\/cri\\\/#\\\/schema\\\/logo\\\/image\\\/\"}},{\"@type\":\"Person\",\"@id\":\"https:\\\/\\\/diariodepe.com.br\\\/cri\\\/#\\\/schema\\\/person\\\/121bb28d84f1a5b1205ef4ce9c2e0c6b\",\"name\":\"Ismael Lucas S. Pereira\",\"image\":{\"@type\":\"ImageObject\",\"inLanguage\":\"pt-BR\",\"@id\":\"https:\\\/\\\/secure.gravatar.com\\\/avatar\\\/887a0f3b5a7ceea963a48499fb883ffce6b5037362def025c52c2505b15d63e4?s=96&d=mm&r=g\",\"url\":\"https:\\\/\\\/secure.gravatar.com\\\/avatar\\\/887a0f3b5a7ceea963a48499fb883ffce6b5037362def025c52c2505b15d63e4?s=96&d=mm&r=g\",\"contentUrl\":\"https:\\\/\\\/secure.gravatar.com\\\/avatar\\\/887a0f3b5a7ceea963a48499fb883ffce6b5037362def025c52c2505b15d63e4?s=96&d=mm&r=g\",\"caption\":\"Ismael Lucas S. Pereira\"},\"url\":\"https:\\\/\\\/diariodepe.com.br\\\/cri\\\/author\\\/ismael-lucas\\\/\"}]}<\/script>\n<!-- \/ Yoast SEO plugin. -->","yoast_head_json":{"title":"Rid\u00edculo da ferrovia de alta velocidade de Taiwan - CRI e Diario de Pernambuco","robots":{"index":"index","follow":"follow","max-snippet":"max-snippet:-1","max-image-preview":"max-image-preview:large","max-video-preview":"max-video-preview:-1"},"canonical":"https:\/\/diariodepe.com.br\/cri\/2023\/04\/28\/ridiculo-da-ferrovia-de-alta-velocidade-de-taiwan\/","og_locale":"pt_BR","og_type":"article","og_title":"Rid\u00edculo da ferrovia de alta velocidade de Taiwan - CRI e Diario de Pernambuco","og_description":"A constru\u00e7\u00e3o da ferrovia de alta velocidade de Taiwan come\u00e7ou em 1999 e sua opera\u00e7\u00e3o experimental iniciou\u00a0em 2007. Em compara\u00e7\u00e3o com a abertura da primeira ferrovia interurbana de alta velocidade Beijing-Tianjin da parte continental da China, com direitos de propriedade...","og_url":"https:\/\/diariodepe.com.br\/cri\/2023\/04\/28\/ridiculo-da-ferrovia-de-alta-velocidade-de-taiwan\/","og_site_name":"CRI e Diario de Pernambuco","article_published_time":"2023-04-28T08:19:19+00:00","og_image":[{"width":1000,"height":667,"url":"https:\/\/diariodepe.com.br\/cri\/wp-content\/uploads\/sites\/2\/2023\/04\/2023042515553383343.jpg","type":"image\/jpeg"}],"author":"Ismael Lucas S. Pereira","twitter_card":"summary_large_image","twitter_misc":{"Escrito por":"Ismael Lucas S. Pereira","Est. tempo de leitura":"2 minutos"},"schema":{"@context":"https:\/\/schema.org","@graph":[{"@type":"Article","@id":"https:\/\/diariodepe.com.br\/cri\/2023\/04\/28\/ridiculo-da-ferrovia-de-alta-velocidade-de-taiwan\/#article","isPartOf":{"@id":"https:\/\/diariodepe.com.br\/cri\/2023\/04\/28\/ridiculo-da-ferrovia-de-alta-velocidade-de-taiwan\/"},"author":{"name":"Ismael Lucas S. Pereira","@id":"https:\/\/diariodepe.com.br\/cri\/#\/schema\/person\/121bb28d84f1a5b1205ef4ce9c2e0c6b"},"headline":"Rid\u00edculo da ferrovia de alta velocidade de Taiwan","datePublished":"2023-04-28T08:19:19+00:00","mainEntityOfPage":{"@id":"https:\/\/diariodepe.com.br\/cri\/2023\/04\/28\/ridiculo-da-ferrovia-de-alta-velocidade-de-taiwan\/"},"wordCount":394,"commentCount":0,"publisher":{"@id":"https:\/\/diariodepe.com.br\/cri\/#organization"},"image":{"@id":"https:\/\/diariodepe.com.br\/cri\/2023\/04\/28\/ridiculo-da-ferrovia-de-alta-velocidade-de-taiwan\/#primaryimage"},"thumbnailUrl":"https:\/\/diariodepe.com.br\/cri\/wp-content\/uploads\/sites\/2\/2023\/04\/2023042515553383343.jpg","articleSection":["China"],"inLanguage":"pt-BR","potentialAction":[{"@type":"CommentAction","name":"Comment","target":["https:\/\/diariodepe.com.br\/cri\/2023\/04\/28\/ridiculo-da-ferrovia-de-alta-velocidade-de-taiwan\/#respond"]}]},{"@type":"WebPage","@id":"https:\/\/diariodepe.com.br\/cri\/2023\/04\/28\/ridiculo-da-ferrovia-de-alta-velocidade-de-taiwan\/","url":"https:\/\/diariodepe.com.br\/cri\/2023\/04\/28\/ridiculo-da-ferrovia-de-alta-velocidade-de-taiwan\/","name":"Rid\u00edculo da ferrovia de alta velocidade de Taiwan - CRI e Diario de Pernambuco","isPartOf":{"@id":"https:\/\/diariodepe.com.br\/cri\/#website"},"primaryImageOfPage":{"@id":"https:\/\/diariodepe.com.br\/cri\/2023\/04\/28\/ridiculo-da-ferrovia-de-alta-velocidade-de-taiwan\/#primaryimage"},"image":{"@id":"https:\/\/diariodepe.com.br\/cri\/2023\/04\/28\/ridiculo-da-ferrovia-de-alta-velocidade-de-taiwan\/#primaryimage"},"thumbnailUrl":"https:\/\/diariodepe.com.br\/cri\/wp-content\/uploads\/sites\/2\/2023\/04\/2023042515553383343.jpg","datePublished":"2023-04-28T08:19:19+00:00","breadcrumb":{"@id":"https:\/\/diariodepe.com.br\/cri\/2023\/04\/28\/ridiculo-da-ferrovia-de-alta-velocidade-de-taiwan\/#breadcrumb"},"inLanguage":"pt-BR","potentialAction":[{"@type":"ReadAction","target":["https:\/\/diariodepe.com.br\/cri\/2023\/04\/28\/ridiculo-da-ferrovia-de-alta-velocidade-de-taiwan\/"]}]},{"@type":"ImageObject","inLanguage":"pt-BR","@id":"https:\/\/diariodepe.com.br\/cri\/2023\/04\/28\/ridiculo-da-ferrovia-de-alta-velocidade-de-taiwan\/#primaryimage","url":"https:\/\/diariodepe.com.br\/cri\/wp-content\/uploads\/sites\/2\/2023\/04\/2023042515553383343.jpg","contentUrl":"https:\/\/diariodepe.com.br\/cri\/wp-content\/uploads\/sites\/2\/2023\/04\/2023042515553383343.jpg","width":1000,"height":667},{"@type":"BreadcrumbList","@id":"https:\/\/diariodepe.com.br\/cri\/2023\/04\/28\/ridiculo-da-ferrovia-de-alta-velocidade-de-taiwan\/#breadcrumb","itemListElement":[{"@type":"ListItem","position":1,"name":"In\u00edcio","item":"https:\/\/diariodepe.com.br\/cri\/"},{"@type":"ListItem","position":2,"name":"Rid\u00edculo da ferrovia de alta velocidade de Taiwan"}]},{"@type":"WebSite","@id":"https:\/\/diariodepe.com.br\/cri\/#website","url":"https:\/\/diariodepe.com.br\/cri\/","name":"CRI e Diario de Pernambuco","description":"R\u00e1dio Internacional da China","publisher":{"@id":"https:\/\/diariodepe.com.br\/cri\/#organization"},"potentialAction":[{"@type":"SearchAction","target":{"@type":"EntryPoint","urlTemplate":"https:\/\/diariodepe.com.br\/cri\/?s={search_term_string}"},"query-input":{"@type":"PropertyValueSpecification","valueRequired":true,"valueName":"search_term_string"}}],"inLanguage":"pt-BR"},{"@type":"Organization","@id":"https:\/\/diariodepe.com.br\/cri\/#organization","name":"CRI e Diario de Pernambuco","url":"https:\/\/diariodepe.com.br\/cri\/","logo":{"@type":"ImageObject","inLanguage":"pt-BR","@id":"https:\/\/diariodepe.com.br\/cri\/#\/schema\/logo\/image\/","url":"https:\/\/diariodepe.com.br\/cri\/wp-content\/uploads\/sites\/2\/2022\/12\/cropped-Logo.jpg","contentUrl":"https:\/\/diariodepe.com.br\/cri\/wp-content\/uploads\/sites\/2\/2022\/12\/cropped-Logo.jpg","width":700,"height":59,"caption":"CRI e Diario de Pernambuco"},"image":{"@id":"https:\/\/diariodepe.com.br\/cri\/#\/schema\/logo\/image\/"}},{"@type":"Person","@id":"https:\/\/diariodepe.com.br\/cri\/#\/schema\/person\/121bb28d84f1a5b1205ef4ce9c2e0c6b","name":"Ismael Lucas S. Pereira","image":{"@type":"ImageObject","inLanguage":"pt-BR","@id":"https:\/\/secure.gravatar.com\/avatar\/887a0f3b5a7ceea963a48499fb883ffce6b5037362def025c52c2505b15d63e4?s=96&d=mm&r=g","url":"https:\/\/secure.gravatar.com\/avatar\/887a0f3b5a7ceea963a48499fb883ffce6b5037362def025c52c2505b15d63e4?s=96&d=mm&r=g","contentUrl":"https:\/\/secure.gravatar.com\/avatar\/887a0f3b5a7ceea963a48499fb883ffce6b5037362def025c52c2505b15d63e4?s=96&d=mm&r=g","caption":"Ismael Lucas S. Pereira"},"url":"https:\/\/diariodepe.com.br\/cri\/author\/ismael-lucas\/"}]}},"cc_featured_image_caption":{"caption_text":false,"source_text":false,"source_url":false},"amp_enabled":true,"_links":{"self":[{"href":"https:\/\/diariodepe.com.br\/cri\/wp-json\/wp\/v2\/posts\/1297","targetHints":{"allow":["GET"]}}],"collection":[{"href":"https:\/\/diariodepe.com.br\/cri\/wp-json\/wp\/v2\/posts"}],"about":[{"href":"https:\/\/diariodepe.com.br\/cri\/wp-json\/wp\/v2\/types\/post"}],"author":[{"embeddable":true,"href":"https:\/\/diariodepe.com.br\/cri\/wp-json\/wp\/v2\/users\/2"}],"replies":[{"embeddable":true,"href":"https:\/\/diariodepe.com.br\/cri\/wp-json\/wp\/v2\/comments?post=1297"}],"version-history":[{"count":1,"href":"https:\/\/diariodepe.com.br\/cri\/wp-json\/wp\/v2\/posts\/1297\/revisions"}],"predecessor-version":[{"id":1299,"href":"https:\/\/diariodepe.com.br\/cri\/wp-json\/wp\/v2\/posts\/1297\/revisions\/1299"}],"wp:featuredmedia":[{"embeddable":true,"href":"https:\/\/diariodepe.com.br\/cri\/wp-json\/wp\/v2\/media\/1298"}],"wp:attachment":[{"href":"https:\/\/diariodepe.com.br\/cri\/wp-json\/wp\/v2\/media?parent=1297"}],"wp:term":[{"taxonomy":"category","embeddable":true,"href":"https:\/\/diariodepe.com.br\/cri\/wp-json\/wp\/v2\/categories?post=1297"},{"taxonomy":"post_tag","embeddable":true,"href":"https:\/\/diariodepe.com.br\/cri\/wp-json\/wp\/v2\/tags?post=1297"}],"curies":[{"name":"wp","href":"https:\/\/api.w.org\/{rel}","templated":true}]}}