{"id":1294,"date":"2023-04-28T05:17:25","date_gmt":"2023-04-28T08:17:25","guid":{"rendered":"https:\/\/diariodepe.com.br\/cri\/?p=1294"},"modified":"2023-04-28T05:17:25","modified_gmt":"2023-04-28T08:17:25","slug":"autonomia-estrategica-ou-ser-vassalo-dos-eua-um-dilema-enfrentado-pela-europa","status":"publish","type":"post","link":"https:\/\/diariodepe.com.br\/cri\/2023\/04\/28\/autonomia-estrategica-ou-ser-vassalo-dos-eua-um-dilema-enfrentado-pela-europa\/","title":{"rendered":"Autonomia estrat\u00e9gica ou ser vassalo dos EUA, um dilema enfrentado pela Europa"},"content":{"rendered":"<p>O presidente franc\u00eas, Emmanuel Macron, declarou recentemente em diferentes ocasi\u00f5es que a Europa deve reduzir sua depend\u00eancia dos Estados Unidos e se esfor\u00e7ar para alcan\u00e7ar a autonomia estrat\u00e9gica. As observa\u00e7\u00f5es de Macron receberam uma resposta positiva do presidente do Conselho Europeu, Charles Michel, mas tamb\u00e9m resultaram em algumas d\u00favidas e cr\u00edticas.<\/p>\n<p>De fato, desenvolver pol\u00edticas independentes de seguran\u00e7a e defesa \u00e9 um objetivo perseguido constantemente pela Uni\u00e3o Europeia (UE) h\u00e1 d\u00e9cadas, sendo tamb\u00e9m um significado fundamental do mundo multipolar proposto pela UE. O conflito R\u00fassia-Ucr\u00e2nia deixou a Europa mais dependente da Organiza\u00e7\u00e3o do Tratado do Atl\u00e2ntico Norte (Otan), liderada pelos EUA, na quest\u00e3o de seguran\u00e7a. Entretanto, as pr\u00e1ticas de bullying impostas pelos EUA prejudicaram os interesses europeus, fazendo com que os l\u00edderes do continente se sentissem insatisfeitos e desamparados. \u201cSeria um erro seguir cega e sistematicamente a posi\u00e7\u00e3o estadunidense em todas as quest\u00f5es por causa da nossa alian\u00e7a com os Estados Unidos\u201d, afirmou Michel.<\/p>\n","protected":false},"excerpt":{"rendered":"<p>O presidente franc\u00eas, Emmanuel Macron, declarou recentemente em diferentes ocasi\u00f5es que a Europa deve reduzir sua depend\u00eancia dos Estados Unidos e se esfor\u00e7ar para alcan\u00e7ar a autonomia estrat\u00e9gica. As observa\u00e7\u00f5es de Macron receberam uma resposta positiva do presidente do Conselho&#8230;<\/p>\n","protected":false},"author":2,"featured_media":1295,"comment_status":"open","ping_status":"open","sticky":false,"template":"","format":"standard","meta":{"footnotes":""},"categories":[7],"tags":[],"class_list":["post-1294","post","type-post","status-publish","format-standard","has-post-thumbnail","hentry","category-visao"],"yoast_head":"<!-- This site is optimized with the Yoast SEO plugin v27.4 - https:\/\/yoast.com\/product\/yoast-seo-wordpress\/ -->\n<title>Autonomia estrat\u00e9gica ou ser vassalo dos EUA, um dilema enfrentado pela Europa - CRI e Diario de Pernambuco<\/title>\n<meta name=\"robots\" content=\"index, follow, max-snippet:-1, max-image-preview:large, max-video-preview:-1\" \/>\n<link rel=\"canonical\" href=\"https:\/\/diariodepe.com.br\/cri\/2023\/04\/28\/autonomia-estrategica-ou-ser-vassalo-dos-eua-um-dilema-enfrentado-pela-europa\/\" \/>\n<meta property=\"og:locale\" content=\"pt_BR\" \/>\n<meta property=\"og:type\" content=\"article\" \/>\n<meta property=\"og:title\" content=\"Autonomia estrat\u00e9gica ou ser vassalo dos EUA, um dilema enfrentado pela Europa - CRI e Diario de Pernambuco\" \/>\n<meta property=\"og:description\" content=\"O presidente franc\u00eas, Emmanuel Macron, declarou recentemente em diferentes ocasi\u00f5es que a Europa deve reduzir sua depend\u00eancia dos Estados Unidos e se esfor\u00e7ar para alcan\u00e7ar a autonomia estrat\u00e9gica. As observa\u00e7\u00f5es de Macron receberam uma resposta positiva do presidente do Conselho...\" \/>\n<meta property=\"og:url\" content=\"https:\/\/diariodepe.com.br\/cri\/2023\/04\/28\/autonomia-estrategica-ou-ser-vassalo-dos-eua-um-dilema-enfrentado-pela-europa\/\" \/>\n<meta property=\"og:site_name\" content=\"CRI e Diario de Pernambuco\" \/>\n<meta property=\"article:published_time\" content=\"2023-04-28T08:17:25+00:00\" \/>\n<meta property=\"og:image\" content=\"https:\/\/diariodepe.com.br\/cri\/wp-content\/uploads\/sites\/2\/2023\/04\/2023042514240141977.jpg\" \/>\n\t<meta property=\"og:image:width\" content=\"1267\" \/>\n\t<meta property=\"og:image:height\" content=\"713\" \/>\n\t<meta property=\"og:image:type\" content=\"image\/jpeg\" \/>\n<meta name=\"author\" content=\"Ismael Lucas S. Pereira\" \/>\n<meta name=\"twitter:card\" content=\"summary_large_image\" \/>\n<meta name=\"twitter:label1\" content=\"Escrito por\" \/>\n\t<meta name=\"twitter:data1\" content=\"Ismael Lucas S. Pereira\" \/>\n\t<meta name=\"twitter:label2\" content=\"Est. tempo de leitura\" \/>\n\t<meta name=\"twitter:data2\" content=\"1 minuto\" \/>\n<script type=\"application\/ld+json\" class=\"yoast-schema-graph\">{\"@context\":\"https:\\\/\\\/schema.org\",\"@graph\":[{\"@type\":\"Article\",\"@id\":\"https:\\\/\\\/diariodepe.com.br\\\/cri\\\/2023\\\/04\\\/28\\\/autonomia-estrategica-ou-ser-vassalo-dos-eua-um-dilema-enfrentado-pela-europa\\\/#article\",\"isPartOf\":{\"@id\":\"https:\\\/\\\/diariodepe.com.br\\\/cri\\\/2023\\\/04\\\/28\\\/autonomia-estrategica-ou-ser-vassalo-dos-eua-um-dilema-enfrentado-pela-europa\\\/\"},\"author\":{\"name\":\"Ismael Lucas S. Pereira\",\"@id\":\"https:\\\/\\\/diariodepe.com.br\\\/cri\\\/#\\\/schema\\\/person\\\/121bb28d84f1a5b1205ef4ce9c2e0c6b\"},\"headline\":\"Autonomia estrat\u00e9gica ou ser vassalo dos EUA, um dilema enfrentado pela Europa\",\"datePublished\":\"2023-04-28T08:17:25+00:00\",\"mainEntityOfPage\":{\"@id\":\"https:\\\/\\\/diariodepe.com.br\\\/cri\\\/2023\\\/04\\\/28\\\/autonomia-estrategica-ou-ser-vassalo-dos-eua-um-dilema-enfrentado-pela-europa\\\/\"},\"wordCount\":192,\"commentCount\":0,\"publisher\":{\"@id\":\"https:\\\/\\\/diariodepe.com.br\\\/cri\\\/#organization\"},\"image\":{\"@id\":\"https:\\\/\\\/diariodepe.com.br\\\/cri\\\/2023\\\/04\\\/28\\\/autonomia-estrategica-ou-ser-vassalo-dos-eua-um-dilema-enfrentado-pela-europa\\\/#primaryimage\"},\"thumbnailUrl\":\"https:\\\/\\\/diariodepe.com.br\\\/cri\\\/wp-content\\\/uploads\\\/sites\\\/2\\\/2023\\\/04\\\/2023042514240141977.jpg\",\"articleSection\":[\"Vis\u00e3o\"],\"inLanguage\":\"pt-BR\",\"potentialAction\":[{\"@type\":\"CommentAction\",\"name\":\"Comment\",\"target\":[\"https:\\\/\\\/diariodepe.com.br\\\/cri\\\/2023\\\/04\\\/28\\\/autonomia-estrategica-ou-ser-vassalo-dos-eua-um-dilema-enfrentado-pela-europa\\\/#respond\"]}]},{\"@type\":\"WebPage\",\"@id\":\"https:\\\/\\\/diariodepe.com.br\\\/cri\\\/2023\\\/04\\\/28\\\/autonomia-estrategica-ou-ser-vassalo-dos-eua-um-dilema-enfrentado-pela-europa\\\/\",\"url\":\"https:\\\/\\\/diariodepe.com.br\\\/cri\\\/2023\\\/04\\\/28\\\/autonomia-estrategica-ou-ser-vassalo-dos-eua-um-dilema-enfrentado-pela-europa\\\/\",\"name\":\"Autonomia estrat\u00e9gica ou ser vassalo dos EUA, um dilema enfrentado pela Europa - CRI e Diario de Pernambuco\",\"isPartOf\":{\"@id\":\"https:\\\/\\\/diariodepe.com.br\\\/cri\\\/#website\"},\"primaryImageOfPage\":{\"@id\":\"https:\\\/\\\/diariodepe.com.br\\\/cri\\\/2023\\\/04\\\/28\\\/autonomia-estrategica-ou-ser-vassalo-dos-eua-um-dilema-enfrentado-pela-europa\\\/#primaryimage\"},\"image\":{\"@id\":\"https:\\\/\\\/diariodepe.com.br\\\/cri\\\/2023\\\/04\\\/28\\\/autonomia-estrategica-ou-ser-vassalo-dos-eua-um-dilema-enfrentado-pela-europa\\\/#primaryimage\"},\"thumbnailUrl\":\"https:\\\/\\\/diariodepe.com.br\\\/cri\\\/wp-content\\\/uploads\\\/sites\\\/2\\\/2023\\\/04\\\/2023042514240141977.jpg\",\"datePublished\":\"2023-04-28T08:17:25+00:00\",\"breadcrumb\":{\"@id\":\"https:\\\/\\\/diariodepe.com.br\\\/cri\\\/2023\\\/04\\\/28\\\/autonomia-estrategica-ou-ser-vassalo-dos-eua-um-dilema-enfrentado-pela-europa\\\/#breadcrumb\"},\"inLanguage\":\"pt-BR\",\"potentialAction\":[{\"@type\":\"ReadAction\",\"target\":[\"https:\\\/\\\/diariodepe.com.br\\\/cri\\\/2023\\\/04\\\/28\\\/autonomia-estrategica-ou-ser-vassalo-dos-eua-um-dilema-enfrentado-pela-europa\\\/\"]}]},{\"@type\":\"ImageObject\",\"inLanguage\":\"pt-BR\",\"@id\":\"https:\\\/\\\/diariodepe.com.br\\\/cri\\\/2023\\\/04\\\/28\\\/autonomia-estrategica-ou-ser-vassalo-dos-eua-um-dilema-enfrentado-pela-europa\\\/#primaryimage\",\"url\":\"https:\\\/\\\/diariodepe.com.br\\\/cri\\\/wp-content\\\/uploads\\\/sites\\\/2\\\/2023\\\/04\\\/2023042514240141977.jpg\",\"contentUrl\":\"https:\\\/\\\/diariodepe.com.br\\\/cri\\\/wp-content\\\/uploads\\\/sites\\\/2\\\/2023\\\/04\\\/2023042514240141977.jpg\",\"width\":1267,\"height\":713},{\"@type\":\"BreadcrumbList\",\"@id\":\"https:\\\/\\\/diariodepe.com.br\\\/cri\\\/2023\\\/04\\\/28\\\/autonomia-estrategica-ou-ser-vassalo-dos-eua-um-dilema-enfrentado-pela-europa\\\/#breadcrumb\",\"itemListElement\":[{\"@type\":\"ListItem\",\"position\":1,\"name\":\"In\u00edcio\",\"item\":\"https:\\\/\\\/diariodepe.com.br\\\/cri\\\/\"},{\"@type\":\"ListItem\",\"position\":2,\"name\":\"Autonomia estrat\u00e9gica ou ser vassalo dos EUA, um dilema enfrentado pela Europa\"}]},{\"@type\":\"WebSite\",\"@id\":\"https:\\\/\\\/diariodepe.com.br\\\/cri\\\/#website\",\"url\":\"https:\\\/\\\/diariodepe.com.br\\\/cri\\\/\",\"name\":\"CRI e Diario de Pernambuco\",\"description\":\"R\u00e1dio Internacional da China\",\"publisher\":{\"@id\":\"https:\\\/\\\/diariodepe.com.br\\\/cri\\\/#organization\"},\"potentialAction\":[{\"@type\":\"SearchAction\",\"target\":{\"@type\":\"EntryPoint\",\"urlTemplate\":\"https:\\\/\\\/diariodepe.com.br\\\/cri\\\/?s={search_term_string}\"},\"query-input\":{\"@type\":\"PropertyValueSpecification\",\"valueRequired\":true,\"valueName\":\"search_term_string\"}}],\"inLanguage\":\"pt-BR\"},{\"@type\":\"Organization\",\"@id\":\"https:\\\/\\\/diariodepe.com.br\\\/cri\\\/#organization\",\"name\":\"CRI e Diario de Pernambuco\",\"url\":\"https:\\\/\\\/diariodepe.com.br\\\/cri\\\/\",\"logo\":{\"@type\":\"ImageObject\",\"inLanguage\":\"pt-BR\",\"@id\":\"https:\\\/\\\/diariodepe.com.br\\\/cri\\\/#\\\/schema\\\/logo\\\/image\\\/\",\"url\":\"https:\\\/\\\/diariodepe.com.br\\\/cri\\\/wp-content\\\/uploads\\\/sites\\\/2\\\/2022\\\/12\\\/cropped-Logo.jpg\",\"contentUrl\":\"https:\\\/\\\/diariodepe.com.br\\\/cri\\\/wp-content\\\/uploads\\\/sites\\\/2\\\/2022\\\/12\\\/cropped-Logo.jpg\",\"width\":700,\"height\":59,\"caption\":\"CRI e Diario de Pernambuco\"},\"image\":{\"@id\":\"https:\\\/\\\/diariodepe.com.br\\\/cri\\\/#\\\/schema\\\/logo\\\/image\\\/\"}},{\"@type\":\"Person\",\"@id\":\"https:\\\/\\\/diariodepe.com.br\\\/cri\\\/#\\\/schema\\\/person\\\/121bb28d84f1a5b1205ef4ce9c2e0c6b\",\"name\":\"Ismael Lucas S. Pereira\",\"image\":{\"@type\":\"ImageObject\",\"inLanguage\":\"pt-BR\",\"@id\":\"https:\\\/\\\/secure.gravatar.com\\\/avatar\\\/887a0f3b5a7ceea963a48499fb883ffce6b5037362def025c52c2505b15d63e4?s=96&d=mm&r=g\",\"url\":\"https:\\\/\\\/secure.gravatar.com\\\/avatar\\\/887a0f3b5a7ceea963a48499fb883ffce6b5037362def025c52c2505b15d63e4?s=96&d=mm&r=g\",\"contentUrl\":\"https:\\\/\\\/secure.gravatar.com\\\/avatar\\\/887a0f3b5a7ceea963a48499fb883ffce6b5037362def025c52c2505b15d63e4?s=96&d=mm&r=g\",\"caption\":\"Ismael Lucas S. Pereira\"},\"url\":\"https:\\\/\\\/diariodepe.com.br\\\/cri\\\/author\\\/ismael-lucas\\\/\"}]}<\/script>\n<!-- \/ Yoast SEO plugin. -->","yoast_head_json":{"title":"Autonomia estrat\u00e9gica ou ser vassalo dos EUA, um dilema enfrentado pela Europa - CRI e Diario de Pernambuco","robots":{"index":"index","follow":"follow","max-snippet":"max-snippet:-1","max-image-preview":"max-image-preview:large","max-video-preview":"max-video-preview:-1"},"canonical":"https:\/\/diariodepe.com.br\/cri\/2023\/04\/28\/autonomia-estrategica-ou-ser-vassalo-dos-eua-um-dilema-enfrentado-pela-europa\/","og_locale":"pt_BR","og_type":"article","og_title":"Autonomia estrat\u00e9gica ou ser vassalo dos EUA, um dilema enfrentado pela Europa - CRI e Diario de Pernambuco","og_description":"O presidente franc\u00eas, Emmanuel Macron, declarou recentemente em diferentes ocasi\u00f5es que a Europa deve reduzir sua depend\u00eancia dos Estados Unidos e se esfor\u00e7ar para alcan\u00e7ar a autonomia estrat\u00e9gica. As observa\u00e7\u00f5es de Macron receberam uma resposta positiva do presidente do Conselho...","og_url":"https:\/\/diariodepe.com.br\/cri\/2023\/04\/28\/autonomia-estrategica-ou-ser-vassalo-dos-eua-um-dilema-enfrentado-pela-europa\/","og_site_name":"CRI e Diario de Pernambuco","article_published_time":"2023-04-28T08:17:25+00:00","og_image":[{"width":1267,"height":713,"url":"https:\/\/diariodepe.com.br\/cri\/wp-content\/uploads\/sites\/2\/2023\/04\/2023042514240141977.jpg","type":"image\/jpeg"}],"author":"Ismael Lucas S. Pereira","twitter_card":"summary_large_image","twitter_misc":{"Escrito por":"Ismael Lucas S. Pereira","Est. tempo de leitura":"1 minuto"},"schema":{"@context":"https:\/\/schema.org","@graph":[{"@type":"Article","@id":"https:\/\/diariodepe.com.br\/cri\/2023\/04\/28\/autonomia-estrategica-ou-ser-vassalo-dos-eua-um-dilema-enfrentado-pela-europa\/#article","isPartOf":{"@id":"https:\/\/diariodepe.com.br\/cri\/2023\/04\/28\/autonomia-estrategica-ou-ser-vassalo-dos-eua-um-dilema-enfrentado-pela-europa\/"},"author":{"name":"Ismael Lucas S. Pereira","@id":"https:\/\/diariodepe.com.br\/cri\/#\/schema\/person\/121bb28d84f1a5b1205ef4ce9c2e0c6b"},"headline":"Autonomia estrat\u00e9gica ou ser vassalo dos EUA, um dilema enfrentado pela Europa","datePublished":"2023-04-28T08:17:25+00:00","mainEntityOfPage":{"@id":"https:\/\/diariodepe.com.br\/cri\/2023\/04\/28\/autonomia-estrategica-ou-ser-vassalo-dos-eua-um-dilema-enfrentado-pela-europa\/"},"wordCount":192,"commentCount":0,"publisher":{"@id":"https:\/\/diariodepe.com.br\/cri\/#organization"},"image":{"@id":"https:\/\/diariodepe.com.br\/cri\/2023\/04\/28\/autonomia-estrategica-ou-ser-vassalo-dos-eua-um-dilema-enfrentado-pela-europa\/#primaryimage"},"thumbnailUrl":"https:\/\/diariodepe.com.br\/cri\/wp-content\/uploads\/sites\/2\/2023\/04\/2023042514240141977.jpg","articleSection":["Vis\u00e3o"],"inLanguage":"pt-BR","potentialAction":[{"@type":"CommentAction","name":"Comment","target":["https:\/\/diariodepe.com.br\/cri\/2023\/04\/28\/autonomia-estrategica-ou-ser-vassalo-dos-eua-um-dilema-enfrentado-pela-europa\/#respond"]}]},{"@type":"WebPage","@id":"https:\/\/diariodepe.com.br\/cri\/2023\/04\/28\/autonomia-estrategica-ou-ser-vassalo-dos-eua-um-dilema-enfrentado-pela-europa\/","url":"https:\/\/diariodepe.com.br\/cri\/2023\/04\/28\/autonomia-estrategica-ou-ser-vassalo-dos-eua-um-dilema-enfrentado-pela-europa\/","name":"Autonomia estrat\u00e9gica ou ser vassalo dos EUA, um dilema enfrentado pela Europa - CRI e Diario de Pernambuco","isPartOf":{"@id":"https:\/\/diariodepe.com.br\/cri\/#website"},"primaryImageOfPage":{"@id":"https:\/\/diariodepe.com.br\/cri\/2023\/04\/28\/autonomia-estrategica-ou-ser-vassalo-dos-eua-um-dilema-enfrentado-pela-europa\/#primaryimage"},"image":{"@id":"https:\/\/diariodepe.com.br\/cri\/2023\/04\/28\/autonomia-estrategica-ou-ser-vassalo-dos-eua-um-dilema-enfrentado-pela-europa\/#primaryimage"},"thumbnailUrl":"https:\/\/diariodepe.com.br\/cri\/wp-content\/uploads\/sites\/2\/2023\/04\/2023042514240141977.jpg","datePublished":"2023-04-28T08:17:25+00:00","breadcrumb":{"@id":"https:\/\/diariodepe.com.br\/cri\/2023\/04\/28\/autonomia-estrategica-ou-ser-vassalo-dos-eua-um-dilema-enfrentado-pela-europa\/#breadcrumb"},"inLanguage":"pt-BR","potentialAction":[{"@type":"ReadAction","target":["https:\/\/diariodepe.com.br\/cri\/2023\/04\/28\/autonomia-estrategica-ou-ser-vassalo-dos-eua-um-dilema-enfrentado-pela-europa\/"]}]},{"@type":"ImageObject","inLanguage":"pt-BR","@id":"https:\/\/diariodepe.com.br\/cri\/2023\/04\/28\/autonomia-estrategica-ou-ser-vassalo-dos-eua-um-dilema-enfrentado-pela-europa\/#primaryimage","url":"https:\/\/diariodepe.com.br\/cri\/wp-content\/uploads\/sites\/2\/2023\/04\/2023042514240141977.jpg","contentUrl":"https:\/\/diariodepe.com.br\/cri\/wp-content\/uploads\/sites\/2\/2023\/04\/2023042514240141977.jpg","width":1267,"height":713},{"@type":"BreadcrumbList","@id":"https:\/\/diariodepe.com.br\/cri\/2023\/04\/28\/autonomia-estrategica-ou-ser-vassalo-dos-eua-um-dilema-enfrentado-pela-europa\/#breadcrumb","itemListElement":[{"@type":"ListItem","position":1,"name":"In\u00edcio","item":"https:\/\/diariodepe.com.br\/cri\/"},{"@type":"ListItem","position":2,"name":"Autonomia estrat\u00e9gica ou ser vassalo dos EUA, um dilema enfrentado pela Europa"}]},{"@type":"WebSite","@id":"https:\/\/diariodepe.com.br\/cri\/#website","url":"https:\/\/diariodepe.com.br\/cri\/","name":"CRI e Diario de Pernambuco","description":"R\u00e1dio Internacional da China","publisher":{"@id":"https:\/\/diariodepe.com.br\/cri\/#organization"},"potentialAction":[{"@type":"SearchAction","target":{"@type":"EntryPoint","urlTemplate":"https:\/\/diariodepe.com.br\/cri\/?s={search_term_string}"},"query-input":{"@type":"PropertyValueSpecification","valueRequired":true,"valueName":"search_term_string"}}],"inLanguage":"pt-BR"},{"@type":"Organization","@id":"https:\/\/diariodepe.com.br\/cri\/#organization","name":"CRI e Diario de Pernambuco","url":"https:\/\/diariodepe.com.br\/cri\/","logo":{"@type":"ImageObject","inLanguage":"pt-BR","@id":"https:\/\/diariodepe.com.br\/cri\/#\/schema\/logo\/image\/","url":"https:\/\/diariodepe.com.br\/cri\/wp-content\/uploads\/sites\/2\/2022\/12\/cropped-Logo.jpg","contentUrl":"https:\/\/diariodepe.com.br\/cri\/wp-content\/uploads\/sites\/2\/2022\/12\/cropped-Logo.jpg","width":700,"height":59,"caption":"CRI e Diario de Pernambuco"},"image":{"@id":"https:\/\/diariodepe.com.br\/cri\/#\/schema\/logo\/image\/"}},{"@type":"Person","@id":"https:\/\/diariodepe.com.br\/cri\/#\/schema\/person\/121bb28d84f1a5b1205ef4ce9c2e0c6b","name":"Ismael Lucas S. Pereira","image":{"@type":"ImageObject","inLanguage":"pt-BR","@id":"https:\/\/secure.gravatar.com\/avatar\/887a0f3b5a7ceea963a48499fb883ffce6b5037362def025c52c2505b15d63e4?s=96&d=mm&r=g","url":"https:\/\/secure.gravatar.com\/avatar\/887a0f3b5a7ceea963a48499fb883ffce6b5037362def025c52c2505b15d63e4?s=96&d=mm&r=g","contentUrl":"https:\/\/secure.gravatar.com\/avatar\/887a0f3b5a7ceea963a48499fb883ffce6b5037362def025c52c2505b15d63e4?s=96&d=mm&r=g","caption":"Ismael Lucas S. Pereira"},"url":"https:\/\/diariodepe.com.br\/cri\/author\/ismael-lucas\/"}]}},"cc_featured_image_caption":{"caption_text":false,"source_text":false,"source_url":false},"amp_enabled":true,"_links":{"self":[{"href":"https:\/\/diariodepe.com.br\/cri\/wp-json\/wp\/v2\/posts\/1294","targetHints":{"allow":["GET"]}}],"collection":[{"href":"https:\/\/diariodepe.com.br\/cri\/wp-json\/wp\/v2\/posts"}],"about":[{"href":"https:\/\/diariodepe.com.br\/cri\/wp-json\/wp\/v2\/types\/post"}],"author":[{"embeddable":true,"href":"https:\/\/diariodepe.com.br\/cri\/wp-json\/wp\/v2\/users\/2"}],"replies":[{"embeddable":true,"href":"https:\/\/diariodepe.com.br\/cri\/wp-json\/wp\/v2\/comments?post=1294"}],"version-history":[{"count":1,"href":"https:\/\/diariodepe.com.br\/cri\/wp-json\/wp\/v2\/posts\/1294\/revisions"}],"predecessor-version":[{"id":1296,"href":"https:\/\/diariodepe.com.br\/cri\/wp-json\/wp\/v2\/posts\/1294\/revisions\/1296"}],"wp:featuredmedia":[{"embeddable":true,"href":"https:\/\/diariodepe.com.br\/cri\/wp-json\/wp\/v2\/media\/1295"}],"wp:attachment":[{"href":"https:\/\/diariodepe.com.br\/cri\/wp-json\/wp\/v2\/media?parent=1294"}],"wp:term":[{"taxonomy":"category","embeddable":true,"href":"https:\/\/diariodepe.com.br\/cri\/wp-json\/wp\/v2\/categories?post=1294"},{"taxonomy":"post_tag","embeddable":true,"href":"https:\/\/diariodepe.com.br\/cri\/wp-json\/wp\/v2\/tags?post=1294"}],"curies":[{"name":"wp","href":"https:\/\/api.w.org\/{rel}","templated":true}]}}