{"id":1255,"date":"2023-04-24T23:54:29","date_gmt":"2023-04-25T02:54:29","guid":{"rendered":"https:\/\/diariodepe.com.br\/cri\/?p=1255"},"modified":"2023-04-24T23:54:29","modified_gmt":"2023-04-25T02:54:29","slug":"vendas-online-de-produtos-brasileiros-aumentam-921-na-semana-do-comercio-eletronico","status":"publish","type":"post","link":"https:\/\/diariodepe.com.br\/cri\/2023\/04\/24\/vendas-online-de-produtos-brasileiros-aumentam-921-na-semana-do-comercio-eletronico\/","title":{"rendered":"Vendas online de produtos brasileiros aumentam 92,1% na \u201csemana do com\u00e9rcio eletr\u00f4nico\u201d"},"content":{"rendered":"<p>O Minist\u00e9rio do Com\u00e9rcio da China organizou nos \u00faltimos dias um evento chamado de \u201cSemana do Com\u00e9rcio Eletr\u00f4nico Brasileiro\u201d, visando impulsionar a venda de produtos caracter\u00edsticos e de alta qualidade do Brasil por meio de uma s\u00e9rie de atividades de promo\u00e7\u00e3o e mostra.<\/p>\n<p>Os dados revelam que, entre 14 e 19 deste m\u00eas, as vendas no varejo online de produtos brasileiros aumentaram 92,1% em rela\u00e7\u00e3o ao ano anterior. Os produtos ap\u00edcolas do Brasil, como pr\u00f3polis, carne bovina, a\u00e7a\u00ed em p\u00f3, gr\u00e3os de caf\u00e9 e muitos outros itens registraram crescimento na comercializa\u00e7\u00e3o, com alta, respectivamente, de 200,5%, 77,6%, 73,7% e 59,1%.<\/p>\n<p>Durante o evento, a cidade chinesa de Shanghai tamb\u00e9m realizou v\u00e1rias atividades tem\u00e1ticas para degustar comidas, vinhos e caf\u00e9 do Brasil.<\/p>\n","protected":false},"excerpt":{"rendered":"<p>O Minist\u00e9rio do Com\u00e9rcio da China organizou nos \u00faltimos dias um evento chamado de \u201cSemana do Com\u00e9rcio Eletr\u00f4nico Brasileiro\u201d, visando impulsionar a venda de produtos caracter\u00edsticos e de alta qualidade do Brasil por meio de uma s\u00e9rie de atividades de&#8230;<\/p>\n","protected":false},"author":2,"featured_media":0,"comment_status":"open","ping_status":"open","sticky":false,"template":"","format":"standard","meta":{"footnotes":""},"categories":[3],"tags":[],"class_list":["post-1255","post","type-post","status-publish","format-standard","hentry","category-china"],"yoast_head":"<!-- This site is optimized with the Yoast SEO plugin v27.4 - https:\/\/yoast.com\/product\/yoast-seo-wordpress\/ -->\n<title>Vendas online de produtos brasileiros aumentam 92,1% na \u201csemana do com\u00e9rcio eletr\u00f4nico\u201d - CRI e Diario de Pernambuco<\/title>\n<meta name=\"robots\" content=\"index, follow, max-snippet:-1, max-image-preview:large, max-video-preview:-1\" \/>\n<link rel=\"canonical\" href=\"https:\/\/diariodepe.com.br\/cri\/2023\/04\/24\/vendas-online-de-produtos-brasileiros-aumentam-921-na-semana-do-comercio-eletronico\/\" \/>\n<meta property=\"og:locale\" content=\"pt_BR\" \/>\n<meta property=\"og:type\" content=\"article\" \/>\n<meta property=\"og:title\" content=\"Vendas online de produtos brasileiros aumentam 92,1% na \u201csemana do com\u00e9rcio eletr\u00f4nico\u201d - CRI e Diario de Pernambuco\" \/>\n<meta property=\"og:description\" content=\"O Minist\u00e9rio do Com\u00e9rcio da China organizou nos \u00faltimos dias um evento chamado de \u201cSemana do Com\u00e9rcio Eletr\u00f4nico Brasileiro\u201d, visando impulsionar a venda de produtos caracter\u00edsticos e de alta qualidade do Brasil por meio de uma s\u00e9rie de atividades de...\" \/>\n<meta property=\"og:url\" content=\"https:\/\/diariodepe.com.br\/cri\/2023\/04\/24\/vendas-online-de-produtos-brasileiros-aumentam-921-na-semana-do-comercio-eletronico\/\" \/>\n<meta property=\"og:site_name\" content=\"CRI e Diario de Pernambuco\" \/>\n<meta property=\"article:published_time\" content=\"2023-04-25T02:54:29+00:00\" \/>\n<meta name=\"author\" content=\"Ismael Lucas S. Pereira\" \/>\n<meta name=\"twitter:card\" content=\"summary_large_image\" \/>\n<meta name=\"twitter:label1\" content=\"Escrito por\" \/>\n\t<meta name=\"twitter:data1\" content=\"Ismael Lucas S. Pereira\" \/>\n\t<meta name=\"twitter:label2\" content=\"Est. tempo de leitura\" \/>\n\t<meta name=\"twitter:data2\" content=\"1 minuto\" \/>\n<script type=\"application\/ld+json\" class=\"yoast-schema-graph\">{\"@context\":\"https:\\\/\\\/schema.org\",\"@graph\":[{\"@type\":\"Article\",\"@id\":\"https:\\\/\\\/diariodepe.com.br\\\/cri\\\/2023\\\/04\\\/24\\\/vendas-online-de-produtos-brasileiros-aumentam-921-na-semana-do-comercio-eletronico\\\/#article\",\"isPartOf\":{\"@id\":\"https:\\\/\\\/diariodepe.com.br\\\/cri\\\/2023\\\/04\\\/24\\\/vendas-online-de-produtos-brasileiros-aumentam-921-na-semana-do-comercio-eletronico\\\/\"},\"author\":{\"name\":\"Ismael Lucas S. Pereira\",\"@id\":\"https:\\\/\\\/diariodepe.com.br\\\/cri\\\/#\\\/schema\\\/person\\\/121bb28d84f1a5b1205ef4ce9c2e0c6b\"},\"headline\":\"Vendas online de produtos brasileiros aumentam 92,1% na \u201csemana do com\u00e9rcio eletr\u00f4nico\u201d\",\"datePublished\":\"2023-04-25T02:54:29+00:00\",\"mainEntityOfPage\":{\"@id\":\"https:\\\/\\\/diariodepe.com.br\\\/cri\\\/2023\\\/04\\\/24\\\/vendas-online-de-produtos-brasileiros-aumentam-921-na-semana-do-comercio-eletronico\\\/\"},\"wordCount\":144,\"commentCount\":0,\"publisher\":{\"@id\":\"https:\\\/\\\/diariodepe.com.br\\\/cri\\\/#organization\"},\"articleSection\":[\"China\"],\"inLanguage\":\"pt-BR\",\"potentialAction\":[{\"@type\":\"CommentAction\",\"name\":\"Comment\",\"target\":[\"https:\\\/\\\/diariodepe.com.br\\\/cri\\\/2023\\\/04\\\/24\\\/vendas-online-de-produtos-brasileiros-aumentam-921-na-semana-do-comercio-eletronico\\\/#respond\"]}]},{\"@type\":\"WebPage\",\"@id\":\"https:\\\/\\\/diariodepe.com.br\\\/cri\\\/2023\\\/04\\\/24\\\/vendas-online-de-produtos-brasileiros-aumentam-921-na-semana-do-comercio-eletronico\\\/\",\"url\":\"https:\\\/\\\/diariodepe.com.br\\\/cri\\\/2023\\\/04\\\/24\\\/vendas-online-de-produtos-brasileiros-aumentam-921-na-semana-do-comercio-eletronico\\\/\",\"name\":\"Vendas online de produtos brasileiros aumentam 92,1% na \u201csemana do com\u00e9rcio eletr\u00f4nico\u201d - CRI e Diario de Pernambuco\",\"isPartOf\":{\"@id\":\"https:\\\/\\\/diariodepe.com.br\\\/cri\\\/#website\"},\"datePublished\":\"2023-04-25T02:54:29+00:00\",\"breadcrumb\":{\"@id\":\"https:\\\/\\\/diariodepe.com.br\\\/cri\\\/2023\\\/04\\\/24\\\/vendas-online-de-produtos-brasileiros-aumentam-921-na-semana-do-comercio-eletronico\\\/#breadcrumb\"},\"inLanguage\":\"pt-BR\",\"potentialAction\":[{\"@type\":\"ReadAction\",\"target\":[\"https:\\\/\\\/diariodepe.com.br\\\/cri\\\/2023\\\/04\\\/24\\\/vendas-online-de-produtos-brasileiros-aumentam-921-na-semana-do-comercio-eletronico\\\/\"]}]},{\"@type\":\"BreadcrumbList\",\"@id\":\"https:\\\/\\\/diariodepe.com.br\\\/cri\\\/2023\\\/04\\\/24\\\/vendas-online-de-produtos-brasileiros-aumentam-921-na-semana-do-comercio-eletronico\\\/#breadcrumb\",\"itemListElement\":[{\"@type\":\"ListItem\",\"position\":1,\"name\":\"In\u00edcio\",\"item\":\"https:\\\/\\\/diariodepe.com.br\\\/cri\\\/\"},{\"@type\":\"ListItem\",\"position\":2,\"name\":\"Vendas online de produtos brasileiros aumentam 92,1% na \u201csemana do com\u00e9rcio eletr\u00f4nico\u201d\"}]},{\"@type\":\"WebSite\",\"@id\":\"https:\\\/\\\/diariodepe.com.br\\\/cri\\\/#website\",\"url\":\"https:\\\/\\\/diariodepe.com.br\\\/cri\\\/\",\"name\":\"CRI e Diario de Pernambuco\",\"description\":\"R\u00e1dio Internacional da China\",\"publisher\":{\"@id\":\"https:\\\/\\\/diariodepe.com.br\\\/cri\\\/#organization\"},\"potentialAction\":[{\"@type\":\"SearchAction\",\"target\":{\"@type\":\"EntryPoint\",\"urlTemplate\":\"https:\\\/\\\/diariodepe.com.br\\\/cri\\\/?s={search_term_string}\"},\"query-input\":{\"@type\":\"PropertyValueSpecification\",\"valueRequired\":true,\"valueName\":\"search_term_string\"}}],\"inLanguage\":\"pt-BR\"},{\"@type\":\"Organization\",\"@id\":\"https:\\\/\\\/diariodepe.com.br\\\/cri\\\/#organization\",\"name\":\"CRI e Diario de Pernambuco\",\"url\":\"https:\\\/\\\/diariodepe.com.br\\\/cri\\\/\",\"logo\":{\"@type\":\"ImageObject\",\"inLanguage\":\"pt-BR\",\"@id\":\"https:\\\/\\\/diariodepe.com.br\\\/cri\\\/#\\\/schema\\\/logo\\\/image\\\/\",\"url\":\"https:\\\/\\\/diariodepe.com.br\\\/cri\\\/wp-content\\\/uploads\\\/sites\\\/2\\\/2022\\\/12\\\/cropped-Logo.jpg\",\"contentUrl\":\"https:\\\/\\\/diariodepe.com.br\\\/cri\\\/wp-content\\\/uploads\\\/sites\\\/2\\\/2022\\\/12\\\/cropped-Logo.jpg\",\"width\":700,\"height\":59,\"caption\":\"CRI e Diario de Pernambuco\"},\"image\":{\"@id\":\"https:\\\/\\\/diariodepe.com.br\\\/cri\\\/#\\\/schema\\\/logo\\\/image\\\/\"}},{\"@type\":\"Person\",\"@id\":\"https:\\\/\\\/diariodepe.com.br\\\/cri\\\/#\\\/schema\\\/person\\\/121bb28d84f1a5b1205ef4ce9c2e0c6b\",\"name\":\"Ismael Lucas S. Pereira\",\"image\":{\"@type\":\"ImageObject\",\"inLanguage\":\"pt-BR\",\"@id\":\"https:\\\/\\\/secure.gravatar.com\\\/avatar\\\/887a0f3b5a7ceea963a48499fb883ffce6b5037362def025c52c2505b15d63e4?s=96&d=mm&r=g\",\"url\":\"https:\\\/\\\/secure.gravatar.com\\\/avatar\\\/887a0f3b5a7ceea963a48499fb883ffce6b5037362def025c52c2505b15d63e4?s=96&d=mm&r=g\",\"contentUrl\":\"https:\\\/\\\/secure.gravatar.com\\\/avatar\\\/887a0f3b5a7ceea963a48499fb883ffce6b5037362def025c52c2505b15d63e4?s=96&d=mm&r=g\",\"caption\":\"Ismael Lucas S. Pereira\"},\"url\":\"https:\\\/\\\/diariodepe.com.br\\\/cri\\\/author\\\/ismael-lucas\\\/\"}]}<\/script>\n<!-- \/ Yoast SEO plugin. -->","yoast_head_json":{"title":"Vendas online de produtos brasileiros aumentam 92,1% na \u201csemana do com\u00e9rcio eletr\u00f4nico\u201d - CRI e Diario de Pernambuco","robots":{"index":"index","follow":"follow","max-snippet":"max-snippet:-1","max-image-preview":"max-image-preview:large","max-video-preview":"max-video-preview:-1"},"canonical":"https:\/\/diariodepe.com.br\/cri\/2023\/04\/24\/vendas-online-de-produtos-brasileiros-aumentam-921-na-semana-do-comercio-eletronico\/","og_locale":"pt_BR","og_type":"article","og_title":"Vendas online de produtos brasileiros aumentam 92,1% na \u201csemana do com\u00e9rcio eletr\u00f4nico\u201d - CRI e Diario de Pernambuco","og_description":"O Minist\u00e9rio do Com\u00e9rcio da China organizou nos \u00faltimos dias um evento chamado de \u201cSemana do Com\u00e9rcio Eletr\u00f4nico Brasileiro\u201d, visando impulsionar a venda de produtos caracter\u00edsticos e de alta qualidade do Brasil por meio de uma s\u00e9rie de atividades de...","og_url":"https:\/\/diariodepe.com.br\/cri\/2023\/04\/24\/vendas-online-de-produtos-brasileiros-aumentam-921-na-semana-do-comercio-eletronico\/","og_site_name":"CRI e Diario de Pernambuco","article_published_time":"2023-04-25T02:54:29+00:00","author":"Ismael Lucas S. Pereira","twitter_card":"summary_large_image","twitter_misc":{"Escrito por":"Ismael Lucas S. Pereira","Est. tempo de leitura":"1 minuto"},"schema":{"@context":"https:\/\/schema.org","@graph":[{"@type":"Article","@id":"https:\/\/diariodepe.com.br\/cri\/2023\/04\/24\/vendas-online-de-produtos-brasileiros-aumentam-921-na-semana-do-comercio-eletronico\/#article","isPartOf":{"@id":"https:\/\/diariodepe.com.br\/cri\/2023\/04\/24\/vendas-online-de-produtos-brasileiros-aumentam-921-na-semana-do-comercio-eletronico\/"},"author":{"name":"Ismael Lucas S. Pereira","@id":"https:\/\/diariodepe.com.br\/cri\/#\/schema\/person\/121bb28d84f1a5b1205ef4ce9c2e0c6b"},"headline":"Vendas online de produtos brasileiros aumentam 92,1% na \u201csemana do com\u00e9rcio eletr\u00f4nico\u201d","datePublished":"2023-04-25T02:54:29+00:00","mainEntityOfPage":{"@id":"https:\/\/diariodepe.com.br\/cri\/2023\/04\/24\/vendas-online-de-produtos-brasileiros-aumentam-921-na-semana-do-comercio-eletronico\/"},"wordCount":144,"commentCount":0,"publisher":{"@id":"https:\/\/diariodepe.com.br\/cri\/#organization"},"articleSection":["China"],"inLanguage":"pt-BR","potentialAction":[{"@type":"CommentAction","name":"Comment","target":["https:\/\/diariodepe.com.br\/cri\/2023\/04\/24\/vendas-online-de-produtos-brasileiros-aumentam-921-na-semana-do-comercio-eletronico\/#respond"]}]},{"@type":"WebPage","@id":"https:\/\/diariodepe.com.br\/cri\/2023\/04\/24\/vendas-online-de-produtos-brasileiros-aumentam-921-na-semana-do-comercio-eletronico\/","url":"https:\/\/diariodepe.com.br\/cri\/2023\/04\/24\/vendas-online-de-produtos-brasileiros-aumentam-921-na-semana-do-comercio-eletronico\/","name":"Vendas online de produtos brasileiros aumentam 92,1% na \u201csemana do com\u00e9rcio eletr\u00f4nico\u201d - CRI e Diario de Pernambuco","isPartOf":{"@id":"https:\/\/diariodepe.com.br\/cri\/#website"},"datePublished":"2023-04-25T02:54:29+00:00","breadcrumb":{"@id":"https:\/\/diariodepe.com.br\/cri\/2023\/04\/24\/vendas-online-de-produtos-brasileiros-aumentam-921-na-semana-do-comercio-eletronico\/#breadcrumb"},"inLanguage":"pt-BR","potentialAction":[{"@type":"ReadAction","target":["https:\/\/diariodepe.com.br\/cri\/2023\/04\/24\/vendas-online-de-produtos-brasileiros-aumentam-921-na-semana-do-comercio-eletronico\/"]}]},{"@type":"BreadcrumbList","@id":"https:\/\/diariodepe.com.br\/cri\/2023\/04\/24\/vendas-online-de-produtos-brasileiros-aumentam-921-na-semana-do-comercio-eletronico\/#breadcrumb","itemListElement":[{"@type":"ListItem","position":1,"name":"In\u00edcio","item":"https:\/\/diariodepe.com.br\/cri\/"},{"@type":"ListItem","position":2,"name":"Vendas online de produtos brasileiros aumentam 92,1% na \u201csemana do com\u00e9rcio eletr\u00f4nico\u201d"}]},{"@type":"WebSite","@id":"https:\/\/diariodepe.com.br\/cri\/#website","url":"https:\/\/diariodepe.com.br\/cri\/","name":"CRI e Diario de Pernambuco","description":"R\u00e1dio Internacional da China","publisher":{"@id":"https:\/\/diariodepe.com.br\/cri\/#organization"},"potentialAction":[{"@type":"SearchAction","target":{"@type":"EntryPoint","urlTemplate":"https:\/\/diariodepe.com.br\/cri\/?s={search_term_string}"},"query-input":{"@type":"PropertyValueSpecification","valueRequired":true,"valueName":"search_term_string"}}],"inLanguage":"pt-BR"},{"@type":"Organization","@id":"https:\/\/diariodepe.com.br\/cri\/#organization","name":"CRI e Diario de Pernambuco","url":"https:\/\/diariodepe.com.br\/cri\/","logo":{"@type":"ImageObject","inLanguage":"pt-BR","@id":"https:\/\/diariodepe.com.br\/cri\/#\/schema\/logo\/image\/","url":"https:\/\/diariodepe.com.br\/cri\/wp-content\/uploads\/sites\/2\/2022\/12\/cropped-Logo.jpg","contentUrl":"https:\/\/diariodepe.com.br\/cri\/wp-content\/uploads\/sites\/2\/2022\/12\/cropped-Logo.jpg","width":700,"height":59,"caption":"CRI e Diario de Pernambuco"},"image":{"@id":"https:\/\/diariodepe.com.br\/cri\/#\/schema\/logo\/image\/"}},{"@type":"Person","@id":"https:\/\/diariodepe.com.br\/cri\/#\/schema\/person\/121bb28d84f1a5b1205ef4ce9c2e0c6b","name":"Ismael Lucas S. Pereira","image":{"@type":"ImageObject","inLanguage":"pt-BR","@id":"https:\/\/secure.gravatar.com\/avatar\/887a0f3b5a7ceea963a48499fb883ffce6b5037362def025c52c2505b15d63e4?s=96&d=mm&r=g","url":"https:\/\/secure.gravatar.com\/avatar\/887a0f3b5a7ceea963a48499fb883ffce6b5037362def025c52c2505b15d63e4?s=96&d=mm&r=g","contentUrl":"https:\/\/secure.gravatar.com\/avatar\/887a0f3b5a7ceea963a48499fb883ffce6b5037362def025c52c2505b15d63e4?s=96&d=mm&r=g","caption":"Ismael Lucas S. Pereira"},"url":"https:\/\/diariodepe.com.br\/cri\/author\/ismael-lucas\/"}]}},"cc_featured_image_caption":{"caption_text":false,"source_text":false,"source_url":false},"amp_enabled":true,"_links":{"self":[{"href":"https:\/\/diariodepe.com.br\/cri\/wp-json\/wp\/v2\/posts\/1255","targetHints":{"allow":["GET"]}}],"collection":[{"href":"https:\/\/diariodepe.com.br\/cri\/wp-json\/wp\/v2\/posts"}],"about":[{"href":"https:\/\/diariodepe.com.br\/cri\/wp-json\/wp\/v2\/types\/post"}],"author":[{"embeddable":true,"href":"https:\/\/diariodepe.com.br\/cri\/wp-json\/wp\/v2\/users\/2"}],"replies":[{"embeddable":true,"href":"https:\/\/diariodepe.com.br\/cri\/wp-json\/wp\/v2\/comments?post=1255"}],"version-history":[{"count":1,"href":"https:\/\/diariodepe.com.br\/cri\/wp-json\/wp\/v2\/posts\/1255\/revisions"}],"predecessor-version":[{"id":1256,"href":"https:\/\/diariodepe.com.br\/cri\/wp-json\/wp\/v2\/posts\/1255\/revisions\/1256"}],"wp:attachment":[{"href":"https:\/\/diariodepe.com.br\/cri\/wp-json\/wp\/v2\/media?parent=1255"}],"wp:term":[{"taxonomy":"category","embeddable":true,"href":"https:\/\/diariodepe.com.br\/cri\/wp-json\/wp\/v2\/categories?post=1255"},{"taxonomy":"post_tag","embeddable":true,"href":"https:\/\/diariodepe.com.br\/cri\/wp-json\/wp\/v2\/tags?post=1255"}],"curies":[{"name":"wp","href":"https:\/\/api.w.org\/{rel}","templated":true}]}}