{"id":1250,"date":"2023-04-24T23:52:27","date_gmt":"2023-04-25T02:52:27","guid":{"rendered":"https:\/\/diariodepe.com.br\/cri\/?p=1250"},"modified":"2023-04-24T23:52:27","modified_gmt":"2023-04-25T02:52:27","slug":"comentario%ef%bc%9areducao-do-dividendo-demografico-nao-impedira-o-desenvolvimento-da-china","status":"publish","type":"post","link":"https:\/\/diariodepe.com.br\/cri\/2023\/04\/24\/comentario%ef%bc%9areducao-do-dividendo-demografico-nao-impedira-o-desenvolvimento-da-china\/","title":{"rendered":"Coment\u00e1rio\uff1aredu\u00e7\u00e3o do dividendo demogr\u00e1fico n\u00e3o impedir\u00e1 o desenvolvimento da China"},"content":{"rendered":"<p>O Fundo de Popula\u00e7\u00e3o das Na\u00e7\u00f5es Unidas lan\u00e7ou no dia 19 deste m\u00eas o relat\u00f3rio sobre a situa\u00e7\u00e3o populacional mundial de 2023, prevendo que a \u00cdndia vai ultrapassar a China e se tornar o pa\u00eds mais populoso do mundo. O documento mostrou um fen\u00f4meno da regra do desenvolvimento populacional mais simples, mas aos olhos da imprensa ocidental, o desaparecimento do dividendo demogr\u00e1fico vai atrasar o processo de revitaliza\u00e7\u00e3o da na\u00e7\u00e3o chinesa.<\/p>\n<p>Esta n\u00e3o \u00e9 a primeira vez que a imprensa ocidental espalha boatos em rela\u00e7\u00e3o \u00e0 popula\u00e7\u00e3o da China. Nos \u00faltimos anos, foi publicada uma s\u00e9rie de artigos sobre a pauta, utilizando exemplos como a pol\u00edtica de controle de natalidade, o envelhecimento da popula\u00e7\u00e3o e a diminui\u00e7\u00e3o do n\u00famero de nascimentos. A inten\u00e7\u00e3o \u00e9 expressar que, se o dividendo demogr\u00e1fico desaparecer, tanto a China como a economia mundial sofrem um grande impacto, mas a realidade \u00e9 o contr\u00e1rio disso. A China continua a manter um desenvolvimento sustent\u00e1vel e est\u00e1vel com um enorme tamanho populacional.<\/p>\n<p>E, agora, a imprensa ocidental descobriu mais um t\u00f3pico no recente relat\u00f3rio da ONU. Eles destacam s\u00f3 o papel do dividendo demogr\u00e1fico para a economia chinesa ao inv\u00e9s do caminho de desenvolvimento certo da China para alcan\u00e7ar seus grandes \u00eaxitos. O objetivo dos cr\u00edticos \u00e9 usar o t\u00f3pico de que o pa\u00eds mais populoso est\u00e1 mudando, interferindo na confian\u00e7a do mercado, encorajando a transfer\u00eancia de ind\u00fastrias relacionadas da China para os outros lugares, limitando o desenvolvimento do pa\u00eds.<\/p>\n<p>O comportamento carece de um entendimento b\u00e1sico das regras do desenvolvimento populacional, a diminui\u00e7\u00e3o da taxa de natalidade e o decl\u00ednio da vontade de ter filhos s\u00e3o problemas comuns, que todos os pa\u00edses encontram. Os pa\u00edses desenvolvidos ocidentais tamb\u00e9m enfrentaram o problema como a escassez de m\u00e3o-de-obra, por que ningu\u00e9m considerou que seria um fator negativo para o crescimento econ\u00f4mico?<\/p>\n<p>O tamanho da popula\u00e7\u00e3o \u00e9 uma parte importante para o desenvolvimento de um pa\u00eds, que pode ser tanto positivo como negativo para o crescimento econ\u00f4mico em rela\u00e7\u00e3o \u00e0 capacidade administrativa de um governo. Para julgar as perspectivas de desenvolvimento da China, n\u00e3o devemos focar apenas no indicador do tamanho da popula\u00e7\u00e3o, mas tamb\u00e9m na qualidade do crescimento econ\u00f4mico. No primeiro trimestre deste ano, a China registrou uma taxa de crescimento econ\u00f4mico de 4,5%, superando as expectativas do mercado, provando mais uma vez a vitalidade da economia chinesa.<\/p>\n<p>A China tem uma for\u00e7a de trabalho de quase 900 milh\u00f5es, e a nova for\u00e7a de trabalho excede 15 milh\u00f5es por ano. Os recursos humanos abundantes ainda s\u00e3o vantagens not\u00e1veis do pa\u00eds. Al\u00e9m disso, mais de 240 milh\u00f5es de chineses receberam a educa\u00e7\u00e3o superior. Os dados mostram que o dividendo demogr\u00e1fico da China n\u00e3o desapareceu e o dividendo de talento est\u00e1 se formando, a tend\u00eancia de desenvolvimento do pa\u00eds n\u00e3o parou.<\/p>\n<p>A China est\u00e1 respondendo ativamente \u00e0s mudan\u00e7as no desenvolvimento populacional e se esfor\u00e7a para promover a transforma\u00e7\u00e3o do dividendo demogr\u00e1fico para dividendo de talento. As a\u00e7\u00f5es do pa\u00eds asi\u00e1tico ir\u00e3o injetar mais energia para seu desenvolvimento econ\u00f4mico e continuar a trazer dividendos para o resto do mundo.<\/p>\n","protected":false},"excerpt":{"rendered":"<p>O Fundo de Popula\u00e7\u00e3o das Na\u00e7\u00f5es Unidas lan\u00e7ou no dia 19 deste m\u00eas o relat\u00f3rio sobre a situa\u00e7\u00e3o populacional mundial de 2023, prevendo que a \u00cdndia vai ultrapassar a China e se tornar o pa\u00eds mais populoso do mundo. O&#8230;<\/p>\n","protected":false},"author":2,"featured_media":1251,"comment_status":"open","ping_status":"open","sticky":false,"template":"","format":"standard","meta":{"footnotes":""},"categories":[7],"tags":[],"class_list":["post-1250","post","type-post","status-publish","format-standard","has-post-thumbnail","hentry","category-visao"],"yoast_head":"<!-- This site is optimized with the Yoast SEO plugin v27.4 - https:\/\/yoast.com\/product\/yoast-seo-wordpress\/ -->\n<title>Coment\u00e1rio\uff1aredu\u00e7\u00e3o do dividendo demogr\u00e1fico n\u00e3o impedir\u00e1 o desenvolvimento da China - CRI e Diario de Pernambuco<\/title>\n<meta name=\"robots\" content=\"index, follow, max-snippet:-1, max-image-preview:large, max-video-preview:-1\" \/>\n<link rel=\"canonical\" href=\"https:\/\/diariodepe.com.br\/cri\/2023\/04\/24\/comentario\uff1areducao-do-dividendo-demografico-nao-impedira-o-desenvolvimento-da-china\/\" \/>\n<meta property=\"og:locale\" content=\"pt_BR\" \/>\n<meta property=\"og:type\" content=\"article\" \/>\n<meta property=\"og:title\" content=\"Coment\u00e1rio\uff1aredu\u00e7\u00e3o do dividendo demogr\u00e1fico n\u00e3o impedir\u00e1 o desenvolvimento da China - CRI e Diario de Pernambuco\" \/>\n<meta property=\"og:description\" content=\"O Fundo de Popula\u00e7\u00e3o das Na\u00e7\u00f5es Unidas lan\u00e7ou no dia 19 deste m\u00eas o relat\u00f3rio sobre a situa\u00e7\u00e3o populacional mundial de 2023, prevendo que a \u00cdndia vai ultrapassar a China e se tornar o pa\u00eds mais populoso do mundo. O...\" \/>\n<meta property=\"og:url\" content=\"https:\/\/diariodepe.com.br\/cri\/2023\/04\/24\/comentario\uff1areducao-do-dividendo-demografico-nao-impedira-o-desenvolvimento-da-china\/\" \/>\n<meta property=\"og:site_name\" content=\"CRI e Diario de Pernambuco\" \/>\n<meta property=\"article:published_time\" content=\"2023-04-25T02:52:27+00:00\" \/>\n<meta property=\"og:image\" content=\"https:\/\/diariodepe.com.br\/cri\/wp-content\/uploads\/sites\/2\/2023\/04\/2023042015342347424.png\" \/>\n\t<meta property=\"og:image:width\" content=\"1080\" \/>\n\t<meta property=\"og:image:height\" content=\"569\" \/>\n\t<meta property=\"og:image:type\" content=\"image\/png\" \/>\n<meta name=\"author\" content=\"Ismael Lucas S. Pereira\" \/>\n<meta name=\"twitter:card\" content=\"summary_large_image\" \/>\n<meta name=\"twitter:label1\" content=\"Escrito por\" \/>\n\t<meta name=\"twitter:data1\" content=\"Ismael Lucas S. Pereira\" \/>\n\t<meta name=\"twitter:label2\" content=\"Est. tempo de leitura\" \/>\n\t<meta name=\"twitter:data2\" content=\"3 minutos\" \/>\n<script type=\"application\/ld+json\" class=\"yoast-schema-graph\">{\"@context\":\"https:\\\/\\\/schema.org\",\"@graph\":[{\"@type\":\"Article\",\"@id\":\"https:\\\/\\\/diariodepe.com.br\\\/cri\\\/2023\\\/04\\\/24\\\/comentario%ef%bc%9areducao-do-dividendo-demografico-nao-impedira-o-desenvolvimento-da-china\\\/#article\",\"isPartOf\":{\"@id\":\"https:\\\/\\\/diariodepe.com.br\\\/cri\\\/2023\\\/04\\\/24\\\/comentario%ef%bc%9areducao-do-dividendo-demografico-nao-impedira-o-desenvolvimento-da-china\\\/\"},\"author\":{\"name\":\"Ismael Lucas S. Pereira\",\"@id\":\"https:\\\/\\\/diariodepe.com.br\\\/cri\\\/#\\\/schema\\\/person\\\/121bb28d84f1a5b1205ef4ce9c2e0c6b\"},\"headline\":\"Coment\u00e1rio\uff1aredu\u00e7\u00e3o do dividendo demogr\u00e1fico n\u00e3o impedir\u00e1 o desenvolvimento da China\",\"datePublished\":\"2023-04-25T02:52:27+00:00\",\"mainEntityOfPage\":{\"@id\":\"https:\\\/\\\/diariodepe.com.br\\\/cri\\\/2023\\\/04\\\/24\\\/comentario%ef%bc%9areducao-do-dividendo-demografico-nao-impedira-o-desenvolvimento-da-china\\\/\"},\"wordCount\":588,\"commentCount\":0,\"publisher\":{\"@id\":\"https:\\\/\\\/diariodepe.com.br\\\/cri\\\/#organization\"},\"image\":{\"@id\":\"https:\\\/\\\/diariodepe.com.br\\\/cri\\\/2023\\\/04\\\/24\\\/comentario%ef%bc%9areducao-do-dividendo-demografico-nao-impedira-o-desenvolvimento-da-china\\\/#primaryimage\"},\"thumbnailUrl\":\"https:\\\/\\\/diariodepe.com.br\\\/cri\\\/wp-content\\\/uploads\\\/sites\\\/2\\\/2023\\\/04\\\/2023042015342347424.png\",\"articleSection\":[\"Vis\u00e3o\"],\"inLanguage\":\"pt-BR\",\"potentialAction\":[{\"@type\":\"CommentAction\",\"name\":\"Comment\",\"target\":[\"https:\\\/\\\/diariodepe.com.br\\\/cri\\\/2023\\\/04\\\/24\\\/comentario%ef%bc%9areducao-do-dividendo-demografico-nao-impedira-o-desenvolvimento-da-china\\\/#respond\"]}]},{\"@type\":\"WebPage\",\"@id\":\"https:\\\/\\\/diariodepe.com.br\\\/cri\\\/2023\\\/04\\\/24\\\/comentario%ef%bc%9areducao-do-dividendo-demografico-nao-impedira-o-desenvolvimento-da-china\\\/\",\"url\":\"https:\\\/\\\/diariodepe.com.br\\\/cri\\\/2023\\\/04\\\/24\\\/comentario%ef%bc%9areducao-do-dividendo-demografico-nao-impedira-o-desenvolvimento-da-china\\\/\",\"name\":\"Coment\u00e1rio\uff1aredu\u00e7\u00e3o do dividendo demogr\u00e1fico n\u00e3o impedir\u00e1 o desenvolvimento da China - CRI e Diario de Pernambuco\",\"isPartOf\":{\"@id\":\"https:\\\/\\\/diariodepe.com.br\\\/cri\\\/#website\"},\"primaryImageOfPage\":{\"@id\":\"https:\\\/\\\/diariodepe.com.br\\\/cri\\\/2023\\\/04\\\/24\\\/comentario%ef%bc%9areducao-do-dividendo-demografico-nao-impedira-o-desenvolvimento-da-china\\\/#primaryimage\"},\"image\":{\"@id\":\"https:\\\/\\\/diariodepe.com.br\\\/cri\\\/2023\\\/04\\\/24\\\/comentario%ef%bc%9areducao-do-dividendo-demografico-nao-impedira-o-desenvolvimento-da-china\\\/#primaryimage\"},\"thumbnailUrl\":\"https:\\\/\\\/diariodepe.com.br\\\/cri\\\/wp-content\\\/uploads\\\/sites\\\/2\\\/2023\\\/04\\\/2023042015342347424.png\",\"datePublished\":\"2023-04-25T02:52:27+00:00\",\"breadcrumb\":{\"@id\":\"https:\\\/\\\/diariodepe.com.br\\\/cri\\\/2023\\\/04\\\/24\\\/comentario%ef%bc%9areducao-do-dividendo-demografico-nao-impedira-o-desenvolvimento-da-china\\\/#breadcrumb\"},\"inLanguage\":\"pt-BR\",\"potentialAction\":[{\"@type\":\"ReadAction\",\"target\":[\"https:\\\/\\\/diariodepe.com.br\\\/cri\\\/2023\\\/04\\\/24\\\/comentario%ef%bc%9areducao-do-dividendo-demografico-nao-impedira-o-desenvolvimento-da-china\\\/\"]}]},{\"@type\":\"ImageObject\",\"inLanguage\":\"pt-BR\",\"@id\":\"https:\\\/\\\/diariodepe.com.br\\\/cri\\\/2023\\\/04\\\/24\\\/comentario%ef%bc%9areducao-do-dividendo-demografico-nao-impedira-o-desenvolvimento-da-china\\\/#primaryimage\",\"url\":\"https:\\\/\\\/diariodepe.com.br\\\/cri\\\/wp-content\\\/uploads\\\/sites\\\/2\\\/2023\\\/04\\\/2023042015342347424.png\",\"contentUrl\":\"https:\\\/\\\/diariodepe.com.br\\\/cri\\\/wp-content\\\/uploads\\\/sites\\\/2\\\/2023\\\/04\\\/2023042015342347424.png\",\"width\":1080,\"height\":569},{\"@type\":\"BreadcrumbList\",\"@id\":\"https:\\\/\\\/diariodepe.com.br\\\/cri\\\/2023\\\/04\\\/24\\\/comentario%ef%bc%9areducao-do-dividendo-demografico-nao-impedira-o-desenvolvimento-da-china\\\/#breadcrumb\",\"itemListElement\":[{\"@type\":\"ListItem\",\"position\":1,\"name\":\"In\u00edcio\",\"item\":\"https:\\\/\\\/diariodepe.com.br\\\/cri\\\/\"},{\"@type\":\"ListItem\",\"position\":2,\"name\":\"Coment\u00e1rio\uff1aredu\u00e7\u00e3o do dividendo demogr\u00e1fico n\u00e3o impedir\u00e1 o desenvolvimento da China\"}]},{\"@type\":\"WebSite\",\"@id\":\"https:\\\/\\\/diariodepe.com.br\\\/cri\\\/#website\",\"url\":\"https:\\\/\\\/diariodepe.com.br\\\/cri\\\/\",\"name\":\"CRI e Diario de Pernambuco\",\"description\":\"R\u00e1dio Internacional da China\",\"publisher\":{\"@id\":\"https:\\\/\\\/diariodepe.com.br\\\/cri\\\/#organization\"},\"potentialAction\":[{\"@type\":\"SearchAction\",\"target\":{\"@type\":\"EntryPoint\",\"urlTemplate\":\"https:\\\/\\\/diariodepe.com.br\\\/cri\\\/?s={search_term_string}\"},\"query-input\":{\"@type\":\"PropertyValueSpecification\",\"valueRequired\":true,\"valueName\":\"search_term_string\"}}],\"inLanguage\":\"pt-BR\"},{\"@type\":\"Organization\",\"@id\":\"https:\\\/\\\/diariodepe.com.br\\\/cri\\\/#organization\",\"name\":\"CRI e Diario de Pernambuco\",\"url\":\"https:\\\/\\\/diariodepe.com.br\\\/cri\\\/\",\"logo\":{\"@type\":\"ImageObject\",\"inLanguage\":\"pt-BR\",\"@id\":\"https:\\\/\\\/diariodepe.com.br\\\/cri\\\/#\\\/schema\\\/logo\\\/image\\\/\",\"url\":\"https:\\\/\\\/diariodepe.com.br\\\/cri\\\/wp-content\\\/uploads\\\/sites\\\/2\\\/2022\\\/12\\\/cropped-Logo.jpg\",\"contentUrl\":\"https:\\\/\\\/diariodepe.com.br\\\/cri\\\/wp-content\\\/uploads\\\/sites\\\/2\\\/2022\\\/12\\\/cropped-Logo.jpg\",\"width\":700,\"height\":59,\"caption\":\"CRI e Diario de Pernambuco\"},\"image\":{\"@id\":\"https:\\\/\\\/diariodepe.com.br\\\/cri\\\/#\\\/schema\\\/logo\\\/image\\\/\"}},{\"@type\":\"Person\",\"@id\":\"https:\\\/\\\/diariodepe.com.br\\\/cri\\\/#\\\/schema\\\/person\\\/121bb28d84f1a5b1205ef4ce9c2e0c6b\",\"name\":\"Ismael Lucas S. Pereira\",\"image\":{\"@type\":\"ImageObject\",\"inLanguage\":\"pt-BR\",\"@id\":\"https:\\\/\\\/secure.gravatar.com\\\/avatar\\\/887a0f3b5a7ceea963a48499fb883ffce6b5037362def025c52c2505b15d63e4?s=96&d=mm&r=g\",\"url\":\"https:\\\/\\\/secure.gravatar.com\\\/avatar\\\/887a0f3b5a7ceea963a48499fb883ffce6b5037362def025c52c2505b15d63e4?s=96&d=mm&r=g\",\"contentUrl\":\"https:\\\/\\\/secure.gravatar.com\\\/avatar\\\/887a0f3b5a7ceea963a48499fb883ffce6b5037362def025c52c2505b15d63e4?s=96&d=mm&r=g\",\"caption\":\"Ismael Lucas S. Pereira\"},\"url\":\"https:\\\/\\\/diariodepe.com.br\\\/cri\\\/author\\\/ismael-lucas\\\/\"}]}<\/script>\n<!-- \/ Yoast SEO plugin. -->","yoast_head_json":{"title":"Coment\u00e1rio\uff1aredu\u00e7\u00e3o do dividendo demogr\u00e1fico n\u00e3o impedir\u00e1 o desenvolvimento da China - CRI e Diario de Pernambuco","robots":{"index":"index","follow":"follow","max-snippet":"max-snippet:-1","max-image-preview":"max-image-preview:large","max-video-preview":"max-video-preview:-1"},"canonical":"https:\/\/diariodepe.com.br\/cri\/2023\/04\/24\/comentario\uff1areducao-do-dividendo-demografico-nao-impedira-o-desenvolvimento-da-china\/","og_locale":"pt_BR","og_type":"article","og_title":"Coment\u00e1rio\uff1aredu\u00e7\u00e3o do dividendo demogr\u00e1fico n\u00e3o impedir\u00e1 o desenvolvimento da China - CRI e Diario de Pernambuco","og_description":"O Fundo de Popula\u00e7\u00e3o das Na\u00e7\u00f5es Unidas lan\u00e7ou no dia 19 deste m\u00eas o relat\u00f3rio sobre a situa\u00e7\u00e3o populacional mundial de 2023, prevendo que a \u00cdndia vai ultrapassar a China e se tornar o pa\u00eds mais populoso do mundo. O...","og_url":"https:\/\/diariodepe.com.br\/cri\/2023\/04\/24\/comentario\uff1areducao-do-dividendo-demografico-nao-impedira-o-desenvolvimento-da-china\/","og_site_name":"CRI e Diario de Pernambuco","article_published_time":"2023-04-25T02:52:27+00:00","og_image":[{"width":1080,"height":569,"url":"https:\/\/diariodepe.com.br\/cri\/wp-content\/uploads\/sites\/2\/2023\/04\/2023042015342347424.png","type":"image\/png"}],"author":"Ismael Lucas S. Pereira","twitter_card":"summary_large_image","twitter_misc":{"Escrito por":"Ismael Lucas S. Pereira","Est. tempo de leitura":"3 minutos"},"schema":{"@context":"https:\/\/schema.org","@graph":[{"@type":"Article","@id":"https:\/\/diariodepe.com.br\/cri\/2023\/04\/24\/comentario%ef%bc%9areducao-do-dividendo-demografico-nao-impedira-o-desenvolvimento-da-china\/#article","isPartOf":{"@id":"https:\/\/diariodepe.com.br\/cri\/2023\/04\/24\/comentario%ef%bc%9areducao-do-dividendo-demografico-nao-impedira-o-desenvolvimento-da-china\/"},"author":{"name":"Ismael Lucas S. Pereira","@id":"https:\/\/diariodepe.com.br\/cri\/#\/schema\/person\/121bb28d84f1a5b1205ef4ce9c2e0c6b"},"headline":"Coment\u00e1rio\uff1aredu\u00e7\u00e3o do dividendo demogr\u00e1fico n\u00e3o impedir\u00e1 o desenvolvimento da China","datePublished":"2023-04-25T02:52:27+00:00","mainEntityOfPage":{"@id":"https:\/\/diariodepe.com.br\/cri\/2023\/04\/24\/comentario%ef%bc%9areducao-do-dividendo-demografico-nao-impedira-o-desenvolvimento-da-china\/"},"wordCount":588,"commentCount":0,"publisher":{"@id":"https:\/\/diariodepe.com.br\/cri\/#organization"},"image":{"@id":"https:\/\/diariodepe.com.br\/cri\/2023\/04\/24\/comentario%ef%bc%9areducao-do-dividendo-demografico-nao-impedira-o-desenvolvimento-da-china\/#primaryimage"},"thumbnailUrl":"https:\/\/diariodepe.com.br\/cri\/wp-content\/uploads\/sites\/2\/2023\/04\/2023042015342347424.png","articleSection":["Vis\u00e3o"],"inLanguage":"pt-BR","potentialAction":[{"@type":"CommentAction","name":"Comment","target":["https:\/\/diariodepe.com.br\/cri\/2023\/04\/24\/comentario%ef%bc%9areducao-do-dividendo-demografico-nao-impedira-o-desenvolvimento-da-china\/#respond"]}]},{"@type":"WebPage","@id":"https:\/\/diariodepe.com.br\/cri\/2023\/04\/24\/comentario%ef%bc%9areducao-do-dividendo-demografico-nao-impedira-o-desenvolvimento-da-china\/","url":"https:\/\/diariodepe.com.br\/cri\/2023\/04\/24\/comentario%ef%bc%9areducao-do-dividendo-demografico-nao-impedira-o-desenvolvimento-da-china\/","name":"Coment\u00e1rio\uff1aredu\u00e7\u00e3o do dividendo demogr\u00e1fico n\u00e3o impedir\u00e1 o desenvolvimento da China - CRI e Diario de Pernambuco","isPartOf":{"@id":"https:\/\/diariodepe.com.br\/cri\/#website"},"primaryImageOfPage":{"@id":"https:\/\/diariodepe.com.br\/cri\/2023\/04\/24\/comentario%ef%bc%9areducao-do-dividendo-demografico-nao-impedira-o-desenvolvimento-da-china\/#primaryimage"},"image":{"@id":"https:\/\/diariodepe.com.br\/cri\/2023\/04\/24\/comentario%ef%bc%9areducao-do-dividendo-demografico-nao-impedira-o-desenvolvimento-da-china\/#primaryimage"},"thumbnailUrl":"https:\/\/diariodepe.com.br\/cri\/wp-content\/uploads\/sites\/2\/2023\/04\/2023042015342347424.png","datePublished":"2023-04-25T02:52:27+00:00","breadcrumb":{"@id":"https:\/\/diariodepe.com.br\/cri\/2023\/04\/24\/comentario%ef%bc%9areducao-do-dividendo-demografico-nao-impedira-o-desenvolvimento-da-china\/#breadcrumb"},"inLanguage":"pt-BR","potentialAction":[{"@type":"ReadAction","target":["https:\/\/diariodepe.com.br\/cri\/2023\/04\/24\/comentario%ef%bc%9areducao-do-dividendo-demografico-nao-impedira-o-desenvolvimento-da-china\/"]}]},{"@type":"ImageObject","inLanguage":"pt-BR","@id":"https:\/\/diariodepe.com.br\/cri\/2023\/04\/24\/comentario%ef%bc%9areducao-do-dividendo-demografico-nao-impedira-o-desenvolvimento-da-china\/#primaryimage","url":"https:\/\/diariodepe.com.br\/cri\/wp-content\/uploads\/sites\/2\/2023\/04\/2023042015342347424.png","contentUrl":"https:\/\/diariodepe.com.br\/cri\/wp-content\/uploads\/sites\/2\/2023\/04\/2023042015342347424.png","width":1080,"height":569},{"@type":"BreadcrumbList","@id":"https:\/\/diariodepe.com.br\/cri\/2023\/04\/24\/comentario%ef%bc%9areducao-do-dividendo-demografico-nao-impedira-o-desenvolvimento-da-china\/#breadcrumb","itemListElement":[{"@type":"ListItem","position":1,"name":"In\u00edcio","item":"https:\/\/diariodepe.com.br\/cri\/"},{"@type":"ListItem","position":2,"name":"Coment\u00e1rio\uff1aredu\u00e7\u00e3o do dividendo demogr\u00e1fico n\u00e3o impedir\u00e1 o desenvolvimento da China"}]},{"@type":"WebSite","@id":"https:\/\/diariodepe.com.br\/cri\/#website","url":"https:\/\/diariodepe.com.br\/cri\/","name":"CRI e Diario de Pernambuco","description":"R\u00e1dio Internacional da China","publisher":{"@id":"https:\/\/diariodepe.com.br\/cri\/#organization"},"potentialAction":[{"@type":"SearchAction","target":{"@type":"EntryPoint","urlTemplate":"https:\/\/diariodepe.com.br\/cri\/?s={search_term_string}"},"query-input":{"@type":"PropertyValueSpecification","valueRequired":true,"valueName":"search_term_string"}}],"inLanguage":"pt-BR"},{"@type":"Organization","@id":"https:\/\/diariodepe.com.br\/cri\/#organization","name":"CRI e Diario de Pernambuco","url":"https:\/\/diariodepe.com.br\/cri\/","logo":{"@type":"ImageObject","inLanguage":"pt-BR","@id":"https:\/\/diariodepe.com.br\/cri\/#\/schema\/logo\/image\/","url":"https:\/\/diariodepe.com.br\/cri\/wp-content\/uploads\/sites\/2\/2022\/12\/cropped-Logo.jpg","contentUrl":"https:\/\/diariodepe.com.br\/cri\/wp-content\/uploads\/sites\/2\/2022\/12\/cropped-Logo.jpg","width":700,"height":59,"caption":"CRI e Diario de Pernambuco"},"image":{"@id":"https:\/\/diariodepe.com.br\/cri\/#\/schema\/logo\/image\/"}},{"@type":"Person","@id":"https:\/\/diariodepe.com.br\/cri\/#\/schema\/person\/121bb28d84f1a5b1205ef4ce9c2e0c6b","name":"Ismael Lucas S. Pereira","image":{"@type":"ImageObject","inLanguage":"pt-BR","@id":"https:\/\/secure.gravatar.com\/avatar\/887a0f3b5a7ceea963a48499fb883ffce6b5037362def025c52c2505b15d63e4?s=96&d=mm&r=g","url":"https:\/\/secure.gravatar.com\/avatar\/887a0f3b5a7ceea963a48499fb883ffce6b5037362def025c52c2505b15d63e4?s=96&d=mm&r=g","contentUrl":"https:\/\/secure.gravatar.com\/avatar\/887a0f3b5a7ceea963a48499fb883ffce6b5037362def025c52c2505b15d63e4?s=96&d=mm&r=g","caption":"Ismael Lucas S. Pereira"},"url":"https:\/\/diariodepe.com.br\/cri\/author\/ismael-lucas\/"}]}},"cc_featured_image_caption":{"caption_text":false,"source_text":false,"source_url":false},"amp_enabled":true,"_links":{"self":[{"href":"https:\/\/diariodepe.com.br\/cri\/wp-json\/wp\/v2\/posts\/1250","targetHints":{"allow":["GET"]}}],"collection":[{"href":"https:\/\/diariodepe.com.br\/cri\/wp-json\/wp\/v2\/posts"}],"about":[{"href":"https:\/\/diariodepe.com.br\/cri\/wp-json\/wp\/v2\/types\/post"}],"author":[{"embeddable":true,"href":"https:\/\/diariodepe.com.br\/cri\/wp-json\/wp\/v2\/users\/2"}],"replies":[{"embeddable":true,"href":"https:\/\/diariodepe.com.br\/cri\/wp-json\/wp\/v2\/comments?post=1250"}],"version-history":[{"count":1,"href":"https:\/\/diariodepe.com.br\/cri\/wp-json\/wp\/v2\/posts\/1250\/revisions"}],"predecessor-version":[{"id":1252,"href":"https:\/\/diariodepe.com.br\/cri\/wp-json\/wp\/v2\/posts\/1250\/revisions\/1252"}],"wp:featuredmedia":[{"embeddable":true,"href":"https:\/\/diariodepe.com.br\/cri\/wp-json\/wp\/v2\/media\/1251"}],"wp:attachment":[{"href":"https:\/\/diariodepe.com.br\/cri\/wp-json\/wp\/v2\/media?parent=1250"}],"wp:term":[{"taxonomy":"category","embeddable":true,"href":"https:\/\/diariodepe.com.br\/cri\/wp-json\/wp\/v2\/categories?post=1250"},{"taxonomy":"post_tag","embeddable":true,"href":"https:\/\/diariodepe.com.br\/cri\/wp-json\/wp\/v2\/tags?post=1250"}],"curies":[{"name":"wp","href":"https:\/\/api.w.org\/{rel}","templated":true}]}}