{"id":1247,"date":"2023-04-24T23:51:30","date_gmt":"2023-04-25T02:51:30","guid":{"rendered":"https:\/\/diariodepe.com.br\/cri\/?p=1247"},"modified":"2023-04-24T23:51:30","modified_gmt":"2023-04-25T02:51:30","slug":"xi-jinping-se-reune-com-presidente-do-gabao-em-beijing","status":"publish","type":"post","link":"https:\/\/diariodepe.com.br\/cri\/2023\/04\/24\/xi-jinping-se-reune-com-presidente-do-gabao-em-beijing\/","title":{"rendered":"Xi Jinping se re\u00fane com presidente do Gab\u00e3o em Beijing"},"content":{"rendered":"<p>O presidente chin\u00eas, Xi Jinping, se encontrou na tarde desta quarta-feira (19) no Grande Pal\u00e1cio do Povo em Beijing com o presidente da Rep\u00fablica do Gab\u00e3o, Ali Bongo Ondimba, que est\u00e1 em visita oficial \u00e0 China. Os dois chefes de Estado decidiram elevar a parceria de coopera\u00e7\u00e3o abrangente para a parceria de colabora\u00e7\u00e3o estrat\u00e9gica abrangente.<\/p>\n<p>Xi Jinping apontou que a China e o Gab\u00e3o celebrar\u00e3o no pr\u00f3ximo ano o 50\u00b0 anivers\u00e1rio do estabelecimento das rela\u00e7\u00f5es diplom\u00e1ticas. Nas \u00faltimas cinco d\u00e9cadas, os dois pa\u00edses t\u00eam mantido uma amizade s\u00f3lida sob a orienta\u00e7\u00e3o de v\u00e1rias gera\u00e7\u00f5es de l\u00edderes. Ambos os lados apoiam firmemente um ao outro para salvaguardar os interesses comuns e a imparcialidade e justi\u00e7a internacional. A visita do presidente Ali Bongo Ondimba demonstra mais uma vez a import\u00e2ncia e o alto n\u00edvel das rela\u00e7\u00f5es China-Gab\u00e3o.<\/p>\n<p>A China est\u00e1 promovendo plenamente um desenvolvimento de alta qualidade a moderniza\u00e7\u00e3o chinesa, destacou Xi Jinping. A parte chinesa est\u00e1 disposta a refor\u00e7ar os interc\u00e2mbios de experi\u00eancias na governan\u00e7a de Estado, aprofundar a confian\u00e7a estrat\u00e9gica e apoiar mutuamente nas quest\u00f5es de interesses essenciais e de grandes preocupa\u00e7\u00f5es. A China quer fortalecer a conex\u00e3o estrat\u00e9gica de desenvolvimento com o Gab\u00e3o e impulsionar a coopera\u00e7\u00e3o nas \u00e1reas de infraestrutura, silvicultura, pesca, economia digital e constru\u00e7\u00e3o de parques industriais. Ambos os lados tamb\u00e9m aprofundar\u00e3o os interc\u00e2mbios culturais e refor\u00e7ar\u00e3o a colabora\u00e7\u00e3o nos setores de turismo, revitaliza\u00e7\u00e3o rural e elimina\u00e7\u00e3o da pobreza. Al\u00e9m disso, os dois pa\u00edses tamb\u00e9m devem refor\u00e7ar a coopera\u00e7\u00e3o estrat\u00e9gica dentro das plataformas multilaterais, incluindo a ONU, com vista a defender o desenvolvimento pac\u00edfico mundial e os interesses comuns das na\u00e7\u00f5es em desenvolvimento.<\/p>\n<p>O mundo enfrenta atualmente muitos desafios e crises. A China e os pa\u00edses africanos precisam fortalecer a solidariedade e coopera\u00e7\u00e3o mais do que nunca. As duas partes se op\u00f5em resolutamente a todas as formas de hegemonia e pol\u00edtica de poder e \u00e0 interfer\u00eancia nos assuntos internos de outros pa\u00edses. O governo chin\u00eas apoia firmemente a \u00c1frica na busca de um caminho de desenvolvimento independente e seus esfor\u00e7os na promo\u00e7\u00e3o da seguran\u00e7a alimentar, progresso de industrializa\u00e7\u00e3o.<\/p>\n<p>Ali Bongo Ondimba, por sua vez, declarou que o Gab\u00e3o adere ao princ\u00edpio de Uma S\u00f3 China e apoia os conceitos importantes propostos pelo presidente Xi Jinping. A China e o Gab\u00e3o mant\u00eam a confian\u00e7a pol\u00edtica de alto n\u00edvel e respeitam e apoiam sempre um ao outro. Ele espera continuar a estreitar a coordena\u00e7\u00e3o estrat\u00e9gica multilateral com a China e impulsionar mais avan\u00e7os da rela\u00e7\u00e3o China-\u00c1frica.<\/p>\n<p>Depois da reuni\u00e3o, os dois chefes de Estado testemunharam em conjunto a assinatura de v\u00e1rios acordos de coopera\u00e7\u00e3o bilateral nos setores de investimento, agricultura, habita\u00e7\u00e3o, constru\u00e7\u00e3o urbana e resposta \u00e0s mudan\u00e7as clim\u00e1ticas.<\/p>\n<p>Os dois pa\u00edses tamb\u00e9m publicaram uma declara\u00e7\u00e3o conjunta sobre o estabelecimento da parceria de coopera\u00e7\u00e3o estrat\u00e9gica abrangente.<\/p>\n<p>Antes do encontro, Xi Jinping realizou uma cerim\u00f4nia de recep\u00e7\u00e3o para saudar o presidente gabon\u00eas.<\/p>\n","protected":false},"excerpt":{"rendered":"<p>O presidente chin\u00eas, Xi Jinping, se encontrou na tarde desta quarta-feira (19) no Grande Pal\u00e1cio do Povo em Beijing com o presidente da Rep\u00fablica do Gab\u00e3o, Ali Bongo Ondimba, que est\u00e1 em visita oficial \u00e0 China. Os dois chefes de&#8230;<\/p>\n","protected":false},"author":2,"featured_media":1248,"comment_status":"open","ping_status":"open","sticky":false,"template":"","format":"standard","meta":{"footnotes":""},"categories":[3],"tags":[],"class_list":["post-1247","post","type-post","status-publish","format-standard","has-post-thumbnail","hentry","category-china"],"yoast_head":"<!-- This site is optimized with the Yoast SEO plugin v27.4 - https:\/\/yoast.com\/product\/yoast-seo-wordpress\/ -->\n<title>Xi Jinping se re\u00fane com presidente do Gab\u00e3o em Beijing - CRI e Diario de Pernambuco<\/title>\n<meta name=\"robots\" content=\"index, follow, max-snippet:-1, max-image-preview:large, max-video-preview:-1\" \/>\n<link rel=\"canonical\" href=\"https:\/\/diariodepe.com.br\/cri\/2023\/04\/24\/xi-jinping-se-reune-com-presidente-do-gabao-em-beijing\/\" \/>\n<meta property=\"og:locale\" content=\"pt_BR\" \/>\n<meta property=\"og:type\" content=\"article\" \/>\n<meta property=\"og:title\" content=\"Xi Jinping se re\u00fane com presidente do Gab\u00e3o em Beijing - CRI e Diario de Pernambuco\" \/>\n<meta property=\"og:description\" content=\"O presidente chin\u00eas, Xi Jinping, se encontrou na tarde desta quarta-feira (19) no Grande Pal\u00e1cio do Povo em Beijing com o presidente da Rep\u00fablica do Gab\u00e3o, Ali Bongo Ondimba, que est\u00e1 em visita oficial \u00e0 China. Os dois chefes de...\" \/>\n<meta property=\"og:url\" content=\"https:\/\/diariodepe.com.br\/cri\/2023\/04\/24\/xi-jinping-se-reune-com-presidente-do-gabao-em-beijing\/\" \/>\n<meta property=\"og:site_name\" content=\"CRI e Diario de Pernambuco\" \/>\n<meta property=\"article:published_time\" content=\"2023-04-25T02:51:30+00:00\" \/>\n<meta property=\"og:image\" content=\"https:\/\/diariodepe.com.br\/cri\/wp-content\/uploads\/sites\/2\/2023\/04\/2023041921171462285.jpg\" \/>\n\t<meta property=\"og:image:width\" content=\"900\" \/>\n\t<meta property=\"og:image:height\" content=\"632\" \/>\n\t<meta property=\"og:image:type\" content=\"image\/jpeg\" \/>\n<meta name=\"author\" content=\"Ismael Lucas S. Pereira\" \/>\n<meta name=\"twitter:card\" content=\"summary_large_image\" \/>\n<meta name=\"twitter:label1\" content=\"Escrito por\" \/>\n\t<meta name=\"twitter:data1\" content=\"Ismael Lucas S. Pereira\" \/>\n\t<meta name=\"twitter:label2\" content=\"Est. tempo de leitura\" \/>\n\t<meta name=\"twitter:data2\" content=\"3 minutos\" \/>\n<script type=\"application\/ld+json\" class=\"yoast-schema-graph\">{\"@context\":\"https:\\\/\\\/schema.org\",\"@graph\":[{\"@type\":\"Article\",\"@id\":\"https:\\\/\\\/diariodepe.com.br\\\/cri\\\/2023\\\/04\\\/24\\\/xi-jinping-se-reune-com-presidente-do-gabao-em-beijing\\\/#article\",\"isPartOf\":{\"@id\":\"https:\\\/\\\/diariodepe.com.br\\\/cri\\\/2023\\\/04\\\/24\\\/xi-jinping-se-reune-com-presidente-do-gabao-em-beijing\\\/\"},\"author\":{\"name\":\"Ismael Lucas S. Pereira\",\"@id\":\"https:\\\/\\\/diariodepe.com.br\\\/cri\\\/#\\\/schema\\\/person\\\/121bb28d84f1a5b1205ef4ce9c2e0c6b\"},\"headline\":\"Xi Jinping se re\u00fane com presidente do Gab\u00e3o em Beijing\",\"datePublished\":\"2023-04-25T02:51:30+00:00\",\"mainEntityOfPage\":{\"@id\":\"https:\\\/\\\/diariodepe.com.br\\\/cri\\\/2023\\\/04\\\/24\\\/xi-jinping-se-reune-com-presidente-do-gabao-em-beijing\\\/\"},\"wordCount\":574,\"commentCount\":0,\"publisher\":{\"@id\":\"https:\\\/\\\/diariodepe.com.br\\\/cri\\\/#organization\"},\"image\":{\"@id\":\"https:\\\/\\\/diariodepe.com.br\\\/cri\\\/2023\\\/04\\\/24\\\/xi-jinping-se-reune-com-presidente-do-gabao-em-beijing\\\/#primaryimage\"},\"thumbnailUrl\":\"https:\\\/\\\/diariodepe.com.br\\\/cri\\\/wp-content\\\/uploads\\\/sites\\\/2\\\/2023\\\/04\\\/2023041921171462285.jpg\",\"articleSection\":[\"China\"],\"inLanguage\":\"pt-BR\",\"potentialAction\":[{\"@type\":\"CommentAction\",\"name\":\"Comment\",\"target\":[\"https:\\\/\\\/diariodepe.com.br\\\/cri\\\/2023\\\/04\\\/24\\\/xi-jinping-se-reune-com-presidente-do-gabao-em-beijing\\\/#respond\"]}]},{\"@type\":\"WebPage\",\"@id\":\"https:\\\/\\\/diariodepe.com.br\\\/cri\\\/2023\\\/04\\\/24\\\/xi-jinping-se-reune-com-presidente-do-gabao-em-beijing\\\/\",\"url\":\"https:\\\/\\\/diariodepe.com.br\\\/cri\\\/2023\\\/04\\\/24\\\/xi-jinping-se-reune-com-presidente-do-gabao-em-beijing\\\/\",\"name\":\"Xi Jinping se re\u00fane com presidente do Gab\u00e3o em Beijing - CRI e Diario de Pernambuco\",\"isPartOf\":{\"@id\":\"https:\\\/\\\/diariodepe.com.br\\\/cri\\\/#website\"},\"primaryImageOfPage\":{\"@id\":\"https:\\\/\\\/diariodepe.com.br\\\/cri\\\/2023\\\/04\\\/24\\\/xi-jinping-se-reune-com-presidente-do-gabao-em-beijing\\\/#primaryimage\"},\"image\":{\"@id\":\"https:\\\/\\\/diariodepe.com.br\\\/cri\\\/2023\\\/04\\\/24\\\/xi-jinping-se-reune-com-presidente-do-gabao-em-beijing\\\/#primaryimage\"},\"thumbnailUrl\":\"https:\\\/\\\/diariodepe.com.br\\\/cri\\\/wp-content\\\/uploads\\\/sites\\\/2\\\/2023\\\/04\\\/2023041921171462285.jpg\",\"datePublished\":\"2023-04-25T02:51:30+00:00\",\"breadcrumb\":{\"@id\":\"https:\\\/\\\/diariodepe.com.br\\\/cri\\\/2023\\\/04\\\/24\\\/xi-jinping-se-reune-com-presidente-do-gabao-em-beijing\\\/#breadcrumb\"},\"inLanguage\":\"pt-BR\",\"potentialAction\":[{\"@type\":\"ReadAction\",\"target\":[\"https:\\\/\\\/diariodepe.com.br\\\/cri\\\/2023\\\/04\\\/24\\\/xi-jinping-se-reune-com-presidente-do-gabao-em-beijing\\\/\"]}]},{\"@type\":\"ImageObject\",\"inLanguage\":\"pt-BR\",\"@id\":\"https:\\\/\\\/diariodepe.com.br\\\/cri\\\/2023\\\/04\\\/24\\\/xi-jinping-se-reune-com-presidente-do-gabao-em-beijing\\\/#primaryimage\",\"url\":\"https:\\\/\\\/diariodepe.com.br\\\/cri\\\/wp-content\\\/uploads\\\/sites\\\/2\\\/2023\\\/04\\\/2023041921171462285.jpg\",\"contentUrl\":\"https:\\\/\\\/diariodepe.com.br\\\/cri\\\/wp-content\\\/uploads\\\/sites\\\/2\\\/2023\\\/04\\\/2023041921171462285.jpg\",\"width\":900,\"height\":632},{\"@type\":\"BreadcrumbList\",\"@id\":\"https:\\\/\\\/diariodepe.com.br\\\/cri\\\/2023\\\/04\\\/24\\\/xi-jinping-se-reune-com-presidente-do-gabao-em-beijing\\\/#breadcrumb\",\"itemListElement\":[{\"@type\":\"ListItem\",\"position\":1,\"name\":\"In\u00edcio\",\"item\":\"https:\\\/\\\/diariodepe.com.br\\\/cri\\\/\"},{\"@type\":\"ListItem\",\"position\":2,\"name\":\"Xi Jinping se re\u00fane com presidente do Gab\u00e3o em Beijing\"}]},{\"@type\":\"WebSite\",\"@id\":\"https:\\\/\\\/diariodepe.com.br\\\/cri\\\/#website\",\"url\":\"https:\\\/\\\/diariodepe.com.br\\\/cri\\\/\",\"name\":\"CRI e Diario de Pernambuco\",\"description\":\"R\u00e1dio Internacional da China\",\"publisher\":{\"@id\":\"https:\\\/\\\/diariodepe.com.br\\\/cri\\\/#organization\"},\"potentialAction\":[{\"@type\":\"SearchAction\",\"target\":{\"@type\":\"EntryPoint\",\"urlTemplate\":\"https:\\\/\\\/diariodepe.com.br\\\/cri\\\/?s={search_term_string}\"},\"query-input\":{\"@type\":\"PropertyValueSpecification\",\"valueRequired\":true,\"valueName\":\"search_term_string\"}}],\"inLanguage\":\"pt-BR\"},{\"@type\":\"Organization\",\"@id\":\"https:\\\/\\\/diariodepe.com.br\\\/cri\\\/#organization\",\"name\":\"CRI e Diario de Pernambuco\",\"url\":\"https:\\\/\\\/diariodepe.com.br\\\/cri\\\/\",\"logo\":{\"@type\":\"ImageObject\",\"inLanguage\":\"pt-BR\",\"@id\":\"https:\\\/\\\/diariodepe.com.br\\\/cri\\\/#\\\/schema\\\/logo\\\/image\\\/\",\"url\":\"https:\\\/\\\/diariodepe.com.br\\\/cri\\\/wp-content\\\/uploads\\\/sites\\\/2\\\/2022\\\/12\\\/cropped-Logo.jpg\",\"contentUrl\":\"https:\\\/\\\/diariodepe.com.br\\\/cri\\\/wp-content\\\/uploads\\\/sites\\\/2\\\/2022\\\/12\\\/cropped-Logo.jpg\",\"width\":700,\"height\":59,\"caption\":\"CRI e Diario de Pernambuco\"},\"image\":{\"@id\":\"https:\\\/\\\/diariodepe.com.br\\\/cri\\\/#\\\/schema\\\/logo\\\/image\\\/\"}},{\"@type\":\"Person\",\"@id\":\"https:\\\/\\\/diariodepe.com.br\\\/cri\\\/#\\\/schema\\\/person\\\/121bb28d84f1a5b1205ef4ce9c2e0c6b\",\"name\":\"Ismael Lucas S. Pereira\",\"image\":{\"@type\":\"ImageObject\",\"inLanguage\":\"pt-BR\",\"@id\":\"https:\\\/\\\/secure.gravatar.com\\\/avatar\\\/887a0f3b5a7ceea963a48499fb883ffce6b5037362def025c52c2505b15d63e4?s=96&d=mm&r=g\",\"url\":\"https:\\\/\\\/secure.gravatar.com\\\/avatar\\\/887a0f3b5a7ceea963a48499fb883ffce6b5037362def025c52c2505b15d63e4?s=96&d=mm&r=g\",\"contentUrl\":\"https:\\\/\\\/secure.gravatar.com\\\/avatar\\\/887a0f3b5a7ceea963a48499fb883ffce6b5037362def025c52c2505b15d63e4?s=96&d=mm&r=g\",\"caption\":\"Ismael Lucas S. Pereira\"},\"url\":\"https:\\\/\\\/diariodepe.com.br\\\/cri\\\/author\\\/ismael-lucas\\\/\"}]}<\/script>\n<!-- \/ Yoast SEO plugin. -->","yoast_head_json":{"title":"Xi Jinping se re\u00fane com presidente do Gab\u00e3o em Beijing - CRI e Diario de Pernambuco","robots":{"index":"index","follow":"follow","max-snippet":"max-snippet:-1","max-image-preview":"max-image-preview:large","max-video-preview":"max-video-preview:-1"},"canonical":"https:\/\/diariodepe.com.br\/cri\/2023\/04\/24\/xi-jinping-se-reune-com-presidente-do-gabao-em-beijing\/","og_locale":"pt_BR","og_type":"article","og_title":"Xi Jinping se re\u00fane com presidente do Gab\u00e3o em Beijing - CRI e Diario de Pernambuco","og_description":"O presidente chin\u00eas, Xi Jinping, se encontrou na tarde desta quarta-feira (19) no Grande Pal\u00e1cio do Povo em Beijing com o presidente da Rep\u00fablica do Gab\u00e3o, Ali Bongo Ondimba, que est\u00e1 em visita oficial \u00e0 China. Os dois chefes de...","og_url":"https:\/\/diariodepe.com.br\/cri\/2023\/04\/24\/xi-jinping-se-reune-com-presidente-do-gabao-em-beijing\/","og_site_name":"CRI e Diario de Pernambuco","article_published_time":"2023-04-25T02:51:30+00:00","og_image":[{"width":900,"height":632,"url":"https:\/\/diariodepe.com.br\/cri\/wp-content\/uploads\/sites\/2\/2023\/04\/2023041921171462285.jpg","type":"image\/jpeg"}],"author":"Ismael Lucas S. Pereira","twitter_card":"summary_large_image","twitter_misc":{"Escrito por":"Ismael Lucas S. Pereira","Est. tempo de leitura":"3 minutos"},"schema":{"@context":"https:\/\/schema.org","@graph":[{"@type":"Article","@id":"https:\/\/diariodepe.com.br\/cri\/2023\/04\/24\/xi-jinping-se-reune-com-presidente-do-gabao-em-beijing\/#article","isPartOf":{"@id":"https:\/\/diariodepe.com.br\/cri\/2023\/04\/24\/xi-jinping-se-reune-com-presidente-do-gabao-em-beijing\/"},"author":{"name":"Ismael Lucas S. Pereira","@id":"https:\/\/diariodepe.com.br\/cri\/#\/schema\/person\/121bb28d84f1a5b1205ef4ce9c2e0c6b"},"headline":"Xi Jinping se re\u00fane com presidente do Gab\u00e3o em Beijing","datePublished":"2023-04-25T02:51:30+00:00","mainEntityOfPage":{"@id":"https:\/\/diariodepe.com.br\/cri\/2023\/04\/24\/xi-jinping-se-reune-com-presidente-do-gabao-em-beijing\/"},"wordCount":574,"commentCount":0,"publisher":{"@id":"https:\/\/diariodepe.com.br\/cri\/#organization"},"image":{"@id":"https:\/\/diariodepe.com.br\/cri\/2023\/04\/24\/xi-jinping-se-reune-com-presidente-do-gabao-em-beijing\/#primaryimage"},"thumbnailUrl":"https:\/\/diariodepe.com.br\/cri\/wp-content\/uploads\/sites\/2\/2023\/04\/2023041921171462285.jpg","articleSection":["China"],"inLanguage":"pt-BR","potentialAction":[{"@type":"CommentAction","name":"Comment","target":["https:\/\/diariodepe.com.br\/cri\/2023\/04\/24\/xi-jinping-se-reune-com-presidente-do-gabao-em-beijing\/#respond"]}]},{"@type":"WebPage","@id":"https:\/\/diariodepe.com.br\/cri\/2023\/04\/24\/xi-jinping-se-reune-com-presidente-do-gabao-em-beijing\/","url":"https:\/\/diariodepe.com.br\/cri\/2023\/04\/24\/xi-jinping-se-reune-com-presidente-do-gabao-em-beijing\/","name":"Xi Jinping se re\u00fane com presidente do Gab\u00e3o em Beijing - CRI e Diario de Pernambuco","isPartOf":{"@id":"https:\/\/diariodepe.com.br\/cri\/#website"},"primaryImageOfPage":{"@id":"https:\/\/diariodepe.com.br\/cri\/2023\/04\/24\/xi-jinping-se-reune-com-presidente-do-gabao-em-beijing\/#primaryimage"},"image":{"@id":"https:\/\/diariodepe.com.br\/cri\/2023\/04\/24\/xi-jinping-se-reune-com-presidente-do-gabao-em-beijing\/#primaryimage"},"thumbnailUrl":"https:\/\/diariodepe.com.br\/cri\/wp-content\/uploads\/sites\/2\/2023\/04\/2023041921171462285.jpg","datePublished":"2023-04-25T02:51:30+00:00","breadcrumb":{"@id":"https:\/\/diariodepe.com.br\/cri\/2023\/04\/24\/xi-jinping-se-reune-com-presidente-do-gabao-em-beijing\/#breadcrumb"},"inLanguage":"pt-BR","potentialAction":[{"@type":"ReadAction","target":["https:\/\/diariodepe.com.br\/cri\/2023\/04\/24\/xi-jinping-se-reune-com-presidente-do-gabao-em-beijing\/"]}]},{"@type":"ImageObject","inLanguage":"pt-BR","@id":"https:\/\/diariodepe.com.br\/cri\/2023\/04\/24\/xi-jinping-se-reune-com-presidente-do-gabao-em-beijing\/#primaryimage","url":"https:\/\/diariodepe.com.br\/cri\/wp-content\/uploads\/sites\/2\/2023\/04\/2023041921171462285.jpg","contentUrl":"https:\/\/diariodepe.com.br\/cri\/wp-content\/uploads\/sites\/2\/2023\/04\/2023041921171462285.jpg","width":900,"height":632},{"@type":"BreadcrumbList","@id":"https:\/\/diariodepe.com.br\/cri\/2023\/04\/24\/xi-jinping-se-reune-com-presidente-do-gabao-em-beijing\/#breadcrumb","itemListElement":[{"@type":"ListItem","position":1,"name":"In\u00edcio","item":"https:\/\/diariodepe.com.br\/cri\/"},{"@type":"ListItem","position":2,"name":"Xi Jinping se re\u00fane com presidente do Gab\u00e3o em Beijing"}]},{"@type":"WebSite","@id":"https:\/\/diariodepe.com.br\/cri\/#website","url":"https:\/\/diariodepe.com.br\/cri\/","name":"CRI e Diario de Pernambuco","description":"R\u00e1dio Internacional da China","publisher":{"@id":"https:\/\/diariodepe.com.br\/cri\/#organization"},"potentialAction":[{"@type":"SearchAction","target":{"@type":"EntryPoint","urlTemplate":"https:\/\/diariodepe.com.br\/cri\/?s={search_term_string}"},"query-input":{"@type":"PropertyValueSpecification","valueRequired":true,"valueName":"search_term_string"}}],"inLanguage":"pt-BR"},{"@type":"Organization","@id":"https:\/\/diariodepe.com.br\/cri\/#organization","name":"CRI e Diario de Pernambuco","url":"https:\/\/diariodepe.com.br\/cri\/","logo":{"@type":"ImageObject","inLanguage":"pt-BR","@id":"https:\/\/diariodepe.com.br\/cri\/#\/schema\/logo\/image\/","url":"https:\/\/diariodepe.com.br\/cri\/wp-content\/uploads\/sites\/2\/2022\/12\/cropped-Logo.jpg","contentUrl":"https:\/\/diariodepe.com.br\/cri\/wp-content\/uploads\/sites\/2\/2022\/12\/cropped-Logo.jpg","width":700,"height":59,"caption":"CRI e Diario de Pernambuco"},"image":{"@id":"https:\/\/diariodepe.com.br\/cri\/#\/schema\/logo\/image\/"}},{"@type":"Person","@id":"https:\/\/diariodepe.com.br\/cri\/#\/schema\/person\/121bb28d84f1a5b1205ef4ce9c2e0c6b","name":"Ismael Lucas S. Pereira","image":{"@type":"ImageObject","inLanguage":"pt-BR","@id":"https:\/\/secure.gravatar.com\/avatar\/887a0f3b5a7ceea963a48499fb883ffce6b5037362def025c52c2505b15d63e4?s=96&d=mm&r=g","url":"https:\/\/secure.gravatar.com\/avatar\/887a0f3b5a7ceea963a48499fb883ffce6b5037362def025c52c2505b15d63e4?s=96&d=mm&r=g","contentUrl":"https:\/\/secure.gravatar.com\/avatar\/887a0f3b5a7ceea963a48499fb883ffce6b5037362def025c52c2505b15d63e4?s=96&d=mm&r=g","caption":"Ismael Lucas S. Pereira"},"url":"https:\/\/diariodepe.com.br\/cri\/author\/ismael-lucas\/"}]}},"cc_featured_image_caption":{"caption_text":false,"source_text":false,"source_url":false},"amp_enabled":true,"_links":{"self":[{"href":"https:\/\/diariodepe.com.br\/cri\/wp-json\/wp\/v2\/posts\/1247","targetHints":{"allow":["GET"]}}],"collection":[{"href":"https:\/\/diariodepe.com.br\/cri\/wp-json\/wp\/v2\/posts"}],"about":[{"href":"https:\/\/diariodepe.com.br\/cri\/wp-json\/wp\/v2\/types\/post"}],"author":[{"embeddable":true,"href":"https:\/\/diariodepe.com.br\/cri\/wp-json\/wp\/v2\/users\/2"}],"replies":[{"embeddable":true,"href":"https:\/\/diariodepe.com.br\/cri\/wp-json\/wp\/v2\/comments?post=1247"}],"version-history":[{"count":1,"href":"https:\/\/diariodepe.com.br\/cri\/wp-json\/wp\/v2\/posts\/1247\/revisions"}],"predecessor-version":[{"id":1249,"href":"https:\/\/diariodepe.com.br\/cri\/wp-json\/wp\/v2\/posts\/1247\/revisions\/1249"}],"wp:featuredmedia":[{"embeddable":true,"href":"https:\/\/diariodepe.com.br\/cri\/wp-json\/wp\/v2\/media\/1248"}],"wp:attachment":[{"href":"https:\/\/diariodepe.com.br\/cri\/wp-json\/wp\/v2\/media?parent=1247"}],"wp:term":[{"taxonomy":"category","embeddable":true,"href":"https:\/\/diariodepe.com.br\/cri\/wp-json\/wp\/v2\/categories?post=1247"},{"taxonomy":"post_tag","embeddable":true,"href":"https:\/\/diariodepe.com.br\/cri\/wp-json\/wp\/v2\/tags?post=1247"}],"curies":[{"name":"wp","href":"https:\/\/api.w.org\/{rel}","templated":true}]}}