{"id":1198,"date":"2023-04-20T23:36:42","date_gmt":"2023-04-21T02:36:42","guid":{"rendered":"https:\/\/diariodepe.com.br\/cri\/?p=1198"},"modified":"2023-04-20T23:36:42","modified_gmt":"2023-04-21T02:36:42","slug":"feira-de-cantao-abre-com-retomada-completa-das-exposicoes-offline","status":"publish","type":"post","link":"https:\/\/diariodepe.com.br\/cri\/2023\/04\/20\/feira-de-cantao-abre-com-retomada-completa-das-exposicoes-offline\/","title":{"rendered":"Feira de Cant\u00e3o abre com retomada completa das exposi\u00e7\u00f5es offline"},"content":{"rendered":"<p>As atividades presenciais da 133\u00aa Feira de Importa\u00e7\u00e3o e Exporta\u00e7\u00e3o da China come\u00e7aram neste s\u00e1bado em Guangzhou, Prov\u00edncia de Guangdong, no sul da China.<\/p>\n<p>O evento de longa data, tamb\u00e9m conhecido como Feira de Cant\u00e3o, ocorrer\u00e1 at\u00e9 5 de maio em tr\u00eas fases.<\/p>\n<p>Com a \u00e1rea de exposi\u00e7\u00e3o e o n\u00famero de expositores em n\u00edveis recordes, a feira recebe compradores de mais de 220 pa\u00edses e regi\u00f5es, cobrindo mercados na Europa, nos Estados Unidos e mercados emergentes ao longo do Cintur\u00e3o e Rota.<\/p>\n<p>Os locais de exposi\u00e7\u00e3o offline deste ano, abrangendo 1,5 milh\u00e3o de metros quadrados, receber\u00e3o cerca de 70 mil estandes para cerca de 35 mil expositores.<\/p>\n<p>A se\u00e7\u00e3o de exporta\u00e7\u00e3o acomodar\u00e1 cerca de 5.700 empresas com marcas ou tecnologias l\u00edderes. A se\u00e7\u00e3o de importa\u00e7\u00e3o apresentar\u00e1 508 empresas de 40 pa\u00edses e regi\u00f5es, como Estados Unidos, Canad\u00e1, It\u00e1lia, Alemanha e Espanha.<\/p>\n<p>Lan\u00e7ada em 1957 e realizada duas vezes por ano, a feira \u00e9 considerada um dos principais indicadores do com\u00e9rcio exterior da China.<\/p>\n","protected":false},"excerpt":{"rendered":"<p>As atividades presenciais da 133\u00aa Feira de Importa\u00e7\u00e3o e Exporta\u00e7\u00e3o da China come\u00e7aram neste s\u00e1bado em Guangzhou, Prov\u00edncia de Guangdong, no sul da China. O evento de longa data, tamb\u00e9m conhecido como Feira de Cant\u00e3o, ocorrer\u00e1 at\u00e9 5 de maio&#8230;<\/p>\n","protected":false},"author":2,"featured_media":1199,"comment_status":"open","ping_status":"open","sticky":false,"template":"","format":"standard","meta":{"footnotes":""},"categories":[1],"tags":[],"class_list":["post-1198","post","type-post","status-publish","format-standard","has-post-thumbnail","hentry","category-estudio-paulista"],"yoast_head":"<!-- This site is optimized with the Yoast SEO plugin v27.4 - https:\/\/yoast.com\/product\/yoast-seo-wordpress\/ -->\n<title>Feira de Cant\u00e3o abre com retomada completa das exposi\u00e7\u00f5es offline - CRI e Diario de Pernambuco<\/title>\n<meta name=\"robots\" content=\"index, follow, max-snippet:-1, max-image-preview:large, max-video-preview:-1\" \/>\n<link rel=\"canonical\" href=\"https:\/\/diariodepe.com.br\/cri\/2023\/04\/20\/feira-de-cantao-abre-com-retomada-completa-das-exposicoes-offline\/\" \/>\n<meta property=\"og:locale\" content=\"pt_BR\" \/>\n<meta property=\"og:type\" content=\"article\" \/>\n<meta property=\"og:title\" content=\"Feira de Cant\u00e3o abre com retomada completa das exposi\u00e7\u00f5es offline - CRI e Diario de Pernambuco\" \/>\n<meta property=\"og:description\" content=\"As atividades presenciais da 133\u00aa Feira de Importa\u00e7\u00e3o e Exporta\u00e7\u00e3o da China come\u00e7aram neste s\u00e1bado em Guangzhou, Prov\u00edncia de Guangdong, no sul da China. O evento de longa data, tamb\u00e9m conhecido como Feira de Cant\u00e3o, ocorrer\u00e1 at\u00e9 5 de maio...\" \/>\n<meta property=\"og:url\" content=\"https:\/\/diariodepe.com.br\/cri\/2023\/04\/20\/feira-de-cantao-abre-com-retomada-completa-das-exposicoes-offline\/\" \/>\n<meta property=\"og:site_name\" content=\"CRI e Diario de Pernambuco\" \/>\n<meta property=\"article:published_time\" content=\"2023-04-21T02:36:42+00:00\" \/>\n<meta property=\"og:image\" content=\"https:\/\/diariodepe.com.br\/cri\/wp-content\/uploads\/sites\/2\/2023\/04\/2023041621245923282_\u526f\u672c.jpg\" \/>\n\t<meta property=\"og:image:width\" content=\"1803\" \/>\n\t<meta property=\"og:image:height\" content=\"869\" \/>\n\t<meta property=\"og:image:type\" content=\"image\/jpeg\" \/>\n<meta name=\"author\" content=\"Ismael Lucas S. Pereira\" \/>\n<meta name=\"twitter:card\" content=\"summary_large_image\" \/>\n<meta name=\"twitter:label1\" content=\"Escrito por\" \/>\n\t<meta name=\"twitter:data1\" content=\"Ismael Lucas S. Pereira\" \/>\n\t<meta name=\"twitter:label2\" content=\"Est. tempo de leitura\" \/>\n\t<meta name=\"twitter:data2\" content=\"1 minuto\" \/>\n<script type=\"application\/ld+json\" class=\"yoast-schema-graph\">{\"@context\":\"https:\\\/\\\/schema.org\",\"@graph\":[{\"@type\":\"Article\",\"@id\":\"https:\\\/\\\/diariodepe.com.br\\\/cri\\\/2023\\\/04\\\/20\\\/feira-de-cantao-abre-com-retomada-completa-das-exposicoes-offline\\\/#article\",\"isPartOf\":{\"@id\":\"https:\\\/\\\/diariodepe.com.br\\\/cri\\\/2023\\\/04\\\/20\\\/feira-de-cantao-abre-com-retomada-completa-das-exposicoes-offline\\\/\"},\"author\":{\"name\":\"Ismael Lucas S. Pereira\",\"@id\":\"https:\\\/\\\/diariodepe.com.br\\\/cri\\\/#\\\/schema\\\/person\\\/121bb28d84f1a5b1205ef4ce9c2e0c6b\"},\"headline\":\"Feira de Cant\u00e3o abre com retomada completa das exposi\u00e7\u00f5es offline\",\"datePublished\":\"2023-04-21T02:36:42+00:00\",\"mainEntityOfPage\":{\"@id\":\"https:\\\/\\\/diariodepe.com.br\\\/cri\\\/2023\\\/04\\\/20\\\/feira-de-cantao-abre-com-retomada-completa-das-exposicoes-offline\\\/\"},\"wordCount\":192,\"commentCount\":0,\"publisher\":{\"@id\":\"https:\\\/\\\/diariodepe.com.br\\\/cri\\\/#organization\"},\"image\":{\"@id\":\"https:\\\/\\\/diariodepe.com.br\\\/cri\\\/2023\\\/04\\\/20\\\/feira-de-cantao-abre-com-retomada-completa-das-exposicoes-offline\\\/#primaryimage\"},\"thumbnailUrl\":\"https:\\\/\\\/diariodepe.com.br\\\/cri\\\/wp-content\\\/uploads\\\/sites\\\/2\\\/2023\\\/04\\\/2023041621245923282_\u526f\u672c.jpg\",\"articleSection\":[\"Est\u00fadio Paulista\"],\"inLanguage\":\"pt-BR\",\"potentialAction\":[{\"@type\":\"CommentAction\",\"name\":\"Comment\",\"target\":[\"https:\\\/\\\/diariodepe.com.br\\\/cri\\\/2023\\\/04\\\/20\\\/feira-de-cantao-abre-com-retomada-completa-das-exposicoes-offline\\\/#respond\"]}]},{\"@type\":\"WebPage\",\"@id\":\"https:\\\/\\\/diariodepe.com.br\\\/cri\\\/2023\\\/04\\\/20\\\/feira-de-cantao-abre-com-retomada-completa-das-exposicoes-offline\\\/\",\"url\":\"https:\\\/\\\/diariodepe.com.br\\\/cri\\\/2023\\\/04\\\/20\\\/feira-de-cantao-abre-com-retomada-completa-das-exposicoes-offline\\\/\",\"name\":\"Feira de Cant\u00e3o abre com retomada completa das exposi\u00e7\u00f5es offline - CRI e Diario de Pernambuco\",\"isPartOf\":{\"@id\":\"https:\\\/\\\/diariodepe.com.br\\\/cri\\\/#website\"},\"primaryImageOfPage\":{\"@id\":\"https:\\\/\\\/diariodepe.com.br\\\/cri\\\/2023\\\/04\\\/20\\\/feira-de-cantao-abre-com-retomada-completa-das-exposicoes-offline\\\/#primaryimage\"},\"image\":{\"@id\":\"https:\\\/\\\/diariodepe.com.br\\\/cri\\\/2023\\\/04\\\/20\\\/feira-de-cantao-abre-com-retomada-completa-das-exposicoes-offline\\\/#primaryimage\"},\"thumbnailUrl\":\"https:\\\/\\\/diariodepe.com.br\\\/cri\\\/wp-content\\\/uploads\\\/sites\\\/2\\\/2023\\\/04\\\/2023041621245923282_\u526f\u672c.jpg\",\"datePublished\":\"2023-04-21T02:36:42+00:00\",\"breadcrumb\":{\"@id\":\"https:\\\/\\\/diariodepe.com.br\\\/cri\\\/2023\\\/04\\\/20\\\/feira-de-cantao-abre-com-retomada-completa-das-exposicoes-offline\\\/#breadcrumb\"},\"inLanguage\":\"pt-BR\",\"potentialAction\":[{\"@type\":\"ReadAction\",\"target\":[\"https:\\\/\\\/diariodepe.com.br\\\/cri\\\/2023\\\/04\\\/20\\\/feira-de-cantao-abre-com-retomada-completa-das-exposicoes-offline\\\/\"]}]},{\"@type\":\"ImageObject\",\"inLanguage\":\"pt-BR\",\"@id\":\"https:\\\/\\\/diariodepe.com.br\\\/cri\\\/2023\\\/04\\\/20\\\/feira-de-cantao-abre-com-retomada-completa-das-exposicoes-offline\\\/#primaryimage\",\"url\":\"https:\\\/\\\/diariodepe.com.br\\\/cri\\\/wp-content\\\/uploads\\\/sites\\\/2\\\/2023\\\/04\\\/2023041621245923282_\u526f\u672c.jpg\",\"contentUrl\":\"https:\\\/\\\/diariodepe.com.br\\\/cri\\\/wp-content\\\/uploads\\\/sites\\\/2\\\/2023\\\/04\\\/2023041621245923282_\u526f\u672c.jpg\",\"width\":1803,\"height\":869},{\"@type\":\"BreadcrumbList\",\"@id\":\"https:\\\/\\\/diariodepe.com.br\\\/cri\\\/2023\\\/04\\\/20\\\/feira-de-cantao-abre-com-retomada-completa-das-exposicoes-offline\\\/#breadcrumb\",\"itemListElement\":[{\"@type\":\"ListItem\",\"position\":1,\"name\":\"In\u00edcio\",\"item\":\"https:\\\/\\\/diariodepe.com.br\\\/cri\\\/\"},{\"@type\":\"ListItem\",\"position\":2,\"name\":\"Feira de Cant\u00e3o abre com retomada completa das exposi\u00e7\u00f5es offline\"}]},{\"@type\":\"WebSite\",\"@id\":\"https:\\\/\\\/diariodepe.com.br\\\/cri\\\/#website\",\"url\":\"https:\\\/\\\/diariodepe.com.br\\\/cri\\\/\",\"name\":\"CRI e Diario de Pernambuco\",\"description\":\"R\u00e1dio Internacional da China\",\"publisher\":{\"@id\":\"https:\\\/\\\/diariodepe.com.br\\\/cri\\\/#organization\"},\"potentialAction\":[{\"@type\":\"SearchAction\",\"target\":{\"@type\":\"EntryPoint\",\"urlTemplate\":\"https:\\\/\\\/diariodepe.com.br\\\/cri\\\/?s={search_term_string}\"},\"query-input\":{\"@type\":\"PropertyValueSpecification\",\"valueRequired\":true,\"valueName\":\"search_term_string\"}}],\"inLanguage\":\"pt-BR\"},{\"@type\":\"Organization\",\"@id\":\"https:\\\/\\\/diariodepe.com.br\\\/cri\\\/#organization\",\"name\":\"CRI e Diario de Pernambuco\",\"url\":\"https:\\\/\\\/diariodepe.com.br\\\/cri\\\/\",\"logo\":{\"@type\":\"ImageObject\",\"inLanguage\":\"pt-BR\",\"@id\":\"https:\\\/\\\/diariodepe.com.br\\\/cri\\\/#\\\/schema\\\/logo\\\/image\\\/\",\"url\":\"https:\\\/\\\/diariodepe.com.br\\\/cri\\\/wp-content\\\/uploads\\\/sites\\\/2\\\/2022\\\/12\\\/cropped-Logo.jpg\",\"contentUrl\":\"https:\\\/\\\/diariodepe.com.br\\\/cri\\\/wp-content\\\/uploads\\\/sites\\\/2\\\/2022\\\/12\\\/cropped-Logo.jpg\",\"width\":700,\"height\":59,\"caption\":\"CRI e Diario de Pernambuco\"},\"image\":{\"@id\":\"https:\\\/\\\/diariodepe.com.br\\\/cri\\\/#\\\/schema\\\/logo\\\/image\\\/\"}},{\"@type\":\"Person\",\"@id\":\"https:\\\/\\\/diariodepe.com.br\\\/cri\\\/#\\\/schema\\\/person\\\/121bb28d84f1a5b1205ef4ce9c2e0c6b\",\"name\":\"Ismael Lucas S. Pereira\",\"image\":{\"@type\":\"ImageObject\",\"inLanguage\":\"pt-BR\",\"@id\":\"https:\\\/\\\/secure.gravatar.com\\\/avatar\\\/887a0f3b5a7ceea963a48499fb883ffce6b5037362def025c52c2505b15d63e4?s=96&d=mm&r=g\",\"url\":\"https:\\\/\\\/secure.gravatar.com\\\/avatar\\\/887a0f3b5a7ceea963a48499fb883ffce6b5037362def025c52c2505b15d63e4?s=96&d=mm&r=g\",\"contentUrl\":\"https:\\\/\\\/secure.gravatar.com\\\/avatar\\\/887a0f3b5a7ceea963a48499fb883ffce6b5037362def025c52c2505b15d63e4?s=96&d=mm&r=g\",\"caption\":\"Ismael Lucas S. Pereira\"},\"url\":\"https:\\\/\\\/diariodepe.com.br\\\/cri\\\/author\\\/ismael-lucas\\\/\"}]}<\/script>\n<!-- \/ Yoast SEO plugin. -->","yoast_head_json":{"title":"Feira de Cant\u00e3o abre com retomada completa das exposi\u00e7\u00f5es offline - CRI e Diario de Pernambuco","robots":{"index":"index","follow":"follow","max-snippet":"max-snippet:-1","max-image-preview":"max-image-preview:large","max-video-preview":"max-video-preview:-1"},"canonical":"https:\/\/diariodepe.com.br\/cri\/2023\/04\/20\/feira-de-cantao-abre-com-retomada-completa-das-exposicoes-offline\/","og_locale":"pt_BR","og_type":"article","og_title":"Feira de Cant\u00e3o abre com retomada completa das exposi\u00e7\u00f5es offline - CRI e Diario de Pernambuco","og_description":"As atividades presenciais da 133\u00aa Feira de Importa\u00e7\u00e3o e Exporta\u00e7\u00e3o da China come\u00e7aram neste s\u00e1bado em Guangzhou, Prov\u00edncia de Guangdong, no sul da China. O evento de longa data, tamb\u00e9m conhecido como Feira de Cant\u00e3o, ocorrer\u00e1 at\u00e9 5 de maio...","og_url":"https:\/\/diariodepe.com.br\/cri\/2023\/04\/20\/feira-de-cantao-abre-com-retomada-completa-das-exposicoes-offline\/","og_site_name":"CRI e Diario de Pernambuco","article_published_time":"2023-04-21T02:36:42+00:00","og_image":[{"width":1803,"height":869,"url":"https:\/\/diariodepe.com.br\/cri\/wp-content\/uploads\/sites\/2\/2023\/04\/2023041621245923282_\u526f\u672c.jpg","type":"image\/jpeg"}],"author":"Ismael Lucas S. Pereira","twitter_card":"summary_large_image","twitter_misc":{"Escrito por":"Ismael Lucas S. Pereira","Est. tempo de leitura":"1 minuto"},"schema":{"@context":"https:\/\/schema.org","@graph":[{"@type":"Article","@id":"https:\/\/diariodepe.com.br\/cri\/2023\/04\/20\/feira-de-cantao-abre-com-retomada-completa-das-exposicoes-offline\/#article","isPartOf":{"@id":"https:\/\/diariodepe.com.br\/cri\/2023\/04\/20\/feira-de-cantao-abre-com-retomada-completa-das-exposicoes-offline\/"},"author":{"name":"Ismael Lucas S. Pereira","@id":"https:\/\/diariodepe.com.br\/cri\/#\/schema\/person\/121bb28d84f1a5b1205ef4ce9c2e0c6b"},"headline":"Feira de Cant\u00e3o abre com retomada completa das exposi\u00e7\u00f5es offline","datePublished":"2023-04-21T02:36:42+00:00","mainEntityOfPage":{"@id":"https:\/\/diariodepe.com.br\/cri\/2023\/04\/20\/feira-de-cantao-abre-com-retomada-completa-das-exposicoes-offline\/"},"wordCount":192,"commentCount":0,"publisher":{"@id":"https:\/\/diariodepe.com.br\/cri\/#organization"},"image":{"@id":"https:\/\/diariodepe.com.br\/cri\/2023\/04\/20\/feira-de-cantao-abre-com-retomada-completa-das-exposicoes-offline\/#primaryimage"},"thumbnailUrl":"https:\/\/diariodepe.com.br\/cri\/wp-content\/uploads\/sites\/2\/2023\/04\/2023041621245923282_\u526f\u672c.jpg","articleSection":["Est\u00fadio Paulista"],"inLanguage":"pt-BR","potentialAction":[{"@type":"CommentAction","name":"Comment","target":["https:\/\/diariodepe.com.br\/cri\/2023\/04\/20\/feira-de-cantao-abre-com-retomada-completa-das-exposicoes-offline\/#respond"]}]},{"@type":"WebPage","@id":"https:\/\/diariodepe.com.br\/cri\/2023\/04\/20\/feira-de-cantao-abre-com-retomada-completa-das-exposicoes-offline\/","url":"https:\/\/diariodepe.com.br\/cri\/2023\/04\/20\/feira-de-cantao-abre-com-retomada-completa-das-exposicoes-offline\/","name":"Feira de Cant\u00e3o abre com retomada completa das exposi\u00e7\u00f5es offline - CRI e Diario de Pernambuco","isPartOf":{"@id":"https:\/\/diariodepe.com.br\/cri\/#website"},"primaryImageOfPage":{"@id":"https:\/\/diariodepe.com.br\/cri\/2023\/04\/20\/feira-de-cantao-abre-com-retomada-completa-das-exposicoes-offline\/#primaryimage"},"image":{"@id":"https:\/\/diariodepe.com.br\/cri\/2023\/04\/20\/feira-de-cantao-abre-com-retomada-completa-das-exposicoes-offline\/#primaryimage"},"thumbnailUrl":"https:\/\/diariodepe.com.br\/cri\/wp-content\/uploads\/sites\/2\/2023\/04\/2023041621245923282_\u526f\u672c.jpg","datePublished":"2023-04-21T02:36:42+00:00","breadcrumb":{"@id":"https:\/\/diariodepe.com.br\/cri\/2023\/04\/20\/feira-de-cantao-abre-com-retomada-completa-das-exposicoes-offline\/#breadcrumb"},"inLanguage":"pt-BR","potentialAction":[{"@type":"ReadAction","target":["https:\/\/diariodepe.com.br\/cri\/2023\/04\/20\/feira-de-cantao-abre-com-retomada-completa-das-exposicoes-offline\/"]}]},{"@type":"ImageObject","inLanguage":"pt-BR","@id":"https:\/\/diariodepe.com.br\/cri\/2023\/04\/20\/feira-de-cantao-abre-com-retomada-completa-das-exposicoes-offline\/#primaryimage","url":"https:\/\/diariodepe.com.br\/cri\/wp-content\/uploads\/sites\/2\/2023\/04\/2023041621245923282_\u526f\u672c.jpg","contentUrl":"https:\/\/diariodepe.com.br\/cri\/wp-content\/uploads\/sites\/2\/2023\/04\/2023041621245923282_\u526f\u672c.jpg","width":1803,"height":869},{"@type":"BreadcrumbList","@id":"https:\/\/diariodepe.com.br\/cri\/2023\/04\/20\/feira-de-cantao-abre-com-retomada-completa-das-exposicoes-offline\/#breadcrumb","itemListElement":[{"@type":"ListItem","position":1,"name":"In\u00edcio","item":"https:\/\/diariodepe.com.br\/cri\/"},{"@type":"ListItem","position":2,"name":"Feira de Cant\u00e3o abre com retomada completa das exposi\u00e7\u00f5es offline"}]},{"@type":"WebSite","@id":"https:\/\/diariodepe.com.br\/cri\/#website","url":"https:\/\/diariodepe.com.br\/cri\/","name":"CRI e Diario de Pernambuco","description":"R\u00e1dio Internacional da China","publisher":{"@id":"https:\/\/diariodepe.com.br\/cri\/#organization"},"potentialAction":[{"@type":"SearchAction","target":{"@type":"EntryPoint","urlTemplate":"https:\/\/diariodepe.com.br\/cri\/?s={search_term_string}"},"query-input":{"@type":"PropertyValueSpecification","valueRequired":true,"valueName":"search_term_string"}}],"inLanguage":"pt-BR"},{"@type":"Organization","@id":"https:\/\/diariodepe.com.br\/cri\/#organization","name":"CRI e Diario de Pernambuco","url":"https:\/\/diariodepe.com.br\/cri\/","logo":{"@type":"ImageObject","inLanguage":"pt-BR","@id":"https:\/\/diariodepe.com.br\/cri\/#\/schema\/logo\/image\/","url":"https:\/\/diariodepe.com.br\/cri\/wp-content\/uploads\/sites\/2\/2022\/12\/cropped-Logo.jpg","contentUrl":"https:\/\/diariodepe.com.br\/cri\/wp-content\/uploads\/sites\/2\/2022\/12\/cropped-Logo.jpg","width":700,"height":59,"caption":"CRI e Diario de Pernambuco"},"image":{"@id":"https:\/\/diariodepe.com.br\/cri\/#\/schema\/logo\/image\/"}},{"@type":"Person","@id":"https:\/\/diariodepe.com.br\/cri\/#\/schema\/person\/121bb28d84f1a5b1205ef4ce9c2e0c6b","name":"Ismael Lucas S. Pereira","image":{"@type":"ImageObject","inLanguage":"pt-BR","@id":"https:\/\/secure.gravatar.com\/avatar\/887a0f3b5a7ceea963a48499fb883ffce6b5037362def025c52c2505b15d63e4?s=96&d=mm&r=g","url":"https:\/\/secure.gravatar.com\/avatar\/887a0f3b5a7ceea963a48499fb883ffce6b5037362def025c52c2505b15d63e4?s=96&d=mm&r=g","contentUrl":"https:\/\/secure.gravatar.com\/avatar\/887a0f3b5a7ceea963a48499fb883ffce6b5037362def025c52c2505b15d63e4?s=96&d=mm&r=g","caption":"Ismael Lucas S. Pereira"},"url":"https:\/\/diariodepe.com.br\/cri\/author\/ismael-lucas\/"}]}},"cc_featured_image_caption":{"caption_text":false,"source_text":false,"source_url":false},"amp_enabled":true,"_links":{"self":[{"href":"https:\/\/diariodepe.com.br\/cri\/wp-json\/wp\/v2\/posts\/1198","targetHints":{"allow":["GET"]}}],"collection":[{"href":"https:\/\/diariodepe.com.br\/cri\/wp-json\/wp\/v2\/posts"}],"about":[{"href":"https:\/\/diariodepe.com.br\/cri\/wp-json\/wp\/v2\/types\/post"}],"author":[{"embeddable":true,"href":"https:\/\/diariodepe.com.br\/cri\/wp-json\/wp\/v2\/users\/2"}],"replies":[{"embeddable":true,"href":"https:\/\/diariodepe.com.br\/cri\/wp-json\/wp\/v2\/comments?post=1198"}],"version-history":[{"count":1,"href":"https:\/\/diariodepe.com.br\/cri\/wp-json\/wp\/v2\/posts\/1198\/revisions"}],"predecessor-version":[{"id":1200,"href":"https:\/\/diariodepe.com.br\/cri\/wp-json\/wp\/v2\/posts\/1198\/revisions\/1200"}],"wp:featuredmedia":[{"embeddable":true,"href":"https:\/\/diariodepe.com.br\/cri\/wp-json\/wp\/v2\/media\/1199"}],"wp:attachment":[{"href":"https:\/\/diariodepe.com.br\/cri\/wp-json\/wp\/v2\/media?parent=1198"}],"wp:term":[{"taxonomy":"category","embeddable":true,"href":"https:\/\/diariodepe.com.br\/cri\/wp-json\/wp\/v2\/categories?post=1198"},{"taxonomy":"post_tag","embeddable":true,"href":"https:\/\/diariodepe.com.br\/cri\/wp-json\/wp\/v2\/tags?post=1198"}],"curies":[{"name":"wp","href":"https:\/\/api.w.org\/{rel}","templated":true}]}}