{"id":1195,"date":"2023-04-20T23:35:26","date_gmt":"2023-04-21T02:35:26","guid":{"rendered":"https:\/\/diariodepe.com.br\/cri\/?p=1195"},"modified":"2023-04-20T23:35:26","modified_gmt":"2023-04-21T02:35:26","slug":"comentario-velhos-amigos-dos-hemisferios-leste-e-oeste-tracam-futuro-para-cooperacao","status":"publish","type":"post","link":"https:\/\/diariodepe.com.br\/cri\/2023\/04\/20\/comentario-velhos-amigos-dos-hemisferios-leste-e-oeste-tracam-futuro-para-cooperacao\/","title":{"rendered":"Coment\u00e1rio: \u201cVelhos amigos\u201d dos hemisf\u00e9rios Leste e Oeste tra\u00e7am futuro para coopera\u00e7\u00e3o"},"content":{"rendered":"<p>\u201cL\u00edderes da China e do Brasil fizeram hist\u00f3rias.\u201d \u201cA visita de Lula \u00e0 China abriu oportunidades para o Brasil.\u201d \u201cAp\u00f3s encontros com o presidente Xi Jinping, a bagagem do presidente Lula volta lotada de acordos bilaterais e planos de coopera\u00e7\u00e3o.\u201d A m\u00eddia brasileira deu avalia\u00e7\u00f5es muito positivas \u00e0 visita do presidente do pa\u00eds, Luiz In\u00e1cio Lula da Silva, \u00e0 China, que terminou nesse s\u00e1bado (15).<\/p>\n<p>\u00c9 amplo o consenso de que os chefes de Estado chin\u00eas e brasileiro tra\u00e7aram uma dire\u00e7\u00e3o para as pr\u00f3ximas colabora\u00e7\u00f5es bilaterais, o que levar\u00e1 os pa\u00edses a ter um relacionamento promissor no futuro.<\/p>\n<p>Este ano marca o 30\u00ba anivers\u00e1rio da parceria estrat\u00e9gica global entre a China e o Brasil. Em 2024, os dois pa\u00edses celebrar\u00e3o 50 anos do estabelecimento das rela\u00e7\u00f5es diplom\u00e1ticas. A visita do presidente brasileiro neste momento importante despertou grande aten\u00e7\u00e3o na comunidade internacional.<\/p>\n<p>O presidente chin\u00eas, Xi Jinping, afirmou que a China est\u00e1 disposta a trabalhar junto com o Brasil para abrir um novo futuro das rela\u00e7\u00f5es na nova era. Lula, por sua vez, assinalou que o refor\u00e7o dos la\u00e7os com os chineses em todas as \u00e1reas representa um forte desejo comum da legislatura e dos diferentes setores sociais brasileiros.<\/p>\n<p>A China e o Brasil s\u00e3o os maiores pa\u00edses em desenvolvimento e importantes mercados emergentes, respectivamente dos hemisf\u00e9rios Leste e Oeste. Apesar de ter uma longa dist\u00e2ncia geogr\u00e1fica, as duas na\u00e7\u00f5es mantiveram contatos por muito tempo. A Rep\u00fablica Popular da China e a Rep\u00fablica Federativa do Brasil estabeleceram rela\u00e7\u00f5es diplom\u00e1ticas em 15 de agosto de 1974. O presidente brasileiro j\u00e1 visitou o pa\u00eds quatro vezes. Lula teve outros dois mandatos no cargo, respectivamente entre 2003 e 2007 e entre 2007 e 2011.<\/p>\n<p>A China e o Brasil enfrentam suas pr\u00f3prias tarefas de desenvolvimento neste mundo com mudan\u00e7as e incertezas dr\u00e1sticas. A China est\u00e1 promovendo um desenvolvimento de alta qualidade e uma abertura de alto n\u00edvel. O Brasil est\u00e1 em processo de \u201creindustrializa\u00e7\u00e3o\u201d e redu\u00e7\u00e3o da pobreza.<\/p>\n<p>Os chefes de Estado dos dois pa\u00edses tratam do relacionamento sino-brasileiro com uma vis\u00e3o estrat\u00e9gica. Isso significa que a confian\u00e7a pol\u00edtica m\u00fatua j\u00e1 chegou a um novo patamar e a base para os la\u00e7os bilaterais se tornou mais consolidada.<\/p>\n<p>A ver com a agenda da visita de Lula \u00e0 China, o Brasil mostrou um forte desejo de estreitar a coopera\u00e7\u00e3o bilateral em novas \u00e1reas, abrangendo economia de baixo carbono, economia digital, informa\u00e7\u00e3o e telecomunica\u00e7\u00f5es, assim como avia\u00e7\u00e3o e aeroespa\u00e7o. Os dois pa\u00edses est\u00e3o ampliando o espa\u00e7o na colabora\u00e7\u00e3o em alta ci\u00eancia e tecnologias novas.<\/p>\n<p>As intera\u00e7\u00f5es sino-brasileiras tamb\u00e9m servem como um exemplo para as na\u00e7\u00f5es em desenvolvimento romperem o monop\u00f3lio tecnol\u00f3gico dos pa\u00edses desenvolvidos.<\/p>\n<p>Como l\u00edderes das na\u00e7\u00f5es em desenvolvimento, China e Brasil mant\u00eam um relacionamento que supera o \u00e2mbito bilateral e promove o aprimoramento da governan\u00e7a global.<\/p>\n<p>Ao discursar durante a cerim\u00f4nia de posse de Dilma Rousseff como presidenta do Novo Banco de Desenvolvimento, realizada no dia 13 em Shanghai, Lula questionou por que os pa\u00edses devem fazer liquida\u00e7\u00e3o em d\u00f3lar e n\u00e3o em RMB ou outras moedas. As afirma\u00e7\u00f5es despertaram ampla aten\u00e7\u00e3o do p\u00fablico.<\/p>\n<p>Para controlar a infla\u00e7\u00e3o interna, os Estados Unidos aumentaram consecutiva e radicalmente a taxa de juros, causando impactos severos para os mercados emergentes, que passaram a ter um forte apelo de autofortalecimento por meio de uni\u00e3o. No final de mar\u00e7o deste ano, o governo brasileiro afirmou ter chegado a um acordo com a China para fazer liquida\u00e7\u00e3o em moeda local.<\/p>\n<p>Al\u00e9m disso, os governos dos dois pa\u00edses t\u00eam refor\u00e7ado coordena\u00e7\u00f5es em assuntos internacionais de interesse comum em \u00e2mbitos como das Na\u00e7\u00f5es Unidas, do BRICS e do G20. Durante o encontro de Xi Jinping e Lula, na sexta-feira (14) em Beijing, as duas partes concordaram que o di\u00e1logo e as negocia\u00e7\u00f5es representam o \u00fanico meio vi\u00e1vel para resolver a crise da Ucr\u00e2nia.<\/p>\n<p>Em resumo, as rela\u00e7\u00f5es sino-brasileiras v\u00e3o subir para um novo patamar na nova era, sob a lideran\u00e7a dos dois chefes de Estado. Isso trar\u00e1 mais benef\u00edcios para os dois povos e injetar\u00e1 novos dinamismos para a coopera\u00e7\u00e3o sino-latino-americana e para a paz e o desenvolvimento mundiais.<\/p>\n<p>Assim, n\u00e3o \u00e9 dif\u00edcil entender por que o presidente Lula disse que \u201cningu\u00e9m vai impedir que o Brasil aprimore a sua rela\u00e7\u00e3o com a China\u201d.<\/p>\n","protected":false},"excerpt":{"rendered":"<p>\u201cL\u00edderes da China e do Brasil fizeram hist\u00f3rias.\u201d \u201cA visita de Lula \u00e0 China abriu oportunidades para o Brasil.\u201d \u201cAp\u00f3s encontros com o presidente Xi Jinping, a bagagem do presidente Lula volta lotada de acordos bilaterais e planos de coopera\u00e7\u00e3o.\u201d&#8230;<\/p>\n","protected":false},"author":2,"featured_media":1196,"comment_status":"open","ping_status":"open","sticky":false,"template":"","format":"standard","meta":{"footnotes":""},"categories":[7],"tags":[],"class_list":["post-1195","post","type-post","status-publish","format-standard","has-post-thumbnail","hentry","category-visao"],"yoast_head":"<!-- This site is optimized with the Yoast SEO plugin v27.4 - https:\/\/yoast.com\/product\/yoast-seo-wordpress\/ -->\n<title>Coment\u00e1rio: \u201cVelhos amigos\u201d dos hemisf\u00e9rios Leste e Oeste tra\u00e7am futuro para coopera\u00e7\u00e3o - CRI e Diario de Pernambuco<\/title>\n<meta name=\"robots\" content=\"index, follow, max-snippet:-1, max-image-preview:large, max-video-preview:-1\" \/>\n<link rel=\"canonical\" href=\"https:\/\/diariodepe.com.br\/cri\/2023\/04\/20\/comentario-velhos-amigos-dos-hemisferios-leste-e-oeste-tracam-futuro-para-cooperacao\/\" \/>\n<meta property=\"og:locale\" content=\"pt_BR\" \/>\n<meta property=\"og:type\" content=\"article\" \/>\n<meta property=\"og:title\" content=\"Coment\u00e1rio: \u201cVelhos amigos\u201d dos hemisf\u00e9rios Leste e Oeste tra\u00e7am futuro para coopera\u00e7\u00e3o - CRI e Diario de Pernambuco\" \/>\n<meta property=\"og:description\" content=\"\u201cL\u00edderes da China e do Brasil fizeram hist\u00f3rias.\u201d \u201cA visita de Lula \u00e0 China abriu oportunidades para o Brasil.\u201d \u201cAp\u00f3s encontros com o presidente Xi Jinping, a bagagem do presidente Lula volta lotada de acordos bilaterais e planos de coopera\u00e7\u00e3o.\u201d...\" \/>\n<meta property=\"og:url\" content=\"https:\/\/diariodepe.com.br\/cri\/2023\/04\/20\/comentario-velhos-amigos-dos-hemisferios-leste-e-oeste-tracam-futuro-para-cooperacao\/\" \/>\n<meta property=\"og:site_name\" content=\"CRI e Diario de Pernambuco\" \/>\n<meta property=\"article:published_time\" content=\"2023-04-21T02:35:26+00:00\" \/>\n<meta property=\"og:image\" content=\"https:\/\/diariodepe.com.br\/cri\/wp-content\/uploads\/sites\/2\/2023\/04\/2023041620421315664.jpg\" \/>\n\t<meta property=\"og:image:width\" content=\"1080\" \/>\n\t<meta property=\"og:image:height\" content=\"598\" \/>\n\t<meta property=\"og:image:type\" content=\"image\/jpeg\" \/>\n<meta name=\"author\" content=\"Ismael Lucas S. Pereira\" \/>\n<meta name=\"twitter:card\" content=\"summary_large_image\" \/>\n<meta name=\"twitter:label1\" content=\"Escrito por\" \/>\n\t<meta name=\"twitter:data1\" content=\"Ismael Lucas S. Pereira\" \/>\n\t<meta name=\"twitter:label2\" content=\"Est. tempo de leitura\" \/>\n\t<meta name=\"twitter:data2\" content=\"4 minutos\" \/>\n<script type=\"application\/ld+json\" class=\"yoast-schema-graph\">{\"@context\":\"https:\\\/\\\/schema.org\",\"@graph\":[{\"@type\":\"Article\",\"@id\":\"https:\\\/\\\/diariodepe.com.br\\\/cri\\\/2023\\\/04\\\/20\\\/comentario-velhos-amigos-dos-hemisferios-leste-e-oeste-tracam-futuro-para-cooperacao\\\/#article\",\"isPartOf\":{\"@id\":\"https:\\\/\\\/diariodepe.com.br\\\/cri\\\/2023\\\/04\\\/20\\\/comentario-velhos-amigos-dos-hemisferios-leste-e-oeste-tracam-futuro-para-cooperacao\\\/\"},\"author\":{\"name\":\"Ismael Lucas S. Pereira\",\"@id\":\"https:\\\/\\\/diariodepe.com.br\\\/cri\\\/#\\\/schema\\\/person\\\/121bb28d84f1a5b1205ef4ce9c2e0c6b\"},\"headline\":\"Coment\u00e1rio: \u201cVelhos amigos\u201d dos hemisf\u00e9rios Leste e Oeste tra\u00e7am futuro para coopera\u00e7\u00e3o\",\"datePublished\":\"2023-04-21T02:35:26+00:00\",\"mainEntityOfPage\":{\"@id\":\"https:\\\/\\\/diariodepe.com.br\\\/cri\\\/2023\\\/04\\\/20\\\/comentario-velhos-amigos-dos-hemisferios-leste-e-oeste-tracam-futuro-para-cooperacao\\\/\"},\"wordCount\":801,\"commentCount\":0,\"publisher\":{\"@id\":\"https:\\\/\\\/diariodepe.com.br\\\/cri\\\/#organization\"},\"image\":{\"@id\":\"https:\\\/\\\/diariodepe.com.br\\\/cri\\\/2023\\\/04\\\/20\\\/comentario-velhos-amigos-dos-hemisferios-leste-e-oeste-tracam-futuro-para-cooperacao\\\/#primaryimage\"},\"thumbnailUrl\":\"https:\\\/\\\/diariodepe.com.br\\\/cri\\\/wp-content\\\/uploads\\\/sites\\\/2\\\/2023\\\/04\\\/2023041620421315664.jpg\",\"articleSection\":[\"Vis\u00e3o\"],\"inLanguage\":\"pt-BR\",\"potentialAction\":[{\"@type\":\"CommentAction\",\"name\":\"Comment\",\"target\":[\"https:\\\/\\\/diariodepe.com.br\\\/cri\\\/2023\\\/04\\\/20\\\/comentario-velhos-amigos-dos-hemisferios-leste-e-oeste-tracam-futuro-para-cooperacao\\\/#respond\"]}]},{\"@type\":\"WebPage\",\"@id\":\"https:\\\/\\\/diariodepe.com.br\\\/cri\\\/2023\\\/04\\\/20\\\/comentario-velhos-amigos-dos-hemisferios-leste-e-oeste-tracam-futuro-para-cooperacao\\\/\",\"url\":\"https:\\\/\\\/diariodepe.com.br\\\/cri\\\/2023\\\/04\\\/20\\\/comentario-velhos-amigos-dos-hemisferios-leste-e-oeste-tracam-futuro-para-cooperacao\\\/\",\"name\":\"Coment\u00e1rio: \u201cVelhos amigos\u201d dos hemisf\u00e9rios Leste e Oeste tra\u00e7am futuro para coopera\u00e7\u00e3o - CRI e Diario de Pernambuco\",\"isPartOf\":{\"@id\":\"https:\\\/\\\/diariodepe.com.br\\\/cri\\\/#website\"},\"primaryImageOfPage\":{\"@id\":\"https:\\\/\\\/diariodepe.com.br\\\/cri\\\/2023\\\/04\\\/20\\\/comentario-velhos-amigos-dos-hemisferios-leste-e-oeste-tracam-futuro-para-cooperacao\\\/#primaryimage\"},\"image\":{\"@id\":\"https:\\\/\\\/diariodepe.com.br\\\/cri\\\/2023\\\/04\\\/20\\\/comentario-velhos-amigos-dos-hemisferios-leste-e-oeste-tracam-futuro-para-cooperacao\\\/#primaryimage\"},\"thumbnailUrl\":\"https:\\\/\\\/diariodepe.com.br\\\/cri\\\/wp-content\\\/uploads\\\/sites\\\/2\\\/2023\\\/04\\\/2023041620421315664.jpg\",\"datePublished\":\"2023-04-21T02:35:26+00:00\",\"breadcrumb\":{\"@id\":\"https:\\\/\\\/diariodepe.com.br\\\/cri\\\/2023\\\/04\\\/20\\\/comentario-velhos-amigos-dos-hemisferios-leste-e-oeste-tracam-futuro-para-cooperacao\\\/#breadcrumb\"},\"inLanguage\":\"pt-BR\",\"potentialAction\":[{\"@type\":\"ReadAction\",\"target\":[\"https:\\\/\\\/diariodepe.com.br\\\/cri\\\/2023\\\/04\\\/20\\\/comentario-velhos-amigos-dos-hemisferios-leste-e-oeste-tracam-futuro-para-cooperacao\\\/\"]}]},{\"@type\":\"ImageObject\",\"inLanguage\":\"pt-BR\",\"@id\":\"https:\\\/\\\/diariodepe.com.br\\\/cri\\\/2023\\\/04\\\/20\\\/comentario-velhos-amigos-dos-hemisferios-leste-e-oeste-tracam-futuro-para-cooperacao\\\/#primaryimage\",\"url\":\"https:\\\/\\\/diariodepe.com.br\\\/cri\\\/wp-content\\\/uploads\\\/sites\\\/2\\\/2023\\\/04\\\/2023041620421315664.jpg\",\"contentUrl\":\"https:\\\/\\\/diariodepe.com.br\\\/cri\\\/wp-content\\\/uploads\\\/sites\\\/2\\\/2023\\\/04\\\/2023041620421315664.jpg\",\"width\":1080,\"height\":598},{\"@type\":\"BreadcrumbList\",\"@id\":\"https:\\\/\\\/diariodepe.com.br\\\/cri\\\/2023\\\/04\\\/20\\\/comentario-velhos-amigos-dos-hemisferios-leste-e-oeste-tracam-futuro-para-cooperacao\\\/#breadcrumb\",\"itemListElement\":[{\"@type\":\"ListItem\",\"position\":1,\"name\":\"In\u00edcio\",\"item\":\"https:\\\/\\\/diariodepe.com.br\\\/cri\\\/\"},{\"@type\":\"ListItem\",\"position\":2,\"name\":\"Coment\u00e1rio: \u201cVelhos amigos\u201d dos hemisf\u00e9rios Leste e Oeste tra\u00e7am futuro para coopera\u00e7\u00e3o\"}]},{\"@type\":\"WebSite\",\"@id\":\"https:\\\/\\\/diariodepe.com.br\\\/cri\\\/#website\",\"url\":\"https:\\\/\\\/diariodepe.com.br\\\/cri\\\/\",\"name\":\"CRI e Diario de Pernambuco\",\"description\":\"R\u00e1dio Internacional da China\",\"publisher\":{\"@id\":\"https:\\\/\\\/diariodepe.com.br\\\/cri\\\/#organization\"},\"potentialAction\":[{\"@type\":\"SearchAction\",\"target\":{\"@type\":\"EntryPoint\",\"urlTemplate\":\"https:\\\/\\\/diariodepe.com.br\\\/cri\\\/?s={search_term_string}\"},\"query-input\":{\"@type\":\"PropertyValueSpecification\",\"valueRequired\":true,\"valueName\":\"search_term_string\"}}],\"inLanguage\":\"pt-BR\"},{\"@type\":\"Organization\",\"@id\":\"https:\\\/\\\/diariodepe.com.br\\\/cri\\\/#organization\",\"name\":\"CRI e Diario de Pernambuco\",\"url\":\"https:\\\/\\\/diariodepe.com.br\\\/cri\\\/\",\"logo\":{\"@type\":\"ImageObject\",\"inLanguage\":\"pt-BR\",\"@id\":\"https:\\\/\\\/diariodepe.com.br\\\/cri\\\/#\\\/schema\\\/logo\\\/image\\\/\",\"url\":\"https:\\\/\\\/diariodepe.com.br\\\/cri\\\/wp-content\\\/uploads\\\/sites\\\/2\\\/2022\\\/12\\\/cropped-Logo.jpg\",\"contentUrl\":\"https:\\\/\\\/diariodepe.com.br\\\/cri\\\/wp-content\\\/uploads\\\/sites\\\/2\\\/2022\\\/12\\\/cropped-Logo.jpg\",\"width\":700,\"height\":59,\"caption\":\"CRI e Diario de Pernambuco\"},\"image\":{\"@id\":\"https:\\\/\\\/diariodepe.com.br\\\/cri\\\/#\\\/schema\\\/logo\\\/image\\\/\"}},{\"@type\":\"Person\",\"@id\":\"https:\\\/\\\/diariodepe.com.br\\\/cri\\\/#\\\/schema\\\/person\\\/121bb28d84f1a5b1205ef4ce9c2e0c6b\",\"name\":\"Ismael Lucas S. Pereira\",\"image\":{\"@type\":\"ImageObject\",\"inLanguage\":\"pt-BR\",\"@id\":\"https:\\\/\\\/secure.gravatar.com\\\/avatar\\\/887a0f3b5a7ceea963a48499fb883ffce6b5037362def025c52c2505b15d63e4?s=96&d=mm&r=g\",\"url\":\"https:\\\/\\\/secure.gravatar.com\\\/avatar\\\/887a0f3b5a7ceea963a48499fb883ffce6b5037362def025c52c2505b15d63e4?s=96&d=mm&r=g\",\"contentUrl\":\"https:\\\/\\\/secure.gravatar.com\\\/avatar\\\/887a0f3b5a7ceea963a48499fb883ffce6b5037362def025c52c2505b15d63e4?s=96&d=mm&r=g\",\"caption\":\"Ismael Lucas S. Pereira\"},\"url\":\"https:\\\/\\\/diariodepe.com.br\\\/cri\\\/author\\\/ismael-lucas\\\/\"}]}<\/script>\n<!-- \/ Yoast SEO plugin. -->","yoast_head_json":{"title":"Coment\u00e1rio: \u201cVelhos amigos\u201d dos hemisf\u00e9rios Leste e Oeste tra\u00e7am futuro para coopera\u00e7\u00e3o - CRI e Diario de Pernambuco","robots":{"index":"index","follow":"follow","max-snippet":"max-snippet:-1","max-image-preview":"max-image-preview:large","max-video-preview":"max-video-preview:-1"},"canonical":"https:\/\/diariodepe.com.br\/cri\/2023\/04\/20\/comentario-velhos-amigos-dos-hemisferios-leste-e-oeste-tracam-futuro-para-cooperacao\/","og_locale":"pt_BR","og_type":"article","og_title":"Coment\u00e1rio: \u201cVelhos amigos\u201d dos hemisf\u00e9rios Leste e Oeste tra\u00e7am futuro para coopera\u00e7\u00e3o - CRI e Diario de Pernambuco","og_description":"\u201cL\u00edderes da China e do Brasil fizeram hist\u00f3rias.\u201d \u201cA visita de Lula \u00e0 China abriu oportunidades para o Brasil.\u201d \u201cAp\u00f3s encontros com o presidente Xi Jinping, a bagagem do presidente Lula volta lotada de acordos bilaterais e planos de coopera\u00e7\u00e3o.\u201d...","og_url":"https:\/\/diariodepe.com.br\/cri\/2023\/04\/20\/comentario-velhos-amigos-dos-hemisferios-leste-e-oeste-tracam-futuro-para-cooperacao\/","og_site_name":"CRI e Diario de Pernambuco","article_published_time":"2023-04-21T02:35:26+00:00","og_image":[{"width":1080,"height":598,"url":"https:\/\/diariodepe.com.br\/cri\/wp-content\/uploads\/sites\/2\/2023\/04\/2023041620421315664.jpg","type":"image\/jpeg"}],"author":"Ismael Lucas S. Pereira","twitter_card":"summary_large_image","twitter_misc":{"Escrito por":"Ismael Lucas S. Pereira","Est. tempo de leitura":"4 minutos"},"schema":{"@context":"https:\/\/schema.org","@graph":[{"@type":"Article","@id":"https:\/\/diariodepe.com.br\/cri\/2023\/04\/20\/comentario-velhos-amigos-dos-hemisferios-leste-e-oeste-tracam-futuro-para-cooperacao\/#article","isPartOf":{"@id":"https:\/\/diariodepe.com.br\/cri\/2023\/04\/20\/comentario-velhos-amigos-dos-hemisferios-leste-e-oeste-tracam-futuro-para-cooperacao\/"},"author":{"name":"Ismael Lucas S. Pereira","@id":"https:\/\/diariodepe.com.br\/cri\/#\/schema\/person\/121bb28d84f1a5b1205ef4ce9c2e0c6b"},"headline":"Coment\u00e1rio: \u201cVelhos amigos\u201d dos hemisf\u00e9rios Leste e Oeste tra\u00e7am futuro para coopera\u00e7\u00e3o","datePublished":"2023-04-21T02:35:26+00:00","mainEntityOfPage":{"@id":"https:\/\/diariodepe.com.br\/cri\/2023\/04\/20\/comentario-velhos-amigos-dos-hemisferios-leste-e-oeste-tracam-futuro-para-cooperacao\/"},"wordCount":801,"commentCount":0,"publisher":{"@id":"https:\/\/diariodepe.com.br\/cri\/#organization"},"image":{"@id":"https:\/\/diariodepe.com.br\/cri\/2023\/04\/20\/comentario-velhos-amigos-dos-hemisferios-leste-e-oeste-tracam-futuro-para-cooperacao\/#primaryimage"},"thumbnailUrl":"https:\/\/diariodepe.com.br\/cri\/wp-content\/uploads\/sites\/2\/2023\/04\/2023041620421315664.jpg","articleSection":["Vis\u00e3o"],"inLanguage":"pt-BR","potentialAction":[{"@type":"CommentAction","name":"Comment","target":["https:\/\/diariodepe.com.br\/cri\/2023\/04\/20\/comentario-velhos-amigos-dos-hemisferios-leste-e-oeste-tracam-futuro-para-cooperacao\/#respond"]}]},{"@type":"WebPage","@id":"https:\/\/diariodepe.com.br\/cri\/2023\/04\/20\/comentario-velhos-amigos-dos-hemisferios-leste-e-oeste-tracam-futuro-para-cooperacao\/","url":"https:\/\/diariodepe.com.br\/cri\/2023\/04\/20\/comentario-velhos-amigos-dos-hemisferios-leste-e-oeste-tracam-futuro-para-cooperacao\/","name":"Coment\u00e1rio: \u201cVelhos amigos\u201d dos hemisf\u00e9rios Leste e Oeste tra\u00e7am futuro para coopera\u00e7\u00e3o - CRI e Diario de Pernambuco","isPartOf":{"@id":"https:\/\/diariodepe.com.br\/cri\/#website"},"primaryImageOfPage":{"@id":"https:\/\/diariodepe.com.br\/cri\/2023\/04\/20\/comentario-velhos-amigos-dos-hemisferios-leste-e-oeste-tracam-futuro-para-cooperacao\/#primaryimage"},"image":{"@id":"https:\/\/diariodepe.com.br\/cri\/2023\/04\/20\/comentario-velhos-amigos-dos-hemisferios-leste-e-oeste-tracam-futuro-para-cooperacao\/#primaryimage"},"thumbnailUrl":"https:\/\/diariodepe.com.br\/cri\/wp-content\/uploads\/sites\/2\/2023\/04\/2023041620421315664.jpg","datePublished":"2023-04-21T02:35:26+00:00","breadcrumb":{"@id":"https:\/\/diariodepe.com.br\/cri\/2023\/04\/20\/comentario-velhos-amigos-dos-hemisferios-leste-e-oeste-tracam-futuro-para-cooperacao\/#breadcrumb"},"inLanguage":"pt-BR","potentialAction":[{"@type":"ReadAction","target":["https:\/\/diariodepe.com.br\/cri\/2023\/04\/20\/comentario-velhos-amigos-dos-hemisferios-leste-e-oeste-tracam-futuro-para-cooperacao\/"]}]},{"@type":"ImageObject","inLanguage":"pt-BR","@id":"https:\/\/diariodepe.com.br\/cri\/2023\/04\/20\/comentario-velhos-amigos-dos-hemisferios-leste-e-oeste-tracam-futuro-para-cooperacao\/#primaryimage","url":"https:\/\/diariodepe.com.br\/cri\/wp-content\/uploads\/sites\/2\/2023\/04\/2023041620421315664.jpg","contentUrl":"https:\/\/diariodepe.com.br\/cri\/wp-content\/uploads\/sites\/2\/2023\/04\/2023041620421315664.jpg","width":1080,"height":598},{"@type":"BreadcrumbList","@id":"https:\/\/diariodepe.com.br\/cri\/2023\/04\/20\/comentario-velhos-amigos-dos-hemisferios-leste-e-oeste-tracam-futuro-para-cooperacao\/#breadcrumb","itemListElement":[{"@type":"ListItem","position":1,"name":"In\u00edcio","item":"https:\/\/diariodepe.com.br\/cri\/"},{"@type":"ListItem","position":2,"name":"Coment\u00e1rio: \u201cVelhos amigos\u201d dos hemisf\u00e9rios Leste e Oeste tra\u00e7am futuro para coopera\u00e7\u00e3o"}]},{"@type":"WebSite","@id":"https:\/\/diariodepe.com.br\/cri\/#website","url":"https:\/\/diariodepe.com.br\/cri\/","name":"CRI e Diario de Pernambuco","description":"R\u00e1dio Internacional da China","publisher":{"@id":"https:\/\/diariodepe.com.br\/cri\/#organization"},"potentialAction":[{"@type":"SearchAction","target":{"@type":"EntryPoint","urlTemplate":"https:\/\/diariodepe.com.br\/cri\/?s={search_term_string}"},"query-input":{"@type":"PropertyValueSpecification","valueRequired":true,"valueName":"search_term_string"}}],"inLanguage":"pt-BR"},{"@type":"Organization","@id":"https:\/\/diariodepe.com.br\/cri\/#organization","name":"CRI e Diario de Pernambuco","url":"https:\/\/diariodepe.com.br\/cri\/","logo":{"@type":"ImageObject","inLanguage":"pt-BR","@id":"https:\/\/diariodepe.com.br\/cri\/#\/schema\/logo\/image\/","url":"https:\/\/diariodepe.com.br\/cri\/wp-content\/uploads\/sites\/2\/2022\/12\/cropped-Logo.jpg","contentUrl":"https:\/\/diariodepe.com.br\/cri\/wp-content\/uploads\/sites\/2\/2022\/12\/cropped-Logo.jpg","width":700,"height":59,"caption":"CRI e Diario de Pernambuco"},"image":{"@id":"https:\/\/diariodepe.com.br\/cri\/#\/schema\/logo\/image\/"}},{"@type":"Person","@id":"https:\/\/diariodepe.com.br\/cri\/#\/schema\/person\/121bb28d84f1a5b1205ef4ce9c2e0c6b","name":"Ismael Lucas S. Pereira","image":{"@type":"ImageObject","inLanguage":"pt-BR","@id":"https:\/\/secure.gravatar.com\/avatar\/887a0f3b5a7ceea963a48499fb883ffce6b5037362def025c52c2505b15d63e4?s=96&d=mm&r=g","url":"https:\/\/secure.gravatar.com\/avatar\/887a0f3b5a7ceea963a48499fb883ffce6b5037362def025c52c2505b15d63e4?s=96&d=mm&r=g","contentUrl":"https:\/\/secure.gravatar.com\/avatar\/887a0f3b5a7ceea963a48499fb883ffce6b5037362def025c52c2505b15d63e4?s=96&d=mm&r=g","caption":"Ismael Lucas S. Pereira"},"url":"https:\/\/diariodepe.com.br\/cri\/author\/ismael-lucas\/"}]}},"cc_featured_image_caption":{"caption_text":false,"source_text":false,"source_url":false},"amp_enabled":true,"_links":{"self":[{"href":"https:\/\/diariodepe.com.br\/cri\/wp-json\/wp\/v2\/posts\/1195","targetHints":{"allow":["GET"]}}],"collection":[{"href":"https:\/\/diariodepe.com.br\/cri\/wp-json\/wp\/v2\/posts"}],"about":[{"href":"https:\/\/diariodepe.com.br\/cri\/wp-json\/wp\/v2\/types\/post"}],"author":[{"embeddable":true,"href":"https:\/\/diariodepe.com.br\/cri\/wp-json\/wp\/v2\/users\/2"}],"replies":[{"embeddable":true,"href":"https:\/\/diariodepe.com.br\/cri\/wp-json\/wp\/v2\/comments?post=1195"}],"version-history":[{"count":1,"href":"https:\/\/diariodepe.com.br\/cri\/wp-json\/wp\/v2\/posts\/1195\/revisions"}],"predecessor-version":[{"id":1197,"href":"https:\/\/diariodepe.com.br\/cri\/wp-json\/wp\/v2\/posts\/1195\/revisions\/1197"}],"wp:featuredmedia":[{"embeddable":true,"href":"https:\/\/diariodepe.com.br\/cri\/wp-json\/wp\/v2\/media\/1196"}],"wp:attachment":[{"href":"https:\/\/diariodepe.com.br\/cri\/wp-json\/wp\/v2\/media?parent=1195"}],"wp:term":[{"taxonomy":"category","embeddable":true,"href":"https:\/\/diariodepe.com.br\/cri\/wp-json\/wp\/v2\/categories?post=1195"},{"taxonomy":"post_tag","embeddable":true,"href":"https:\/\/diariodepe.com.br\/cri\/wp-json\/wp\/v2\/tags?post=1195"}],"curies":[{"name":"wp","href":"https:\/\/api.w.org\/{rel}","templated":true}]}}