{"id":1187,"date":"2023-04-20T23:31:16","date_gmt":"2023-04-21T02:31:16","guid":{"rendered":"https:\/\/diariodepe.com.br\/cri\/?p=1187"},"modified":"2023-04-20T23:31:16","modified_gmt":"2023-04-21T02:31:16","slug":"chanceler-chines-e-ministra-das-relacoes-exteriores-da-alemanha-realizam-dialogo-estrategico-sobre-diplomacia-e-seguranca","status":"publish","type":"post","link":"https:\/\/diariodepe.com.br\/cri\/2023\/04\/20\/chanceler-chines-e-ministra-das-relacoes-exteriores-da-alemanha-realizam-dialogo-estrategico-sobre-diplomacia-e-seguranca\/","title":{"rendered":"Chanceler chin\u00eas e ministra das Rela\u00e7\u00f5es Exteriores da Alemanha realizam di\u00e1logo estrat\u00e9gico sobre diplomacia e seguran\u00e7a"},"content":{"rendered":"<p>O conselheiro de Estado e ministro das Rela\u00e7\u00f5es Exteriores da China, Qin Gang, e a ministra das Rela\u00e7\u00f5es Exteriores da Alemanha, Annalena Baerbock, copresidiram a sexta rodada do di\u00e1logo estrat\u00e9gico China-Alemanha sobre diplomacia e seguran\u00e7a em Beijing na sexta-feira.<\/p>\n<p>Qin Gang disse que, desde o estabelecimento dos la\u00e7os diplom\u00e1ticos, os dois pa\u00edses sempre permaneceram comprometidos com o respeito m\u00fatuo e a igualdade, buscando um terreno comum enquanto p\u00f5em de lado as diferen\u00e7as e buscam o benef\u00edcio m\u00fatuo, o que n\u00e3o apenas promoveu a coopera\u00e7\u00e3o bilateral, mas tamb\u00e9m orientou o desenvolvimento das rela\u00e7\u00f5es China-Europa e contribuiu para a paz e a estabilidade mundiais.<\/p>\n<p>As rela\u00e7\u00f5es China-Alemanha mostraram forte resili\u00eancia e fizeram progressos substanciais nos \u00faltimos tr\u00eas anos, disse Qin, acrescentando que isso demonstra plenamente que diferentes civiliza\u00e7\u00f5es podem coexistir umas com as outras e que o di\u00e1logo, os interc\u00e2mbios e a coopera\u00e7\u00e3o s\u00e3o o caminho principal e correto dos la\u00e7os China-Alemanha.<\/p>\n<p>Enfatizando que a China e a Alemanha s\u00e3o parceiras, n\u00e3o rivais, Qin Gang disse que os dois lados devem desenvolver suas rela\u00e7\u00f5es de forma independente.<\/p>\n<p>A China est\u00e1 comprometida em melhorar o desenvolvimento de alta qualidade e a abertura de alto n\u00edvel, o que proporcionar\u00e1 um maior mercado chin\u00eas para o mundo, trazendo mais oportunidades de desenvolvimento para todos os pa\u00edses, incluindo a Alemanha, observou ele.<\/p>\n<p>Qin Gang disse que a China est\u00e1 disposta a promover interc\u00e2mbios e coopera\u00e7\u00e3o abrangentes com a Alemanha, pedindo a ambos os lados que se preparem conjuntamente para a consulta intergovernamental e o di\u00e1logo interpessoal de alto n\u00edvel China-Alemanha, e ativem mais de 70 mecanismos de di\u00e1logo entre os dois pa\u00edses.<\/p>\n<p>Ele tamb\u00e9m disse que tanto a China quanto a Alemanha s\u00e3o grandes pa\u00edses que t\u00eam influ\u00eancia sobre o mundo, e as rela\u00e7\u00f5es entre os dois pa\u00edses ultrapassaram muito o escopo bilateral. Para enfrentar conjuntamente os desafios globais, ele pede a ambos os pa\u00edses que defendam o conceito de uma comunidade com um futuro compartilhado para a humanidade e salvaguardem conjuntamente o multilateralismo e as normas b\u00e1sicas que regem as rela\u00e7\u00f5es internacionais com base na Carta das Na\u00e7\u00f5es Unidas.<\/p>\n<p>A China e a Alemanha t\u00eam a responsabilidade e a capacidade de serem os guardi\u00f5es e impulsionadores da globaliza\u00e7\u00e3o, disse Qin, acrescentando que ambos os lados devem se opor a &#8220;dissociar economias ou romper cadeias de suprimentos&#8221; e que a Alemanha deve fornecer um ambiente de mercado justo, aberto e n\u00e3o discriminat\u00f3rio para as empresas chinesas.<\/p>\n<p>Qin Gang enfatizou que, para resolver a crise na Ucr\u00e2nia, a \u00fanica maneira \u00e9 promover negocia\u00e7\u00f5es de paz. Ele expressou o apoio da China \u00e0 Europa na obten\u00e7\u00e3o de autonomia estrat\u00e9gica para alcan\u00e7ar a paz e a estabilidade a longo prazo.<\/p>\n<p>Baerbock disse que ficou impressionada com a ferrovia de alta velocidade da China. Ela acrescentou que a Alemanha desenvolve rela\u00e7\u00f5es com a China de forma independente e espera uma r\u00e1pida retomada dos interc\u00e2mbios e do di\u00e1logo bilaterais em v\u00e1rios campos.<\/p>\n<p>O lado alem\u00e3o atribui grande import\u00e2ncia \u00e0 seguran\u00e7a da cadeia de suprimentos e n\u00e3o concorda em &#8220;dissociar economias ou romper cadeias de suprimentos&#8221;, e espera uma estreita coopera\u00e7\u00e3o com a China em quest\u00f5es globais, disse Baerbock.<\/p>\n","protected":false},"excerpt":{"rendered":"<p>O conselheiro de Estado e ministro das Rela\u00e7\u00f5es Exteriores da China, Qin Gang, e a ministra das Rela\u00e7\u00f5es Exteriores da Alemanha, Annalena Baerbock, copresidiram a sexta rodada do di\u00e1logo estrat\u00e9gico China-Alemanha sobre diplomacia e seguran\u00e7a em Beijing na sexta-feira. Qin&#8230;<\/p>\n","protected":false},"author":2,"featured_media":0,"comment_status":"open","ping_status":"open","sticky":false,"template":"","format":"standard","meta":{"footnotes":""},"categories":[3],"tags":[],"class_list":["post-1187","post","type-post","status-publish","format-standard","hentry","category-china"],"yoast_head":"<!-- This site is optimized with the Yoast SEO plugin v27.4 - https:\/\/yoast.com\/product\/yoast-seo-wordpress\/ -->\n<title>Chanceler chin\u00eas e ministra das Rela\u00e7\u00f5es Exteriores da Alemanha realizam di\u00e1logo estrat\u00e9gico sobre diplomacia e seguran\u00e7a - CRI e Diario de Pernambuco<\/title>\n<meta name=\"robots\" content=\"index, follow, max-snippet:-1, max-image-preview:large, max-video-preview:-1\" \/>\n<link rel=\"canonical\" href=\"https:\/\/diariodepe.com.br\/cri\/2023\/04\/20\/chanceler-chines-e-ministra-das-relacoes-exteriores-da-alemanha-realizam-dialogo-estrategico-sobre-diplomacia-e-seguranca\/\" \/>\n<meta property=\"og:locale\" content=\"pt_BR\" \/>\n<meta property=\"og:type\" content=\"article\" \/>\n<meta property=\"og:title\" content=\"Chanceler chin\u00eas e ministra das Rela\u00e7\u00f5es Exteriores da Alemanha realizam di\u00e1logo estrat\u00e9gico sobre diplomacia e seguran\u00e7a - CRI e Diario de Pernambuco\" \/>\n<meta property=\"og:description\" content=\"O conselheiro de Estado e ministro das Rela\u00e7\u00f5es Exteriores da China, Qin Gang, e a ministra das Rela\u00e7\u00f5es Exteriores da Alemanha, Annalena Baerbock, copresidiram a sexta rodada do di\u00e1logo estrat\u00e9gico China-Alemanha sobre diplomacia e seguran\u00e7a em Beijing na sexta-feira. Qin...\" \/>\n<meta property=\"og:url\" content=\"https:\/\/diariodepe.com.br\/cri\/2023\/04\/20\/chanceler-chines-e-ministra-das-relacoes-exteriores-da-alemanha-realizam-dialogo-estrategico-sobre-diplomacia-e-seguranca\/\" \/>\n<meta property=\"og:site_name\" content=\"CRI e Diario de Pernambuco\" \/>\n<meta property=\"article:published_time\" content=\"2023-04-21T02:31:16+00:00\" \/>\n<meta name=\"author\" content=\"Ismael Lucas S. Pereira\" \/>\n<meta name=\"twitter:card\" content=\"summary_large_image\" \/>\n<meta name=\"twitter:label1\" content=\"Escrito por\" \/>\n\t<meta name=\"twitter:data1\" content=\"Ismael Lucas S. Pereira\" \/>\n\t<meta name=\"twitter:label2\" content=\"Est. tempo de leitura\" \/>\n\t<meta name=\"twitter:data2\" content=\"3 minutos\" \/>\n<script type=\"application\/ld+json\" class=\"yoast-schema-graph\">{\"@context\":\"https:\\\/\\\/schema.org\",\"@graph\":[{\"@type\":\"Article\",\"@id\":\"https:\\\/\\\/diariodepe.com.br\\\/cri\\\/2023\\\/04\\\/20\\\/chanceler-chines-e-ministra-das-relacoes-exteriores-da-alemanha-realizam-dialogo-estrategico-sobre-diplomacia-e-seguranca\\\/#article\",\"isPartOf\":{\"@id\":\"https:\\\/\\\/diariodepe.com.br\\\/cri\\\/2023\\\/04\\\/20\\\/chanceler-chines-e-ministra-das-relacoes-exteriores-da-alemanha-realizam-dialogo-estrategico-sobre-diplomacia-e-seguranca\\\/\"},\"author\":{\"name\":\"Ismael Lucas S. Pereira\",\"@id\":\"https:\\\/\\\/diariodepe.com.br\\\/cri\\\/#\\\/schema\\\/person\\\/121bb28d84f1a5b1205ef4ce9c2e0c6b\"},\"headline\":\"Chanceler chin\u00eas e ministra das Rela\u00e7\u00f5es Exteriores da Alemanha realizam di\u00e1logo estrat\u00e9gico sobre diplomacia e seguran\u00e7a\",\"datePublished\":\"2023-04-21T02:31:16+00:00\",\"mainEntityOfPage\":{\"@id\":\"https:\\\/\\\/diariodepe.com.br\\\/cri\\\/2023\\\/04\\\/20\\\/chanceler-chines-e-ministra-das-relacoes-exteriores-da-alemanha-realizam-dialogo-estrategico-sobre-diplomacia-e-seguranca\\\/\"},\"wordCount\":604,\"commentCount\":0,\"publisher\":{\"@id\":\"https:\\\/\\\/diariodepe.com.br\\\/cri\\\/#organization\"},\"articleSection\":[\"China\"],\"inLanguage\":\"pt-BR\",\"potentialAction\":[{\"@type\":\"CommentAction\",\"name\":\"Comment\",\"target\":[\"https:\\\/\\\/diariodepe.com.br\\\/cri\\\/2023\\\/04\\\/20\\\/chanceler-chines-e-ministra-das-relacoes-exteriores-da-alemanha-realizam-dialogo-estrategico-sobre-diplomacia-e-seguranca\\\/#respond\"]}]},{\"@type\":\"WebPage\",\"@id\":\"https:\\\/\\\/diariodepe.com.br\\\/cri\\\/2023\\\/04\\\/20\\\/chanceler-chines-e-ministra-das-relacoes-exteriores-da-alemanha-realizam-dialogo-estrategico-sobre-diplomacia-e-seguranca\\\/\",\"url\":\"https:\\\/\\\/diariodepe.com.br\\\/cri\\\/2023\\\/04\\\/20\\\/chanceler-chines-e-ministra-das-relacoes-exteriores-da-alemanha-realizam-dialogo-estrategico-sobre-diplomacia-e-seguranca\\\/\",\"name\":\"Chanceler chin\u00eas e ministra das Rela\u00e7\u00f5es Exteriores da Alemanha realizam di\u00e1logo estrat\u00e9gico sobre diplomacia e seguran\u00e7a - CRI e Diario de Pernambuco\",\"isPartOf\":{\"@id\":\"https:\\\/\\\/diariodepe.com.br\\\/cri\\\/#website\"},\"datePublished\":\"2023-04-21T02:31:16+00:00\",\"breadcrumb\":{\"@id\":\"https:\\\/\\\/diariodepe.com.br\\\/cri\\\/2023\\\/04\\\/20\\\/chanceler-chines-e-ministra-das-relacoes-exteriores-da-alemanha-realizam-dialogo-estrategico-sobre-diplomacia-e-seguranca\\\/#breadcrumb\"},\"inLanguage\":\"pt-BR\",\"potentialAction\":[{\"@type\":\"ReadAction\",\"target\":[\"https:\\\/\\\/diariodepe.com.br\\\/cri\\\/2023\\\/04\\\/20\\\/chanceler-chines-e-ministra-das-relacoes-exteriores-da-alemanha-realizam-dialogo-estrategico-sobre-diplomacia-e-seguranca\\\/\"]}]},{\"@type\":\"BreadcrumbList\",\"@id\":\"https:\\\/\\\/diariodepe.com.br\\\/cri\\\/2023\\\/04\\\/20\\\/chanceler-chines-e-ministra-das-relacoes-exteriores-da-alemanha-realizam-dialogo-estrategico-sobre-diplomacia-e-seguranca\\\/#breadcrumb\",\"itemListElement\":[{\"@type\":\"ListItem\",\"position\":1,\"name\":\"In\u00edcio\",\"item\":\"https:\\\/\\\/diariodepe.com.br\\\/cri\\\/\"},{\"@type\":\"ListItem\",\"position\":2,\"name\":\"Chanceler chin\u00eas e ministra das Rela\u00e7\u00f5es Exteriores da Alemanha realizam di\u00e1logo estrat\u00e9gico sobre diplomacia e seguran\u00e7a\"}]},{\"@type\":\"WebSite\",\"@id\":\"https:\\\/\\\/diariodepe.com.br\\\/cri\\\/#website\",\"url\":\"https:\\\/\\\/diariodepe.com.br\\\/cri\\\/\",\"name\":\"CRI e Diario de Pernambuco\",\"description\":\"R\u00e1dio Internacional da China\",\"publisher\":{\"@id\":\"https:\\\/\\\/diariodepe.com.br\\\/cri\\\/#organization\"},\"potentialAction\":[{\"@type\":\"SearchAction\",\"target\":{\"@type\":\"EntryPoint\",\"urlTemplate\":\"https:\\\/\\\/diariodepe.com.br\\\/cri\\\/?s={search_term_string}\"},\"query-input\":{\"@type\":\"PropertyValueSpecification\",\"valueRequired\":true,\"valueName\":\"search_term_string\"}}],\"inLanguage\":\"pt-BR\"},{\"@type\":\"Organization\",\"@id\":\"https:\\\/\\\/diariodepe.com.br\\\/cri\\\/#organization\",\"name\":\"CRI e Diario de Pernambuco\",\"url\":\"https:\\\/\\\/diariodepe.com.br\\\/cri\\\/\",\"logo\":{\"@type\":\"ImageObject\",\"inLanguage\":\"pt-BR\",\"@id\":\"https:\\\/\\\/diariodepe.com.br\\\/cri\\\/#\\\/schema\\\/logo\\\/image\\\/\",\"url\":\"https:\\\/\\\/diariodepe.com.br\\\/cri\\\/wp-content\\\/uploads\\\/sites\\\/2\\\/2022\\\/12\\\/cropped-Logo.jpg\",\"contentUrl\":\"https:\\\/\\\/diariodepe.com.br\\\/cri\\\/wp-content\\\/uploads\\\/sites\\\/2\\\/2022\\\/12\\\/cropped-Logo.jpg\",\"width\":700,\"height\":59,\"caption\":\"CRI e Diario de Pernambuco\"},\"image\":{\"@id\":\"https:\\\/\\\/diariodepe.com.br\\\/cri\\\/#\\\/schema\\\/logo\\\/image\\\/\"}},{\"@type\":\"Person\",\"@id\":\"https:\\\/\\\/diariodepe.com.br\\\/cri\\\/#\\\/schema\\\/person\\\/121bb28d84f1a5b1205ef4ce9c2e0c6b\",\"name\":\"Ismael Lucas S. Pereira\",\"image\":{\"@type\":\"ImageObject\",\"inLanguage\":\"pt-BR\",\"@id\":\"https:\\\/\\\/secure.gravatar.com\\\/avatar\\\/887a0f3b5a7ceea963a48499fb883ffce6b5037362def025c52c2505b15d63e4?s=96&d=mm&r=g\",\"url\":\"https:\\\/\\\/secure.gravatar.com\\\/avatar\\\/887a0f3b5a7ceea963a48499fb883ffce6b5037362def025c52c2505b15d63e4?s=96&d=mm&r=g\",\"contentUrl\":\"https:\\\/\\\/secure.gravatar.com\\\/avatar\\\/887a0f3b5a7ceea963a48499fb883ffce6b5037362def025c52c2505b15d63e4?s=96&d=mm&r=g\",\"caption\":\"Ismael Lucas S. Pereira\"},\"url\":\"https:\\\/\\\/diariodepe.com.br\\\/cri\\\/author\\\/ismael-lucas\\\/\"}]}<\/script>\n<!-- \/ Yoast SEO plugin. -->","yoast_head_json":{"title":"Chanceler chin\u00eas e ministra das Rela\u00e7\u00f5es Exteriores da Alemanha realizam di\u00e1logo estrat\u00e9gico sobre diplomacia e seguran\u00e7a - CRI e Diario de Pernambuco","robots":{"index":"index","follow":"follow","max-snippet":"max-snippet:-1","max-image-preview":"max-image-preview:large","max-video-preview":"max-video-preview:-1"},"canonical":"https:\/\/diariodepe.com.br\/cri\/2023\/04\/20\/chanceler-chines-e-ministra-das-relacoes-exteriores-da-alemanha-realizam-dialogo-estrategico-sobre-diplomacia-e-seguranca\/","og_locale":"pt_BR","og_type":"article","og_title":"Chanceler chin\u00eas e ministra das Rela\u00e7\u00f5es Exteriores da Alemanha realizam di\u00e1logo estrat\u00e9gico sobre diplomacia e seguran\u00e7a - CRI e Diario de Pernambuco","og_description":"O conselheiro de Estado e ministro das Rela\u00e7\u00f5es Exteriores da China, Qin Gang, e a ministra das Rela\u00e7\u00f5es Exteriores da Alemanha, Annalena Baerbock, copresidiram a sexta rodada do di\u00e1logo estrat\u00e9gico China-Alemanha sobre diplomacia e seguran\u00e7a em Beijing na sexta-feira. Qin...","og_url":"https:\/\/diariodepe.com.br\/cri\/2023\/04\/20\/chanceler-chines-e-ministra-das-relacoes-exteriores-da-alemanha-realizam-dialogo-estrategico-sobre-diplomacia-e-seguranca\/","og_site_name":"CRI e Diario de Pernambuco","article_published_time":"2023-04-21T02:31:16+00:00","author":"Ismael Lucas S. Pereira","twitter_card":"summary_large_image","twitter_misc":{"Escrito por":"Ismael Lucas S. Pereira","Est. tempo de leitura":"3 minutos"},"schema":{"@context":"https:\/\/schema.org","@graph":[{"@type":"Article","@id":"https:\/\/diariodepe.com.br\/cri\/2023\/04\/20\/chanceler-chines-e-ministra-das-relacoes-exteriores-da-alemanha-realizam-dialogo-estrategico-sobre-diplomacia-e-seguranca\/#article","isPartOf":{"@id":"https:\/\/diariodepe.com.br\/cri\/2023\/04\/20\/chanceler-chines-e-ministra-das-relacoes-exteriores-da-alemanha-realizam-dialogo-estrategico-sobre-diplomacia-e-seguranca\/"},"author":{"name":"Ismael Lucas S. Pereira","@id":"https:\/\/diariodepe.com.br\/cri\/#\/schema\/person\/121bb28d84f1a5b1205ef4ce9c2e0c6b"},"headline":"Chanceler chin\u00eas e ministra das Rela\u00e7\u00f5es Exteriores da Alemanha realizam di\u00e1logo estrat\u00e9gico sobre diplomacia e seguran\u00e7a","datePublished":"2023-04-21T02:31:16+00:00","mainEntityOfPage":{"@id":"https:\/\/diariodepe.com.br\/cri\/2023\/04\/20\/chanceler-chines-e-ministra-das-relacoes-exteriores-da-alemanha-realizam-dialogo-estrategico-sobre-diplomacia-e-seguranca\/"},"wordCount":604,"commentCount":0,"publisher":{"@id":"https:\/\/diariodepe.com.br\/cri\/#organization"},"articleSection":["China"],"inLanguage":"pt-BR","potentialAction":[{"@type":"CommentAction","name":"Comment","target":["https:\/\/diariodepe.com.br\/cri\/2023\/04\/20\/chanceler-chines-e-ministra-das-relacoes-exteriores-da-alemanha-realizam-dialogo-estrategico-sobre-diplomacia-e-seguranca\/#respond"]}]},{"@type":"WebPage","@id":"https:\/\/diariodepe.com.br\/cri\/2023\/04\/20\/chanceler-chines-e-ministra-das-relacoes-exteriores-da-alemanha-realizam-dialogo-estrategico-sobre-diplomacia-e-seguranca\/","url":"https:\/\/diariodepe.com.br\/cri\/2023\/04\/20\/chanceler-chines-e-ministra-das-relacoes-exteriores-da-alemanha-realizam-dialogo-estrategico-sobre-diplomacia-e-seguranca\/","name":"Chanceler chin\u00eas e ministra das Rela\u00e7\u00f5es Exteriores da Alemanha realizam di\u00e1logo estrat\u00e9gico sobre diplomacia e seguran\u00e7a - CRI e Diario de Pernambuco","isPartOf":{"@id":"https:\/\/diariodepe.com.br\/cri\/#website"},"datePublished":"2023-04-21T02:31:16+00:00","breadcrumb":{"@id":"https:\/\/diariodepe.com.br\/cri\/2023\/04\/20\/chanceler-chines-e-ministra-das-relacoes-exteriores-da-alemanha-realizam-dialogo-estrategico-sobre-diplomacia-e-seguranca\/#breadcrumb"},"inLanguage":"pt-BR","potentialAction":[{"@type":"ReadAction","target":["https:\/\/diariodepe.com.br\/cri\/2023\/04\/20\/chanceler-chines-e-ministra-das-relacoes-exteriores-da-alemanha-realizam-dialogo-estrategico-sobre-diplomacia-e-seguranca\/"]}]},{"@type":"BreadcrumbList","@id":"https:\/\/diariodepe.com.br\/cri\/2023\/04\/20\/chanceler-chines-e-ministra-das-relacoes-exteriores-da-alemanha-realizam-dialogo-estrategico-sobre-diplomacia-e-seguranca\/#breadcrumb","itemListElement":[{"@type":"ListItem","position":1,"name":"In\u00edcio","item":"https:\/\/diariodepe.com.br\/cri\/"},{"@type":"ListItem","position":2,"name":"Chanceler chin\u00eas e ministra das Rela\u00e7\u00f5es Exteriores da Alemanha realizam di\u00e1logo estrat\u00e9gico sobre diplomacia e seguran\u00e7a"}]},{"@type":"WebSite","@id":"https:\/\/diariodepe.com.br\/cri\/#website","url":"https:\/\/diariodepe.com.br\/cri\/","name":"CRI e Diario de Pernambuco","description":"R\u00e1dio Internacional da China","publisher":{"@id":"https:\/\/diariodepe.com.br\/cri\/#organization"},"potentialAction":[{"@type":"SearchAction","target":{"@type":"EntryPoint","urlTemplate":"https:\/\/diariodepe.com.br\/cri\/?s={search_term_string}"},"query-input":{"@type":"PropertyValueSpecification","valueRequired":true,"valueName":"search_term_string"}}],"inLanguage":"pt-BR"},{"@type":"Organization","@id":"https:\/\/diariodepe.com.br\/cri\/#organization","name":"CRI e Diario de Pernambuco","url":"https:\/\/diariodepe.com.br\/cri\/","logo":{"@type":"ImageObject","inLanguage":"pt-BR","@id":"https:\/\/diariodepe.com.br\/cri\/#\/schema\/logo\/image\/","url":"https:\/\/diariodepe.com.br\/cri\/wp-content\/uploads\/sites\/2\/2022\/12\/cropped-Logo.jpg","contentUrl":"https:\/\/diariodepe.com.br\/cri\/wp-content\/uploads\/sites\/2\/2022\/12\/cropped-Logo.jpg","width":700,"height":59,"caption":"CRI e Diario de Pernambuco"},"image":{"@id":"https:\/\/diariodepe.com.br\/cri\/#\/schema\/logo\/image\/"}},{"@type":"Person","@id":"https:\/\/diariodepe.com.br\/cri\/#\/schema\/person\/121bb28d84f1a5b1205ef4ce9c2e0c6b","name":"Ismael Lucas S. Pereira","image":{"@type":"ImageObject","inLanguage":"pt-BR","@id":"https:\/\/secure.gravatar.com\/avatar\/887a0f3b5a7ceea963a48499fb883ffce6b5037362def025c52c2505b15d63e4?s=96&d=mm&r=g","url":"https:\/\/secure.gravatar.com\/avatar\/887a0f3b5a7ceea963a48499fb883ffce6b5037362def025c52c2505b15d63e4?s=96&d=mm&r=g","contentUrl":"https:\/\/secure.gravatar.com\/avatar\/887a0f3b5a7ceea963a48499fb883ffce6b5037362def025c52c2505b15d63e4?s=96&d=mm&r=g","caption":"Ismael Lucas S. Pereira"},"url":"https:\/\/diariodepe.com.br\/cri\/author\/ismael-lucas\/"}]}},"cc_featured_image_caption":{"caption_text":false,"source_text":false,"source_url":false},"amp_enabled":true,"_links":{"self":[{"href":"https:\/\/diariodepe.com.br\/cri\/wp-json\/wp\/v2\/posts\/1187","targetHints":{"allow":["GET"]}}],"collection":[{"href":"https:\/\/diariodepe.com.br\/cri\/wp-json\/wp\/v2\/posts"}],"about":[{"href":"https:\/\/diariodepe.com.br\/cri\/wp-json\/wp\/v2\/types\/post"}],"author":[{"embeddable":true,"href":"https:\/\/diariodepe.com.br\/cri\/wp-json\/wp\/v2\/users\/2"}],"replies":[{"embeddable":true,"href":"https:\/\/diariodepe.com.br\/cri\/wp-json\/wp\/v2\/comments?post=1187"}],"version-history":[{"count":1,"href":"https:\/\/diariodepe.com.br\/cri\/wp-json\/wp\/v2\/posts\/1187\/revisions"}],"predecessor-version":[{"id":1188,"href":"https:\/\/diariodepe.com.br\/cri\/wp-json\/wp\/v2\/posts\/1187\/revisions\/1188"}],"wp:attachment":[{"href":"https:\/\/diariodepe.com.br\/cri\/wp-json\/wp\/v2\/media?parent=1187"}],"wp:term":[{"taxonomy":"category","embeddable":true,"href":"https:\/\/diariodepe.com.br\/cri\/wp-json\/wp\/v2\/categories?post=1187"},{"taxonomy":"post_tag","embeddable":true,"href":"https:\/\/diariodepe.com.br\/cri\/wp-json\/wp\/v2\/tags?post=1187"}],"curies":[{"name":"wp","href":"https:\/\/api.w.org\/{rel}","templated":true}]}}