{"id":1163,"date":"2023-04-20T04:11:11","date_gmt":"2023-04-20T07:11:11","guid":{"rendered":"https:\/\/diariodepe.com.br\/cri\/?p=1163"},"modified":"2023-04-20T04:11:11","modified_gmt":"2023-04-20T07:11:11","slug":"comentario-documentos-confidenciais-dos-eua-partiram-mais-uma-vez-os-coracoes-de-seus-aliados","status":"publish","type":"post","link":"https:\/\/diariodepe.com.br\/cri\/2023\/04\/20\/comentario-documentos-confidenciais-dos-eua-partiram-mais-uma-vez-os-coracoes-de-seus-aliados\/","title":{"rendered":"Coment\u00e1rio: Documentos confidenciais dos EUA partiram mais uma vez os cora\u00e7\u00f5es de seus aliados"},"content":{"rendered":"<p>\u201cCom um amigo assim, quem precisa de inimigos?\u201d A famosa declara\u00e7\u00e3o do ex-presidente do Conselho Europeu Donald Tusk ao avaliar decis\u00f5es ego\u00edstas e caprichosas dos Estados Unidos foi aprovada mais uma vez no recente vazamento de documentos altamente confidenciais do Pent\u00e1gono.<\/p>\n<p>Desde in\u00edcio de mar\u00e7o, mais de 100 documentos secretos de intelig\u00eancia militar dos EUA foram divulgados na internet, cujos conte\u00fados incluem guerra na Ucr\u00e2nia e espionagem contra l\u00edderes da Ucr\u00e2nia, Coreia do Sul e Israel. Foi o caso mais grave relacionado \u00e0 intelig\u00eancia dos EUA desde o caso de Edward Snowden ocorrido em 2013.<\/p>\n<p>No dia 11 deste m\u00eas, o secret\u00e1rio de Defesa dos EUA, Lloyd J. Austin III, disse que s\u00f3 ficou sabendo do assunto um m\u00eas depois do vazamento. Ao mesmo tempo, autoridades norte-americanas disseram que v\u00e3o realizar investiga\u00e7\u00f5es criminais contra o autor. A declara\u00e7\u00e3o \u00e9 como um reconhecimento da verdade dos documentos.<\/p>\n<p>Os arquivos mostram que Washington n\u00e3o acredita em nenhum pa\u00eds, incluindo seus aliados, cujos l\u00edderes s\u00e3o apenas ferramentas para defender sua hegemonia. Analistas indicam que os aliados dos EUA podem se sentir mais feridos do que no caso de Snowden.<\/p>\n<p>Por que os Estados Unidos est\u00e3o t\u00e3o obcecados com a vigil\u00e2ncia? Primeiro, no pensamento hegem\u00f4nico dos EUA, n\u00e3o existe amigo ou aliado. Para os norte-americanos, os chamados aliados s\u00e3o apenas vassalos. J\u00e1 na primeira Guerra Mundial, Washington come\u00e7ou a espionagem e a vigil\u00e2ncia. Ap\u00f3s a segunda Guerra Mundial, os EUA disseram que dariam prote\u00e7\u00e3o e aux\u00edlio econ\u00f4mico para seus aliados. No entanto, sua maneira b\u00e9lica e arrogante violou cada vez mais os interesses dos aliados que querem manter dist\u00e2ncia de Washington. Para continuar controlando os aliados, os estadunidenses precisam refor\u00e7ar a vigil\u00e2ncia.<\/p>\n<p>Segundo, a espionagem \u00e9 tamb\u00e9m uma maneira de obter mais interesses econ\u00f4micos. O ex-diretor da Ag\u00eancia Central de Informa\u00e7\u00f5es (CIA) R. James Woolsey reconheceu que as informa\u00e7\u00f5es obtidas pela CIA ajudaram a Boeing a conseguir uma grande encomenda da Ar\u00e1bia Saudita ao vencer a Airbus.<\/p>\n<p>A amizade n\u00e3o significa nada perante o ego\u00edsmo estadunidense. Como disse o ex-secret\u00e1rio de Estado norte-americano Henry Kissinger, ser inimigos dos EUA \u00e9 muito perigoso, mas ser aliados \u00e9 fatal.<\/p>\n","protected":false},"excerpt":{"rendered":"<p>\u201cCom um amigo assim, quem precisa de inimigos?\u201d A famosa declara\u00e7\u00e3o do ex-presidente do Conselho Europeu Donald Tusk ao avaliar decis\u00f5es ego\u00edstas e caprichosas dos Estados Unidos foi aprovada mais uma vez no recente vazamento de documentos altamente confidenciais do&#8230;<\/p>\n","protected":false},"author":2,"featured_media":0,"comment_status":"open","ping_status":"open","sticky":false,"template":"","format":"standard","meta":{"footnotes":""},"categories":[7],"tags":[],"class_list":["post-1163","post","type-post","status-publish","format-standard","hentry","category-visao"],"yoast_head":"<!-- This site is optimized with the Yoast SEO plugin v27.4 - https:\/\/yoast.com\/product\/yoast-seo-wordpress\/ -->\n<title>Coment\u00e1rio: Documentos confidenciais dos EUA partiram mais uma vez os cora\u00e7\u00f5es de seus aliados - CRI e Diario de Pernambuco<\/title>\n<meta name=\"robots\" content=\"index, follow, max-snippet:-1, max-image-preview:large, max-video-preview:-1\" \/>\n<link rel=\"canonical\" href=\"https:\/\/diariodepe.com.br\/cri\/2023\/04\/20\/comentario-documentos-confidenciais-dos-eua-partiram-mais-uma-vez-os-coracoes-de-seus-aliados\/\" \/>\n<meta property=\"og:locale\" content=\"pt_BR\" \/>\n<meta property=\"og:type\" content=\"article\" \/>\n<meta property=\"og:title\" content=\"Coment\u00e1rio: Documentos confidenciais dos EUA partiram mais uma vez os cora\u00e7\u00f5es de seus aliados - CRI e Diario de Pernambuco\" \/>\n<meta property=\"og:description\" content=\"\u201cCom um amigo assim, quem precisa de inimigos?\u201d A famosa declara\u00e7\u00e3o do ex-presidente do Conselho Europeu Donald Tusk ao avaliar decis\u00f5es ego\u00edstas e caprichosas dos Estados Unidos foi aprovada mais uma vez no recente vazamento de documentos altamente confidenciais do...\" \/>\n<meta property=\"og:url\" content=\"https:\/\/diariodepe.com.br\/cri\/2023\/04\/20\/comentario-documentos-confidenciais-dos-eua-partiram-mais-uma-vez-os-coracoes-de-seus-aliados\/\" \/>\n<meta property=\"og:site_name\" content=\"CRI e Diario de Pernambuco\" \/>\n<meta property=\"article:published_time\" content=\"2023-04-20T07:11:11+00:00\" \/>\n<meta name=\"author\" content=\"Ismael Lucas S. Pereira\" \/>\n<meta name=\"twitter:card\" content=\"summary_large_image\" \/>\n<meta name=\"twitter:label1\" content=\"Escrito por\" \/>\n\t<meta name=\"twitter:data1\" content=\"Ismael Lucas S. Pereira\" \/>\n\t<meta name=\"twitter:label2\" content=\"Est. tempo de leitura\" \/>\n\t<meta name=\"twitter:data2\" content=\"2 minutos\" \/>\n<script type=\"application\/ld+json\" class=\"yoast-schema-graph\">{\"@context\":\"https:\\\/\\\/schema.org\",\"@graph\":[{\"@type\":\"Article\",\"@id\":\"https:\\\/\\\/diariodepe.com.br\\\/cri\\\/2023\\\/04\\\/20\\\/comentario-documentos-confidenciais-dos-eua-partiram-mais-uma-vez-os-coracoes-de-seus-aliados\\\/#article\",\"isPartOf\":{\"@id\":\"https:\\\/\\\/diariodepe.com.br\\\/cri\\\/2023\\\/04\\\/20\\\/comentario-documentos-confidenciais-dos-eua-partiram-mais-uma-vez-os-coracoes-de-seus-aliados\\\/\"},\"author\":{\"name\":\"Ismael Lucas S. Pereira\",\"@id\":\"https:\\\/\\\/diariodepe.com.br\\\/cri\\\/#\\\/schema\\\/person\\\/121bb28d84f1a5b1205ef4ce9c2e0c6b\"},\"headline\":\"Coment\u00e1rio: Documentos confidenciais dos EUA partiram mais uma vez os cora\u00e7\u00f5es de seus aliados\",\"datePublished\":\"2023-04-20T07:11:11+00:00\",\"mainEntityOfPage\":{\"@id\":\"https:\\\/\\\/diariodepe.com.br\\\/cri\\\/2023\\\/04\\\/20\\\/comentario-documentos-confidenciais-dos-eua-partiram-mais-uma-vez-os-coracoes-de-seus-aliados\\\/\"},\"wordCount\":408,\"commentCount\":0,\"publisher\":{\"@id\":\"https:\\\/\\\/diariodepe.com.br\\\/cri\\\/#organization\"},\"articleSection\":[\"Vis\u00e3o\"],\"inLanguage\":\"pt-BR\",\"potentialAction\":[{\"@type\":\"CommentAction\",\"name\":\"Comment\",\"target\":[\"https:\\\/\\\/diariodepe.com.br\\\/cri\\\/2023\\\/04\\\/20\\\/comentario-documentos-confidenciais-dos-eua-partiram-mais-uma-vez-os-coracoes-de-seus-aliados\\\/#respond\"]}]},{\"@type\":\"WebPage\",\"@id\":\"https:\\\/\\\/diariodepe.com.br\\\/cri\\\/2023\\\/04\\\/20\\\/comentario-documentos-confidenciais-dos-eua-partiram-mais-uma-vez-os-coracoes-de-seus-aliados\\\/\",\"url\":\"https:\\\/\\\/diariodepe.com.br\\\/cri\\\/2023\\\/04\\\/20\\\/comentario-documentos-confidenciais-dos-eua-partiram-mais-uma-vez-os-coracoes-de-seus-aliados\\\/\",\"name\":\"Coment\u00e1rio: Documentos confidenciais dos EUA partiram mais uma vez os cora\u00e7\u00f5es de seus aliados - CRI e Diario de Pernambuco\",\"isPartOf\":{\"@id\":\"https:\\\/\\\/diariodepe.com.br\\\/cri\\\/#website\"},\"datePublished\":\"2023-04-20T07:11:11+00:00\",\"breadcrumb\":{\"@id\":\"https:\\\/\\\/diariodepe.com.br\\\/cri\\\/2023\\\/04\\\/20\\\/comentario-documentos-confidenciais-dos-eua-partiram-mais-uma-vez-os-coracoes-de-seus-aliados\\\/#breadcrumb\"},\"inLanguage\":\"pt-BR\",\"potentialAction\":[{\"@type\":\"ReadAction\",\"target\":[\"https:\\\/\\\/diariodepe.com.br\\\/cri\\\/2023\\\/04\\\/20\\\/comentario-documentos-confidenciais-dos-eua-partiram-mais-uma-vez-os-coracoes-de-seus-aliados\\\/\"]}]},{\"@type\":\"BreadcrumbList\",\"@id\":\"https:\\\/\\\/diariodepe.com.br\\\/cri\\\/2023\\\/04\\\/20\\\/comentario-documentos-confidenciais-dos-eua-partiram-mais-uma-vez-os-coracoes-de-seus-aliados\\\/#breadcrumb\",\"itemListElement\":[{\"@type\":\"ListItem\",\"position\":1,\"name\":\"In\u00edcio\",\"item\":\"https:\\\/\\\/diariodepe.com.br\\\/cri\\\/\"},{\"@type\":\"ListItem\",\"position\":2,\"name\":\"Coment\u00e1rio: Documentos confidenciais dos EUA partiram mais uma vez os cora\u00e7\u00f5es de seus aliados\"}]},{\"@type\":\"WebSite\",\"@id\":\"https:\\\/\\\/diariodepe.com.br\\\/cri\\\/#website\",\"url\":\"https:\\\/\\\/diariodepe.com.br\\\/cri\\\/\",\"name\":\"CRI e Diario de Pernambuco\",\"description\":\"R\u00e1dio Internacional da China\",\"publisher\":{\"@id\":\"https:\\\/\\\/diariodepe.com.br\\\/cri\\\/#organization\"},\"potentialAction\":[{\"@type\":\"SearchAction\",\"target\":{\"@type\":\"EntryPoint\",\"urlTemplate\":\"https:\\\/\\\/diariodepe.com.br\\\/cri\\\/?s={search_term_string}\"},\"query-input\":{\"@type\":\"PropertyValueSpecification\",\"valueRequired\":true,\"valueName\":\"search_term_string\"}}],\"inLanguage\":\"pt-BR\"},{\"@type\":\"Organization\",\"@id\":\"https:\\\/\\\/diariodepe.com.br\\\/cri\\\/#organization\",\"name\":\"CRI e Diario de Pernambuco\",\"url\":\"https:\\\/\\\/diariodepe.com.br\\\/cri\\\/\",\"logo\":{\"@type\":\"ImageObject\",\"inLanguage\":\"pt-BR\",\"@id\":\"https:\\\/\\\/diariodepe.com.br\\\/cri\\\/#\\\/schema\\\/logo\\\/image\\\/\",\"url\":\"https:\\\/\\\/diariodepe.com.br\\\/cri\\\/wp-content\\\/uploads\\\/sites\\\/2\\\/2022\\\/12\\\/cropped-Logo.jpg\",\"contentUrl\":\"https:\\\/\\\/diariodepe.com.br\\\/cri\\\/wp-content\\\/uploads\\\/sites\\\/2\\\/2022\\\/12\\\/cropped-Logo.jpg\",\"width\":700,\"height\":59,\"caption\":\"CRI e Diario de Pernambuco\"},\"image\":{\"@id\":\"https:\\\/\\\/diariodepe.com.br\\\/cri\\\/#\\\/schema\\\/logo\\\/image\\\/\"}},{\"@type\":\"Person\",\"@id\":\"https:\\\/\\\/diariodepe.com.br\\\/cri\\\/#\\\/schema\\\/person\\\/121bb28d84f1a5b1205ef4ce9c2e0c6b\",\"name\":\"Ismael Lucas S. Pereira\",\"image\":{\"@type\":\"ImageObject\",\"inLanguage\":\"pt-BR\",\"@id\":\"https:\\\/\\\/secure.gravatar.com\\\/avatar\\\/887a0f3b5a7ceea963a48499fb883ffce6b5037362def025c52c2505b15d63e4?s=96&d=mm&r=g\",\"url\":\"https:\\\/\\\/secure.gravatar.com\\\/avatar\\\/887a0f3b5a7ceea963a48499fb883ffce6b5037362def025c52c2505b15d63e4?s=96&d=mm&r=g\",\"contentUrl\":\"https:\\\/\\\/secure.gravatar.com\\\/avatar\\\/887a0f3b5a7ceea963a48499fb883ffce6b5037362def025c52c2505b15d63e4?s=96&d=mm&r=g\",\"caption\":\"Ismael Lucas S. Pereira\"},\"url\":\"https:\\\/\\\/diariodepe.com.br\\\/cri\\\/author\\\/ismael-lucas\\\/\"}]}<\/script>\n<!-- \/ Yoast SEO plugin. -->","yoast_head_json":{"title":"Coment\u00e1rio: Documentos confidenciais dos EUA partiram mais uma vez os cora\u00e7\u00f5es de seus aliados - CRI e Diario de Pernambuco","robots":{"index":"index","follow":"follow","max-snippet":"max-snippet:-1","max-image-preview":"max-image-preview:large","max-video-preview":"max-video-preview:-1"},"canonical":"https:\/\/diariodepe.com.br\/cri\/2023\/04\/20\/comentario-documentos-confidenciais-dos-eua-partiram-mais-uma-vez-os-coracoes-de-seus-aliados\/","og_locale":"pt_BR","og_type":"article","og_title":"Coment\u00e1rio: Documentos confidenciais dos EUA partiram mais uma vez os cora\u00e7\u00f5es de seus aliados - CRI e Diario de Pernambuco","og_description":"\u201cCom um amigo assim, quem precisa de inimigos?\u201d A famosa declara\u00e7\u00e3o do ex-presidente do Conselho Europeu Donald Tusk ao avaliar decis\u00f5es ego\u00edstas e caprichosas dos Estados Unidos foi aprovada mais uma vez no recente vazamento de documentos altamente confidenciais do...","og_url":"https:\/\/diariodepe.com.br\/cri\/2023\/04\/20\/comentario-documentos-confidenciais-dos-eua-partiram-mais-uma-vez-os-coracoes-de-seus-aliados\/","og_site_name":"CRI e Diario de Pernambuco","article_published_time":"2023-04-20T07:11:11+00:00","author":"Ismael Lucas S. Pereira","twitter_card":"summary_large_image","twitter_misc":{"Escrito por":"Ismael Lucas S. Pereira","Est. tempo de leitura":"2 minutos"},"schema":{"@context":"https:\/\/schema.org","@graph":[{"@type":"Article","@id":"https:\/\/diariodepe.com.br\/cri\/2023\/04\/20\/comentario-documentos-confidenciais-dos-eua-partiram-mais-uma-vez-os-coracoes-de-seus-aliados\/#article","isPartOf":{"@id":"https:\/\/diariodepe.com.br\/cri\/2023\/04\/20\/comentario-documentos-confidenciais-dos-eua-partiram-mais-uma-vez-os-coracoes-de-seus-aliados\/"},"author":{"name":"Ismael Lucas S. Pereira","@id":"https:\/\/diariodepe.com.br\/cri\/#\/schema\/person\/121bb28d84f1a5b1205ef4ce9c2e0c6b"},"headline":"Coment\u00e1rio: Documentos confidenciais dos EUA partiram mais uma vez os cora\u00e7\u00f5es de seus aliados","datePublished":"2023-04-20T07:11:11+00:00","mainEntityOfPage":{"@id":"https:\/\/diariodepe.com.br\/cri\/2023\/04\/20\/comentario-documentos-confidenciais-dos-eua-partiram-mais-uma-vez-os-coracoes-de-seus-aliados\/"},"wordCount":408,"commentCount":0,"publisher":{"@id":"https:\/\/diariodepe.com.br\/cri\/#organization"},"articleSection":["Vis\u00e3o"],"inLanguage":"pt-BR","potentialAction":[{"@type":"CommentAction","name":"Comment","target":["https:\/\/diariodepe.com.br\/cri\/2023\/04\/20\/comentario-documentos-confidenciais-dos-eua-partiram-mais-uma-vez-os-coracoes-de-seus-aliados\/#respond"]}]},{"@type":"WebPage","@id":"https:\/\/diariodepe.com.br\/cri\/2023\/04\/20\/comentario-documentos-confidenciais-dos-eua-partiram-mais-uma-vez-os-coracoes-de-seus-aliados\/","url":"https:\/\/diariodepe.com.br\/cri\/2023\/04\/20\/comentario-documentos-confidenciais-dos-eua-partiram-mais-uma-vez-os-coracoes-de-seus-aliados\/","name":"Coment\u00e1rio: Documentos confidenciais dos EUA partiram mais uma vez os cora\u00e7\u00f5es de seus aliados - CRI e Diario de Pernambuco","isPartOf":{"@id":"https:\/\/diariodepe.com.br\/cri\/#website"},"datePublished":"2023-04-20T07:11:11+00:00","breadcrumb":{"@id":"https:\/\/diariodepe.com.br\/cri\/2023\/04\/20\/comentario-documentos-confidenciais-dos-eua-partiram-mais-uma-vez-os-coracoes-de-seus-aliados\/#breadcrumb"},"inLanguage":"pt-BR","potentialAction":[{"@type":"ReadAction","target":["https:\/\/diariodepe.com.br\/cri\/2023\/04\/20\/comentario-documentos-confidenciais-dos-eua-partiram-mais-uma-vez-os-coracoes-de-seus-aliados\/"]}]},{"@type":"BreadcrumbList","@id":"https:\/\/diariodepe.com.br\/cri\/2023\/04\/20\/comentario-documentos-confidenciais-dos-eua-partiram-mais-uma-vez-os-coracoes-de-seus-aliados\/#breadcrumb","itemListElement":[{"@type":"ListItem","position":1,"name":"In\u00edcio","item":"https:\/\/diariodepe.com.br\/cri\/"},{"@type":"ListItem","position":2,"name":"Coment\u00e1rio: Documentos confidenciais dos EUA partiram mais uma vez os cora\u00e7\u00f5es de seus aliados"}]},{"@type":"WebSite","@id":"https:\/\/diariodepe.com.br\/cri\/#website","url":"https:\/\/diariodepe.com.br\/cri\/","name":"CRI e Diario de Pernambuco","description":"R\u00e1dio Internacional da China","publisher":{"@id":"https:\/\/diariodepe.com.br\/cri\/#organization"},"potentialAction":[{"@type":"SearchAction","target":{"@type":"EntryPoint","urlTemplate":"https:\/\/diariodepe.com.br\/cri\/?s={search_term_string}"},"query-input":{"@type":"PropertyValueSpecification","valueRequired":true,"valueName":"search_term_string"}}],"inLanguage":"pt-BR"},{"@type":"Organization","@id":"https:\/\/diariodepe.com.br\/cri\/#organization","name":"CRI e Diario de Pernambuco","url":"https:\/\/diariodepe.com.br\/cri\/","logo":{"@type":"ImageObject","inLanguage":"pt-BR","@id":"https:\/\/diariodepe.com.br\/cri\/#\/schema\/logo\/image\/","url":"https:\/\/diariodepe.com.br\/cri\/wp-content\/uploads\/sites\/2\/2022\/12\/cropped-Logo.jpg","contentUrl":"https:\/\/diariodepe.com.br\/cri\/wp-content\/uploads\/sites\/2\/2022\/12\/cropped-Logo.jpg","width":700,"height":59,"caption":"CRI e Diario de Pernambuco"},"image":{"@id":"https:\/\/diariodepe.com.br\/cri\/#\/schema\/logo\/image\/"}},{"@type":"Person","@id":"https:\/\/diariodepe.com.br\/cri\/#\/schema\/person\/121bb28d84f1a5b1205ef4ce9c2e0c6b","name":"Ismael Lucas S. Pereira","image":{"@type":"ImageObject","inLanguage":"pt-BR","@id":"https:\/\/secure.gravatar.com\/avatar\/887a0f3b5a7ceea963a48499fb883ffce6b5037362def025c52c2505b15d63e4?s=96&d=mm&r=g","url":"https:\/\/secure.gravatar.com\/avatar\/887a0f3b5a7ceea963a48499fb883ffce6b5037362def025c52c2505b15d63e4?s=96&d=mm&r=g","contentUrl":"https:\/\/secure.gravatar.com\/avatar\/887a0f3b5a7ceea963a48499fb883ffce6b5037362def025c52c2505b15d63e4?s=96&d=mm&r=g","caption":"Ismael Lucas S. Pereira"},"url":"https:\/\/diariodepe.com.br\/cri\/author\/ismael-lucas\/"}]}},"cc_featured_image_caption":{"caption_text":false,"source_text":false,"source_url":false},"amp_enabled":true,"_links":{"self":[{"href":"https:\/\/diariodepe.com.br\/cri\/wp-json\/wp\/v2\/posts\/1163","targetHints":{"allow":["GET"]}}],"collection":[{"href":"https:\/\/diariodepe.com.br\/cri\/wp-json\/wp\/v2\/posts"}],"about":[{"href":"https:\/\/diariodepe.com.br\/cri\/wp-json\/wp\/v2\/types\/post"}],"author":[{"embeddable":true,"href":"https:\/\/diariodepe.com.br\/cri\/wp-json\/wp\/v2\/users\/2"}],"replies":[{"embeddable":true,"href":"https:\/\/diariodepe.com.br\/cri\/wp-json\/wp\/v2\/comments?post=1163"}],"version-history":[{"count":1,"href":"https:\/\/diariodepe.com.br\/cri\/wp-json\/wp\/v2\/posts\/1163\/revisions"}],"predecessor-version":[{"id":1164,"href":"https:\/\/diariodepe.com.br\/cri\/wp-json\/wp\/v2\/posts\/1163\/revisions\/1164"}],"wp:attachment":[{"href":"https:\/\/diariodepe.com.br\/cri\/wp-json\/wp\/v2\/media?parent=1163"}],"wp:term":[{"taxonomy":"category","embeddable":true,"href":"https:\/\/diariodepe.com.br\/cri\/wp-json\/wp\/v2\/categories?post=1163"},{"taxonomy":"post_tag","embeddable":true,"href":"https:\/\/diariodepe.com.br\/cri\/wp-json\/wp\/v2\/tags?post=1163"}],"curies":[{"name":"wp","href":"https:\/\/api.w.org\/{rel}","templated":true}]}}