{"id":1121,"date":"2023-04-19T03:50:14","date_gmt":"2023-04-19T06:50:14","guid":{"rendered":"https:\/\/diariodepe.com.br\/cri\/?p=1121"},"modified":"2023-04-19T03:50:14","modified_gmt":"2023-04-19T06:50:14","slug":"xi-jinping-e-macron-participam-de-reuniao-do-conselho-empresarial-china-franca","status":"publish","type":"post","link":"https:\/\/diariodepe.com.br\/cri\/2023\/04\/19\/xi-jinping-e-macron-participam-de-reuniao-do-conselho-empresarial-china-franca\/","title":{"rendered":"Xi Jinping e Macron participam de reuni\u00e3o do Conselho Empresarial China-Fran\u00e7a"},"content":{"rendered":"<p>O presidente chin\u00eas, Xi Jinping, e o presidente franc\u00eas, Emmanuel Macron, compareceram nesta quinta-feira (6) \u00e0 cerim\u00f4nia de encerramento da quinta Reuni\u00e3o do Conselho Empresarial China-Fran\u00e7a.<\/p>\n<p>Em discurso, Xi Jinping afirmou que, China e Fran\u00e7a apoiam o verdadeiro multilateralismo e com\u00e9rcio livre. Por isso, ressaltou o l\u00edder chin\u00eas, as coopera\u00e7\u00f5es econ\u00f4micas e comerciais entre os dois pa\u00edses alcan\u00e7aram not\u00e1veis \u00eaxitos e os valores do com\u00e9rcio bilateral e dos investimentos m\u00fatuos aumentaram continuamente.<\/p>\n<p>O presidente da China indicou que as coopera\u00e7\u00f5es econ\u00f4micas e comerciais sino-francesas n\u00e3o s\u00f3 beneficiam as duas na\u00e7\u00f5es, como tamb\u00e9m fortalecem a confian\u00e7a na recupera\u00e7\u00e3o da economia mundial.<\/p>\n<p>\u201cDevemos insistir na abertura e na toler\u00e2ncia para aprofundar as coopera\u00e7\u00f5es de benef\u00edcios rec\u00edprocos, persistir na independ\u00eancia e autonomia para defender os interesses comuns e promover a uni\u00e3o e a coordena\u00e7\u00e3o para impulsionar o desenvolvimento comum do mundo\u201d, conclamou Xi Jinping.<\/p>\n<p>Na noite do mesmo dia, Xi Jinping realizou um jantar de recep\u00e7\u00e3o para Macron no Grande Pal\u00e1cio do Povo.<\/p>\n","protected":false},"excerpt":{"rendered":"<p>O presidente chin\u00eas, Xi Jinping, e o presidente franc\u00eas, Emmanuel Macron, compareceram nesta quinta-feira (6) \u00e0 cerim\u00f4nia de encerramento da quinta Reuni\u00e3o do Conselho Empresarial China-Fran\u00e7a. Em discurso, Xi Jinping afirmou que, China e Fran\u00e7a apoiam o verdadeiro multilateralismo e&#8230;<\/p>\n","protected":false},"author":2,"featured_media":0,"comment_status":"open","ping_status":"open","sticky":false,"template":"","format":"standard","meta":{"footnotes":""},"categories":[3],"tags":[],"class_list":["post-1121","post","type-post","status-publish","format-standard","hentry","category-china"],"yoast_head":"<!-- This site is optimized with the Yoast SEO plugin v27.4 - https:\/\/yoast.com\/product\/yoast-seo-wordpress\/ -->\n<title>Xi Jinping e Macron participam de reuni\u00e3o do Conselho Empresarial China-Fran\u00e7a - CRI e Diario de Pernambuco<\/title>\n<meta name=\"robots\" content=\"index, follow, max-snippet:-1, max-image-preview:large, max-video-preview:-1\" \/>\n<link rel=\"canonical\" href=\"https:\/\/diariodepe.com.br\/cri\/2023\/04\/19\/xi-jinping-e-macron-participam-de-reuniao-do-conselho-empresarial-china-franca\/\" \/>\n<meta property=\"og:locale\" content=\"pt_BR\" \/>\n<meta property=\"og:type\" content=\"article\" \/>\n<meta property=\"og:title\" content=\"Xi Jinping e Macron participam de reuni\u00e3o do Conselho Empresarial China-Fran\u00e7a - CRI e Diario de Pernambuco\" \/>\n<meta property=\"og:description\" content=\"O presidente chin\u00eas, Xi Jinping, e o presidente franc\u00eas, Emmanuel Macron, compareceram nesta quinta-feira (6) \u00e0 cerim\u00f4nia de encerramento da quinta Reuni\u00e3o do Conselho Empresarial China-Fran\u00e7a. Em discurso, Xi Jinping afirmou que, China e Fran\u00e7a apoiam o verdadeiro multilateralismo e...\" \/>\n<meta property=\"og:url\" content=\"https:\/\/diariodepe.com.br\/cri\/2023\/04\/19\/xi-jinping-e-macron-participam-de-reuniao-do-conselho-empresarial-china-franca\/\" \/>\n<meta property=\"og:site_name\" content=\"CRI e Diario de Pernambuco\" \/>\n<meta property=\"article:published_time\" content=\"2023-04-19T06:50:14+00:00\" \/>\n<meta name=\"author\" content=\"Ismael Lucas S. Pereira\" \/>\n<meta name=\"twitter:card\" content=\"summary_large_image\" \/>\n<meta name=\"twitter:label1\" content=\"Escrito por\" \/>\n\t<meta name=\"twitter:data1\" content=\"Ismael Lucas S. Pereira\" \/>\n\t<meta name=\"twitter:label2\" content=\"Est. tempo de leitura\" \/>\n\t<meta name=\"twitter:data2\" content=\"1 minuto\" \/>\n<script type=\"application\/ld+json\" class=\"yoast-schema-graph\">{\"@context\":\"https:\\\/\\\/schema.org\",\"@graph\":[{\"@type\":\"Article\",\"@id\":\"https:\\\/\\\/diariodepe.com.br\\\/cri\\\/2023\\\/04\\\/19\\\/xi-jinping-e-macron-participam-de-reuniao-do-conselho-empresarial-china-franca\\\/#article\",\"isPartOf\":{\"@id\":\"https:\\\/\\\/diariodepe.com.br\\\/cri\\\/2023\\\/04\\\/19\\\/xi-jinping-e-macron-participam-de-reuniao-do-conselho-empresarial-china-franca\\\/\"},\"author\":{\"name\":\"Ismael Lucas S. Pereira\",\"@id\":\"https:\\\/\\\/diariodepe.com.br\\\/cri\\\/#\\\/schema\\\/person\\\/121bb28d84f1a5b1205ef4ce9c2e0c6b\"},\"headline\":\"Xi Jinping e Macron participam de reuni\u00e3o do Conselho Empresarial China-Fran\u00e7a\",\"datePublished\":\"2023-04-19T06:50:14+00:00\",\"mainEntityOfPage\":{\"@id\":\"https:\\\/\\\/diariodepe.com.br\\\/cri\\\/2023\\\/04\\\/19\\\/xi-jinping-e-macron-participam-de-reuniao-do-conselho-empresarial-china-franca\\\/\"},\"wordCount\":203,\"commentCount\":0,\"publisher\":{\"@id\":\"https:\\\/\\\/diariodepe.com.br\\\/cri\\\/#organization\"},\"articleSection\":[\"China\"],\"inLanguage\":\"pt-BR\",\"potentialAction\":[{\"@type\":\"CommentAction\",\"name\":\"Comment\",\"target\":[\"https:\\\/\\\/diariodepe.com.br\\\/cri\\\/2023\\\/04\\\/19\\\/xi-jinping-e-macron-participam-de-reuniao-do-conselho-empresarial-china-franca\\\/#respond\"]}]},{\"@type\":\"WebPage\",\"@id\":\"https:\\\/\\\/diariodepe.com.br\\\/cri\\\/2023\\\/04\\\/19\\\/xi-jinping-e-macron-participam-de-reuniao-do-conselho-empresarial-china-franca\\\/\",\"url\":\"https:\\\/\\\/diariodepe.com.br\\\/cri\\\/2023\\\/04\\\/19\\\/xi-jinping-e-macron-participam-de-reuniao-do-conselho-empresarial-china-franca\\\/\",\"name\":\"Xi Jinping e Macron participam de reuni\u00e3o do Conselho Empresarial China-Fran\u00e7a - CRI e Diario de Pernambuco\",\"isPartOf\":{\"@id\":\"https:\\\/\\\/diariodepe.com.br\\\/cri\\\/#website\"},\"datePublished\":\"2023-04-19T06:50:14+00:00\",\"breadcrumb\":{\"@id\":\"https:\\\/\\\/diariodepe.com.br\\\/cri\\\/2023\\\/04\\\/19\\\/xi-jinping-e-macron-participam-de-reuniao-do-conselho-empresarial-china-franca\\\/#breadcrumb\"},\"inLanguage\":\"pt-BR\",\"potentialAction\":[{\"@type\":\"ReadAction\",\"target\":[\"https:\\\/\\\/diariodepe.com.br\\\/cri\\\/2023\\\/04\\\/19\\\/xi-jinping-e-macron-participam-de-reuniao-do-conselho-empresarial-china-franca\\\/\"]}]},{\"@type\":\"BreadcrumbList\",\"@id\":\"https:\\\/\\\/diariodepe.com.br\\\/cri\\\/2023\\\/04\\\/19\\\/xi-jinping-e-macron-participam-de-reuniao-do-conselho-empresarial-china-franca\\\/#breadcrumb\",\"itemListElement\":[{\"@type\":\"ListItem\",\"position\":1,\"name\":\"In\u00edcio\",\"item\":\"https:\\\/\\\/diariodepe.com.br\\\/cri\\\/\"},{\"@type\":\"ListItem\",\"position\":2,\"name\":\"Xi Jinping e Macron participam de reuni\u00e3o do Conselho Empresarial China-Fran\u00e7a\"}]},{\"@type\":\"WebSite\",\"@id\":\"https:\\\/\\\/diariodepe.com.br\\\/cri\\\/#website\",\"url\":\"https:\\\/\\\/diariodepe.com.br\\\/cri\\\/\",\"name\":\"CRI e Diario de Pernambuco\",\"description\":\"R\u00e1dio Internacional da China\",\"publisher\":{\"@id\":\"https:\\\/\\\/diariodepe.com.br\\\/cri\\\/#organization\"},\"potentialAction\":[{\"@type\":\"SearchAction\",\"target\":{\"@type\":\"EntryPoint\",\"urlTemplate\":\"https:\\\/\\\/diariodepe.com.br\\\/cri\\\/?s={search_term_string}\"},\"query-input\":{\"@type\":\"PropertyValueSpecification\",\"valueRequired\":true,\"valueName\":\"search_term_string\"}}],\"inLanguage\":\"pt-BR\"},{\"@type\":\"Organization\",\"@id\":\"https:\\\/\\\/diariodepe.com.br\\\/cri\\\/#organization\",\"name\":\"CRI e Diario de Pernambuco\",\"url\":\"https:\\\/\\\/diariodepe.com.br\\\/cri\\\/\",\"logo\":{\"@type\":\"ImageObject\",\"inLanguage\":\"pt-BR\",\"@id\":\"https:\\\/\\\/diariodepe.com.br\\\/cri\\\/#\\\/schema\\\/logo\\\/image\\\/\",\"url\":\"https:\\\/\\\/diariodepe.com.br\\\/cri\\\/wp-content\\\/uploads\\\/sites\\\/2\\\/2022\\\/12\\\/cropped-Logo.jpg\",\"contentUrl\":\"https:\\\/\\\/diariodepe.com.br\\\/cri\\\/wp-content\\\/uploads\\\/sites\\\/2\\\/2022\\\/12\\\/cropped-Logo.jpg\",\"width\":700,\"height\":59,\"caption\":\"CRI e Diario de Pernambuco\"},\"image\":{\"@id\":\"https:\\\/\\\/diariodepe.com.br\\\/cri\\\/#\\\/schema\\\/logo\\\/image\\\/\"}},{\"@type\":\"Person\",\"@id\":\"https:\\\/\\\/diariodepe.com.br\\\/cri\\\/#\\\/schema\\\/person\\\/121bb28d84f1a5b1205ef4ce9c2e0c6b\",\"name\":\"Ismael Lucas S. Pereira\",\"image\":{\"@type\":\"ImageObject\",\"inLanguage\":\"pt-BR\",\"@id\":\"https:\\\/\\\/secure.gravatar.com\\\/avatar\\\/887a0f3b5a7ceea963a48499fb883ffce6b5037362def025c52c2505b15d63e4?s=96&d=mm&r=g\",\"url\":\"https:\\\/\\\/secure.gravatar.com\\\/avatar\\\/887a0f3b5a7ceea963a48499fb883ffce6b5037362def025c52c2505b15d63e4?s=96&d=mm&r=g\",\"contentUrl\":\"https:\\\/\\\/secure.gravatar.com\\\/avatar\\\/887a0f3b5a7ceea963a48499fb883ffce6b5037362def025c52c2505b15d63e4?s=96&d=mm&r=g\",\"caption\":\"Ismael Lucas S. Pereira\"},\"url\":\"https:\\\/\\\/diariodepe.com.br\\\/cri\\\/author\\\/ismael-lucas\\\/\"}]}<\/script>\n<!-- \/ Yoast SEO plugin. -->","yoast_head_json":{"title":"Xi Jinping e Macron participam de reuni\u00e3o do Conselho Empresarial China-Fran\u00e7a - CRI e Diario de Pernambuco","robots":{"index":"index","follow":"follow","max-snippet":"max-snippet:-1","max-image-preview":"max-image-preview:large","max-video-preview":"max-video-preview:-1"},"canonical":"https:\/\/diariodepe.com.br\/cri\/2023\/04\/19\/xi-jinping-e-macron-participam-de-reuniao-do-conselho-empresarial-china-franca\/","og_locale":"pt_BR","og_type":"article","og_title":"Xi Jinping e Macron participam de reuni\u00e3o do Conselho Empresarial China-Fran\u00e7a - CRI e Diario de Pernambuco","og_description":"O presidente chin\u00eas, Xi Jinping, e o presidente franc\u00eas, Emmanuel Macron, compareceram nesta quinta-feira (6) \u00e0 cerim\u00f4nia de encerramento da quinta Reuni\u00e3o do Conselho Empresarial China-Fran\u00e7a. Em discurso, Xi Jinping afirmou que, China e Fran\u00e7a apoiam o verdadeiro multilateralismo e...","og_url":"https:\/\/diariodepe.com.br\/cri\/2023\/04\/19\/xi-jinping-e-macron-participam-de-reuniao-do-conselho-empresarial-china-franca\/","og_site_name":"CRI e Diario de Pernambuco","article_published_time":"2023-04-19T06:50:14+00:00","author":"Ismael Lucas S. Pereira","twitter_card":"summary_large_image","twitter_misc":{"Escrito por":"Ismael Lucas S. Pereira","Est. tempo de leitura":"1 minuto"},"schema":{"@context":"https:\/\/schema.org","@graph":[{"@type":"Article","@id":"https:\/\/diariodepe.com.br\/cri\/2023\/04\/19\/xi-jinping-e-macron-participam-de-reuniao-do-conselho-empresarial-china-franca\/#article","isPartOf":{"@id":"https:\/\/diariodepe.com.br\/cri\/2023\/04\/19\/xi-jinping-e-macron-participam-de-reuniao-do-conselho-empresarial-china-franca\/"},"author":{"name":"Ismael Lucas S. Pereira","@id":"https:\/\/diariodepe.com.br\/cri\/#\/schema\/person\/121bb28d84f1a5b1205ef4ce9c2e0c6b"},"headline":"Xi Jinping e Macron participam de reuni\u00e3o do Conselho Empresarial China-Fran\u00e7a","datePublished":"2023-04-19T06:50:14+00:00","mainEntityOfPage":{"@id":"https:\/\/diariodepe.com.br\/cri\/2023\/04\/19\/xi-jinping-e-macron-participam-de-reuniao-do-conselho-empresarial-china-franca\/"},"wordCount":203,"commentCount":0,"publisher":{"@id":"https:\/\/diariodepe.com.br\/cri\/#organization"},"articleSection":["China"],"inLanguage":"pt-BR","potentialAction":[{"@type":"CommentAction","name":"Comment","target":["https:\/\/diariodepe.com.br\/cri\/2023\/04\/19\/xi-jinping-e-macron-participam-de-reuniao-do-conselho-empresarial-china-franca\/#respond"]}]},{"@type":"WebPage","@id":"https:\/\/diariodepe.com.br\/cri\/2023\/04\/19\/xi-jinping-e-macron-participam-de-reuniao-do-conselho-empresarial-china-franca\/","url":"https:\/\/diariodepe.com.br\/cri\/2023\/04\/19\/xi-jinping-e-macron-participam-de-reuniao-do-conselho-empresarial-china-franca\/","name":"Xi Jinping e Macron participam de reuni\u00e3o do Conselho Empresarial China-Fran\u00e7a - CRI e Diario de Pernambuco","isPartOf":{"@id":"https:\/\/diariodepe.com.br\/cri\/#website"},"datePublished":"2023-04-19T06:50:14+00:00","breadcrumb":{"@id":"https:\/\/diariodepe.com.br\/cri\/2023\/04\/19\/xi-jinping-e-macron-participam-de-reuniao-do-conselho-empresarial-china-franca\/#breadcrumb"},"inLanguage":"pt-BR","potentialAction":[{"@type":"ReadAction","target":["https:\/\/diariodepe.com.br\/cri\/2023\/04\/19\/xi-jinping-e-macron-participam-de-reuniao-do-conselho-empresarial-china-franca\/"]}]},{"@type":"BreadcrumbList","@id":"https:\/\/diariodepe.com.br\/cri\/2023\/04\/19\/xi-jinping-e-macron-participam-de-reuniao-do-conselho-empresarial-china-franca\/#breadcrumb","itemListElement":[{"@type":"ListItem","position":1,"name":"In\u00edcio","item":"https:\/\/diariodepe.com.br\/cri\/"},{"@type":"ListItem","position":2,"name":"Xi Jinping e Macron participam de reuni\u00e3o do Conselho Empresarial China-Fran\u00e7a"}]},{"@type":"WebSite","@id":"https:\/\/diariodepe.com.br\/cri\/#website","url":"https:\/\/diariodepe.com.br\/cri\/","name":"CRI e Diario de Pernambuco","description":"R\u00e1dio Internacional da China","publisher":{"@id":"https:\/\/diariodepe.com.br\/cri\/#organization"},"potentialAction":[{"@type":"SearchAction","target":{"@type":"EntryPoint","urlTemplate":"https:\/\/diariodepe.com.br\/cri\/?s={search_term_string}"},"query-input":{"@type":"PropertyValueSpecification","valueRequired":true,"valueName":"search_term_string"}}],"inLanguage":"pt-BR"},{"@type":"Organization","@id":"https:\/\/diariodepe.com.br\/cri\/#organization","name":"CRI e Diario de Pernambuco","url":"https:\/\/diariodepe.com.br\/cri\/","logo":{"@type":"ImageObject","inLanguage":"pt-BR","@id":"https:\/\/diariodepe.com.br\/cri\/#\/schema\/logo\/image\/","url":"https:\/\/diariodepe.com.br\/cri\/wp-content\/uploads\/sites\/2\/2022\/12\/cropped-Logo.jpg","contentUrl":"https:\/\/diariodepe.com.br\/cri\/wp-content\/uploads\/sites\/2\/2022\/12\/cropped-Logo.jpg","width":700,"height":59,"caption":"CRI e Diario de Pernambuco"},"image":{"@id":"https:\/\/diariodepe.com.br\/cri\/#\/schema\/logo\/image\/"}},{"@type":"Person","@id":"https:\/\/diariodepe.com.br\/cri\/#\/schema\/person\/121bb28d84f1a5b1205ef4ce9c2e0c6b","name":"Ismael Lucas S. Pereira","image":{"@type":"ImageObject","inLanguage":"pt-BR","@id":"https:\/\/secure.gravatar.com\/avatar\/887a0f3b5a7ceea963a48499fb883ffce6b5037362def025c52c2505b15d63e4?s=96&d=mm&r=g","url":"https:\/\/secure.gravatar.com\/avatar\/887a0f3b5a7ceea963a48499fb883ffce6b5037362def025c52c2505b15d63e4?s=96&d=mm&r=g","contentUrl":"https:\/\/secure.gravatar.com\/avatar\/887a0f3b5a7ceea963a48499fb883ffce6b5037362def025c52c2505b15d63e4?s=96&d=mm&r=g","caption":"Ismael Lucas S. Pereira"},"url":"https:\/\/diariodepe.com.br\/cri\/author\/ismael-lucas\/"}]}},"cc_featured_image_caption":{"caption_text":false,"source_text":false,"source_url":false},"amp_enabled":true,"_links":{"self":[{"href":"https:\/\/diariodepe.com.br\/cri\/wp-json\/wp\/v2\/posts\/1121","targetHints":{"allow":["GET"]}}],"collection":[{"href":"https:\/\/diariodepe.com.br\/cri\/wp-json\/wp\/v2\/posts"}],"about":[{"href":"https:\/\/diariodepe.com.br\/cri\/wp-json\/wp\/v2\/types\/post"}],"author":[{"embeddable":true,"href":"https:\/\/diariodepe.com.br\/cri\/wp-json\/wp\/v2\/users\/2"}],"replies":[{"embeddable":true,"href":"https:\/\/diariodepe.com.br\/cri\/wp-json\/wp\/v2\/comments?post=1121"}],"version-history":[{"count":1,"href":"https:\/\/diariodepe.com.br\/cri\/wp-json\/wp\/v2\/posts\/1121\/revisions"}],"predecessor-version":[{"id":1122,"href":"https:\/\/diariodepe.com.br\/cri\/wp-json\/wp\/v2\/posts\/1121\/revisions\/1122"}],"wp:attachment":[{"href":"https:\/\/diariodepe.com.br\/cri\/wp-json\/wp\/v2\/media?parent=1121"}],"wp:term":[{"taxonomy":"category","embeddable":true,"href":"https:\/\/diariodepe.com.br\/cri\/wp-json\/wp\/v2\/categories?post=1121"},{"taxonomy":"post_tag","embeddable":true,"href":"https:\/\/diariodepe.com.br\/cri\/wp-json\/wp\/v2\/tags?post=1121"}],"curies":[{"name":"wp","href":"https:\/\/api.w.org\/{rel}","templated":true}]}}