{"id":11184,"date":"2026-04-30T00:32:07","date_gmt":"2026-04-30T03:32:07","guid":{"rendered":"https:\/\/diariodepe.com.br\/cri\/?p=11184"},"modified":"2026-04-30T00:32:07","modified_gmt":"2026-04-30T03:32:07","slug":"xi-jinping-envia-congratulacoes-ao-forum-de-desenvolvimento-verde-e-sustentavel-da-sco","status":"publish","type":"post","link":"https:\/\/diariodepe.com.br\/cri\/2026\/04\/30\/xi-jinping-envia-congratulacoes-ao-forum-de-desenvolvimento-verde-e-sustentavel-da-sco\/","title":{"rendered":"Xi Jinping envia congratula\u00e7\u00f5es ao F\u00f3rum de Desenvolvimento Verde e Sustent\u00e1vel da SCO"},"content":{"rendered":"\r\n<p>O presidente da China, Xi Jinping, enviou nesta quarta-feira (29) uma mensagem de congratula\u00e7\u00f5es para o F\u00f3rum de Desenvolvimento Verde e Sustent\u00e1vel da Organiza\u00e7\u00e3o de Coopera\u00e7\u00e3o de Shanghai (SCO, na sigla em ingl\u00eas).<br \/><br \/>Xi Jinping destacou que a China defende o conceito de que \u00e1guas limpas e montanhas verdes s\u00e3o t\u00e3o valiosas quanto montes de ouro e prata, e segue inabalavelmente o caminho do desenvolvimento que prioriza a conserva\u00e7\u00e3o ecol\u00f3gica e o crescimento sustent\u00e1vel. Segundo ele, o pa\u00eds \u00e9 participante, contribuinte e tamb\u00e9m l\u00edder na promo\u00e7\u00e3o da ecociviliza\u00e7\u00e3o global.<br \/><br \/>O presidente enfatizou que este ano marca o 25\u00ba anivers\u00e1rio da funda\u00e7\u00e3o da SCO e o in\u00edcio do 15\u00ba Plano Quinquenal de desenvolvimento econ\u00f4mico e social da China.<br \/><br \/>\u201cA China est\u00e1 disposta a trabalhar com todas as partes para promover o \u2018Esp\u00edrito de Shanghai\u2019 e demonstrar a \u2018responsabilidade da SCO\u2019, al\u00e9m de fortalecer o alinhamento de pol\u00edticas, o interc\u00e2mbio de experi\u00eancias e a coopera\u00e7\u00e3o em projetos. O objetivo \u00e9 aperfei\u00e7oar o sistema de governan\u00e7a ambiental global e construir, conjuntamente, um mundo limpo, belo e sustent\u00e1vel\u201d, afirmou.<br \/><br \/>O f\u00f3rum foi inaugurado nesta quarta-feira em Ningbo, na prov\u00edncia de Zhejiang, leste da China, com o tema \u201cPraticar a Iniciativa de Governan\u00e7a Global e Promover, em conjunto, o Desenvolvimento Verde e Sustent\u00e1vel da SCO\u201d.<\/p>\r\n","protected":false},"excerpt":{"rendered":"<p>O presidente da China, Xi Jinping, enviou nesta quarta-feira (29) uma mensagem de congratula\u00e7\u00f5es para o F\u00f3rum de Desenvolvimento Verde e Sustent\u00e1vel da Organiza\u00e7\u00e3o de Coopera\u00e7\u00e3o de Shanghai (SCO, na sigla em ingl\u00eas). Xi Jinping destacou que a China defende&#8230;<\/p>\n","protected":false},"author":5,"featured_media":0,"comment_status":"open","ping_status":"open","sticky":false,"template":"","format":"standard","meta":{"footnotes":""},"categories":[3],"tags":[],"class_list":["post-11184","post","type-post","status-publish","format-standard","hentry","category-china"],"yoast_head":"<!-- This site is optimized with the Yoast SEO plugin v27.4 - https:\/\/yoast.com\/product\/yoast-seo-wordpress\/ -->\n<title>Xi Jinping envia congratula\u00e7\u00f5es ao F\u00f3rum de Desenvolvimento Verde e Sustent\u00e1vel da SCO - CRI e Diario de Pernambuco<\/title>\n<meta name=\"robots\" content=\"index, follow, max-snippet:-1, max-image-preview:large, max-video-preview:-1\" \/>\n<link rel=\"canonical\" href=\"https:\/\/diariodepe.com.br\/cri\/2026\/04\/30\/xi-jinping-envia-congratulacoes-ao-forum-de-desenvolvimento-verde-e-sustentavel-da-sco\/\" \/>\n<meta property=\"og:locale\" content=\"pt_BR\" \/>\n<meta property=\"og:type\" content=\"article\" \/>\n<meta property=\"og:title\" content=\"Xi Jinping envia congratula\u00e7\u00f5es ao F\u00f3rum de Desenvolvimento Verde e Sustent\u00e1vel da SCO - CRI e Diario de Pernambuco\" \/>\n<meta property=\"og:description\" content=\"O presidente da China, Xi Jinping, enviou nesta quarta-feira (29) uma mensagem de congratula\u00e7\u00f5es para o F\u00f3rum de Desenvolvimento Verde e Sustent\u00e1vel da Organiza\u00e7\u00e3o de Coopera\u00e7\u00e3o de Shanghai (SCO, na sigla em ingl\u00eas). Xi Jinping destacou que a China defende...\" \/>\n<meta property=\"og:url\" content=\"https:\/\/diariodepe.com.br\/cri\/2026\/04\/30\/xi-jinping-envia-congratulacoes-ao-forum-de-desenvolvimento-verde-e-sustentavel-da-sco\/\" \/>\n<meta property=\"og:site_name\" content=\"CRI e Diario de Pernambuco\" \/>\n<meta property=\"article:published_time\" content=\"2026-04-30T03:32:07+00:00\" \/>\n<meta name=\"author\" content=\"CRI Portugu\u00eas\" \/>\n<meta name=\"twitter:card\" content=\"summary_large_image\" \/>\n<meta name=\"twitter:label1\" content=\"Escrito por\" \/>\n\t<meta name=\"twitter:data1\" content=\"CRI Portugu\u00eas\" \/>\n\t<meta name=\"twitter:label2\" content=\"Est. tempo de leitura\" \/>\n\t<meta name=\"twitter:data2\" content=\"2 minutos\" \/>\n<script type=\"application\/ld+json\" class=\"yoast-schema-graph\">{\"@context\":\"https:\\\/\\\/schema.org\",\"@graph\":[{\"@type\":\"Article\",\"@id\":\"https:\\\/\\\/diariodepe.com.br\\\/cri\\\/2026\\\/04\\\/30\\\/xi-jinping-envia-congratulacoes-ao-forum-de-desenvolvimento-verde-e-sustentavel-da-sco\\\/#article\",\"isPartOf\":{\"@id\":\"https:\\\/\\\/diariodepe.com.br\\\/cri\\\/2026\\\/04\\\/30\\\/xi-jinping-envia-congratulacoes-ao-forum-de-desenvolvimento-verde-e-sustentavel-da-sco\\\/\"},\"author\":{\"name\":\"CRI Portugu\u00eas\",\"@id\":\"https:\\\/\\\/diariodepe.com.br\\\/cri\\\/#\\\/schema\\\/person\\\/e474aead631cd4098632e11d3fbce118\"},\"headline\":\"Xi Jinping envia congratula\u00e7\u00f5es ao F\u00f3rum de Desenvolvimento Verde e Sustent\u00e1vel da SCO\",\"datePublished\":\"2026-04-30T03:32:07+00:00\",\"mainEntityOfPage\":{\"@id\":\"https:\\\/\\\/diariodepe.com.br\\\/cri\\\/2026\\\/04\\\/30\\\/xi-jinping-envia-congratulacoes-ao-forum-de-desenvolvimento-verde-e-sustentavel-da-sco\\\/\"},\"wordCount\":254,\"commentCount\":0,\"publisher\":{\"@id\":\"https:\\\/\\\/diariodepe.com.br\\\/cri\\\/#organization\"},\"articleSection\":[\"China\"],\"inLanguage\":\"pt-BR\",\"potentialAction\":[{\"@type\":\"CommentAction\",\"name\":\"Comment\",\"target\":[\"https:\\\/\\\/diariodepe.com.br\\\/cri\\\/2026\\\/04\\\/30\\\/xi-jinping-envia-congratulacoes-ao-forum-de-desenvolvimento-verde-e-sustentavel-da-sco\\\/#respond\"]}]},{\"@type\":\"WebPage\",\"@id\":\"https:\\\/\\\/diariodepe.com.br\\\/cri\\\/2026\\\/04\\\/30\\\/xi-jinping-envia-congratulacoes-ao-forum-de-desenvolvimento-verde-e-sustentavel-da-sco\\\/\",\"url\":\"https:\\\/\\\/diariodepe.com.br\\\/cri\\\/2026\\\/04\\\/30\\\/xi-jinping-envia-congratulacoes-ao-forum-de-desenvolvimento-verde-e-sustentavel-da-sco\\\/\",\"name\":\"Xi Jinping envia congratula\u00e7\u00f5es ao F\u00f3rum de Desenvolvimento Verde e Sustent\u00e1vel da SCO - CRI e Diario de Pernambuco\",\"isPartOf\":{\"@id\":\"https:\\\/\\\/diariodepe.com.br\\\/cri\\\/#website\"},\"datePublished\":\"2026-04-30T03:32:07+00:00\",\"breadcrumb\":{\"@id\":\"https:\\\/\\\/diariodepe.com.br\\\/cri\\\/2026\\\/04\\\/30\\\/xi-jinping-envia-congratulacoes-ao-forum-de-desenvolvimento-verde-e-sustentavel-da-sco\\\/#breadcrumb\"},\"inLanguage\":\"pt-BR\",\"potentialAction\":[{\"@type\":\"ReadAction\",\"target\":[\"https:\\\/\\\/diariodepe.com.br\\\/cri\\\/2026\\\/04\\\/30\\\/xi-jinping-envia-congratulacoes-ao-forum-de-desenvolvimento-verde-e-sustentavel-da-sco\\\/\"]}]},{\"@type\":\"BreadcrumbList\",\"@id\":\"https:\\\/\\\/diariodepe.com.br\\\/cri\\\/2026\\\/04\\\/30\\\/xi-jinping-envia-congratulacoes-ao-forum-de-desenvolvimento-verde-e-sustentavel-da-sco\\\/#breadcrumb\",\"itemListElement\":[{\"@type\":\"ListItem\",\"position\":1,\"name\":\"In\u00edcio\",\"item\":\"https:\\\/\\\/diariodepe.com.br\\\/cri\\\/\"},{\"@type\":\"ListItem\",\"position\":2,\"name\":\"Xi Jinping envia congratula\u00e7\u00f5es ao F\u00f3rum de Desenvolvimento Verde e Sustent\u00e1vel da SCO\"}]},{\"@type\":\"WebSite\",\"@id\":\"https:\\\/\\\/diariodepe.com.br\\\/cri\\\/#website\",\"url\":\"https:\\\/\\\/diariodepe.com.br\\\/cri\\\/\",\"name\":\"CRI e Diario de Pernambuco\",\"description\":\"R\u00e1dio Internacional da China\",\"publisher\":{\"@id\":\"https:\\\/\\\/diariodepe.com.br\\\/cri\\\/#organization\"},\"potentialAction\":[{\"@type\":\"SearchAction\",\"target\":{\"@type\":\"EntryPoint\",\"urlTemplate\":\"https:\\\/\\\/diariodepe.com.br\\\/cri\\\/?s={search_term_string}\"},\"query-input\":{\"@type\":\"PropertyValueSpecification\",\"valueRequired\":true,\"valueName\":\"search_term_string\"}}],\"inLanguage\":\"pt-BR\"},{\"@type\":\"Organization\",\"@id\":\"https:\\\/\\\/diariodepe.com.br\\\/cri\\\/#organization\",\"name\":\"CRI e Diario de Pernambuco\",\"url\":\"https:\\\/\\\/diariodepe.com.br\\\/cri\\\/\",\"logo\":{\"@type\":\"ImageObject\",\"inLanguage\":\"pt-BR\",\"@id\":\"https:\\\/\\\/diariodepe.com.br\\\/cri\\\/#\\\/schema\\\/logo\\\/image\\\/\",\"url\":\"https:\\\/\\\/diariodepe.com.br\\\/cri\\\/wp-content\\\/uploads\\\/sites\\\/2\\\/2022\\\/12\\\/cropped-Logo.jpg\",\"contentUrl\":\"https:\\\/\\\/diariodepe.com.br\\\/cri\\\/wp-content\\\/uploads\\\/sites\\\/2\\\/2022\\\/12\\\/cropped-Logo.jpg\",\"width\":700,\"height\":59,\"caption\":\"CRI e Diario de Pernambuco\"},\"image\":{\"@id\":\"https:\\\/\\\/diariodepe.com.br\\\/cri\\\/#\\\/schema\\\/logo\\\/image\\\/\"}},{\"@type\":\"Person\",\"@id\":\"https:\\\/\\\/diariodepe.com.br\\\/cri\\\/#\\\/schema\\\/person\\\/e474aead631cd4098632e11d3fbce118\",\"name\":\"CRI Portugu\u00eas\",\"image\":{\"@type\":\"ImageObject\",\"inLanguage\":\"pt-BR\",\"@id\":\"https:\\\/\\\/secure.gravatar.com\\\/avatar\\\/e2ac889ef882d4dc53091b610766dce49106cf9fe98c76e06745abb0993b2763?s=96&d=mm&r=g\",\"url\":\"https:\\\/\\\/secure.gravatar.com\\\/avatar\\\/e2ac889ef882d4dc53091b610766dce49106cf9fe98c76e06745abb0993b2763?s=96&d=mm&r=g\",\"contentUrl\":\"https:\\\/\\\/secure.gravatar.com\\\/avatar\\\/e2ac889ef882d4dc53091b610766dce49106cf9fe98c76e06745abb0993b2763?s=96&d=mm&r=g\",\"caption\":\"CRI Portugu\u00eas\"},\"sameAs\":[\"https:\\\/\\\/www.diariodepernambuco.com.br\\\/\"],\"url\":\"https:\\\/\\\/diariodepe.com.br\\\/cri\\\/author\\\/agencia-cri\\\/\"}]}<\/script>\n<!-- \/ Yoast SEO plugin. -->","yoast_head_json":{"title":"Xi Jinping envia congratula\u00e7\u00f5es ao F\u00f3rum de Desenvolvimento Verde e Sustent\u00e1vel da SCO - CRI e Diario de Pernambuco","robots":{"index":"index","follow":"follow","max-snippet":"max-snippet:-1","max-image-preview":"max-image-preview:large","max-video-preview":"max-video-preview:-1"},"canonical":"https:\/\/diariodepe.com.br\/cri\/2026\/04\/30\/xi-jinping-envia-congratulacoes-ao-forum-de-desenvolvimento-verde-e-sustentavel-da-sco\/","og_locale":"pt_BR","og_type":"article","og_title":"Xi Jinping envia congratula\u00e7\u00f5es ao F\u00f3rum de Desenvolvimento Verde e Sustent\u00e1vel da SCO - CRI e Diario de Pernambuco","og_description":"O presidente da China, Xi Jinping, enviou nesta quarta-feira (29) uma mensagem de congratula\u00e7\u00f5es para o F\u00f3rum de Desenvolvimento Verde e Sustent\u00e1vel da Organiza\u00e7\u00e3o de Coopera\u00e7\u00e3o de Shanghai (SCO, na sigla em ingl\u00eas). Xi Jinping destacou que a China defende...","og_url":"https:\/\/diariodepe.com.br\/cri\/2026\/04\/30\/xi-jinping-envia-congratulacoes-ao-forum-de-desenvolvimento-verde-e-sustentavel-da-sco\/","og_site_name":"CRI e Diario de Pernambuco","article_published_time":"2026-04-30T03:32:07+00:00","author":"CRI Portugu\u00eas","twitter_card":"summary_large_image","twitter_misc":{"Escrito por":"CRI Portugu\u00eas","Est. tempo de leitura":"2 minutos"},"schema":{"@context":"https:\/\/schema.org","@graph":[{"@type":"Article","@id":"https:\/\/diariodepe.com.br\/cri\/2026\/04\/30\/xi-jinping-envia-congratulacoes-ao-forum-de-desenvolvimento-verde-e-sustentavel-da-sco\/#article","isPartOf":{"@id":"https:\/\/diariodepe.com.br\/cri\/2026\/04\/30\/xi-jinping-envia-congratulacoes-ao-forum-de-desenvolvimento-verde-e-sustentavel-da-sco\/"},"author":{"name":"CRI Portugu\u00eas","@id":"https:\/\/diariodepe.com.br\/cri\/#\/schema\/person\/e474aead631cd4098632e11d3fbce118"},"headline":"Xi Jinping envia congratula\u00e7\u00f5es ao F\u00f3rum de Desenvolvimento Verde e Sustent\u00e1vel da SCO","datePublished":"2026-04-30T03:32:07+00:00","mainEntityOfPage":{"@id":"https:\/\/diariodepe.com.br\/cri\/2026\/04\/30\/xi-jinping-envia-congratulacoes-ao-forum-de-desenvolvimento-verde-e-sustentavel-da-sco\/"},"wordCount":254,"commentCount":0,"publisher":{"@id":"https:\/\/diariodepe.com.br\/cri\/#organization"},"articleSection":["China"],"inLanguage":"pt-BR","potentialAction":[{"@type":"CommentAction","name":"Comment","target":["https:\/\/diariodepe.com.br\/cri\/2026\/04\/30\/xi-jinping-envia-congratulacoes-ao-forum-de-desenvolvimento-verde-e-sustentavel-da-sco\/#respond"]}]},{"@type":"WebPage","@id":"https:\/\/diariodepe.com.br\/cri\/2026\/04\/30\/xi-jinping-envia-congratulacoes-ao-forum-de-desenvolvimento-verde-e-sustentavel-da-sco\/","url":"https:\/\/diariodepe.com.br\/cri\/2026\/04\/30\/xi-jinping-envia-congratulacoes-ao-forum-de-desenvolvimento-verde-e-sustentavel-da-sco\/","name":"Xi Jinping envia congratula\u00e7\u00f5es ao F\u00f3rum de Desenvolvimento Verde e Sustent\u00e1vel da SCO - CRI e Diario de Pernambuco","isPartOf":{"@id":"https:\/\/diariodepe.com.br\/cri\/#website"},"datePublished":"2026-04-30T03:32:07+00:00","breadcrumb":{"@id":"https:\/\/diariodepe.com.br\/cri\/2026\/04\/30\/xi-jinping-envia-congratulacoes-ao-forum-de-desenvolvimento-verde-e-sustentavel-da-sco\/#breadcrumb"},"inLanguage":"pt-BR","potentialAction":[{"@type":"ReadAction","target":["https:\/\/diariodepe.com.br\/cri\/2026\/04\/30\/xi-jinping-envia-congratulacoes-ao-forum-de-desenvolvimento-verde-e-sustentavel-da-sco\/"]}]},{"@type":"BreadcrumbList","@id":"https:\/\/diariodepe.com.br\/cri\/2026\/04\/30\/xi-jinping-envia-congratulacoes-ao-forum-de-desenvolvimento-verde-e-sustentavel-da-sco\/#breadcrumb","itemListElement":[{"@type":"ListItem","position":1,"name":"In\u00edcio","item":"https:\/\/diariodepe.com.br\/cri\/"},{"@type":"ListItem","position":2,"name":"Xi Jinping envia congratula\u00e7\u00f5es ao F\u00f3rum de Desenvolvimento Verde e Sustent\u00e1vel da SCO"}]},{"@type":"WebSite","@id":"https:\/\/diariodepe.com.br\/cri\/#website","url":"https:\/\/diariodepe.com.br\/cri\/","name":"CRI e Diario de Pernambuco","description":"R\u00e1dio Internacional da China","publisher":{"@id":"https:\/\/diariodepe.com.br\/cri\/#organization"},"potentialAction":[{"@type":"SearchAction","target":{"@type":"EntryPoint","urlTemplate":"https:\/\/diariodepe.com.br\/cri\/?s={search_term_string}"},"query-input":{"@type":"PropertyValueSpecification","valueRequired":true,"valueName":"search_term_string"}}],"inLanguage":"pt-BR"},{"@type":"Organization","@id":"https:\/\/diariodepe.com.br\/cri\/#organization","name":"CRI e Diario de Pernambuco","url":"https:\/\/diariodepe.com.br\/cri\/","logo":{"@type":"ImageObject","inLanguage":"pt-BR","@id":"https:\/\/diariodepe.com.br\/cri\/#\/schema\/logo\/image\/","url":"https:\/\/diariodepe.com.br\/cri\/wp-content\/uploads\/sites\/2\/2022\/12\/cropped-Logo.jpg","contentUrl":"https:\/\/diariodepe.com.br\/cri\/wp-content\/uploads\/sites\/2\/2022\/12\/cropped-Logo.jpg","width":700,"height":59,"caption":"CRI e Diario de Pernambuco"},"image":{"@id":"https:\/\/diariodepe.com.br\/cri\/#\/schema\/logo\/image\/"}},{"@type":"Person","@id":"https:\/\/diariodepe.com.br\/cri\/#\/schema\/person\/e474aead631cd4098632e11d3fbce118","name":"CRI Portugu\u00eas","image":{"@type":"ImageObject","inLanguage":"pt-BR","@id":"https:\/\/secure.gravatar.com\/avatar\/e2ac889ef882d4dc53091b610766dce49106cf9fe98c76e06745abb0993b2763?s=96&d=mm&r=g","url":"https:\/\/secure.gravatar.com\/avatar\/e2ac889ef882d4dc53091b610766dce49106cf9fe98c76e06745abb0993b2763?s=96&d=mm&r=g","contentUrl":"https:\/\/secure.gravatar.com\/avatar\/e2ac889ef882d4dc53091b610766dce49106cf9fe98c76e06745abb0993b2763?s=96&d=mm&r=g","caption":"CRI Portugu\u00eas"},"sameAs":["https:\/\/www.diariodepernambuco.com.br\/"],"url":"https:\/\/diariodepe.com.br\/cri\/author\/agencia-cri\/"}]}},"cc_featured_image_caption":{"caption_text":"","source_text":"","source_url":""},"amp_enabled":true,"_links":{"self":[{"href":"https:\/\/diariodepe.com.br\/cri\/wp-json\/wp\/v2\/posts\/11184","targetHints":{"allow":["GET"]}}],"collection":[{"href":"https:\/\/diariodepe.com.br\/cri\/wp-json\/wp\/v2\/posts"}],"about":[{"href":"https:\/\/diariodepe.com.br\/cri\/wp-json\/wp\/v2\/types\/post"}],"author":[{"embeddable":true,"href":"https:\/\/diariodepe.com.br\/cri\/wp-json\/wp\/v2\/users\/5"}],"replies":[{"embeddable":true,"href":"https:\/\/diariodepe.com.br\/cri\/wp-json\/wp\/v2\/comments?post=11184"}],"version-history":[{"count":2,"href":"https:\/\/diariodepe.com.br\/cri\/wp-json\/wp\/v2\/posts\/11184\/revisions"}],"predecessor-version":[{"id":11189,"href":"https:\/\/diariodepe.com.br\/cri\/wp-json\/wp\/v2\/posts\/11184\/revisions\/11189"}],"wp:attachment":[{"href":"https:\/\/diariodepe.com.br\/cri\/wp-json\/wp\/v2\/media?parent=11184"}],"wp:term":[{"taxonomy":"category","embeddable":true,"href":"https:\/\/diariodepe.com.br\/cri\/wp-json\/wp\/v2\/categories?post=11184"},{"taxonomy":"post_tag","embeddable":true,"href":"https:\/\/diariodepe.com.br\/cri\/wp-json\/wp\/v2\/tags?post=11184"}],"curies":[{"name":"wp","href":"https:\/\/api.w.org\/{rel}","templated":true}]}}