{"id":11160,"date":"2026-04-27T09:19:14","date_gmt":"2026-04-27T12:19:14","guid":{"rendered":"https:\/\/diariodepe.com.br\/cri\/?p=11160"},"modified":"2026-04-27T09:19:14","modified_gmt":"2026-04-27T12:19:14","slug":"paises-da-asia-pacifico-devem-se-unir-para-evitar-o-renascimento-do-militarismo-japones","status":"publish","type":"post","link":"https:\/\/diariodepe.com.br\/cri\/2026\/04\/27\/paises-da-asia-pacifico-devem-se-unir-para-evitar-o-renascimento-do-militarismo-japones\/","title":{"rendered":"Pa\u00edses da \u00c1sia-Pac\u00edfico\u200b devem se unir para evitar o renascimento do militarismo japon\u00eas"},"content":{"rendered":"<p><img decoding=\"async\" src=\"https:\/\/38picres.cgtn.com\/photoAlbum\/page\/performance\/img\/2026\/4\/22\/1776847362681_595.jpg\" \/><\/p>\n<p>O gabinete japon\u00eas revisou nesta ter\u00e7a-feira (21) os &#8220;Tr\u00eas Princ\u00edpios de Transfer\u00eancia de Equipamentos de Defesa&#8221; e suas diretrizes de aplica\u00e7\u00e3o, flexibilizando as regras de exporta\u00e7\u00e3o de armas do pa\u00eds. Essa medida\u200b foi alvo de fortes protestos tanto no pr\u00f3prio Jap\u00e3o quanto na comunidade internacional, que\u200b avalia que a decis\u00e3o pode aumentar a\u200b corrida armamentista da regi\u00e3o e os\u200b conflitos internacionais, gerando\u200b novas amea\u00e7as ao cen\u00e1rio mundial.<\/p>\n<p>O Jap\u00e3o \u00e9 um dos pa\u00edses derrotados na Segunda Guerra Mundial. Documentos jur\u00eddicos internacionais como a &#8220;Declara\u00e7\u00e3o do Cairo&#8221;, a &#8220;Proclama\u00e7\u00e3o de Potsdam\u200b&#8221; e o &#8220;Documento de Rendi\u00e7\u00e3o do Jap\u00e3o\u200b\u201c, imp\u00f5em restri\u00e7\u00f5es ao rearmamento japon\u00eas.<\/p>\n<p>No entanto, com o crescimento das for\u00e7as de extrema direita no pa\u00eds, essas limita\u00e7\u00f5es vem sendo progressivamente rompidas. Sobre a recente libera\u00e7\u00e3o da exporta\u00e7\u00e3o de armas letais, o secret\u00e1rio-chefe de gabinete da administra\u00e7\u00e3o de Sanae Takaichi declarou que o Jap\u00e3o &#8220;manter\u00e1 o princ\u00edpio fundamental de na\u00e7\u00e3o pac\u00edfica constru\u00eddo ao longo de mais de 80 anos do p\u00f3s-guerra&#8221;. A ret\u00f3rica, por\u00e9m, n\u00e3o dissipa as preocupa\u00e7\u00f5es sobre uma poss\u00edvel eros\u00e3o da ordem internacional estabelecida ap\u00f3s a guerra.<\/p>\n<p>&#8220;A comunidade internacional deve manter-se altamente vigilante e resistir firmemente \u00e0s a\u00e7\u00f5es irrespons\u00e1veis do novo militarismo do Jap\u00e3o\u201d, afirmou Mao Ning, porta-voz do Minist\u00e9rio das Rela\u00e7\u00f5es Exteriores da China, sobre as recentes a\u00e7\u00f5es do governo japon\u00eas.<\/p>\n<p>O Minist\u00e9rio das Rela\u00e7\u00f5es Exteriores da Coreia do Sul tamb\u00e9m destacou que as pol\u00edticas defensivas do Jap\u00e3o devem seguir uma dire\u00e7\u00e3o que preserve a paz e a estabilidade regional. J\u00e1 a R\u00fassia criticou o processo de remilitariza\u00e7\u00e3o do Jap\u00e3o, alertando que este ter\u00e1\u200b impactos negativos na estabilidade da regi\u00e3o \u00c1sia-Pac\u00edfico.<\/p>\n<p>Nos \u00faltimos anos, as for\u00e7as de extrema direita do Jap\u00e3o t\u00eam intensificado a ret\u00f3rica de expans\u00e3o militar, promovendo ativamente a pesquisa, o desenvolvimento e a produ\u00e7\u00e3o conjunta de armas com pa\u00edses ocidentais.<\/p>\n<p>Como resultado, a capacidade produtiva e de exporta\u00e7\u00e3o das grandes empresas de defesa japonesas vem crescendo de forma cont\u00ednua. Dados divulgados pelo Instituto Internacional de Pesquisa da Paz de Estocolmo (SIPRI, da sigla em ingl\u00eas) mostram que o volume de vendas de cinco grandes empresas b\u00e9licas japonesas em 2024 atingiu US$13,3 bilh\u00f5es, um aumento de 40% em rela\u00e7\u00e3o ao ano anterior.<\/p>\n<p>O chamado novo militarismo japon\u00eas ganha for\u00e7a com o respaldo de setores da extrema direita . O pa\u00eds, que no passado causou grandes danos ao mundo, avan\u00e7a agora em um processo de remilitariza\u00e7\u00e3o.<\/p>\n<p>Diante desse cen\u00e1rio, a comunidade internacional, especialmente os pa\u00edses vizinhos do Jap\u00e3o, precisa manter-se altamente alerta e atuar de forma coordenada para evitar o ressurgimento dessas din\u00e2micas, preservando a paz e a estabilidade na \u00c1sia e no mundo.<\/p>\n","protected":false},"excerpt":{"rendered":"<p>O gabinete japon\u00eas revisou nesta ter\u00e7a-feira (21) os &#8220;Tr\u00eas Princ\u00edpios de Transfer\u00eancia de Equipamentos de Defesa&#8221; e suas diretrizes de aplica\u00e7\u00e3o, flexibilizando as regras de exporta\u00e7\u00e3o de armas do pa\u00eds. Essa medida\u200b foi alvo de fortes protestos tanto no pr\u00f3prio&#8230;<\/p>\n","protected":false},"author":5,"featured_media":0,"comment_status":"open","ping_status":"open","sticky":false,"template":"","format":"standard","meta":{"footnotes":""},"categories":[7],"tags":[],"class_list":["post-11160","post","type-post","status-publish","format-standard","hentry","category-visao"],"yoast_head":"<!-- This site is optimized with the Yoast SEO plugin v27.4 - https:\/\/yoast.com\/product\/yoast-seo-wordpress\/ -->\n<title>Pa\u00edses da \u00c1sia-Pac\u00edfico\u200b devem se unir para evitar o renascimento do militarismo japon\u00eas - CRI e Diario de Pernambuco<\/title>\n<meta name=\"robots\" content=\"index, follow, max-snippet:-1, max-image-preview:large, max-video-preview:-1\" \/>\n<link rel=\"canonical\" href=\"https:\/\/diariodepe.com.br\/cri\/2026\/04\/27\/paises-da-asia-pacifico-devem-se-unir-para-evitar-o-renascimento-do-militarismo-japones\/\" \/>\n<meta property=\"og:locale\" content=\"pt_BR\" \/>\n<meta property=\"og:type\" content=\"article\" \/>\n<meta property=\"og:title\" content=\"Pa\u00edses da \u00c1sia-Pac\u00edfico\u200b devem se unir para evitar o renascimento do militarismo japon\u00eas - CRI e Diario de Pernambuco\" \/>\n<meta property=\"og:description\" content=\"O gabinete japon\u00eas revisou nesta ter\u00e7a-feira (21) os &#8220;Tr\u00eas Princ\u00edpios de Transfer\u00eancia de Equipamentos de Defesa&#8221; e suas diretrizes de aplica\u00e7\u00e3o, flexibilizando as regras de exporta\u00e7\u00e3o de armas do pa\u00eds. Essa medida\u200b foi alvo de fortes protestos tanto no pr\u00f3prio...\" \/>\n<meta property=\"og:url\" content=\"https:\/\/diariodepe.com.br\/cri\/2026\/04\/27\/paises-da-asia-pacifico-devem-se-unir-para-evitar-o-renascimento-do-militarismo-japones\/\" \/>\n<meta property=\"og:site_name\" content=\"CRI e Diario de Pernambuco\" \/>\n<meta property=\"article:published_time\" content=\"2026-04-27T12:19:14+00:00\" \/>\n<meta property=\"og:image\" content=\"https:\/\/38picres.cgtn.com\/photoAlbum\/page\/performance\/img\/2026\/4\/22\/1776847362681_595.jpg\" \/>\n<meta name=\"author\" content=\"CRI Portugu\u00eas\" \/>\n<meta name=\"twitter:card\" content=\"summary_large_image\" \/>\n<meta name=\"twitter:label1\" content=\"Escrito por\" \/>\n\t<meta name=\"twitter:data1\" content=\"CRI Portugu\u00eas\" \/>\n\t<meta name=\"twitter:label2\" content=\"Est. tempo de leitura\" \/>\n\t<meta name=\"twitter:data2\" content=\"3 minutos\" \/>\n<script type=\"application\/ld+json\" class=\"yoast-schema-graph\">{\"@context\":\"https:\\\/\\\/schema.org\",\"@graph\":[{\"@type\":\"Article\",\"@id\":\"https:\\\/\\\/diariodepe.com.br\\\/cri\\\/2026\\\/04\\\/27\\\/paises-da-asia-pacifico-devem-se-unir-para-evitar-o-renascimento-do-militarismo-japones\\\/#article\",\"isPartOf\":{\"@id\":\"https:\\\/\\\/diariodepe.com.br\\\/cri\\\/2026\\\/04\\\/27\\\/paises-da-asia-pacifico-devem-se-unir-para-evitar-o-renascimento-do-militarismo-japones\\\/\"},\"author\":{\"name\":\"CRI Portugu\u00eas\",\"@id\":\"https:\\\/\\\/diariodepe.com.br\\\/cri\\\/#\\\/schema\\\/person\\\/e474aead631cd4098632e11d3fbce118\"},\"headline\":\"Pa\u00edses da \u00c1sia-Pac\u00edfico\u200b devem se unir para evitar o renascimento do militarismo japon\u00eas\",\"datePublished\":\"2026-04-27T12:19:14+00:00\",\"mainEntityOfPage\":{\"@id\":\"https:\\\/\\\/diariodepe.com.br\\\/cri\\\/2026\\\/04\\\/27\\\/paises-da-asia-pacifico-devem-se-unir-para-evitar-o-renascimento-do-militarismo-japones\\\/\"},\"wordCount\":521,\"commentCount\":0,\"publisher\":{\"@id\":\"https:\\\/\\\/diariodepe.com.br\\\/cri\\\/#organization\"},\"image\":{\"@id\":\"https:\\\/\\\/diariodepe.com.br\\\/cri\\\/2026\\\/04\\\/27\\\/paises-da-asia-pacifico-devem-se-unir-para-evitar-o-renascimento-do-militarismo-japones\\\/#primaryimage\"},\"thumbnailUrl\":\"https:\\\/\\\/38picres.cgtn.com\\\/photoAlbum\\\/page\\\/performance\\\/img\\\/2026\\\/4\\\/22\\\/1776847362681_595.jpg\",\"articleSection\":[\"Vis\u00e3o\"],\"inLanguage\":\"pt-BR\",\"potentialAction\":[{\"@type\":\"CommentAction\",\"name\":\"Comment\",\"target\":[\"https:\\\/\\\/diariodepe.com.br\\\/cri\\\/2026\\\/04\\\/27\\\/paises-da-asia-pacifico-devem-se-unir-para-evitar-o-renascimento-do-militarismo-japones\\\/#respond\"]}]},{\"@type\":\"WebPage\",\"@id\":\"https:\\\/\\\/diariodepe.com.br\\\/cri\\\/2026\\\/04\\\/27\\\/paises-da-asia-pacifico-devem-se-unir-para-evitar-o-renascimento-do-militarismo-japones\\\/\",\"url\":\"https:\\\/\\\/diariodepe.com.br\\\/cri\\\/2026\\\/04\\\/27\\\/paises-da-asia-pacifico-devem-se-unir-para-evitar-o-renascimento-do-militarismo-japones\\\/\",\"name\":\"Pa\u00edses da \u00c1sia-Pac\u00edfico\u200b devem se unir para evitar o renascimento do militarismo japon\u00eas - CRI e Diario de Pernambuco\",\"isPartOf\":{\"@id\":\"https:\\\/\\\/diariodepe.com.br\\\/cri\\\/#website\"},\"primaryImageOfPage\":{\"@id\":\"https:\\\/\\\/diariodepe.com.br\\\/cri\\\/2026\\\/04\\\/27\\\/paises-da-asia-pacifico-devem-se-unir-para-evitar-o-renascimento-do-militarismo-japones\\\/#primaryimage\"},\"image\":{\"@id\":\"https:\\\/\\\/diariodepe.com.br\\\/cri\\\/2026\\\/04\\\/27\\\/paises-da-asia-pacifico-devem-se-unir-para-evitar-o-renascimento-do-militarismo-japones\\\/#primaryimage\"},\"thumbnailUrl\":\"https:\\\/\\\/38picres.cgtn.com\\\/photoAlbum\\\/page\\\/performance\\\/img\\\/2026\\\/4\\\/22\\\/1776847362681_595.jpg\",\"datePublished\":\"2026-04-27T12:19:14+00:00\",\"breadcrumb\":{\"@id\":\"https:\\\/\\\/diariodepe.com.br\\\/cri\\\/2026\\\/04\\\/27\\\/paises-da-asia-pacifico-devem-se-unir-para-evitar-o-renascimento-do-militarismo-japones\\\/#breadcrumb\"},\"inLanguage\":\"pt-BR\",\"potentialAction\":[{\"@type\":\"ReadAction\",\"target\":[\"https:\\\/\\\/diariodepe.com.br\\\/cri\\\/2026\\\/04\\\/27\\\/paises-da-asia-pacifico-devem-se-unir-para-evitar-o-renascimento-do-militarismo-japones\\\/\"]}]},{\"@type\":\"ImageObject\",\"inLanguage\":\"pt-BR\",\"@id\":\"https:\\\/\\\/diariodepe.com.br\\\/cri\\\/2026\\\/04\\\/27\\\/paises-da-asia-pacifico-devem-se-unir-para-evitar-o-renascimento-do-militarismo-japones\\\/#primaryimage\",\"url\":\"https:\\\/\\\/38picres.cgtn.com\\\/photoAlbum\\\/page\\\/performance\\\/img\\\/2026\\\/4\\\/22\\\/1776847362681_595.jpg\",\"contentUrl\":\"https:\\\/\\\/38picres.cgtn.com\\\/photoAlbum\\\/page\\\/performance\\\/img\\\/2026\\\/4\\\/22\\\/1776847362681_595.jpg\"},{\"@type\":\"BreadcrumbList\",\"@id\":\"https:\\\/\\\/diariodepe.com.br\\\/cri\\\/2026\\\/04\\\/27\\\/paises-da-asia-pacifico-devem-se-unir-para-evitar-o-renascimento-do-militarismo-japones\\\/#breadcrumb\",\"itemListElement\":[{\"@type\":\"ListItem\",\"position\":1,\"name\":\"In\u00edcio\",\"item\":\"https:\\\/\\\/diariodepe.com.br\\\/cri\\\/\"},{\"@type\":\"ListItem\",\"position\":2,\"name\":\"Pa\u00edses da \u00c1sia-Pac\u00edfico\u200b devem se unir para evitar o renascimento do militarismo japon\u00eas\"}]},{\"@type\":\"WebSite\",\"@id\":\"https:\\\/\\\/diariodepe.com.br\\\/cri\\\/#website\",\"url\":\"https:\\\/\\\/diariodepe.com.br\\\/cri\\\/\",\"name\":\"CRI e Diario de Pernambuco\",\"description\":\"R\u00e1dio Internacional da China\",\"publisher\":{\"@id\":\"https:\\\/\\\/diariodepe.com.br\\\/cri\\\/#organization\"},\"potentialAction\":[{\"@type\":\"SearchAction\",\"target\":{\"@type\":\"EntryPoint\",\"urlTemplate\":\"https:\\\/\\\/diariodepe.com.br\\\/cri\\\/?s={search_term_string}\"},\"query-input\":{\"@type\":\"PropertyValueSpecification\",\"valueRequired\":true,\"valueName\":\"search_term_string\"}}],\"inLanguage\":\"pt-BR\"},{\"@type\":\"Organization\",\"@id\":\"https:\\\/\\\/diariodepe.com.br\\\/cri\\\/#organization\",\"name\":\"CRI e Diario de Pernambuco\",\"url\":\"https:\\\/\\\/diariodepe.com.br\\\/cri\\\/\",\"logo\":{\"@type\":\"ImageObject\",\"inLanguage\":\"pt-BR\",\"@id\":\"https:\\\/\\\/diariodepe.com.br\\\/cri\\\/#\\\/schema\\\/logo\\\/image\\\/\",\"url\":\"https:\\\/\\\/diariodepe.com.br\\\/cri\\\/wp-content\\\/uploads\\\/sites\\\/2\\\/2022\\\/12\\\/cropped-Logo.jpg\",\"contentUrl\":\"https:\\\/\\\/diariodepe.com.br\\\/cri\\\/wp-content\\\/uploads\\\/sites\\\/2\\\/2022\\\/12\\\/cropped-Logo.jpg\",\"width\":700,\"height\":59,\"caption\":\"CRI e Diario de Pernambuco\"},\"image\":{\"@id\":\"https:\\\/\\\/diariodepe.com.br\\\/cri\\\/#\\\/schema\\\/logo\\\/image\\\/\"}},{\"@type\":\"Person\",\"@id\":\"https:\\\/\\\/diariodepe.com.br\\\/cri\\\/#\\\/schema\\\/person\\\/e474aead631cd4098632e11d3fbce118\",\"name\":\"CRI Portugu\u00eas\",\"image\":{\"@type\":\"ImageObject\",\"inLanguage\":\"pt-BR\",\"@id\":\"https:\\\/\\\/secure.gravatar.com\\\/avatar\\\/e2ac889ef882d4dc53091b610766dce49106cf9fe98c76e06745abb0993b2763?s=96&d=mm&r=g\",\"url\":\"https:\\\/\\\/secure.gravatar.com\\\/avatar\\\/e2ac889ef882d4dc53091b610766dce49106cf9fe98c76e06745abb0993b2763?s=96&d=mm&r=g\",\"contentUrl\":\"https:\\\/\\\/secure.gravatar.com\\\/avatar\\\/e2ac889ef882d4dc53091b610766dce49106cf9fe98c76e06745abb0993b2763?s=96&d=mm&r=g\",\"caption\":\"CRI Portugu\u00eas\"},\"sameAs\":[\"https:\\\/\\\/www.diariodepernambuco.com.br\\\/\"],\"url\":\"https:\\\/\\\/diariodepe.com.br\\\/cri\\\/author\\\/agencia-cri\\\/\"}]}<\/script>\n<!-- \/ Yoast SEO plugin. -->","yoast_head_json":{"title":"Pa\u00edses da \u00c1sia-Pac\u00edfico\u200b devem se unir para evitar o renascimento do militarismo japon\u00eas - CRI e Diario de Pernambuco","robots":{"index":"index","follow":"follow","max-snippet":"max-snippet:-1","max-image-preview":"max-image-preview:large","max-video-preview":"max-video-preview:-1"},"canonical":"https:\/\/diariodepe.com.br\/cri\/2026\/04\/27\/paises-da-asia-pacifico-devem-se-unir-para-evitar-o-renascimento-do-militarismo-japones\/","og_locale":"pt_BR","og_type":"article","og_title":"Pa\u00edses da \u00c1sia-Pac\u00edfico\u200b devem se unir para evitar o renascimento do militarismo japon\u00eas - CRI e Diario de Pernambuco","og_description":"O gabinete japon\u00eas revisou nesta ter\u00e7a-feira (21) os &#8220;Tr\u00eas Princ\u00edpios de Transfer\u00eancia de Equipamentos de Defesa&#8221; e suas diretrizes de aplica\u00e7\u00e3o, flexibilizando as regras de exporta\u00e7\u00e3o de armas do pa\u00eds. Essa medida\u200b foi alvo de fortes protestos tanto no pr\u00f3prio...","og_url":"https:\/\/diariodepe.com.br\/cri\/2026\/04\/27\/paises-da-asia-pacifico-devem-se-unir-para-evitar-o-renascimento-do-militarismo-japones\/","og_site_name":"CRI e Diario de Pernambuco","article_published_time":"2026-04-27T12:19:14+00:00","og_image":[{"url":"https:\/\/38picres.cgtn.com\/photoAlbum\/page\/performance\/img\/2026\/4\/22\/1776847362681_595.jpg","type":"","width":"","height":""}],"author":"CRI Portugu\u00eas","twitter_card":"summary_large_image","twitter_misc":{"Escrito por":"CRI Portugu\u00eas","Est. tempo de leitura":"3 minutos"},"schema":{"@context":"https:\/\/schema.org","@graph":[{"@type":"Article","@id":"https:\/\/diariodepe.com.br\/cri\/2026\/04\/27\/paises-da-asia-pacifico-devem-se-unir-para-evitar-o-renascimento-do-militarismo-japones\/#article","isPartOf":{"@id":"https:\/\/diariodepe.com.br\/cri\/2026\/04\/27\/paises-da-asia-pacifico-devem-se-unir-para-evitar-o-renascimento-do-militarismo-japones\/"},"author":{"name":"CRI Portugu\u00eas","@id":"https:\/\/diariodepe.com.br\/cri\/#\/schema\/person\/e474aead631cd4098632e11d3fbce118"},"headline":"Pa\u00edses da \u00c1sia-Pac\u00edfico\u200b devem se unir para evitar o renascimento do militarismo japon\u00eas","datePublished":"2026-04-27T12:19:14+00:00","mainEntityOfPage":{"@id":"https:\/\/diariodepe.com.br\/cri\/2026\/04\/27\/paises-da-asia-pacifico-devem-se-unir-para-evitar-o-renascimento-do-militarismo-japones\/"},"wordCount":521,"commentCount":0,"publisher":{"@id":"https:\/\/diariodepe.com.br\/cri\/#organization"},"image":{"@id":"https:\/\/diariodepe.com.br\/cri\/2026\/04\/27\/paises-da-asia-pacifico-devem-se-unir-para-evitar-o-renascimento-do-militarismo-japones\/#primaryimage"},"thumbnailUrl":"https:\/\/38picres.cgtn.com\/photoAlbum\/page\/performance\/img\/2026\/4\/22\/1776847362681_595.jpg","articleSection":["Vis\u00e3o"],"inLanguage":"pt-BR","potentialAction":[{"@type":"CommentAction","name":"Comment","target":["https:\/\/diariodepe.com.br\/cri\/2026\/04\/27\/paises-da-asia-pacifico-devem-se-unir-para-evitar-o-renascimento-do-militarismo-japones\/#respond"]}]},{"@type":"WebPage","@id":"https:\/\/diariodepe.com.br\/cri\/2026\/04\/27\/paises-da-asia-pacifico-devem-se-unir-para-evitar-o-renascimento-do-militarismo-japones\/","url":"https:\/\/diariodepe.com.br\/cri\/2026\/04\/27\/paises-da-asia-pacifico-devem-se-unir-para-evitar-o-renascimento-do-militarismo-japones\/","name":"Pa\u00edses da \u00c1sia-Pac\u00edfico\u200b devem se unir para evitar o renascimento do militarismo japon\u00eas - CRI e Diario de Pernambuco","isPartOf":{"@id":"https:\/\/diariodepe.com.br\/cri\/#website"},"primaryImageOfPage":{"@id":"https:\/\/diariodepe.com.br\/cri\/2026\/04\/27\/paises-da-asia-pacifico-devem-se-unir-para-evitar-o-renascimento-do-militarismo-japones\/#primaryimage"},"image":{"@id":"https:\/\/diariodepe.com.br\/cri\/2026\/04\/27\/paises-da-asia-pacifico-devem-se-unir-para-evitar-o-renascimento-do-militarismo-japones\/#primaryimage"},"thumbnailUrl":"https:\/\/38picres.cgtn.com\/photoAlbum\/page\/performance\/img\/2026\/4\/22\/1776847362681_595.jpg","datePublished":"2026-04-27T12:19:14+00:00","breadcrumb":{"@id":"https:\/\/diariodepe.com.br\/cri\/2026\/04\/27\/paises-da-asia-pacifico-devem-se-unir-para-evitar-o-renascimento-do-militarismo-japones\/#breadcrumb"},"inLanguage":"pt-BR","potentialAction":[{"@type":"ReadAction","target":["https:\/\/diariodepe.com.br\/cri\/2026\/04\/27\/paises-da-asia-pacifico-devem-se-unir-para-evitar-o-renascimento-do-militarismo-japones\/"]}]},{"@type":"ImageObject","inLanguage":"pt-BR","@id":"https:\/\/diariodepe.com.br\/cri\/2026\/04\/27\/paises-da-asia-pacifico-devem-se-unir-para-evitar-o-renascimento-do-militarismo-japones\/#primaryimage","url":"https:\/\/38picres.cgtn.com\/photoAlbum\/page\/performance\/img\/2026\/4\/22\/1776847362681_595.jpg","contentUrl":"https:\/\/38picres.cgtn.com\/photoAlbum\/page\/performance\/img\/2026\/4\/22\/1776847362681_595.jpg"},{"@type":"BreadcrumbList","@id":"https:\/\/diariodepe.com.br\/cri\/2026\/04\/27\/paises-da-asia-pacifico-devem-se-unir-para-evitar-o-renascimento-do-militarismo-japones\/#breadcrumb","itemListElement":[{"@type":"ListItem","position":1,"name":"In\u00edcio","item":"https:\/\/diariodepe.com.br\/cri\/"},{"@type":"ListItem","position":2,"name":"Pa\u00edses da \u00c1sia-Pac\u00edfico\u200b devem se unir para evitar o renascimento do militarismo japon\u00eas"}]},{"@type":"WebSite","@id":"https:\/\/diariodepe.com.br\/cri\/#website","url":"https:\/\/diariodepe.com.br\/cri\/","name":"CRI e Diario de Pernambuco","description":"R\u00e1dio Internacional da China","publisher":{"@id":"https:\/\/diariodepe.com.br\/cri\/#organization"},"potentialAction":[{"@type":"SearchAction","target":{"@type":"EntryPoint","urlTemplate":"https:\/\/diariodepe.com.br\/cri\/?s={search_term_string}"},"query-input":{"@type":"PropertyValueSpecification","valueRequired":true,"valueName":"search_term_string"}}],"inLanguage":"pt-BR"},{"@type":"Organization","@id":"https:\/\/diariodepe.com.br\/cri\/#organization","name":"CRI e Diario de Pernambuco","url":"https:\/\/diariodepe.com.br\/cri\/","logo":{"@type":"ImageObject","inLanguage":"pt-BR","@id":"https:\/\/diariodepe.com.br\/cri\/#\/schema\/logo\/image\/","url":"https:\/\/diariodepe.com.br\/cri\/wp-content\/uploads\/sites\/2\/2022\/12\/cropped-Logo.jpg","contentUrl":"https:\/\/diariodepe.com.br\/cri\/wp-content\/uploads\/sites\/2\/2022\/12\/cropped-Logo.jpg","width":700,"height":59,"caption":"CRI e Diario de Pernambuco"},"image":{"@id":"https:\/\/diariodepe.com.br\/cri\/#\/schema\/logo\/image\/"}},{"@type":"Person","@id":"https:\/\/diariodepe.com.br\/cri\/#\/schema\/person\/e474aead631cd4098632e11d3fbce118","name":"CRI Portugu\u00eas","image":{"@type":"ImageObject","inLanguage":"pt-BR","@id":"https:\/\/secure.gravatar.com\/avatar\/e2ac889ef882d4dc53091b610766dce49106cf9fe98c76e06745abb0993b2763?s=96&d=mm&r=g","url":"https:\/\/secure.gravatar.com\/avatar\/e2ac889ef882d4dc53091b610766dce49106cf9fe98c76e06745abb0993b2763?s=96&d=mm&r=g","contentUrl":"https:\/\/secure.gravatar.com\/avatar\/e2ac889ef882d4dc53091b610766dce49106cf9fe98c76e06745abb0993b2763?s=96&d=mm&r=g","caption":"CRI Portugu\u00eas"},"sameAs":["https:\/\/www.diariodepernambuco.com.br\/"],"url":"https:\/\/diariodepe.com.br\/cri\/author\/agencia-cri\/"}]}},"cc_featured_image_caption":{"caption_text":"","source_text":"","source_url":""},"amp_enabled":true,"_links":{"self":[{"href":"https:\/\/diariodepe.com.br\/cri\/wp-json\/wp\/v2\/posts\/11160","targetHints":{"allow":["GET"]}}],"collection":[{"href":"https:\/\/diariodepe.com.br\/cri\/wp-json\/wp\/v2\/posts"}],"about":[{"href":"https:\/\/diariodepe.com.br\/cri\/wp-json\/wp\/v2\/types\/post"}],"author":[{"embeddable":true,"href":"https:\/\/diariodepe.com.br\/cri\/wp-json\/wp\/v2\/users\/5"}],"replies":[{"embeddable":true,"href":"https:\/\/diariodepe.com.br\/cri\/wp-json\/wp\/v2\/comments?post=11160"}],"version-history":[{"count":1,"href":"https:\/\/diariodepe.com.br\/cri\/wp-json\/wp\/v2\/posts\/11160\/revisions"}],"predecessor-version":[{"id":11161,"href":"https:\/\/diariodepe.com.br\/cri\/wp-json\/wp\/v2\/posts\/11160\/revisions\/11161"}],"wp:attachment":[{"href":"https:\/\/diariodepe.com.br\/cri\/wp-json\/wp\/v2\/media?parent=11160"}],"wp:term":[{"taxonomy":"category","embeddable":true,"href":"https:\/\/diariodepe.com.br\/cri\/wp-json\/wp\/v2\/categories?post=11160"},{"taxonomy":"post_tag","embeddable":true,"href":"https:\/\/diariodepe.com.br\/cri\/wp-json\/wp\/v2\/tags?post=11160"}],"curies":[{"name":"wp","href":"https:\/\/api.w.org\/{rel}","templated":true}]}}