{"id":1114,"date":"2023-04-18T23:31:14","date_gmt":"2023-04-19T02:31:14","guid":{"rendered":"https:\/\/diariodepe.com.br\/cri\/?p=1114"},"modified":"2023-04-18T23:31:14","modified_gmt":"2023-04-19T02:31:14","slug":"firme-oposicao-ao-show-politico-de-conluio-entre-os-eua-e-taiwan","status":"publish","type":"post","link":"https:\/\/diariodepe.com.br\/cri\/2023\/04\/18\/firme-oposicao-ao-show-politico-de-conluio-entre-os-eua-e-taiwan\/","title":{"rendered":"Firme oposi\u00e7\u00e3o ao &#8220;show pol\u00edtico&#8221; de conluio entre os EUA e Taiwan"},"content":{"rendered":"<p>Na quinta-feira (6), a l\u00edder de Taiwan, Tsai Ing-wen, encontrou-se com o presidente da C\u00e2mara dos Representantes dos EUA, Kevin McCarthy, durante uma escala de seu voo no pa\u00eds. Esta \u00e9 mais uma provoca\u00e7\u00e3o pol\u00edtica de conluio entre os separatistas de Taiwan e os pol\u00edticos anti-China norte-americanos, viola seriamente o princ\u00edpio de uma s\u00f3 China e os tr\u00eas comunicados conjuntos China-EUA, al\u00e9m de prejudicar gravemente a soberania e a integridade territorial da China.<\/p>\n<p>A quest\u00e3o de Taiwan \u00e9 um n\u00facleo dos interesses fundamentais da China, um dos fundamentos pol\u00edticos da rela\u00e7\u00e3o sino-norte-americanas, bem como a primeira linha vermelha no relacionamento bilateral que n\u00e3o deve ser atravessada. Os EUA assumiram s\u00e9rios compromissos com o princ\u00edpio de uma s\u00f3 China. Entretanto, tanto as a\u00e7\u00f5es como as declara\u00e7\u00f5es dos EUA sempre contrariam seus compromissos, minando repetidamente o princ\u00edpio de uma s\u00f3 China.<\/p>\n<p>Na verdade, por tr\u00e1s desta reuni\u00e3o de sabotagem do princ\u00edpio de uma s\u00f3 China, ambos os lados tentam buscar seus pr\u00f3prios interesses pol\u00edticos. Atualmente, h\u00e1 lutas partid\u00e1rias ferozes nos EUA. O republicano McCarthy quer adquirir interesses pol\u00edticos ao \u201cjogar a carta de Taiwan&#8221;. As dificuldades resultantes podem assim ser transferidas ao governo democrata.<\/p>\n<p>Tsai Ing-wen, que terminar\u00e1 seu mandato de l\u00edder de Taiwan no pr\u00f3ximo ano, quer buscar mais apoio dentro da ilha ao seu Partido Progressivo Democr\u00e1tico (PPD) por meio da \u201cvisita aos EUA\u201d durante escala de seu voo. E, por outro lado, quer adquirir a chamada &#8220;garantia externa de seguran\u00e7a&#8221; por meio de uma estreita colabora\u00e7\u00e3o com os EUA, a fim de encorajar os separatistas de Taiwan.<\/p>\n<p>Recentemente, surgiram relatos sobre um plano da chamada &#8220;destrui\u00e7\u00e3o de Taiwan&#8221;, segundo a qual, os EUA v\u00e3o destruir as instala\u00e7\u00f5es de semicondutores de Taiwan se a ilha fosse atacada. Isto causou imensa cr\u00edtica dentro da ilha. Muitos chineses que vivem nos EUA protestaram contra as a\u00e7\u00f5es pela \u201cindepend\u00eancia de Taiwan\u201d.<\/p>\n<p>O show pol\u00edtico de conluio entre secessionistas de Taiwan e alguns pol\u00edticos estadunidenses n\u00e3o mudar\u00e1 o fato hist\u00f3rico e legal de que Taiwan pertence \u00e0 China. Eles n\u00e3o podem deter a tend\u00eancia hist\u00f3rica da reunifica\u00e7\u00e3o completa da China e abalar a situa\u00e7\u00e3o geral que a maioria dos pa\u00edses do mundo reconhece e apoia o princ\u00edpio de uma s\u00f3 China.<\/p>\n<p data-spm-anchor-id=\"C01117136916.Pa0Y3w89tEbw.0.i2\">A China rejeita firmemente o conluio entre separatistas de Taiwan e pol\u00edticos estadunidenses, e certamente tomar\u00e1 medidas de resposta. Ningu\u00e9m deve subestimar a firme determina\u00e7\u00e3o, a vontade inabal\u00e1vel e a forte compet\u00eancia do povo chin\u00eas para defender a soberania e a integridade territorial do pa\u00eds!<\/p>\n","protected":false},"excerpt":{"rendered":"<p>Na quinta-feira (6), a l\u00edder de Taiwan, Tsai Ing-wen, encontrou-se com o presidente da C\u00e2mara dos Representantes dos EUA, Kevin McCarthy, durante uma escala de seu voo no pa\u00eds. Esta \u00e9 mais uma provoca\u00e7\u00e3o pol\u00edtica de conluio entre os separatistas&#8230;<\/p>\n","protected":false},"author":2,"featured_media":1115,"comment_status":"open","ping_status":"open","sticky":false,"template":"","format":"standard","meta":{"footnotes":""},"categories":[7],"tags":[],"class_list":["post-1114","post","type-post","status-publish","format-standard","has-post-thumbnail","hentry","category-visao"],"yoast_head":"<!-- This site is optimized with the Yoast SEO plugin v27.4 - https:\/\/yoast.com\/product\/yoast-seo-wordpress\/ -->\n<title>Firme oposi\u00e7\u00e3o ao &quot;show pol\u00edtico&quot; de conluio entre os EUA e Taiwan - CRI e Diario de Pernambuco<\/title>\n<meta name=\"robots\" content=\"index, follow, max-snippet:-1, max-image-preview:large, max-video-preview:-1\" \/>\n<link rel=\"canonical\" href=\"https:\/\/diariodepe.com.br\/cri\/2023\/04\/18\/firme-oposicao-ao-show-politico-de-conluio-entre-os-eua-e-taiwan\/\" \/>\n<meta property=\"og:locale\" content=\"pt_BR\" \/>\n<meta property=\"og:type\" content=\"article\" \/>\n<meta property=\"og:title\" content=\"Firme oposi\u00e7\u00e3o ao &quot;show pol\u00edtico&quot; de conluio entre os EUA e Taiwan - CRI e Diario de Pernambuco\" \/>\n<meta property=\"og:description\" content=\"Na quinta-feira (6), a l\u00edder de Taiwan, Tsai Ing-wen, encontrou-se com o presidente da C\u00e2mara dos Representantes dos EUA, Kevin McCarthy, durante uma escala de seu voo no pa\u00eds. Esta \u00e9 mais uma provoca\u00e7\u00e3o pol\u00edtica de conluio entre os separatistas...\" \/>\n<meta property=\"og:url\" content=\"https:\/\/diariodepe.com.br\/cri\/2023\/04\/18\/firme-oposicao-ao-show-politico-de-conluio-entre-os-eua-e-taiwan\/\" \/>\n<meta property=\"og:site_name\" content=\"CRI e Diario de Pernambuco\" \/>\n<meta property=\"article:published_time\" content=\"2023-04-19T02:31:14+00:00\" \/>\n<meta property=\"og:image\" content=\"https:\/\/diariodepe.com.br\/cri\/wp-content\/uploads\/sites\/2\/2023\/04\/2023040613270159038.jpg\" \/>\n\t<meta property=\"og:image:width\" content=\"1000\" \/>\n\t<meta property=\"og:image:height\" content=\"563\" \/>\n\t<meta property=\"og:image:type\" content=\"image\/jpeg\" \/>\n<meta name=\"author\" content=\"Ismael Lucas S. Pereira\" \/>\n<meta name=\"twitter:card\" content=\"summary_large_image\" \/>\n<meta name=\"twitter:label1\" content=\"Escrito por\" \/>\n\t<meta name=\"twitter:data1\" content=\"Ismael Lucas S. Pereira\" \/>\n\t<meta name=\"twitter:label2\" content=\"Est. tempo de leitura\" \/>\n\t<meta name=\"twitter:data2\" content=\"3 minutos\" \/>\n<script type=\"application\/ld+json\" class=\"yoast-schema-graph\">{\"@context\":\"https:\\\/\\\/schema.org\",\"@graph\":[{\"@type\":\"Article\",\"@id\":\"https:\\\/\\\/diariodepe.com.br\\\/cri\\\/2023\\\/04\\\/18\\\/firme-oposicao-ao-show-politico-de-conluio-entre-os-eua-e-taiwan\\\/#article\",\"isPartOf\":{\"@id\":\"https:\\\/\\\/diariodepe.com.br\\\/cri\\\/2023\\\/04\\\/18\\\/firme-oposicao-ao-show-politico-de-conluio-entre-os-eua-e-taiwan\\\/\"},\"author\":{\"name\":\"Ismael Lucas S. Pereira\",\"@id\":\"https:\\\/\\\/diariodepe.com.br\\\/cri\\\/#\\\/schema\\\/person\\\/121bb28d84f1a5b1205ef4ce9c2e0c6b\"},\"headline\":\"Firme oposi\u00e7\u00e3o ao &#8220;show pol\u00edtico&#8221; de conluio entre os EUA e Taiwan\",\"datePublished\":\"2023-04-19T02:31:14+00:00\",\"mainEntityOfPage\":{\"@id\":\"https:\\\/\\\/diariodepe.com.br\\\/cri\\\/2023\\\/04\\\/18\\\/firme-oposicao-ao-show-politico-de-conluio-entre-os-eua-e-taiwan\\\/\"},\"wordCount\":477,\"commentCount\":0,\"publisher\":{\"@id\":\"https:\\\/\\\/diariodepe.com.br\\\/cri\\\/#organization\"},\"image\":{\"@id\":\"https:\\\/\\\/diariodepe.com.br\\\/cri\\\/2023\\\/04\\\/18\\\/firme-oposicao-ao-show-politico-de-conluio-entre-os-eua-e-taiwan\\\/#primaryimage\"},\"thumbnailUrl\":\"https:\\\/\\\/diariodepe.com.br\\\/cri\\\/wp-content\\\/uploads\\\/sites\\\/2\\\/2023\\\/04\\\/2023040613270159038.jpg\",\"articleSection\":[\"Vis\u00e3o\"],\"inLanguage\":\"pt-BR\",\"potentialAction\":[{\"@type\":\"CommentAction\",\"name\":\"Comment\",\"target\":[\"https:\\\/\\\/diariodepe.com.br\\\/cri\\\/2023\\\/04\\\/18\\\/firme-oposicao-ao-show-politico-de-conluio-entre-os-eua-e-taiwan\\\/#respond\"]}]},{\"@type\":\"WebPage\",\"@id\":\"https:\\\/\\\/diariodepe.com.br\\\/cri\\\/2023\\\/04\\\/18\\\/firme-oposicao-ao-show-politico-de-conluio-entre-os-eua-e-taiwan\\\/\",\"url\":\"https:\\\/\\\/diariodepe.com.br\\\/cri\\\/2023\\\/04\\\/18\\\/firme-oposicao-ao-show-politico-de-conluio-entre-os-eua-e-taiwan\\\/\",\"name\":\"Firme oposi\u00e7\u00e3o ao \\\"show pol\u00edtico\\\" de conluio entre os EUA e Taiwan - CRI e Diario de Pernambuco\",\"isPartOf\":{\"@id\":\"https:\\\/\\\/diariodepe.com.br\\\/cri\\\/#website\"},\"primaryImageOfPage\":{\"@id\":\"https:\\\/\\\/diariodepe.com.br\\\/cri\\\/2023\\\/04\\\/18\\\/firme-oposicao-ao-show-politico-de-conluio-entre-os-eua-e-taiwan\\\/#primaryimage\"},\"image\":{\"@id\":\"https:\\\/\\\/diariodepe.com.br\\\/cri\\\/2023\\\/04\\\/18\\\/firme-oposicao-ao-show-politico-de-conluio-entre-os-eua-e-taiwan\\\/#primaryimage\"},\"thumbnailUrl\":\"https:\\\/\\\/diariodepe.com.br\\\/cri\\\/wp-content\\\/uploads\\\/sites\\\/2\\\/2023\\\/04\\\/2023040613270159038.jpg\",\"datePublished\":\"2023-04-19T02:31:14+00:00\",\"breadcrumb\":{\"@id\":\"https:\\\/\\\/diariodepe.com.br\\\/cri\\\/2023\\\/04\\\/18\\\/firme-oposicao-ao-show-politico-de-conluio-entre-os-eua-e-taiwan\\\/#breadcrumb\"},\"inLanguage\":\"pt-BR\",\"potentialAction\":[{\"@type\":\"ReadAction\",\"target\":[\"https:\\\/\\\/diariodepe.com.br\\\/cri\\\/2023\\\/04\\\/18\\\/firme-oposicao-ao-show-politico-de-conluio-entre-os-eua-e-taiwan\\\/\"]}]},{\"@type\":\"ImageObject\",\"inLanguage\":\"pt-BR\",\"@id\":\"https:\\\/\\\/diariodepe.com.br\\\/cri\\\/2023\\\/04\\\/18\\\/firme-oposicao-ao-show-politico-de-conluio-entre-os-eua-e-taiwan\\\/#primaryimage\",\"url\":\"https:\\\/\\\/diariodepe.com.br\\\/cri\\\/wp-content\\\/uploads\\\/sites\\\/2\\\/2023\\\/04\\\/2023040613270159038.jpg\",\"contentUrl\":\"https:\\\/\\\/diariodepe.com.br\\\/cri\\\/wp-content\\\/uploads\\\/sites\\\/2\\\/2023\\\/04\\\/2023040613270159038.jpg\",\"width\":1000,\"height\":563},{\"@type\":\"BreadcrumbList\",\"@id\":\"https:\\\/\\\/diariodepe.com.br\\\/cri\\\/2023\\\/04\\\/18\\\/firme-oposicao-ao-show-politico-de-conluio-entre-os-eua-e-taiwan\\\/#breadcrumb\",\"itemListElement\":[{\"@type\":\"ListItem\",\"position\":1,\"name\":\"In\u00edcio\",\"item\":\"https:\\\/\\\/diariodepe.com.br\\\/cri\\\/\"},{\"@type\":\"ListItem\",\"position\":2,\"name\":\"Firme oposi\u00e7\u00e3o ao &#8220;show pol\u00edtico&#8221; de conluio entre os EUA e Taiwan\"}]},{\"@type\":\"WebSite\",\"@id\":\"https:\\\/\\\/diariodepe.com.br\\\/cri\\\/#website\",\"url\":\"https:\\\/\\\/diariodepe.com.br\\\/cri\\\/\",\"name\":\"CRI e Diario de Pernambuco\",\"description\":\"R\u00e1dio Internacional da China\",\"publisher\":{\"@id\":\"https:\\\/\\\/diariodepe.com.br\\\/cri\\\/#organization\"},\"potentialAction\":[{\"@type\":\"SearchAction\",\"target\":{\"@type\":\"EntryPoint\",\"urlTemplate\":\"https:\\\/\\\/diariodepe.com.br\\\/cri\\\/?s={search_term_string}\"},\"query-input\":{\"@type\":\"PropertyValueSpecification\",\"valueRequired\":true,\"valueName\":\"search_term_string\"}}],\"inLanguage\":\"pt-BR\"},{\"@type\":\"Organization\",\"@id\":\"https:\\\/\\\/diariodepe.com.br\\\/cri\\\/#organization\",\"name\":\"CRI e Diario de Pernambuco\",\"url\":\"https:\\\/\\\/diariodepe.com.br\\\/cri\\\/\",\"logo\":{\"@type\":\"ImageObject\",\"inLanguage\":\"pt-BR\",\"@id\":\"https:\\\/\\\/diariodepe.com.br\\\/cri\\\/#\\\/schema\\\/logo\\\/image\\\/\",\"url\":\"https:\\\/\\\/diariodepe.com.br\\\/cri\\\/wp-content\\\/uploads\\\/sites\\\/2\\\/2022\\\/12\\\/cropped-Logo.jpg\",\"contentUrl\":\"https:\\\/\\\/diariodepe.com.br\\\/cri\\\/wp-content\\\/uploads\\\/sites\\\/2\\\/2022\\\/12\\\/cropped-Logo.jpg\",\"width\":700,\"height\":59,\"caption\":\"CRI e Diario de Pernambuco\"},\"image\":{\"@id\":\"https:\\\/\\\/diariodepe.com.br\\\/cri\\\/#\\\/schema\\\/logo\\\/image\\\/\"}},{\"@type\":\"Person\",\"@id\":\"https:\\\/\\\/diariodepe.com.br\\\/cri\\\/#\\\/schema\\\/person\\\/121bb28d84f1a5b1205ef4ce9c2e0c6b\",\"name\":\"Ismael Lucas S. Pereira\",\"image\":{\"@type\":\"ImageObject\",\"inLanguage\":\"pt-BR\",\"@id\":\"https:\\\/\\\/secure.gravatar.com\\\/avatar\\\/887a0f3b5a7ceea963a48499fb883ffce6b5037362def025c52c2505b15d63e4?s=96&d=mm&r=g\",\"url\":\"https:\\\/\\\/secure.gravatar.com\\\/avatar\\\/887a0f3b5a7ceea963a48499fb883ffce6b5037362def025c52c2505b15d63e4?s=96&d=mm&r=g\",\"contentUrl\":\"https:\\\/\\\/secure.gravatar.com\\\/avatar\\\/887a0f3b5a7ceea963a48499fb883ffce6b5037362def025c52c2505b15d63e4?s=96&d=mm&r=g\",\"caption\":\"Ismael Lucas S. Pereira\"},\"url\":\"https:\\\/\\\/diariodepe.com.br\\\/cri\\\/author\\\/ismael-lucas\\\/\"}]}<\/script>\n<!-- \/ Yoast SEO plugin. -->","yoast_head_json":{"title":"Firme oposi\u00e7\u00e3o ao \"show pol\u00edtico\" de conluio entre os EUA e Taiwan - CRI e Diario de Pernambuco","robots":{"index":"index","follow":"follow","max-snippet":"max-snippet:-1","max-image-preview":"max-image-preview:large","max-video-preview":"max-video-preview:-1"},"canonical":"https:\/\/diariodepe.com.br\/cri\/2023\/04\/18\/firme-oposicao-ao-show-politico-de-conluio-entre-os-eua-e-taiwan\/","og_locale":"pt_BR","og_type":"article","og_title":"Firme oposi\u00e7\u00e3o ao \"show pol\u00edtico\" de conluio entre os EUA e Taiwan - CRI e Diario de Pernambuco","og_description":"Na quinta-feira (6), a l\u00edder de Taiwan, Tsai Ing-wen, encontrou-se com o presidente da C\u00e2mara dos Representantes dos EUA, Kevin McCarthy, durante uma escala de seu voo no pa\u00eds. Esta \u00e9 mais uma provoca\u00e7\u00e3o pol\u00edtica de conluio entre os separatistas...","og_url":"https:\/\/diariodepe.com.br\/cri\/2023\/04\/18\/firme-oposicao-ao-show-politico-de-conluio-entre-os-eua-e-taiwan\/","og_site_name":"CRI e Diario de Pernambuco","article_published_time":"2023-04-19T02:31:14+00:00","og_image":[{"width":1000,"height":563,"url":"https:\/\/diariodepe.com.br\/cri\/wp-content\/uploads\/sites\/2\/2023\/04\/2023040613270159038.jpg","type":"image\/jpeg"}],"author":"Ismael Lucas S. Pereira","twitter_card":"summary_large_image","twitter_misc":{"Escrito por":"Ismael Lucas S. Pereira","Est. tempo de leitura":"3 minutos"},"schema":{"@context":"https:\/\/schema.org","@graph":[{"@type":"Article","@id":"https:\/\/diariodepe.com.br\/cri\/2023\/04\/18\/firme-oposicao-ao-show-politico-de-conluio-entre-os-eua-e-taiwan\/#article","isPartOf":{"@id":"https:\/\/diariodepe.com.br\/cri\/2023\/04\/18\/firme-oposicao-ao-show-politico-de-conluio-entre-os-eua-e-taiwan\/"},"author":{"name":"Ismael Lucas S. Pereira","@id":"https:\/\/diariodepe.com.br\/cri\/#\/schema\/person\/121bb28d84f1a5b1205ef4ce9c2e0c6b"},"headline":"Firme oposi\u00e7\u00e3o ao &#8220;show pol\u00edtico&#8221; de conluio entre os EUA e Taiwan","datePublished":"2023-04-19T02:31:14+00:00","mainEntityOfPage":{"@id":"https:\/\/diariodepe.com.br\/cri\/2023\/04\/18\/firme-oposicao-ao-show-politico-de-conluio-entre-os-eua-e-taiwan\/"},"wordCount":477,"commentCount":0,"publisher":{"@id":"https:\/\/diariodepe.com.br\/cri\/#organization"},"image":{"@id":"https:\/\/diariodepe.com.br\/cri\/2023\/04\/18\/firme-oposicao-ao-show-politico-de-conluio-entre-os-eua-e-taiwan\/#primaryimage"},"thumbnailUrl":"https:\/\/diariodepe.com.br\/cri\/wp-content\/uploads\/sites\/2\/2023\/04\/2023040613270159038.jpg","articleSection":["Vis\u00e3o"],"inLanguage":"pt-BR","potentialAction":[{"@type":"CommentAction","name":"Comment","target":["https:\/\/diariodepe.com.br\/cri\/2023\/04\/18\/firme-oposicao-ao-show-politico-de-conluio-entre-os-eua-e-taiwan\/#respond"]}]},{"@type":"WebPage","@id":"https:\/\/diariodepe.com.br\/cri\/2023\/04\/18\/firme-oposicao-ao-show-politico-de-conluio-entre-os-eua-e-taiwan\/","url":"https:\/\/diariodepe.com.br\/cri\/2023\/04\/18\/firme-oposicao-ao-show-politico-de-conluio-entre-os-eua-e-taiwan\/","name":"Firme oposi\u00e7\u00e3o ao \"show pol\u00edtico\" de conluio entre os EUA e Taiwan - CRI e Diario de Pernambuco","isPartOf":{"@id":"https:\/\/diariodepe.com.br\/cri\/#website"},"primaryImageOfPage":{"@id":"https:\/\/diariodepe.com.br\/cri\/2023\/04\/18\/firme-oposicao-ao-show-politico-de-conluio-entre-os-eua-e-taiwan\/#primaryimage"},"image":{"@id":"https:\/\/diariodepe.com.br\/cri\/2023\/04\/18\/firme-oposicao-ao-show-politico-de-conluio-entre-os-eua-e-taiwan\/#primaryimage"},"thumbnailUrl":"https:\/\/diariodepe.com.br\/cri\/wp-content\/uploads\/sites\/2\/2023\/04\/2023040613270159038.jpg","datePublished":"2023-04-19T02:31:14+00:00","breadcrumb":{"@id":"https:\/\/diariodepe.com.br\/cri\/2023\/04\/18\/firme-oposicao-ao-show-politico-de-conluio-entre-os-eua-e-taiwan\/#breadcrumb"},"inLanguage":"pt-BR","potentialAction":[{"@type":"ReadAction","target":["https:\/\/diariodepe.com.br\/cri\/2023\/04\/18\/firme-oposicao-ao-show-politico-de-conluio-entre-os-eua-e-taiwan\/"]}]},{"@type":"ImageObject","inLanguage":"pt-BR","@id":"https:\/\/diariodepe.com.br\/cri\/2023\/04\/18\/firme-oposicao-ao-show-politico-de-conluio-entre-os-eua-e-taiwan\/#primaryimage","url":"https:\/\/diariodepe.com.br\/cri\/wp-content\/uploads\/sites\/2\/2023\/04\/2023040613270159038.jpg","contentUrl":"https:\/\/diariodepe.com.br\/cri\/wp-content\/uploads\/sites\/2\/2023\/04\/2023040613270159038.jpg","width":1000,"height":563},{"@type":"BreadcrumbList","@id":"https:\/\/diariodepe.com.br\/cri\/2023\/04\/18\/firme-oposicao-ao-show-politico-de-conluio-entre-os-eua-e-taiwan\/#breadcrumb","itemListElement":[{"@type":"ListItem","position":1,"name":"In\u00edcio","item":"https:\/\/diariodepe.com.br\/cri\/"},{"@type":"ListItem","position":2,"name":"Firme oposi\u00e7\u00e3o ao &#8220;show pol\u00edtico&#8221; de conluio entre os EUA e Taiwan"}]},{"@type":"WebSite","@id":"https:\/\/diariodepe.com.br\/cri\/#website","url":"https:\/\/diariodepe.com.br\/cri\/","name":"CRI e Diario de Pernambuco","description":"R\u00e1dio Internacional da China","publisher":{"@id":"https:\/\/diariodepe.com.br\/cri\/#organization"},"potentialAction":[{"@type":"SearchAction","target":{"@type":"EntryPoint","urlTemplate":"https:\/\/diariodepe.com.br\/cri\/?s={search_term_string}"},"query-input":{"@type":"PropertyValueSpecification","valueRequired":true,"valueName":"search_term_string"}}],"inLanguage":"pt-BR"},{"@type":"Organization","@id":"https:\/\/diariodepe.com.br\/cri\/#organization","name":"CRI e Diario de Pernambuco","url":"https:\/\/diariodepe.com.br\/cri\/","logo":{"@type":"ImageObject","inLanguage":"pt-BR","@id":"https:\/\/diariodepe.com.br\/cri\/#\/schema\/logo\/image\/","url":"https:\/\/diariodepe.com.br\/cri\/wp-content\/uploads\/sites\/2\/2022\/12\/cropped-Logo.jpg","contentUrl":"https:\/\/diariodepe.com.br\/cri\/wp-content\/uploads\/sites\/2\/2022\/12\/cropped-Logo.jpg","width":700,"height":59,"caption":"CRI e Diario de Pernambuco"},"image":{"@id":"https:\/\/diariodepe.com.br\/cri\/#\/schema\/logo\/image\/"}},{"@type":"Person","@id":"https:\/\/diariodepe.com.br\/cri\/#\/schema\/person\/121bb28d84f1a5b1205ef4ce9c2e0c6b","name":"Ismael Lucas S. Pereira","image":{"@type":"ImageObject","inLanguage":"pt-BR","@id":"https:\/\/secure.gravatar.com\/avatar\/887a0f3b5a7ceea963a48499fb883ffce6b5037362def025c52c2505b15d63e4?s=96&d=mm&r=g","url":"https:\/\/secure.gravatar.com\/avatar\/887a0f3b5a7ceea963a48499fb883ffce6b5037362def025c52c2505b15d63e4?s=96&d=mm&r=g","contentUrl":"https:\/\/secure.gravatar.com\/avatar\/887a0f3b5a7ceea963a48499fb883ffce6b5037362def025c52c2505b15d63e4?s=96&d=mm&r=g","caption":"Ismael Lucas S. Pereira"},"url":"https:\/\/diariodepe.com.br\/cri\/author\/ismael-lucas\/"}]}},"cc_featured_image_caption":{"caption_text":false,"source_text":false,"source_url":false},"amp_enabled":true,"_links":{"self":[{"href":"https:\/\/diariodepe.com.br\/cri\/wp-json\/wp\/v2\/posts\/1114","targetHints":{"allow":["GET"]}}],"collection":[{"href":"https:\/\/diariodepe.com.br\/cri\/wp-json\/wp\/v2\/posts"}],"about":[{"href":"https:\/\/diariodepe.com.br\/cri\/wp-json\/wp\/v2\/types\/post"}],"author":[{"embeddable":true,"href":"https:\/\/diariodepe.com.br\/cri\/wp-json\/wp\/v2\/users\/2"}],"replies":[{"embeddable":true,"href":"https:\/\/diariodepe.com.br\/cri\/wp-json\/wp\/v2\/comments?post=1114"}],"version-history":[{"count":1,"href":"https:\/\/diariodepe.com.br\/cri\/wp-json\/wp\/v2\/posts\/1114\/revisions"}],"predecessor-version":[{"id":1116,"href":"https:\/\/diariodepe.com.br\/cri\/wp-json\/wp\/v2\/posts\/1114\/revisions\/1116"}],"wp:featuredmedia":[{"embeddable":true,"href":"https:\/\/diariodepe.com.br\/cri\/wp-json\/wp\/v2\/media\/1115"}],"wp:attachment":[{"href":"https:\/\/diariodepe.com.br\/cri\/wp-json\/wp\/v2\/media?parent=1114"}],"wp:term":[{"taxonomy":"category","embeddable":true,"href":"https:\/\/diariodepe.com.br\/cri\/wp-json\/wp\/v2\/categories?post=1114"},{"taxonomy":"post_tag","embeddable":true,"href":"https:\/\/diariodepe.com.br\/cri\/wp-json\/wp\/v2\/tags?post=1114"}],"curies":[{"name":"wp","href":"https:\/\/api.w.org\/{rel}","templated":true}]}}