{"id":1112,"date":"2023-04-18T23:30:11","date_gmt":"2023-04-19T02:30:11","guid":{"rendered":"https:\/\/diariodepe.com.br\/cri\/?p=1112"},"modified":"2023-04-18T23:30:11","modified_gmt":"2023-04-19T02:30:11","slug":"observacoes-do-ministerio-das-relacoes-exteriores-da-china-sobre-viagem-de-transito-de-tsai-ing-wen-pelos-eua","status":"publish","type":"post","link":"https:\/\/diariodepe.com.br\/cri\/2023\/04\/18\/observacoes-do-ministerio-das-relacoes-exteriores-da-china-sobre-viagem-de-transito-de-tsai-ing-wen-pelos-eua\/","title":{"rendered":"Observa\u00e7\u00f5es do Minist\u00e9rio das Rela\u00e7\u00f5es Exteriores da China sobre viagem de &#8220;tr\u00e2nsito&#8221; de Tsai Ing-wen pelos EUA"},"content":{"rendered":"<p>O porta-voz do Minist\u00e9rio das Rela\u00e7\u00f5es Exteriores da China fez nesta quinta-feira observa\u00e7\u00f5es sobre a viagem de &#8220;tr\u00e2nsito&#8221; da l\u00edder taiwanesa Tsai Ing-wen pelos Estados Unidos. Segue o texto completo das observa\u00e7\u00f5es:<\/p>\n<p>Nos \u00faltimos dias, em desrespeito \u00e0s severas representa\u00e7\u00f5es e repetidas advert\u00eancias apresentadas pela China, os Estados Unidos permitiram obstinadamente a viagem de &#8220;tr\u00e2nsito&#8221; de Tsai Ing-wen pelos EUA e a reuni\u00e3o de alto n\u00edvel entre Tsai e o presidente da C\u00e2mara dos EUA, Kevin McCarthy, o terceiro funcion\u00e1rio de mais alto escal\u00e3o do governo dos EUA. A parte dos EUA tamb\u00e9m permitiu o contato de funcion\u00e1rios americanos e membros do Congresso com Tsai e forneceu uma plataforma para Tsai fazer observa\u00e7\u00f5es separatistas buscando a &#8220;independ\u00eancia de Taiwan&#8221;.<\/p>\n<p>Em ess\u00eancia, os EUA conspiraram com as autoridades de Taiwan e foram coniventes com as tentativas dos separatistas que buscam a &#8220;independ\u00eancia de Taiwan&#8221; de realizar atividades pol\u00edticas no solo americano, envolver-se em intera\u00e7\u00e3o oficial entre os EUA e Taiwan e elevar as rela\u00e7\u00f5es substantivas entre os EUA e Taiwan.<\/p>\n<p>Tais atos violaram gravemente o princ\u00edpio de Uma S\u00f3 China e as disposi\u00e7\u00f5es dos tr\u00eas comunicados conjuntos China-EUA, infringiram seriamente a soberania e a integridade territorial da China e enviaram sinais seriamente errados \u00e0s for\u00e7as separatistas da &#8220;independ\u00eancia de Taiwan&#8221;. A China se op\u00f5e firmemente e condena fortemente os atos.<\/p>\n<p>O princ\u00edpio de Uma S\u00f3 China \u00e9 um consenso universal da comunidade internacional e uma norma b\u00e1sica nas rela\u00e7\u00f5es internacionais, e constitui a pr\u00e9-condi\u00e7\u00e3o e a base para a China e os Estados Unidos estabelecerem e desenvolverem rela\u00e7\u00f5es diplom\u00e1ticas. Nos tr\u00eas comunicados conjuntos China-EUA, os EUA assumiram compromissos inequ\u00edvocos sobre a manuten\u00e7\u00e3o de rela\u00e7\u00f5es n\u00e3o oficiais com Taiwan.<\/p>\n<p>No entanto, durante um longo per\u00edodo de tempo, os EUA aderiram obstinadamente \u00e0 estrat\u00e9gia de &#8220;usar Taiwan para conter a China&#8221; e violaram os compromissos que haviam assumido. Ele desafiou implacavelmente a linha de fundo e fez provoca\u00e7\u00f5es em quest\u00f5es como a intera\u00e7\u00e3o oficial com Taiwan, a venda de armas e o conluio militar com Taiwan, al\u00e9m de ajudar Taiwan a expandir seu chamado &#8220;espa\u00e7o internacional&#8221;, e tem continuamente obscurecido e esvaziado o princ\u00edpio de Uma S\u00f3 China.<\/p>\n<p>Desde que assumiu o cargo, Tsai se recusou a reconhecer o Consenso de 1992, que incorpora o princ\u00edpio de Uma S\u00f3 China; tolerou, apoiou e empurrou v\u00e1rios tipos de palavras e a\u00e7\u00f5es separatistas buscando a &#8220;independ\u00eancia de Taiwan&#8221; na ilha; e impulsionou a &#8220;independ\u00eancia&#8221; incremental sob v\u00e1rios tipos de disfarce. Como resultado, as rela\u00e7\u00f5es atrav\u00e9s do Estreito foram severamente tensas.<\/p>\n<p>A quest\u00e3o de Taiwan est\u00e1 no cerne dos interesses centrais da China e \u00e9 a primeira linha vermelha que n\u00e3o deve ser cruzada nas rela\u00e7\u00f5es China-EUA. A &#8220;independ\u00eancia de Taiwan&#8221; \u00e9 absolutamente inconcili\u00e1vel com a paz e a estabilidade atrav\u00e9s do Estreito de Taiwan, e \u00e9 um caminho para lugar nenhum. Em resposta aos atos seriamente err\u00f4neos de conluio entre os EUA e Taiwan, a China tomar\u00e1 medidas resolutas e eficazes para salvaguardar a soberania nacional e a integridade territorial.<\/p>\n<p>Mais uma vez, instamos os EUA a respeitar o princ\u00edpio de Uma S\u00f3 China e as disposi\u00e7\u00f5es dos tr\u00eas comunicados conjuntos China-EUA, cumprir seu compromisso de n\u00e3o apoiar a &#8220;independ\u00eancia de Taiwan&#8221; ou &#8220;duas Chinas&#8221; ou &#8220;uma China, uma Taiwan&#8221;, cessar imediatamente todas as formas de intera\u00e7\u00e3o oficial com Taiwan, parar de atualizar seus interc\u00e2mbios substantivos com Taiwan, parar de criar tens\u00f5es atrav\u00e9s do Estreito de Taiwan, parar de usar Taiwan para conter a China e parar de ir mais longe no caminho errado e perigoso.<\/p>\n","protected":false},"excerpt":{"rendered":"<p>O porta-voz do Minist\u00e9rio das Rela\u00e7\u00f5es Exteriores da China fez nesta quinta-feira observa\u00e7\u00f5es sobre a viagem de &#8220;tr\u00e2nsito&#8221; da l\u00edder taiwanesa Tsai Ing-wen pelos Estados Unidos. Segue o texto completo das observa\u00e7\u00f5es: Nos \u00faltimos dias, em desrespeito \u00e0s severas representa\u00e7\u00f5es&#8230;<\/p>\n","protected":false},"author":2,"featured_media":0,"comment_status":"open","ping_status":"open","sticky":false,"template":"","format":"standard","meta":{"footnotes":""},"categories":[3],"tags":[],"class_list":["post-1112","post","type-post","status-publish","format-standard","hentry","category-china"],"yoast_head":"<!-- This site is optimized with the Yoast SEO plugin v27.4 - https:\/\/yoast.com\/product\/yoast-seo-wordpress\/ -->\n<title>Observa\u00e7\u00f5es do Minist\u00e9rio das Rela\u00e7\u00f5es Exteriores da China sobre viagem de &quot;tr\u00e2nsito&quot; de Tsai Ing-wen pelos EUA - CRI e Diario de Pernambuco<\/title>\n<meta name=\"robots\" content=\"index, follow, max-snippet:-1, max-image-preview:large, max-video-preview:-1\" \/>\n<link rel=\"canonical\" href=\"https:\/\/diariodepe.com.br\/cri\/2023\/04\/18\/observacoes-do-ministerio-das-relacoes-exteriores-da-china-sobre-viagem-de-transito-de-tsai-ing-wen-pelos-eua\/\" \/>\n<meta property=\"og:locale\" content=\"pt_BR\" \/>\n<meta property=\"og:type\" content=\"article\" \/>\n<meta property=\"og:title\" content=\"Observa\u00e7\u00f5es do Minist\u00e9rio das Rela\u00e7\u00f5es Exteriores da China sobre viagem de &quot;tr\u00e2nsito&quot; de Tsai Ing-wen pelos EUA - CRI e Diario de Pernambuco\" \/>\n<meta property=\"og:description\" content=\"O porta-voz do Minist\u00e9rio das Rela\u00e7\u00f5es Exteriores da China fez nesta quinta-feira observa\u00e7\u00f5es sobre a viagem de &#8220;tr\u00e2nsito&#8221; da l\u00edder taiwanesa Tsai Ing-wen pelos Estados Unidos. Segue o texto completo das observa\u00e7\u00f5es: Nos \u00faltimos dias, em desrespeito \u00e0s severas representa\u00e7\u00f5es...\" \/>\n<meta property=\"og:url\" content=\"https:\/\/diariodepe.com.br\/cri\/2023\/04\/18\/observacoes-do-ministerio-das-relacoes-exteriores-da-china-sobre-viagem-de-transito-de-tsai-ing-wen-pelos-eua\/\" \/>\n<meta property=\"og:site_name\" content=\"CRI e Diario de Pernambuco\" \/>\n<meta property=\"article:published_time\" content=\"2023-04-19T02:30:11+00:00\" \/>\n<meta name=\"author\" content=\"Ismael Lucas S. Pereira\" \/>\n<meta name=\"twitter:card\" content=\"summary_large_image\" \/>\n<meta name=\"twitter:label1\" content=\"Escrito por\" \/>\n\t<meta name=\"twitter:data1\" content=\"Ismael Lucas S. Pereira\" \/>\n<script type=\"application\/ld+json\" class=\"yoast-schema-graph\">{\"@context\":\"https:\\\/\\\/schema.org\",\"@graph\":[{\"@type\":\"Article\",\"@id\":\"https:\\\/\\\/diariodepe.com.br\\\/cri\\\/2023\\\/04\\\/18\\\/observacoes-do-ministerio-das-relacoes-exteriores-da-china-sobre-viagem-de-transito-de-tsai-ing-wen-pelos-eua\\\/#article\",\"isPartOf\":{\"@id\":\"https:\\\/\\\/diariodepe.com.br\\\/cri\\\/2023\\\/04\\\/18\\\/observacoes-do-ministerio-das-relacoes-exteriores-da-china-sobre-viagem-de-transito-de-tsai-ing-wen-pelos-eua\\\/\"},\"author\":{\"name\":\"Ismael Lucas S. Pereira\",\"@id\":\"https:\\\/\\\/diariodepe.com.br\\\/cri\\\/#\\\/schema\\\/person\\\/121bb28d84f1a5b1205ef4ce9c2e0c6b\"},\"headline\":\"Observa\u00e7\u00f5es do Minist\u00e9rio das Rela\u00e7\u00f5es Exteriores da China sobre viagem de &#8220;tr\u00e2nsito&#8221; de Tsai Ing-wen pelos EUA\",\"datePublished\":\"2023-04-19T02:30:11+00:00\",\"mainEntityOfPage\":{\"@id\":\"https:\\\/\\\/diariodepe.com.br\\\/cri\\\/2023\\\/04\\\/18\\\/observacoes-do-ministerio-das-relacoes-exteriores-da-china-sobre-viagem-de-transito-de-tsai-ing-wen-pelos-eua\\\/\"},\"wordCount\":669,\"commentCount\":0,\"publisher\":{\"@id\":\"https:\\\/\\\/diariodepe.com.br\\\/cri\\\/#organization\"},\"articleSection\":[\"China\"],\"inLanguage\":\"pt-BR\",\"potentialAction\":[{\"@type\":\"CommentAction\",\"name\":\"Comment\",\"target\":[\"https:\\\/\\\/diariodepe.com.br\\\/cri\\\/2023\\\/04\\\/18\\\/observacoes-do-ministerio-das-relacoes-exteriores-da-china-sobre-viagem-de-transito-de-tsai-ing-wen-pelos-eua\\\/#respond\"]}]},{\"@type\":\"WebPage\",\"@id\":\"https:\\\/\\\/diariodepe.com.br\\\/cri\\\/2023\\\/04\\\/18\\\/observacoes-do-ministerio-das-relacoes-exteriores-da-china-sobre-viagem-de-transito-de-tsai-ing-wen-pelos-eua\\\/\",\"url\":\"https:\\\/\\\/diariodepe.com.br\\\/cri\\\/2023\\\/04\\\/18\\\/observacoes-do-ministerio-das-relacoes-exteriores-da-china-sobre-viagem-de-transito-de-tsai-ing-wen-pelos-eua\\\/\",\"name\":\"Observa\u00e7\u00f5es do Minist\u00e9rio das Rela\u00e7\u00f5es Exteriores da China sobre viagem de \\\"tr\u00e2nsito\\\" de Tsai Ing-wen pelos EUA - CRI e Diario de Pernambuco\",\"isPartOf\":{\"@id\":\"https:\\\/\\\/diariodepe.com.br\\\/cri\\\/#website\"},\"datePublished\":\"2023-04-19T02:30:11+00:00\",\"breadcrumb\":{\"@id\":\"https:\\\/\\\/diariodepe.com.br\\\/cri\\\/2023\\\/04\\\/18\\\/observacoes-do-ministerio-das-relacoes-exteriores-da-china-sobre-viagem-de-transito-de-tsai-ing-wen-pelos-eua\\\/#breadcrumb\"},\"inLanguage\":\"pt-BR\",\"potentialAction\":[{\"@type\":\"ReadAction\",\"target\":[\"https:\\\/\\\/diariodepe.com.br\\\/cri\\\/2023\\\/04\\\/18\\\/observacoes-do-ministerio-das-relacoes-exteriores-da-china-sobre-viagem-de-transito-de-tsai-ing-wen-pelos-eua\\\/\"]}]},{\"@type\":\"BreadcrumbList\",\"@id\":\"https:\\\/\\\/diariodepe.com.br\\\/cri\\\/2023\\\/04\\\/18\\\/observacoes-do-ministerio-das-relacoes-exteriores-da-china-sobre-viagem-de-transito-de-tsai-ing-wen-pelos-eua\\\/#breadcrumb\",\"itemListElement\":[{\"@type\":\"ListItem\",\"position\":1,\"name\":\"In\u00edcio\",\"item\":\"https:\\\/\\\/diariodepe.com.br\\\/cri\\\/\"},{\"@type\":\"ListItem\",\"position\":2,\"name\":\"Observa\u00e7\u00f5es do Minist\u00e9rio das Rela\u00e7\u00f5es Exteriores da China sobre viagem de &#8220;tr\u00e2nsito&#8221; de Tsai Ing-wen pelos EUA\"}]},{\"@type\":\"WebSite\",\"@id\":\"https:\\\/\\\/diariodepe.com.br\\\/cri\\\/#website\",\"url\":\"https:\\\/\\\/diariodepe.com.br\\\/cri\\\/\",\"name\":\"CRI e Diario de Pernambuco\",\"description\":\"R\u00e1dio Internacional da China\",\"publisher\":{\"@id\":\"https:\\\/\\\/diariodepe.com.br\\\/cri\\\/#organization\"},\"potentialAction\":[{\"@type\":\"SearchAction\",\"target\":{\"@type\":\"EntryPoint\",\"urlTemplate\":\"https:\\\/\\\/diariodepe.com.br\\\/cri\\\/?s={search_term_string}\"},\"query-input\":{\"@type\":\"PropertyValueSpecification\",\"valueRequired\":true,\"valueName\":\"search_term_string\"}}],\"inLanguage\":\"pt-BR\"},{\"@type\":\"Organization\",\"@id\":\"https:\\\/\\\/diariodepe.com.br\\\/cri\\\/#organization\",\"name\":\"CRI e Diario de Pernambuco\",\"url\":\"https:\\\/\\\/diariodepe.com.br\\\/cri\\\/\",\"logo\":{\"@type\":\"ImageObject\",\"inLanguage\":\"pt-BR\",\"@id\":\"https:\\\/\\\/diariodepe.com.br\\\/cri\\\/#\\\/schema\\\/logo\\\/image\\\/\",\"url\":\"https:\\\/\\\/diariodepe.com.br\\\/cri\\\/wp-content\\\/uploads\\\/sites\\\/2\\\/2022\\\/12\\\/cropped-Logo.jpg\",\"contentUrl\":\"https:\\\/\\\/diariodepe.com.br\\\/cri\\\/wp-content\\\/uploads\\\/sites\\\/2\\\/2022\\\/12\\\/cropped-Logo.jpg\",\"width\":700,\"height\":59,\"caption\":\"CRI e Diario de Pernambuco\"},\"image\":{\"@id\":\"https:\\\/\\\/diariodepe.com.br\\\/cri\\\/#\\\/schema\\\/logo\\\/image\\\/\"}},{\"@type\":\"Person\",\"@id\":\"https:\\\/\\\/diariodepe.com.br\\\/cri\\\/#\\\/schema\\\/person\\\/121bb28d84f1a5b1205ef4ce9c2e0c6b\",\"name\":\"Ismael Lucas S. Pereira\",\"image\":{\"@type\":\"ImageObject\",\"inLanguage\":\"pt-BR\",\"@id\":\"https:\\\/\\\/secure.gravatar.com\\\/avatar\\\/887a0f3b5a7ceea963a48499fb883ffce6b5037362def025c52c2505b15d63e4?s=96&d=mm&r=g\",\"url\":\"https:\\\/\\\/secure.gravatar.com\\\/avatar\\\/887a0f3b5a7ceea963a48499fb883ffce6b5037362def025c52c2505b15d63e4?s=96&d=mm&r=g\",\"contentUrl\":\"https:\\\/\\\/secure.gravatar.com\\\/avatar\\\/887a0f3b5a7ceea963a48499fb883ffce6b5037362def025c52c2505b15d63e4?s=96&d=mm&r=g\",\"caption\":\"Ismael Lucas S. Pereira\"},\"url\":\"https:\\\/\\\/diariodepe.com.br\\\/cri\\\/author\\\/ismael-lucas\\\/\"}]}<\/script>\n<!-- \/ Yoast SEO plugin. -->","yoast_head_json":{"title":"Observa\u00e7\u00f5es do Minist\u00e9rio das Rela\u00e7\u00f5es Exteriores da China sobre viagem de \"tr\u00e2nsito\" de Tsai Ing-wen pelos EUA - CRI e Diario de Pernambuco","robots":{"index":"index","follow":"follow","max-snippet":"max-snippet:-1","max-image-preview":"max-image-preview:large","max-video-preview":"max-video-preview:-1"},"canonical":"https:\/\/diariodepe.com.br\/cri\/2023\/04\/18\/observacoes-do-ministerio-das-relacoes-exteriores-da-china-sobre-viagem-de-transito-de-tsai-ing-wen-pelos-eua\/","og_locale":"pt_BR","og_type":"article","og_title":"Observa\u00e7\u00f5es do Minist\u00e9rio das Rela\u00e7\u00f5es Exteriores da China sobre viagem de \"tr\u00e2nsito\" de Tsai Ing-wen pelos EUA - CRI e Diario de Pernambuco","og_description":"O porta-voz do Minist\u00e9rio das Rela\u00e7\u00f5es Exteriores da China fez nesta quinta-feira observa\u00e7\u00f5es sobre a viagem de &#8220;tr\u00e2nsito&#8221; da l\u00edder taiwanesa Tsai Ing-wen pelos Estados Unidos. Segue o texto completo das observa\u00e7\u00f5es: Nos \u00faltimos dias, em desrespeito \u00e0s severas representa\u00e7\u00f5es...","og_url":"https:\/\/diariodepe.com.br\/cri\/2023\/04\/18\/observacoes-do-ministerio-das-relacoes-exteriores-da-china-sobre-viagem-de-transito-de-tsai-ing-wen-pelos-eua\/","og_site_name":"CRI e Diario de Pernambuco","article_published_time":"2023-04-19T02:30:11+00:00","author":"Ismael Lucas S. Pereira","twitter_card":"summary_large_image","twitter_misc":{"Escrito por":"Ismael Lucas S. Pereira"},"schema":{"@context":"https:\/\/schema.org","@graph":[{"@type":"Article","@id":"https:\/\/diariodepe.com.br\/cri\/2023\/04\/18\/observacoes-do-ministerio-das-relacoes-exteriores-da-china-sobre-viagem-de-transito-de-tsai-ing-wen-pelos-eua\/#article","isPartOf":{"@id":"https:\/\/diariodepe.com.br\/cri\/2023\/04\/18\/observacoes-do-ministerio-das-relacoes-exteriores-da-china-sobre-viagem-de-transito-de-tsai-ing-wen-pelos-eua\/"},"author":{"name":"Ismael Lucas S. Pereira","@id":"https:\/\/diariodepe.com.br\/cri\/#\/schema\/person\/121bb28d84f1a5b1205ef4ce9c2e0c6b"},"headline":"Observa\u00e7\u00f5es do Minist\u00e9rio das Rela\u00e7\u00f5es Exteriores da China sobre viagem de &#8220;tr\u00e2nsito&#8221; de Tsai Ing-wen pelos EUA","datePublished":"2023-04-19T02:30:11+00:00","mainEntityOfPage":{"@id":"https:\/\/diariodepe.com.br\/cri\/2023\/04\/18\/observacoes-do-ministerio-das-relacoes-exteriores-da-china-sobre-viagem-de-transito-de-tsai-ing-wen-pelos-eua\/"},"wordCount":669,"commentCount":0,"publisher":{"@id":"https:\/\/diariodepe.com.br\/cri\/#organization"},"articleSection":["China"],"inLanguage":"pt-BR","potentialAction":[{"@type":"CommentAction","name":"Comment","target":["https:\/\/diariodepe.com.br\/cri\/2023\/04\/18\/observacoes-do-ministerio-das-relacoes-exteriores-da-china-sobre-viagem-de-transito-de-tsai-ing-wen-pelos-eua\/#respond"]}]},{"@type":"WebPage","@id":"https:\/\/diariodepe.com.br\/cri\/2023\/04\/18\/observacoes-do-ministerio-das-relacoes-exteriores-da-china-sobre-viagem-de-transito-de-tsai-ing-wen-pelos-eua\/","url":"https:\/\/diariodepe.com.br\/cri\/2023\/04\/18\/observacoes-do-ministerio-das-relacoes-exteriores-da-china-sobre-viagem-de-transito-de-tsai-ing-wen-pelos-eua\/","name":"Observa\u00e7\u00f5es do Minist\u00e9rio das Rela\u00e7\u00f5es Exteriores da China sobre viagem de \"tr\u00e2nsito\" de Tsai Ing-wen pelos EUA - CRI e Diario de Pernambuco","isPartOf":{"@id":"https:\/\/diariodepe.com.br\/cri\/#website"},"datePublished":"2023-04-19T02:30:11+00:00","breadcrumb":{"@id":"https:\/\/diariodepe.com.br\/cri\/2023\/04\/18\/observacoes-do-ministerio-das-relacoes-exteriores-da-china-sobre-viagem-de-transito-de-tsai-ing-wen-pelos-eua\/#breadcrumb"},"inLanguage":"pt-BR","potentialAction":[{"@type":"ReadAction","target":["https:\/\/diariodepe.com.br\/cri\/2023\/04\/18\/observacoes-do-ministerio-das-relacoes-exteriores-da-china-sobre-viagem-de-transito-de-tsai-ing-wen-pelos-eua\/"]}]},{"@type":"BreadcrumbList","@id":"https:\/\/diariodepe.com.br\/cri\/2023\/04\/18\/observacoes-do-ministerio-das-relacoes-exteriores-da-china-sobre-viagem-de-transito-de-tsai-ing-wen-pelos-eua\/#breadcrumb","itemListElement":[{"@type":"ListItem","position":1,"name":"In\u00edcio","item":"https:\/\/diariodepe.com.br\/cri\/"},{"@type":"ListItem","position":2,"name":"Observa\u00e7\u00f5es do Minist\u00e9rio das Rela\u00e7\u00f5es Exteriores da China sobre viagem de &#8220;tr\u00e2nsito&#8221; de Tsai Ing-wen pelos EUA"}]},{"@type":"WebSite","@id":"https:\/\/diariodepe.com.br\/cri\/#website","url":"https:\/\/diariodepe.com.br\/cri\/","name":"CRI e Diario de Pernambuco","description":"R\u00e1dio Internacional da China","publisher":{"@id":"https:\/\/diariodepe.com.br\/cri\/#organization"},"potentialAction":[{"@type":"SearchAction","target":{"@type":"EntryPoint","urlTemplate":"https:\/\/diariodepe.com.br\/cri\/?s={search_term_string}"},"query-input":{"@type":"PropertyValueSpecification","valueRequired":true,"valueName":"search_term_string"}}],"inLanguage":"pt-BR"},{"@type":"Organization","@id":"https:\/\/diariodepe.com.br\/cri\/#organization","name":"CRI e Diario de Pernambuco","url":"https:\/\/diariodepe.com.br\/cri\/","logo":{"@type":"ImageObject","inLanguage":"pt-BR","@id":"https:\/\/diariodepe.com.br\/cri\/#\/schema\/logo\/image\/","url":"https:\/\/diariodepe.com.br\/cri\/wp-content\/uploads\/sites\/2\/2022\/12\/cropped-Logo.jpg","contentUrl":"https:\/\/diariodepe.com.br\/cri\/wp-content\/uploads\/sites\/2\/2022\/12\/cropped-Logo.jpg","width":700,"height":59,"caption":"CRI e Diario de Pernambuco"},"image":{"@id":"https:\/\/diariodepe.com.br\/cri\/#\/schema\/logo\/image\/"}},{"@type":"Person","@id":"https:\/\/diariodepe.com.br\/cri\/#\/schema\/person\/121bb28d84f1a5b1205ef4ce9c2e0c6b","name":"Ismael Lucas S. Pereira","image":{"@type":"ImageObject","inLanguage":"pt-BR","@id":"https:\/\/secure.gravatar.com\/avatar\/887a0f3b5a7ceea963a48499fb883ffce6b5037362def025c52c2505b15d63e4?s=96&d=mm&r=g","url":"https:\/\/secure.gravatar.com\/avatar\/887a0f3b5a7ceea963a48499fb883ffce6b5037362def025c52c2505b15d63e4?s=96&d=mm&r=g","contentUrl":"https:\/\/secure.gravatar.com\/avatar\/887a0f3b5a7ceea963a48499fb883ffce6b5037362def025c52c2505b15d63e4?s=96&d=mm&r=g","caption":"Ismael Lucas S. Pereira"},"url":"https:\/\/diariodepe.com.br\/cri\/author\/ismael-lucas\/"}]}},"cc_featured_image_caption":{"caption_text":false,"source_text":false,"source_url":false},"amp_enabled":true,"_links":{"self":[{"href":"https:\/\/diariodepe.com.br\/cri\/wp-json\/wp\/v2\/posts\/1112","targetHints":{"allow":["GET"]}}],"collection":[{"href":"https:\/\/diariodepe.com.br\/cri\/wp-json\/wp\/v2\/posts"}],"about":[{"href":"https:\/\/diariodepe.com.br\/cri\/wp-json\/wp\/v2\/types\/post"}],"author":[{"embeddable":true,"href":"https:\/\/diariodepe.com.br\/cri\/wp-json\/wp\/v2\/users\/2"}],"replies":[{"embeddable":true,"href":"https:\/\/diariodepe.com.br\/cri\/wp-json\/wp\/v2\/comments?post=1112"}],"version-history":[{"count":1,"href":"https:\/\/diariodepe.com.br\/cri\/wp-json\/wp\/v2\/posts\/1112\/revisions"}],"predecessor-version":[{"id":1113,"href":"https:\/\/diariodepe.com.br\/cri\/wp-json\/wp\/v2\/posts\/1112\/revisions\/1113"}],"wp:attachment":[{"href":"https:\/\/diariodepe.com.br\/cri\/wp-json\/wp\/v2\/media?parent=1112"}],"wp:term":[{"taxonomy":"category","embeddable":true,"href":"https:\/\/diariodepe.com.br\/cri\/wp-json\/wp\/v2\/categories?post=1112"},{"taxonomy":"post_tag","embeddable":true,"href":"https:\/\/diariodepe.com.br\/cri\/wp-json\/wp\/v2\/tags?post=1112"}],"curies":[{"name":"wp","href":"https:\/\/api.w.org\/{rel}","templated":true}]}}