{"id":1106,"date":"2023-04-18T23:26:01","date_gmt":"2023-04-19T02:26:01","guid":{"rendered":"https:\/\/diariodepe.com.br\/cri\/?p=1106"},"modified":"2023-04-18T23:26:01","modified_gmt":"2023-04-19T02:26:01","slug":"comentario-reino-unido-deve-devolver-as-ilhas-malvinas-para-argentina","status":"publish","type":"post","link":"https:\/\/diariodepe.com.br\/cri\/2023\/04\/18\/comentario-reino-unido-deve-devolver-as-ilhas-malvinas-para-argentina\/","title":{"rendered":"Coment\u00e1rio: Reino Unido deve devolver as Ilhas Malvinas para Argentina"},"content":{"rendered":"<p>A Guerra das Malvinas completou 41 anos em dois de abril. Os argentinos, como sempre, fizeram muitas atividades para lembrar a data especial e homenagear as pessoas que morreram na batalha para defender a soberania e integridade territorial.<\/p>\n<p>A batalha de 74 dias \u00e9 a maior guerra ocorrida na Am\u00e9rica do Sul ap\u00f3s a Segunda Guerra Mundial. O Reino Unido venceu o confronto, mas a Argentina nunca abandonou a disputa pelo arquip\u00e9lago. No \u00faltimo domingo, o presidente argentino, Alberto Fern\u00e1ndez, divulgou um artigo, enfatizando que o conjunto de ilhas faz parte do territ\u00f3rio argentino.<\/p>\n<p>\u201cVamos recuperar a soberania sobre as Ilhas Malvinas de maneira pac\u00edfica\u201d, comprometeu-se o presidente. No entanto, a parte brit\u00e2nica continua fechando os olhos sobre o pedido dos argentinos, feito de acordo com resolu\u00e7\u00f5es concernentes das Na\u00e7\u00f5es Unidas.<\/p>\n<p>Um arquip\u00e9lago de 11.718 quil\u00f4metros quadrados de superf\u00edcie, frio e rico em recursos, localizado no Atl\u00e2ntico Sul e a cerca de 600 quil\u00f4metros da costa da Argentina. Estes s\u00e3o os atributos principais da por\u00e7\u00e3o insular no sul da Am\u00e9rica.<\/p>\n<p>Em 1816, quando a Argentina conseguiu a independ\u00eancia, anunciou que iria herdar a soberania da Espanha sobre todas as ilhas da sua costa. No entanto, o Reino Unido ocupou a regi\u00e3o em 1833 e come\u00e7ou a administra\u00e7\u00e3o colonial.<\/p>\n<p>Por isso, a quest\u00e3o das Malvinas \u00e9 um pomo de disc\u00f3rdia do colonialismo. Em 1965, a\u00a0 resolu\u00e7\u00e3o 2065 da Assembleia Geral da ONU decidiu que a quest\u00e3o estava no \u00e2mbito da descoloniza\u00e7\u00e3o e pediu uma solu\u00e7\u00e3o da disputa por meio de negocia\u00e7\u00f5es.<\/p>\n<p>Em 2016, a Comiss\u00e3o da ONU sobre os Limites da Plataforma Continental determinou que as Malvinas est\u00e3o localizadas dentro das \u00e1guas territoriais argentinas. Al\u00e9m disso, o Comit\u00ea Especial das Na\u00e7\u00f5es Unidas sobre Descoloniza\u00e7\u00e3o exigiu, em v\u00e1rias ocasi\u00f5es, tratativas entre o Reino Unido e a Argentina para resolver o problema, mas Londres sempre recusou esta via.<\/p>\n<p>A import\u00e2ncia geogr\u00e1fica do arquip\u00e9lago \u00e9 a raz\u00e3o pela qual os brit\u00e2nicos querem manter o lugar sob seu dom\u00ednio, mesmo que o territ\u00f3rio fique muito distante do Reino Unido. As ilhas est\u00e3o situadas em uma posi\u00e7\u00e3o crucial entre o Atl\u00e2ntico Sul e o Pac\u00edfico Sul. Os brit\u00e2nicos t\u00eam sua base militar nas Malvinas e realizam periodicamente manobras no local.<\/p>\n<p>Os ricos recursos minerais s\u00e3o outro motivo para os atuais ocupantes n\u00e3o quererem deixar as ilhas.<\/p>\n<p>Contudo, a era do colonialismo j\u00e1 passou e jamais voltar\u00e1. O Reino Unido deve respeitar as decis\u00f5es das Na\u00e7\u00f5es Unidas e devolver o mais cedo poss\u00edvel as Ilhas Malvinas para a Argentina.<\/p>\n","protected":false},"excerpt":{"rendered":"<p>A Guerra das Malvinas completou 41 anos em dois de abril. Os argentinos, como sempre, fizeram muitas atividades para lembrar a data especial e homenagear as pessoas que morreram na batalha para defender a soberania e integridade territorial. A batalha&#8230;<\/p>\n","protected":false},"author":2,"featured_media":0,"comment_status":"open","ping_status":"open","sticky":false,"template":"","format":"standard","meta":{"footnotes":""},"categories":[7],"tags":[],"class_list":["post-1106","post","type-post","status-publish","format-standard","hentry","category-visao"],"yoast_head":"<!-- This site is optimized with the Yoast SEO plugin v27.4 - https:\/\/yoast.com\/product\/yoast-seo-wordpress\/ -->\n<title>Coment\u00e1rio: Reino Unido deve devolver as Ilhas Malvinas para Argentina - CRI e Diario de Pernambuco<\/title>\n<meta name=\"robots\" content=\"index, follow, max-snippet:-1, max-image-preview:large, max-video-preview:-1\" \/>\n<link rel=\"canonical\" href=\"https:\/\/diariodepe.com.br\/cri\/2023\/04\/18\/comentario-reino-unido-deve-devolver-as-ilhas-malvinas-para-argentina\/\" \/>\n<meta property=\"og:locale\" content=\"pt_BR\" \/>\n<meta property=\"og:type\" content=\"article\" \/>\n<meta property=\"og:title\" content=\"Coment\u00e1rio: Reino Unido deve devolver as Ilhas Malvinas para Argentina - CRI e Diario de Pernambuco\" \/>\n<meta property=\"og:description\" content=\"A Guerra das Malvinas completou 41 anos em dois de abril. Os argentinos, como sempre, fizeram muitas atividades para lembrar a data especial e homenagear as pessoas que morreram na batalha para defender a soberania e integridade territorial. A batalha...\" \/>\n<meta property=\"og:url\" content=\"https:\/\/diariodepe.com.br\/cri\/2023\/04\/18\/comentario-reino-unido-deve-devolver-as-ilhas-malvinas-para-argentina\/\" \/>\n<meta property=\"og:site_name\" content=\"CRI e Diario de Pernambuco\" \/>\n<meta property=\"article:published_time\" content=\"2023-04-19T02:26:01+00:00\" \/>\n<meta name=\"author\" content=\"Ismael Lucas S. Pereira\" \/>\n<meta name=\"twitter:card\" content=\"summary_large_image\" \/>\n<meta name=\"twitter:label1\" content=\"Escrito por\" \/>\n\t<meta name=\"twitter:data1\" content=\"Ismael Lucas S. Pereira\" \/>\n\t<meta name=\"twitter:label2\" content=\"Est. tempo de leitura\" \/>\n\t<meta name=\"twitter:data2\" content=\"3 minutos\" \/>\n<script type=\"application\/ld+json\" class=\"yoast-schema-graph\">{\"@context\":\"https:\\\/\\\/schema.org\",\"@graph\":[{\"@type\":\"Article\",\"@id\":\"https:\\\/\\\/diariodepe.com.br\\\/cri\\\/2023\\\/04\\\/18\\\/comentario-reino-unido-deve-devolver-as-ilhas-malvinas-para-argentina\\\/#article\",\"isPartOf\":{\"@id\":\"https:\\\/\\\/diariodepe.com.br\\\/cri\\\/2023\\\/04\\\/18\\\/comentario-reino-unido-deve-devolver-as-ilhas-malvinas-para-argentina\\\/\"},\"author\":{\"name\":\"Ismael Lucas S. Pereira\",\"@id\":\"https:\\\/\\\/diariodepe.com.br\\\/cri\\\/#\\\/schema\\\/person\\\/121bb28d84f1a5b1205ef4ce9c2e0c6b\"},\"headline\":\"Coment\u00e1rio: Reino Unido deve devolver as Ilhas Malvinas para Argentina\",\"datePublished\":\"2023-04-19T02:26:01+00:00\",\"mainEntityOfPage\":{\"@id\":\"https:\\\/\\\/diariodepe.com.br\\\/cri\\\/2023\\\/04\\\/18\\\/comentario-reino-unido-deve-devolver-as-ilhas-malvinas-para-argentina\\\/\"},\"wordCount\":464,\"commentCount\":0,\"publisher\":{\"@id\":\"https:\\\/\\\/diariodepe.com.br\\\/cri\\\/#organization\"},\"articleSection\":[\"Vis\u00e3o\"],\"inLanguage\":\"pt-BR\",\"potentialAction\":[{\"@type\":\"CommentAction\",\"name\":\"Comment\",\"target\":[\"https:\\\/\\\/diariodepe.com.br\\\/cri\\\/2023\\\/04\\\/18\\\/comentario-reino-unido-deve-devolver-as-ilhas-malvinas-para-argentina\\\/#respond\"]}]},{\"@type\":\"WebPage\",\"@id\":\"https:\\\/\\\/diariodepe.com.br\\\/cri\\\/2023\\\/04\\\/18\\\/comentario-reino-unido-deve-devolver-as-ilhas-malvinas-para-argentina\\\/\",\"url\":\"https:\\\/\\\/diariodepe.com.br\\\/cri\\\/2023\\\/04\\\/18\\\/comentario-reino-unido-deve-devolver-as-ilhas-malvinas-para-argentina\\\/\",\"name\":\"Coment\u00e1rio: Reino Unido deve devolver as Ilhas Malvinas para Argentina - CRI e Diario de Pernambuco\",\"isPartOf\":{\"@id\":\"https:\\\/\\\/diariodepe.com.br\\\/cri\\\/#website\"},\"datePublished\":\"2023-04-19T02:26:01+00:00\",\"breadcrumb\":{\"@id\":\"https:\\\/\\\/diariodepe.com.br\\\/cri\\\/2023\\\/04\\\/18\\\/comentario-reino-unido-deve-devolver-as-ilhas-malvinas-para-argentina\\\/#breadcrumb\"},\"inLanguage\":\"pt-BR\",\"potentialAction\":[{\"@type\":\"ReadAction\",\"target\":[\"https:\\\/\\\/diariodepe.com.br\\\/cri\\\/2023\\\/04\\\/18\\\/comentario-reino-unido-deve-devolver-as-ilhas-malvinas-para-argentina\\\/\"]}]},{\"@type\":\"BreadcrumbList\",\"@id\":\"https:\\\/\\\/diariodepe.com.br\\\/cri\\\/2023\\\/04\\\/18\\\/comentario-reino-unido-deve-devolver-as-ilhas-malvinas-para-argentina\\\/#breadcrumb\",\"itemListElement\":[{\"@type\":\"ListItem\",\"position\":1,\"name\":\"In\u00edcio\",\"item\":\"https:\\\/\\\/diariodepe.com.br\\\/cri\\\/\"},{\"@type\":\"ListItem\",\"position\":2,\"name\":\"Coment\u00e1rio: Reino Unido deve devolver as Ilhas Malvinas para Argentina\"}]},{\"@type\":\"WebSite\",\"@id\":\"https:\\\/\\\/diariodepe.com.br\\\/cri\\\/#website\",\"url\":\"https:\\\/\\\/diariodepe.com.br\\\/cri\\\/\",\"name\":\"CRI e Diario de Pernambuco\",\"description\":\"R\u00e1dio Internacional da China\",\"publisher\":{\"@id\":\"https:\\\/\\\/diariodepe.com.br\\\/cri\\\/#organization\"},\"potentialAction\":[{\"@type\":\"SearchAction\",\"target\":{\"@type\":\"EntryPoint\",\"urlTemplate\":\"https:\\\/\\\/diariodepe.com.br\\\/cri\\\/?s={search_term_string}\"},\"query-input\":{\"@type\":\"PropertyValueSpecification\",\"valueRequired\":true,\"valueName\":\"search_term_string\"}}],\"inLanguage\":\"pt-BR\"},{\"@type\":\"Organization\",\"@id\":\"https:\\\/\\\/diariodepe.com.br\\\/cri\\\/#organization\",\"name\":\"CRI e Diario de Pernambuco\",\"url\":\"https:\\\/\\\/diariodepe.com.br\\\/cri\\\/\",\"logo\":{\"@type\":\"ImageObject\",\"inLanguage\":\"pt-BR\",\"@id\":\"https:\\\/\\\/diariodepe.com.br\\\/cri\\\/#\\\/schema\\\/logo\\\/image\\\/\",\"url\":\"https:\\\/\\\/diariodepe.com.br\\\/cri\\\/wp-content\\\/uploads\\\/sites\\\/2\\\/2022\\\/12\\\/cropped-Logo.jpg\",\"contentUrl\":\"https:\\\/\\\/diariodepe.com.br\\\/cri\\\/wp-content\\\/uploads\\\/sites\\\/2\\\/2022\\\/12\\\/cropped-Logo.jpg\",\"width\":700,\"height\":59,\"caption\":\"CRI e Diario de Pernambuco\"},\"image\":{\"@id\":\"https:\\\/\\\/diariodepe.com.br\\\/cri\\\/#\\\/schema\\\/logo\\\/image\\\/\"}},{\"@type\":\"Person\",\"@id\":\"https:\\\/\\\/diariodepe.com.br\\\/cri\\\/#\\\/schema\\\/person\\\/121bb28d84f1a5b1205ef4ce9c2e0c6b\",\"name\":\"Ismael Lucas S. Pereira\",\"image\":{\"@type\":\"ImageObject\",\"inLanguage\":\"pt-BR\",\"@id\":\"https:\\\/\\\/secure.gravatar.com\\\/avatar\\\/887a0f3b5a7ceea963a48499fb883ffce6b5037362def025c52c2505b15d63e4?s=96&d=mm&r=g\",\"url\":\"https:\\\/\\\/secure.gravatar.com\\\/avatar\\\/887a0f3b5a7ceea963a48499fb883ffce6b5037362def025c52c2505b15d63e4?s=96&d=mm&r=g\",\"contentUrl\":\"https:\\\/\\\/secure.gravatar.com\\\/avatar\\\/887a0f3b5a7ceea963a48499fb883ffce6b5037362def025c52c2505b15d63e4?s=96&d=mm&r=g\",\"caption\":\"Ismael Lucas S. Pereira\"},\"url\":\"https:\\\/\\\/diariodepe.com.br\\\/cri\\\/author\\\/ismael-lucas\\\/\"}]}<\/script>\n<!-- \/ Yoast SEO plugin. -->","yoast_head_json":{"title":"Coment\u00e1rio: Reino Unido deve devolver as Ilhas Malvinas para Argentina - CRI e Diario de Pernambuco","robots":{"index":"index","follow":"follow","max-snippet":"max-snippet:-1","max-image-preview":"max-image-preview:large","max-video-preview":"max-video-preview:-1"},"canonical":"https:\/\/diariodepe.com.br\/cri\/2023\/04\/18\/comentario-reino-unido-deve-devolver-as-ilhas-malvinas-para-argentina\/","og_locale":"pt_BR","og_type":"article","og_title":"Coment\u00e1rio: Reino Unido deve devolver as Ilhas Malvinas para Argentina - CRI e Diario de Pernambuco","og_description":"A Guerra das Malvinas completou 41 anos em dois de abril. Os argentinos, como sempre, fizeram muitas atividades para lembrar a data especial e homenagear as pessoas que morreram na batalha para defender a soberania e integridade territorial. A batalha...","og_url":"https:\/\/diariodepe.com.br\/cri\/2023\/04\/18\/comentario-reino-unido-deve-devolver-as-ilhas-malvinas-para-argentina\/","og_site_name":"CRI e Diario de Pernambuco","article_published_time":"2023-04-19T02:26:01+00:00","author":"Ismael Lucas S. Pereira","twitter_card":"summary_large_image","twitter_misc":{"Escrito por":"Ismael Lucas S. Pereira","Est. tempo de leitura":"3 minutos"},"schema":{"@context":"https:\/\/schema.org","@graph":[{"@type":"Article","@id":"https:\/\/diariodepe.com.br\/cri\/2023\/04\/18\/comentario-reino-unido-deve-devolver-as-ilhas-malvinas-para-argentina\/#article","isPartOf":{"@id":"https:\/\/diariodepe.com.br\/cri\/2023\/04\/18\/comentario-reino-unido-deve-devolver-as-ilhas-malvinas-para-argentina\/"},"author":{"name":"Ismael Lucas S. Pereira","@id":"https:\/\/diariodepe.com.br\/cri\/#\/schema\/person\/121bb28d84f1a5b1205ef4ce9c2e0c6b"},"headline":"Coment\u00e1rio: Reino Unido deve devolver as Ilhas Malvinas para Argentina","datePublished":"2023-04-19T02:26:01+00:00","mainEntityOfPage":{"@id":"https:\/\/diariodepe.com.br\/cri\/2023\/04\/18\/comentario-reino-unido-deve-devolver-as-ilhas-malvinas-para-argentina\/"},"wordCount":464,"commentCount":0,"publisher":{"@id":"https:\/\/diariodepe.com.br\/cri\/#organization"},"articleSection":["Vis\u00e3o"],"inLanguage":"pt-BR","potentialAction":[{"@type":"CommentAction","name":"Comment","target":["https:\/\/diariodepe.com.br\/cri\/2023\/04\/18\/comentario-reino-unido-deve-devolver-as-ilhas-malvinas-para-argentina\/#respond"]}]},{"@type":"WebPage","@id":"https:\/\/diariodepe.com.br\/cri\/2023\/04\/18\/comentario-reino-unido-deve-devolver-as-ilhas-malvinas-para-argentina\/","url":"https:\/\/diariodepe.com.br\/cri\/2023\/04\/18\/comentario-reino-unido-deve-devolver-as-ilhas-malvinas-para-argentina\/","name":"Coment\u00e1rio: Reino Unido deve devolver as Ilhas Malvinas para Argentina - CRI e Diario de Pernambuco","isPartOf":{"@id":"https:\/\/diariodepe.com.br\/cri\/#website"},"datePublished":"2023-04-19T02:26:01+00:00","breadcrumb":{"@id":"https:\/\/diariodepe.com.br\/cri\/2023\/04\/18\/comentario-reino-unido-deve-devolver-as-ilhas-malvinas-para-argentina\/#breadcrumb"},"inLanguage":"pt-BR","potentialAction":[{"@type":"ReadAction","target":["https:\/\/diariodepe.com.br\/cri\/2023\/04\/18\/comentario-reino-unido-deve-devolver-as-ilhas-malvinas-para-argentina\/"]}]},{"@type":"BreadcrumbList","@id":"https:\/\/diariodepe.com.br\/cri\/2023\/04\/18\/comentario-reino-unido-deve-devolver-as-ilhas-malvinas-para-argentina\/#breadcrumb","itemListElement":[{"@type":"ListItem","position":1,"name":"In\u00edcio","item":"https:\/\/diariodepe.com.br\/cri\/"},{"@type":"ListItem","position":2,"name":"Coment\u00e1rio: Reino Unido deve devolver as Ilhas Malvinas para Argentina"}]},{"@type":"WebSite","@id":"https:\/\/diariodepe.com.br\/cri\/#website","url":"https:\/\/diariodepe.com.br\/cri\/","name":"CRI e Diario de Pernambuco","description":"R\u00e1dio Internacional da China","publisher":{"@id":"https:\/\/diariodepe.com.br\/cri\/#organization"},"potentialAction":[{"@type":"SearchAction","target":{"@type":"EntryPoint","urlTemplate":"https:\/\/diariodepe.com.br\/cri\/?s={search_term_string}"},"query-input":{"@type":"PropertyValueSpecification","valueRequired":true,"valueName":"search_term_string"}}],"inLanguage":"pt-BR"},{"@type":"Organization","@id":"https:\/\/diariodepe.com.br\/cri\/#organization","name":"CRI e Diario de Pernambuco","url":"https:\/\/diariodepe.com.br\/cri\/","logo":{"@type":"ImageObject","inLanguage":"pt-BR","@id":"https:\/\/diariodepe.com.br\/cri\/#\/schema\/logo\/image\/","url":"https:\/\/diariodepe.com.br\/cri\/wp-content\/uploads\/sites\/2\/2022\/12\/cropped-Logo.jpg","contentUrl":"https:\/\/diariodepe.com.br\/cri\/wp-content\/uploads\/sites\/2\/2022\/12\/cropped-Logo.jpg","width":700,"height":59,"caption":"CRI e Diario de Pernambuco"},"image":{"@id":"https:\/\/diariodepe.com.br\/cri\/#\/schema\/logo\/image\/"}},{"@type":"Person","@id":"https:\/\/diariodepe.com.br\/cri\/#\/schema\/person\/121bb28d84f1a5b1205ef4ce9c2e0c6b","name":"Ismael Lucas S. Pereira","image":{"@type":"ImageObject","inLanguage":"pt-BR","@id":"https:\/\/secure.gravatar.com\/avatar\/887a0f3b5a7ceea963a48499fb883ffce6b5037362def025c52c2505b15d63e4?s=96&d=mm&r=g","url":"https:\/\/secure.gravatar.com\/avatar\/887a0f3b5a7ceea963a48499fb883ffce6b5037362def025c52c2505b15d63e4?s=96&d=mm&r=g","contentUrl":"https:\/\/secure.gravatar.com\/avatar\/887a0f3b5a7ceea963a48499fb883ffce6b5037362def025c52c2505b15d63e4?s=96&d=mm&r=g","caption":"Ismael Lucas S. Pereira"},"url":"https:\/\/diariodepe.com.br\/cri\/author\/ismael-lucas\/"}]}},"cc_featured_image_caption":{"caption_text":false,"source_text":false,"source_url":false},"amp_enabled":true,"_links":{"self":[{"href":"https:\/\/diariodepe.com.br\/cri\/wp-json\/wp\/v2\/posts\/1106","targetHints":{"allow":["GET"]}}],"collection":[{"href":"https:\/\/diariodepe.com.br\/cri\/wp-json\/wp\/v2\/posts"}],"about":[{"href":"https:\/\/diariodepe.com.br\/cri\/wp-json\/wp\/v2\/types\/post"}],"author":[{"embeddable":true,"href":"https:\/\/diariodepe.com.br\/cri\/wp-json\/wp\/v2\/users\/2"}],"replies":[{"embeddable":true,"href":"https:\/\/diariodepe.com.br\/cri\/wp-json\/wp\/v2\/comments?post=1106"}],"version-history":[{"count":1,"href":"https:\/\/diariodepe.com.br\/cri\/wp-json\/wp\/v2\/posts\/1106\/revisions"}],"predecessor-version":[{"id":1107,"href":"https:\/\/diariodepe.com.br\/cri\/wp-json\/wp\/v2\/posts\/1106\/revisions\/1107"}],"wp:attachment":[{"href":"https:\/\/diariodepe.com.br\/cri\/wp-json\/wp\/v2\/media?parent=1106"}],"wp:term":[{"taxonomy":"category","embeddable":true,"href":"https:\/\/diariodepe.com.br\/cri\/wp-json\/wp\/v2\/categories?post=1106"},{"taxonomy":"post_tag","embeddable":true,"href":"https:\/\/diariodepe.com.br\/cri\/wp-json\/wp\/v2\/tags?post=1106"}],"curies":[{"name":"wp","href":"https:\/\/api.w.org\/{rel}","templated":true}]}}