{"id":1104,"date":"2023-04-18T23:24:42","date_gmt":"2023-04-19T02:24:42","guid":{"rendered":"https:\/\/diariodepe.com.br\/cri\/?p=1104"},"modified":"2023-04-18T23:24:42","modified_gmt":"2023-04-19T02:24:42","slug":"china-exige-que-eua-que-nao-facam-contato-com-tsai-ing-wen","status":"publish","type":"post","link":"https:\/\/diariodepe.com.br\/cri\/2023\/04\/18\/china-exige-que-eua-que-nao-facam-contato-com-tsai-ing-wen\/","title":{"rendered":"China exige que EUA que n\u00e3o fa\u00e7am contato com Tsai Ing-wen"},"content":{"rendered":"<p>A China exige que os Estados Unidos n\u00e3o fa\u00e7am contato entre seus oficiais e Tsai Ing-wen durante sua conex\u00e3o no pa\u00eds norte-americano, afirmou a porta-voz do Minist\u00e9rio das Rela\u00e7\u00f5es Exteriores da China, Mao Ning, em uma coletiva de imprensa nesta ter\u00e7a-feira (4).<\/p>\n<p>A imprensa informou que, durante dias 4 e 6 deste m\u00eas, Tsai Ing-wen, l\u00edder de Taiwan, far\u00e1 uma visita aos EUA durante uma conex\u00e3o de seu voo no pa\u00eds e se reunir\u00e1 o presidente da C\u00e2mara dos Representantes dos Estados Unidos, Kevin McCarthy.<\/p>\n<p>Mao Ning afirmou que a parte chinesa se op\u00f5e firmemente ao arranjo da visita de Tsai pela parte norte-americana e ao poss\u00edvel encontro entre ela e Kevin McCarthy. O ato dos EUA, segundo Mao, \u00e9 uma viola\u00e7\u00e3o grave do princ\u00edpio de uma s\u00f3 China e das disposi\u00e7\u00f5es dos tr\u00eas comunicados conjuntos China-EUA, prejudicando a soberania e a integridade territorial da China.<\/p>\n<p>Mao Ning tamb\u00e9m salientou que a China acompanhar\u00e1 estreitamente o assunto e tomar\u00e1 medidas resolutas para salvaguardar a soberania e integridade territorial do pa\u00eds.<\/p>\n","protected":false},"excerpt":{"rendered":"<p>A China exige que os Estados Unidos n\u00e3o fa\u00e7am contato entre seus oficiais e Tsai Ing-wen durante sua conex\u00e3o no pa\u00eds norte-americano, afirmou a porta-voz do Minist\u00e9rio das Rela\u00e7\u00f5es Exteriores da China, Mao Ning, em uma coletiva de imprensa nesta&#8230;<\/p>\n","protected":false},"author":2,"featured_media":0,"comment_status":"open","ping_status":"open","sticky":false,"template":"","format":"standard","meta":{"footnotes":""},"categories":[8],"tags":[],"class_list":["post-1104","post","type-post","status-publish","format-standard","hentry","category-internacional"],"yoast_head":"<!-- This site is optimized with the Yoast SEO plugin v27.4 - https:\/\/yoast.com\/product\/yoast-seo-wordpress\/ -->\n<title>China exige que EUA que n\u00e3o fa\u00e7am contato com Tsai Ing-wen - CRI e Diario de Pernambuco<\/title>\n<meta name=\"robots\" content=\"index, follow, max-snippet:-1, max-image-preview:large, max-video-preview:-1\" \/>\n<link rel=\"canonical\" href=\"https:\/\/diariodepe.com.br\/cri\/2023\/04\/18\/china-exige-que-eua-que-nao-facam-contato-com-tsai-ing-wen\/\" \/>\n<meta property=\"og:locale\" content=\"pt_BR\" \/>\n<meta property=\"og:type\" content=\"article\" \/>\n<meta property=\"og:title\" content=\"China exige que EUA que n\u00e3o fa\u00e7am contato com Tsai Ing-wen - CRI e Diario de Pernambuco\" \/>\n<meta property=\"og:description\" content=\"A China exige que os Estados Unidos n\u00e3o fa\u00e7am contato entre seus oficiais e Tsai Ing-wen durante sua conex\u00e3o no pa\u00eds norte-americano, afirmou a porta-voz do Minist\u00e9rio das Rela\u00e7\u00f5es Exteriores da China, Mao Ning, em uma coletiva de imprensa nesta...\" \/>\n<meta property=\"og:url\" content=\"https:\/\/diariodepe.com.br\/cri\/2023\/04\/18\/china-exige-que-eua-que-nao-facam-contato-com-tsai-ing-wen\/\" \/>\n<meta property=\"og:site_name\" content=\"CRI e Diario de Pernambuco\" \/>\n<meta property=\"article:published_time\" content=\"2023-04-19T02:24:42+00:00\" \/>\n<meta name=\"author\" content=\"Ismael Lucas S. Pereira\" \/>\n<meta name=\"twitter:card\" content=\"summary_large_image\" \/>\n<meta name=\"twitter:label1\" content=\"Escrito por\" \/>\n\t<meta name=\"twitter:data1\" content=\"Ismael Lucas S. Pereira\" \/>\n\t<meta name=\"twitter:label2\" content=\"Est. tempo de leitura\" \/>\n\t<meta name=\"twitter:data2\" content=\"1 minuto\" \/>\n<script type=\"application\/ld+json\" class=\"yoast-schema-graph\">{\"@context\":\"https:\\\/\\\/schema.org\",\"@graph\":[{\"@type\":\"Article\",\"@id\":\"https:\\\/\\\/diariodepe.com.br\\\/cri\\\/2023\\\/04\\\/18\\\/china-exige-que-eua-que-nao-facam-contato-com-tsai-ing-wen\\\/#article\",\"isPartOf\":{\"@id\":\"https:\\\/\\\/diariodepe.com.br\\\/cri\\\/2023\\\/04\\\/18\\\/china-exige-que-eua-que-nao-facam-contato-com-tsai-ing-wen\\\/\"},\"author\":{\"name\":\"Ismael Lucas S. Pereira\",\"@id\":\"https:\\\/\\\/diariodepe.com.br\\\/cri\\\/#\\\/schema\\\/person\\\/121bb28d84f1a5b1205ef4ce9c2e0c6b\"},\"headline\":\"China exige que EUA que n\u00e3o fa\u00e7am contato com Tsai Ing-wen\",\"datePublished\":\"2023-04-19T02:24:42+00:00\",\"mainEntityOfPage\":{\"@id\":\"https:\\\/\\\/diariodepe.com.br\\\/cri\\\/2023\\\/04\\\/18\\\/china-exige-que-eua-que-nao-facam-contato-com-tsai-ing-wen\\\/\"},\"wordCount\":199,\"commentCount\":0,\"publisher\":{\"@id\":\"https:\\\/\\\/diariodepe.com.br\\\/cri\\\/#organization\"},\"articleSection\":[\"Internacional\"],\"inLanguage\":\"pt-BR\",\"potentialAction\":[{\"@type\":\"CommentAction\",\"name\":\"Comment\",\"target\":[\"https:\\\/\\\/diariodepe.com.br\\\/cri\\\/2023\\\/04\\\/18\\\/china-exige-que-eua-que-nao-facam-contato-com-tsai-ing-wen\\\/#respond\"]}]},{\"@type\":\"WebPage\",\"@id\":\"https:\\\/\\\/diariodepe.com.br\\\/cri\\\/2023\\\/04\\\/18\\\/china-exige-que-eua-que-nao-facam-contato-com-tsai-ing-wen\\\/\",\"url\":\"https:\\\/\\\/diariodepe.com.br\\\/cri\\\/2023\\\/04\\\/18\\\/china-exige-que-eua-que-nao-facam-contato-com-tsai-ing-wen\\\/\",\"name\":\"China exige que EUA que n\u00e3o fa\u00e7am contato com Tsai Ing-wen - CRI e Diario de Pernambuco\",\"isPartOf\":{\"@id\":\"https:\\\/\\\/diariodepe.com.br\\\/cri\\\/#website\"},\"datePublished\":\"2023-04-19T02:24:42+00:00\",\"breadcrumb\":{\"@id\":\"https:\\\/\\\/diariodepe.com.br\\\/cri\\\/2023\\\/04\\\/18\\\/china-exige-que-eua-que-nao-facam-contato-com-tsai-ing-wen\\\/#breadcrumb\"},\"inLanguage\":\"pt-BR\",\"potentialAction\":[{\"@type\":\"ReadAction\",\"target\":[\"https:\\\/\\\/diariodepe.com.br\\\/cri\\\/2023\\\/04\\\/18\\\/china-exige-que-eua-que-nao-facam-contato-com-tsai-ing-wen\\\/\"]}]},{\"@type\":\"BreadcrumbList\",\"@id\":\"https:\\\/\\\/diariodepe.com.br\\\/cri\\\/2023\\\/04\\\/18\\\/china-exige-que-eua-que-nao-facam-contato-com-tsai-ing-wen\\\/#breadcrumb\",\"itemListElement\":[{\"@type\":\"ListItem\",\"position\":1,\"name\":\"In\u00edcio\",\"item\":\"https:\\\/\\\/diariodepe.com.br\\\/cri\\\/\"},{\"@type\":\"ListItem\",\"position\":2,\"name\":\"China exige que EUA que n\u00e3o fa\u00e7am contato com Tsai Ing-wen\"}]},{\"@type\":\"WebSite\",\"@id\":\"https:\\\/\\\/diariodepe.com.br\\\/cri\\\/#website\",\"url\":\"https:\\\/\\\/diariodepe.com.br\\\/cri\\\/\",\"name\":\"CRI e Diario de Pernambuco\",\"description\":\"R\u00e1dio Internacional da China\",\"publisher\":{\"@id\":\"https:\\\/\\\/diariodepe.com.br\\\/cri\\\/#organization\"},\"potentialAction\":[{\"@type\":\"SearchAction\",\"target\":{\"@type\":\"EntryPoint\",\"urlTemplate\":\"https:\\\/\\\/diariodepe.com.br\\\/cri\\\/?s={search_term_string}\"},\"query-input\":{\"@type\":\"PropertyValueSpecification\",\"valueRequired\":true,\"valueName\":\"search_term_string\"}}],\"inLanguage\":\"pt-BR\"},{\"@type\":\"Organization\",\"@id\":\"https:\\\/\\\/diariodepe.com.br\\\/cri\\\/#organization\",\"name\":\"CRI e Diario de Pernambuco\",\"url\":\"https:\\\/\\\/diariodepe.com.br\\\/cri\\\/\",\"logo\":{\"@type\":\"ImageObject\",\"inLanguage\":\"pt-BR\",\"@id\":\"https:\\\/\\\/diariodepe.com.br\\\/cri\\\/#\\\/schema\\\/logo\\\/image\\\/\",\"url\":\"https:\\\/\\\/diariodepe.com.br\\\/cri\\\/wp-content\\\/uploads\\\/sites\\\/2\\\/2022\\\/12\\\/cropped-Logo.jpg\",\"contentUrl\":\"https:\\\/\\\/diariodepe.com.br\\\/cri\\\/wp-content\\\/uploads\\\/sites\\\/2\\\/2022\\\/12\\\/cropped-Logo.jpg\",\"width\":700,\"height\":59,\"caption\":\"CRI e Diario de Pernambuco\"},\"image\":{\"@id\":\"https:\\\/\\\/diariodepe.com.br\\\/cri\\\/#\\\/schema\\\/logo\\\/image\\\/\"}},{\"@type\":\"Person\",\"@id\":\"https:\\\/\\\/diariodepe.com.br\\\/cri\\\/#\\\/schema\\\/person\\\/121bb28d84f1a5b1205ef4ce9c2e0c6b\",\"name\":\"Ismael Lucas S. Pereira\",\"image\":{\"@type\":\"ImageObject\",\"inLanguage\":\"pt-BR\",\"@id\":\"https:\\\/\\\/secure.gravatar.com\\\/avatar\\\/887a0f3b5a7ceea963a48499fb883ffce6b5037362def025c52c2505b15d63e4?s=96&d=mm&r=g\",\"url\":\"https:\\\/\\\/secure.gravatar.com\\\/avatar\\\/887a0f3b5a7ceea963a48499fb883ffce6b5037362def025c52c2505b15d63e4?s=96&d=mm&r=g\",\"contentUrl\":\"https:\\\/\\\/secure.gravatar.com\\\/avatar\\\/887a0f3b5a7ceea963a48499fb883ffce6b5037362def025c52c2505b15d63e4?s=96&d=mm&r=g\",\"caption\":\"Ismael Lucas S. Pereira\"},\"url\":\"https:\\\/\\\/diariodepe.com.br\\\/cri\\\/author\\\/ismael-lucas\\\/\"}]}<\/script>\n<!-- \/ Yoast SEO plugin. -->","yoast_head_json":{"title":"China exige que EUA que n\u00e3o fa\u00e7am contato com Tsai Ing-wen - CRI e Diario de Pernambuco","robots":{"index":"index","follow":"follow","max-snippet":"max-snippet:-1","max-image-preview":"max-image-preview:large","max-video-preview":"max-video-preview:-1"},"canonical":"https:\/\/diariodepe.com.br\/cri\/2023\/04\/18\/china-exige-que-eua-que-nao-facam-contato-com-tsai-ing-wen\/","og_locale":"pt_BR","og_type":"article","og_title":"China exige que EUA que n\u00e3o fa\u00e7am contato com Tsai Ing-wen - CRI e Diario de Pernambuco","og_description":"A China exige que os Estados Unidos n\u00e3o fa\u00e7am contato entre seus oficiais e Tsai Ing-wen durante sua conex\u00e3o no pa\u00eds norte-americano, afirmou a porta-voz do Minist\u00e9rio das Rela\u00e7\u00f5es Exteriores da China, Mao Ning, em uma coletiva de imprensa nesta...","og_url":"https:\/\/diariodepe.com.br\/cri\/2023\/04\/18\/china-exige-que-eua-que-nao-facam-contato-com-tsai-ing-wen\/","og_site_name":"CRI e Diario de Pernambuco","article_published_time":"2023-04-19T02:24:42+00:00","author":"Ismael Lucas S. Pereira","twitter_card":"summary_large_image","twitter_misc":{"Escrito por":"Ismael Lucas S. Pereira","Est. tempo de leitura":"1 minuto"},"schema":{"@context":"https:\/\/schema.org","@graph":[{"@type":"Article","@id":"https:\/\/diariodepe.com.br\/cri\/2023\/04\/18\/china-exige-que-eua-que-nao-facam-contato-com-tsai-ing-wen\/#article","isPartOf":{"@id":"https:\/\/diariodepe.com.br\/cri\/2023\/04\/18\/china-exige-que-eua-que-nao-facam-contato-com-tsai-ing-wen\/"},"author":{"name":"Ismael Lucas S. Pereira","@id":"https:\/\/diariodepe.com.br\/cri\/#\/schema\/person\/121bb28d84f1a5b1205ef4ce9c2e0c6b"},"headline":"China exige que EUA que n\u00e3o fa\u00e7am contato com Tsai Ing-wen","datePublished":"2023-04-19T02:24:42+00:00","mainEntityOfPage":{"@id":"https:\/\/diariodepe.com.br\/cri\/2023\/04\/18\/china-exige-que-eua-que-nao-facam-contato-com-tsai-ing-wen\/"},"wordCount":199,"commentCount":0,"publisher":{"@id":"https:\/\/diariodepe.com.br\/cri\/#organization"},"articleSection":["Internacional"],"inLanguage":"pt-BR","potentialAction":[{"@type":"CommentAction","name":"Comment","target":["https:\/\/diariodepe.com.br\/cri\/2023\/04\/18\/china-exige-que-eua-que-nao-facam-contato-com-tsai-ing-wen\/#respond"]}]},{"@type":"WebPage","@id":"https:\/\/diariodepe.com.br\/cri\/2023\/04\/18\/china-exige-que-eua-que-nao-facam-contato-com-tsai-ing-wen\/","url":"https:\/\/diariodepe.com.br\/cri\/2023\/04\/18\/china-exige-que-eua-que-nao-facam-contato-com-tsai-ing-wen\/","name":"China exige que EUA que n\u00e3o fa\u00e7am contato com Tsai Ing-wen - CRI e Diario de Pernambuco","isPartOf":{"@id":"https:\/\/diariodepe.com.br\/cri\/#website"},"datePublished":"2023-04-19T02:24:42+00:00","breadcrumb":{"@id":"https:\/\/diariodepe.com.br\/cri\/2023\/04\/18\/china-exige-que-eua-que-nao-facam-contato-com-tsai-ing-wen\/#breadcrumb"},"inLanguage":"pt-BR","potentialAction":[{"@type":"ReadAction","target":["https:\/\/diariodepe.com.br\/cri\/2023\/04\/18\/china-exige-que-eua-que-nao-facam-contato-com-tsai-ing-wen\/"]}]},{"@type":"BreadcrumbList","@id":"https:\/\/diariodepe.com.br\/cri\/2023\/04\/18\/china-exige-que-eua-que-nao-facam-contato-com-tsai-ing-wen\/#breadcrumb","itemListElement":[{"@type":"ListItem","position":1,"name":"In\u00edcio","item":"https:\/\/diariodepe.com.br\/cri\/"},{"@type":"ListItem","position":2,"name":"China exige que EUA que n\u00e3o fa\u00e7am contato com Tsai Ing-wen"}]},{"@type":"WebSite","@id":"https:\/\/diariodepe.com.br\/cri\/#website","url":"https:\/\/diariodepe.com.br\/cri\/","name":"CRI e Diario de Pernambuco","description":"R\u00e1dio Internacional da China","publisher":{"@id":"https:\/\/diariodepe.com.br\/cri\/#organization"},"potentialAction":[{"@type":"SearchAction","target":{"@type":"EntryPoint","urlTemplate":"https:\/\/diariodepe.com.br\/cri\/?s={search_term_string}"},"query-input":{"@type":"PropertyValueSpecification","valueRequired":true,"valueName":"search_term_string"}}],"inLanguage":"pt-BR"},{"@type":"Organization","@id":"https:\/\/diariodepe.com.br\/cri\/#organization","name":"CRI e Diario de Pernambuco","url":"https:\/\/diariodepe.com.br\/cri\/","logo":{"@type":"ImageObject","inLanguage":"pt-BR","@id":"https:\/\/diariodepe.com.br\/cri\/#\/schema\/logo\/image\/","url":"https:\/\/diariodepe.com.br\/cri\/wp-content\/uploads\/sites\/2\/2022\/12\/cropped-Logo.jpg","contentUrl":"https:\/\/diariodepe.com.br\/cri\/wp-content\/uploads\/sites\/2\/2022\/12\/cropped-Logo.jpg","width":700,"height":59,"caption":"CRI e Diario de Pernambuco"},"image":{"@id":"https:\/\/diariodepe.com.br\/cri\/#\/schema\/logo\/image\/"}},{"@type":"Person","@id":"https:\/\/diariodepe.com.br\/cri\/#\/schema\/person\/121bb28d84f1a5b1205ef4ce9c2e0c6b","name":"Ismael Lucas S. Pereira","image":{"@type":"ImageObject","inLanguage":"pt-BR","@id":"https:\/\/secure.gravatar.com\/avatar\/887a0f3b5a7ceea963a48499fb883ffce6b5037362def025c52c2505b15d63e4?s=96&d=mm&r=g","url":"https:\/\/secure.gravatar.com\/avatar\/887a0f3b5a7ceea963a48499fb883ffce6b5037362def025c52c2505b15d63e4?s=96&d=mm&r=g","contentUrl":"https:\/\/secure.gravatar.com\/avatar\/887a0f3b5a7ceea963a48499fb883ffce6b5037362def025c52c2505b15d63e4?s=96&d=mm&r=g","caption":"Ismael Lucas S. Pereira"},"url":"https:\/\/diariodepe.com.br\/cri\/author\/ismael-lucas\/"}]}},"cc_featured_image_caption":{"caption_text":false,"source_text":false,"source_url":false},"amp_enabled":true,"_links":{"self":[{"href":"https:\/\/diariodepe.com.br\/cri\/wp-json\/wp\/v2\/posts\/1104","targetHints":{"allow":["GET"]}}],"collection":[{"href":"https:\/\/diariodepe.com.br\/cri\/wp-json\/wp\/v2\/posts"}],"about":[{"href":"https:\/\/diariodepe.com.br\/cri\/wp-json\/wp\/v2\/types\/post"}],"author":[{"embeddable":true,"href":"https:\/\/diariodepe.com.br\/cri\/wp-json\/wp\/v2\/users\/2"}],"replies":[{"embeddable":true,"href":"https:\/\/diariodepe.com.br\/cri\/wp-json\/wp\/v2\/comments?post=1104"}],"version-history":[{"count":1,"href":"https:\/\/diariodepe.com.br\/cri\/wp-json\/wp\/v2\/posts\/1104\/revisions"}],"predecessor-version":[{"id":1105,"href":"https:\/\/diariodepe.com.br\/cri\/wp-json\/wp\/v2\/posts\/1104\/revisions\/1105"}],"wp:attachment":[{"href":"https:\/\/diariodepe.com.br\/cri\/wp-json\/wp\/v2\/media?parent=1104"}],"wp:term":[{"taxonomy":"category","embeddable":true,"href":"https:\/\/diariodepe.com.br\/cri\/wp-json\/wp\/v2\/categories?post=1104"},{"taxonomy":"post_tag","embeddable":true,"href":"https:\/\/diariodepe.com.br\/cri\/wp-json\/wp\/v2\/tags?post=1104"}],"curies":[{"name":"wp","href":"https:\/\/api.w.org\/{rel}","templated":true}]}}