{"id":1095,"date":"2023-04-18T23:21:38","date_gmt":"2023-04-19T02:21:38","guid":{"rendered":"https:\/\/diariodepe.com.br\/cri\/?p=1095"},"modified":"2023-04-18T23:21:38","modified_gmt":"2023-04-19T02:21:38","slug":"chanceleres-da-china-e-do-japao-conversam-sobre-relacoes","status":"publish","type":"post","link":"https:\/\/diariodepe.com.br\/cri\/2023\/04\/18\/chanceleres-da-china-e-do-japao-conversam-sobre-relacoes\/","title":{"rendered":"Chanceleres da China e do Jap\u00e3o conversam sobre rela\u00e7\u00f5es"},"content":{"rendered":"<p>O conselheiro de Estado e ministro das Rela\u00e7\u00f5es Exteriores da China, Qin Gang, realizou conversas com Yoshimasa Hayashi, ministro japon\u00eas das Rela\u00e7\u00f5es Exteriores, em Beijing, no domingo.<\/p>\n<p>Observando que este ano marca o 45\u00ba anivers\u00e1rio da assinatura do Tratado de Paz e Amizade China-Jap\u00e3o, Qin disse que os dois lados devem, em linha com o consenso entre os l\u00edderes dos dois pa\u00edses, rever o esp\u00edrito do tratado, fortificar os interc\u00e2mbios e comunica\u00e7\u00e3o, e ultrapassar as dificuldades enquanto promovem os la\u00e7os bilaterais.<\/p>\n<p>Ele disse que uma li\u00e7\u00e3o profunda das rela\u00e7\u00f5es bilaterais ao longo do \u00faltimo meio s\u00e9culo \u00e9 que a coexist\u00eancia pac\u00edfica e a coopera\u00e7\u00e3o amistosa s\u00e3o as \u00fanicas escolhas corretas para ambos os lados. Observando que os quatro documentos pol\u00edticos entre a China e o Jap\u00e3o estabeleceram uma base pol\u00edtica e legal para os la\u00e7os bilaterais, Qin disse que manter as promessas e tirar li\u00e7\u00f5es da hist\u00f3ria s\u00e3o os pr\u00e9-requisitos para o crescimento est\u00e1vel e de longo prazo das rela\u00e7\u00f5es China-Jap\u00e3o.<\/p>\n<p>Ele pediu ao Jap\u00e3o que tenha uma compreens\u00e3o correta da China, trabalhe com o lado chin\u00eas para melhorar o di\u00e1logo e a comunica\u00e7\u00e3o, promova a coopera\u00e7\u00e3o pr\u00e1tica, aumente os interc\u00e2mbios entre pessoas, e gerencie adequadamente as diferen\u00e7as para construir uma rela\u00e7\u00e3o China-Jap\u00e3o que atenda aos requisitos da nova era.<\/p>\n<p>Em termos de descarga de \u00e1gua contaminada da usina nuclear de Fukushima Daiichi no Oceano Pac\u00edfico, o ministro das Rela\u00e7\u00f5es Exteriores chin\u00eas urgiu o Jap\u00e3o a lidar com o descarte de forma respons\u00e1vel, pois \u00e9 uma quest\u00e3o importante em rela\u00e7\u00e3o \u00e0 sa\u00fade p\u00fablica e \u00e0 seguran\u00e7a da humanidade.<\/p>\n<p>Em rela\u00e7\u00e3o \u00e0 quest\u00e3o de Taiwan, Qin disse que \u00e9 o n\u00facleo dos interesses centrais da China, e que tem a ver com a base pol\u00edtica das rela\u00e7\u00f5es China-Jap\u00e3o. A China pede ao Jap\u00e3o que respeite os princ\u00edpios consagrados nos quatro documentos pol\u00edticos entre os dois pa\u00edses e seu compromisso at\u00e9 agora, e se abstenha de interferir na quest\u00e3o de Taiwan ou minar a soberania da China de qualquer forma, afirmou.<\/p>\n<p>No caso de um cidad\u00e3o japon\u00eas suspeito de se envolver em atividades de espionagem na China, Qin enfatizou que a China lidar\u00e1 com isso de acordo com as leis relevantes.<\/p>\n<p>Por sua vez, Hayashi expressou a disposi\u00e7\u00e3o do Jap\u00e3o de trabalhar com a China, implementar o importante consenso alcan\u00e7ado pelos l\u00edderes dos dois pa\u00edses, respeitar os quatro documentos pol\u00edticos entre o Jap\u00e3o e a China, lidar adequadamente com quest\u00f5es de interesse comum, promover a constru\u00e7\u00e3o de rela\u00e7\u00f5es construtivas e est\u00e1veis entre o Jap\u00e3o e a China, e contribuir conjuntamente para a prosperidade e a estabilidade regionais e globais como pa\u00edses respons\u00e1veis.<\/p>\n<p>Os dois lados tamb\u00e9m trocaram pontos de vista sobre quest\u00f5es internacionais e regionais, incluindo a coopera\u00e7\u00e3o entre a China, o Jap\u00e3o e a Rep\u00fablica da Coreia, a situa\u00e7\u00e3o na Pen\u00ednsula Coreana e a reforma do Conselho de Seguran\u00e7a das Na\u00e7\u00f5es Unidas.<\/p>\n","protected":false},"excerpt":{"rendered":"<p>O conselheiro de Estado e ministro das Rela\u00e7\u00f5es Exteriores da China, Qin Gang, realizou conversas com Yoshimasa Hayashi, ministro japon\u00eas das Rela\u00e7\u00f5es Exteriores, em Beijing, no domingo. Observando que este ano marca o 45\u00ba anivers\u00e1rio da assinatura do Tratado de&#8230;<\/p>\n","protected":false},"author":2,"featured_media":0,"comment_status":"open","ping_status":"open","sticky":false,"template":"","format":"standard","meta":{"footnotes":""},"categories":[3],"tags":[],"class_list":["post-1095","post","type-post","status-publish","format-standard","hentry","category-china"],"yoast_head":"<!-- This site is optimized with the Yoast SEO plugin v27.4 - https:\/\/yoast.com\/product\/yoast-seo-wordpress\/ -->\n<title>Chanceleres da China e do Jap\u00e3o conversam sobre rela\u00e7\u00f5es - CRI e Diario de Pernambuco<\/title>\n<meta name=\"robots\" content=\"index, follow, max-snippet:-1, max-image-preview:large, max-video-preview:-1\" \/>\n<link rel=\"canonical\" href=\"https:\/\/diariodepe.com.br\/cri\/2023\/04\/18\/chanceleres-da-china-e-do-japao-conversam-sobre-relacoes\/\" \/>\n<meta property=\"og:locale\" content=\"pt_BR\" \/>\n<meta property=\"og:type\" content=\"article\" \/>\n<meta property=\"og:title\" content=\"Chanceleres da China e do Jap\u00e3o conversam sobre rela\u00e7\u00f5es - CRI e Diario de Pernambuco\" \/>\n<meta property=\"og:description\" content=\"O conselheiro de Estado e ministro das Rela\u00e7\u00f5es Exteriores da China, Qin Gang, realizou conversas com Yoshimasa Hayashi, ministro japon\u00eas das Rela\u00e7\u00f5es Exteriores, em Beijing, no domingo. Observando que este ano marca o 45\u00ba anivers\u00e1rio da assinatura do Tratado de...\" \/>\n<meta property=\"og:url\" content=\"https:\/\/diariodepe.com.br\/cri\/2023\/04\/18\/chanceleres-da-china-e-do-japao-conversam-sobre-relacoes\/\" \/>\n<meta property=\"og:site_name\" content=\"CRI e Diario de Pernambuco\" \/>\n<meta property=\"article:published_time\" content=\"2023-04-19T02:21:38+00:00\" \/>\n<meta name=\"author\" content=\"Ismael Lucas S. Pereira\" \/>\n<meta name=\"twitter:card\" content=\"summary_large_image\" \/>\n<meta name=\"twitter:label1\" content=\"Escrito por\" \/>\n\t<meta name=\"twitter:data1\" content=\"Ismael Lucas S. Pereira\" \/>\n<script type=\"application\/ld+json\" class=\"yoast-schema-graph\">{\"@context\":\"https:\\\/\\\/schema.org\",\"@graph\":[{\"@type\":\"Article\",\"@id\":\"https:\\\/\\\/diariodepe.com.br\\\/cri\\\/2023\\\/04\\\/18\\\/chanceleres-da-china-e-do-japao-conversam-sobre-relacoes\\\/#article\",\"isPartOf\":{\"@id\":\"https:\\\/\\\/diariodepe.com.br\\\/cri\\\/2023\\\/04\\\/18\\\/chanceleres-da-china-e-do-japao-conversam-sobre-relacoes\\\/\"},\"author\":{\"name\":\"Ismael Lucas S. Pereira\",\"@id\":\"https:\\\/\\\/diariodepe.com.br\\\/cri\\\/#\\\/schema\\\/person\\\/121bb28d84f1a5b1205ef4ce9c2e0c6b\"},\"headline\":\"Chanceleres da China e do Jap\u00e3o conversam sobre rela\u00e7\u00f5es\",\"datePublished\":\"2023-04-19T02:21:38+00:00\",\"mainEntityOfPage\":{\"@id\":\"https:\\\/\\\/diariodepe.com.br\\\/cri\\\/2023\\\/04\\\/18\\\/chanceleres-da-china-e-do-japao-conversam-sobre-relacoes\\\/\"},\"wordCount\":561,\"commentCount\":0,\"publisher\":{\"@id\":\"https:\\\/\\\/diariodepe.com.br\\\/cri\\\/#organization\"},\"articleSection\":[\"China\"],\"inLanguage\":\"pt-BR\",\"potentialAction\":[{\"@type\":\"CommentAction\",\"name\":\"Comment\",\"target\":[\"https:\\\/\\\/diariodepe.com.br\\\/cri\\\/2023\\\/04\\\/18\\\/chanceleres-da-china-e-do-japao-conversam-sobre-relacoes\\\/#respond\"]}]},{\"@type\":\"WebPage\",\"@id\":\"https:\\\/\\\/diariodepe.com.br\\\/cri\\\/2023\\\/04\\\/18\\\/chanceleres-da-china-e-do-japao-conversam-sobre-relacoes\\\/\",\"url\":\"https:\\\/\\\/diariodepe.com.br\\\/cri\\\/2023\\\/04\\\/18\\\/chanceleres-da-china-e-do-japao-conversam-sobre-relacoes\\\/\",\"name\":\"Chanceleres da China e do Jap\u00e3o conversam sobre rela\u00e7\u00f5es - CRI e Diario de Pernambuco\",\"isPartOf\":{\"@id\":\"https:\\\/\\\/diariodepe.com.br\\\/cri\\\/#website\"},\"datePublished\":\"2023-04-19T02:21:38+00:00\",\"breadcrumb\":{\"@id\":\"https:\\\/\\\/diariodepe.com.br\\\/cri\\\/2023\\\/04\\\/18\\\/chanceleres-da-china-e-do-japao-conversam-sobre-relacoes\\\/#breadcrumb\"},\"inLanguage\":\"pt-BR\",\"potentialAction\":[{\"@type\":\"ReadAction\",\"target\":[\"https:\\\/\\\/diariodepe.com.br\\\/cri\\\/2023\\\/04\\\/18\\\/chanceleres-da-china-e-do-japao-conversam-sobre-relacoes\\\/\"]}]},{\"@type\":\"BreadcrumbList\",\"@id\":\"https:\\\/\\\/diariodepe.com.br\\\/cri\\\/2023\\\/04\\\/18\\\/chanceleres-da-china-e-do-japao-conversam-sobre-relacoes\\\/#breadcrumb\",\"itemListElement\":[{\"@type\":\"ListItem\",\"position\":1,\"name\":\"In\u00edcio\",\"item\":\"https:\\\/\\\/diariodepe.com.br\\\/cri\\\/\"},{\"@type\":\"ListItem\",\"position\":2,\"name\":\"Chanceleres da China e do Jap\u00e3o conversam sobre rela\u00e7\u00f5es\"}]},{\"@type\":\"WebSite\",\"@id\":\"https:\\\/\\\/diariodepe.com.br\\\/cri\\\/#website\",\"url\":\"https:\\\/\\\/diariodepe.com.br\\\/cri\\\/\",\"name\":\"CRI e Diario de Pernambuco\",\"description\":\"R\u00e1dio Internacional da China\",\"publisher\":{\"@id\":\"https:\\\/\\\/diariodepe.com.br\\\/cri\\\/#organization\"},\"potentialAction\":[{\"@type\":\"SearchAction\",\"target\":{\"@type\":\"EntryPoint\",\"urlTemplate\":\"https:\\\/\\\/diariodepe.com.br\\\/cri\\\/?s={search_term_string}\"},\"query-input\":{\"@type\":\"PropertyValueSpecification\",\"valueRequired\":true,\"valueName\":\"search_term_string\"}}],\"inLanguage\":\"pt-BR\"},{\"@type\":\"Organization\",\"@id\":\"https:\\\/\\\/diariodepe.com.br\\\/cri\\\/#organization\",\"name\":\"CRI e Diario de Pernambuco\",\"url\":\"https:\\\/\\\/diariodepe.com.br\\\/cri\\\/\",\"logo\":{\"@type\":\"ImageObject\",\"inLanguage\":\"pt-BR\",\"@id\":\"https:\\\/\\\/diariodepe.com.br\\\/cri\\\/#\\\/schema\\\/logo\\\/image\\\/\",\"url\":\"https:\\\/\\\/diariodepe.com.br\\\/cri\\\/wp-content\\\/uploads\\\/sites\\\/2\\\/2022\\\/12\\\/cropped-Logo.jpg\",\"contentUrl\":\"https:\\\/\\\/diariodepe.com.br\\\/cri\\\/wp-content\\\/uploads\\\/sites\\\/2\\\/2022\\\/12\\\/cropped-Logo.jpg\",\"width\":700,\"height\":59,\"caption\":\"CRI e Diario de Pernambuco\"},\"image\":{\"@id\":\"https:\\\/\\\/diariodepe.com.br\\\/cri\\\/#\\\/schema\\\/logo\\\/image\\\/\"}},{\"@type\":\"Person\",\"@id\":\"https:\\\/\\\/diariodepe.com.br\\\/cri\\\/#\\\/schema\\\/person\\\/121bb28d84f1a5b1205ef4ce9c2e0c6b\",\"name\":\"Ismael Lucas S. Pereira\",\"image\":{\"@type\":\"ImageObject\",\"inLanguage\":\"pt-BR\",\"@id\":\"https:\\\/\\\/secure.gravatar.com\\\/avatar\\\/887a0f3b5a7ceea963a48499fb883ffce6b5037362def025c52c2505b15d63e4?s=96&d=mm&r=g\",\"url\":\"https:\\\/\\\/secure.gravatar.com\\\/avatar\\\/887a0f3b5a7ceea963a48499fb883ffce6b5037362def025c52c2505b15d63e4?s=96&d=mm&r=g\",\"contentUrl\":\"https:\\\/\\\/secure.gravatar.com\\\/avatar\\\/887a0f3b5a7ceea963a48499fb883ffce6b5037362def025c52c2505b15d63e4?s=96&d=mm&r=g\",\"caption\":\"Ismael Lucas S. Pereira\"},\"url\":\"https:\\\/\\\/diariodepe.com.br\\\/cri\\\/author\\\/ismael-lucas\\\/\"}]}<\/script>\n<!-- \/ Yoast SEO plugin. -->","yoast_head_json":{"title":"Chanceleres da China e do Jap\u00e3o conversam sobre rela\u00e7\u00f5es - CRI e Diario de Pernambuco","robots":{"index":"index","follow":"follow","max-snippet":"max-snippet:-1","max-image-preview":"max-image-preview:large","max-video-preview":"max-video-preview:-1"},"canonical":"https:\/\/diariodepe.com.br\/cri\/2023\/04\/18\/chanceleres-da-china-e-do-japao-conversam-sobre-relacoes\/","og_locale":"pt_BR","og_type":"article","og_title":"Chanceleres da China e do Jap\u00e3o conversam sobre rela\u00e7\u00f5es - CRI e Diario de Pernambuco","og_description":"O conselheiro de Estado e ministro das Rela\u00e7\u00f5es Exteriores da China, Qin Gang, realizou conversas com Yoshimasa Hayashi, ministro japon\u00eas das Rela\u00e7\u00f5es Exteriores, em Beijing, no domingo. Observando que este ano marca o 45\u00ba anivers\u00e1rio da assinatura do Tratado de...","og_url":"https:\/\/diariodepe.com.br\/cri\/2023\/04\/18\/chanceleres-da-china-e-do-japao-conversam-sobre-relacoes\/","og_site_name":"CRI e Diario de Pernambuco","article_published_time":"2023-04-19T02:21:38+00:00","author":"Ismael Lucas S. Pereira","twitter_card":"summary_large_image","twitter_misc":{"Escrito por":"Ismael Lucas S. Pereira"},"schema":{"@context":"https:\/\/schema.org","@graph":[{"@type":"Article","@id":"https:\/\/diariodepe.com.br\/cri\/2023\/04\/18\/chanceleres-da-china-e-do-japao-conversam-sobre-relacoes\/#article","isPartOf":{"@id":"https:\/\/diariodepe.com.br\/cri\/2023\/04\/18\/chanceleres-da-china-e-do-japao-conversam-sobre-relacoes\/"},"author":{"name":"Ismael Lucas S. Pereira","@id":"https:\/\/diariodepe.com.br\/cri\/#\/schema\/person\/121bb28d84f1a5b1205ef4ce9c2e0c6b"},"headline":"Chanceleres da China e do Jap\u00e3o conversam sobre rela\u00e7\u00f5es","datePublished":"2023-04-19T02:21:38+00:00","mainEntityOfPage":{"@id":"https:\/\/diariodepe.com.br\/cri\/2023\/04\/18\/chanceleres-da-china-e-do-japao-conversam-sobre-relacoes\/"},"wordCount":561,"commentCount":0,"publisher":{"@id":"https:\/\/diariodepe.com.br\/cri\/#organization"},"articleSection":["China"],"inLanguage":"pt-BR","potentialAction":[{"@type":"CommentAction","name":"Comment","target":["https:\/\/diariodepe.com.br\/cri\/2023\/04\/18\/chanceleres-da-china-e-do-japao-conversam-sobre-relacoes\/#respond"]}]},{"@type":"WebPage","@id":"https:\/\/diariodepe.com.br\/cri\/2023\/04\/18\/chanceleres-da-china-e-do-japao-conversam-sobre-relacoes\/","url":"https:\/\/diariodepe.com.br\/cri\/2023\/04\/18\/chanceleres-da-china-e-do-japao-conversam-sobre-relacoes\/","name":"Chanceleres da China e do Jap\u00e3o conversam sobre rela\u00e7\u00f5es - CRI e Diario de Pernambuco","isPartOf":{"@id":"https:\/\/diariodepe.com.br\/cri\/#website"},"datePublished":"2023-04-19T02:21:38+00:00","breadcrumb":{"@id":"https:\/\/diariodepe.com.br\/cri\/2023\/04\/18\/chanceleres-da-china-e-do-japao-conversam-sobre-relacoes\/#breadcrumb"},"inLanguage":"pt-BR","potentialAction":[{"@type":"ReadAction","target":["https:\/\/diariodepe.com.br\/cri\/2023\/04\/18\/chanceleres-da-china-e-do-japao-conversam-sobre-relacoes\/"]}]},{"@type":"BreadcrumbList","@id":"https:\/\/diariodepe.com.br\/cri\/2023\/04\/18\/chanceleres-da-china-e-do-japao-conversam-sobre-relacoes\/#breadcrumb","itemListElement":[{"@type":"ListItem","position":1,"name":"In\u00edcio","item":"https:\/\/diariodepe.com.br\/cri\/"},{"@type":"ListItem","position":2,"name":"Chanceleres da China e do Jap\u00e3o conversam sobre rela\u00e7\u00f5es"}]},{"@type":"WebSite","@id":"https:\/\/diariodepe.com.br\/cri\/#website","url":"https:\/\/diariodepe.com.br\/cri\/","name":"CRI e Diario de Pernambuco","description":"R\u00e1dio Internacional da China","publisher":{"@id":"https:\/\/diariodepe.com.br\/cri\/#organization"},"potentialAction":[{"@type":"SearchAction","target":{"@type":"EntryPoint","urlTemplate":"https:\/\/diariodepe.com.br\/cri\/?s={search_term_string}"},"query-input":{"@type":"PropertyValueSpecification","valueRequired":true,"valueName":"search_term_string"}}],"inLanguage":"pt-BR"},{"@type":"Organization","@id":"https:\/\/diariodepe.com.br\/cri\/#organization","name":"CRI e Diario de Pernambuco","url":"https:\/\/diariodepe.com.br\/cri\/","logo":{"@type":"ImageObject","inLanguage":"pt-BR","@id":"https:\/\/diariodepe.com.br\/cri\/#\/schema\/logo\/image\/","url":"https:\/\/diariodepe.com.br\/cri\/wp-content\/uploads\/sites\/2\/2022\/12\/cropped-Logo.jpg","contentUrl":"https:\/\/diariodepe.com.br\/cri\/wp-content\/uploads\/sites\/2\/2022\/12\/cropped-Logo.jpg","width":700,"height":59,"caption":"CRI e Diario de Pernambuco"},"image":{"@id":"https:\/\/diariodepe.com.br\/cri\/#\/schema\/logo\/image\/"}},{"@type":"Person","@id":"https:\/\/diariodepe.com.br\/cri\/#\/schema\/person\/121bb28d84f1a5b1205ef4ce9c2e0c6b","name":"Ismael Lucas S. Pereira","image":{"@type":"ImageObject","inLanguage":"pt-BR","@id":"https:\/\/secure.gravatar.com\/avatar\/887a0f3b5a7ceea963a48499fb883ffce6b5037362def025c52c2505b15d63e4?s=96&d=mm&r=g","url":"https:\/\/secure.gravatar.com\/avatar\/887a0f3b5a7ceea963a48499fb883ffce6b5037362def025c52c2505b15d63e4?s=96&d=mm&r=g","contentUrl":"https:\/\/secure.gravatar.com\/avatar\/887a0f3b5a7ceea963a48499fb883ffce6b5037362def025c52c2505b15d63e4?s=96&d=mm&r=g","caption":"Ismael Lucas S. Pereira"},"url":"https:\/\/diariodepe.com.br\/cri\/author\/ismael-lucas\/"}]}},"cc_featured_image_caption":{"caption_text":false,"source_text":false,"source_url":false},"amp_enabled":true,"_links":{"self":[{"href":"https:\/\/diariodepe.com.br\/cri\/wp-json\/wp\/v2\/posts\/1095","targetHints":{"allow":["GET"]}}],"collection":[{"href":"https:\/\/diariodepe.com.br\/cri\/wp-json\/wp\/v2\/posts"}],"about":[{"href":"https:\/\/diariodepe.com.br\/cri\/wp-json\/wp\/v2\/types\/post"}],"author":[{"embeddable":true,"href":"https:\/\/diariodepe.com.br\/cri\/wp-json\/wp\/v2\/users\/2"}],"replies":[{"embeddable":true,"href":"https:\/\/diariodepe.com.br\/cri\/wp-json\/wp\/v2\/comments?post=1095"}],"version-history":[{"count":2,"href":"https:\/\/diariodepe.com.br\/cri\/wp-json\/wp\/v2\/posts\/1095\/revisions"}],"predecessor-version":[{"id":1097,"href":"https:\/\/diariodepe.com.br\/cri\/wp-json\/wp\/v2\/posts\/1095\/revisions\/1097"}],"wp:attachment":[{"href":"https:\/\/diariodepe.com.br\/cri\/wp-json\/wp\/v2\/media?parent=1095"}],"wp:term":[{"taxonomy":"category","embeddable":true,"href":"https:\/\/diariodepe.com.br\/cri\/wp-json\/wp\/v2\/categories?post=1095"},{"taxonomy":"post_tag","embeddable":true,"href":"https:\/\/diariodepe.com.br\/cri\/wp-json\/wp\/v2\/tags?post=1095"}],"curies":[{"name":"wp","href":"https:\/\/api.w.org\/{rel}","templated":true}]}}