{"id":10932,"date":"2026-01-05T23:33:28","date_gmt":"2026-01-06T02:33:28","guid":{"rendered":"https:\/\/diariodepe.com.br\/cri\/?p=10932"},"modified":"2026-03-26T23:33:52","modified_gmt":"2026-03-27T02:33:52","slug":"passos-do-secretario-geral-xi-jinping-em-2025","status":"publish","type":"post","link":"https:\/\/diariodepe.com.br\/cri\/2026\/01\/05\/passos-do-secretario-geral-xi-jinping-em-2025\/","title":{"rendered":"Passos do secret\u00e1rio-geral Xi Jinping em 2025"},"content":{"rendered":"<p><span dir=\"LTR\">O ano de 2025 marca\u00a0<\/span><span dir=\"LTR\">a conclus\u00e3o bem-sucedida<\/span><span dir=\"LTR\">\u00a0do 14<\/span><span dir=\"LTR\">\u00ba<\/span><span dir=\"LTR\">\u00a0Plano Quinquenal e\u00a0<\/span><span dir=\"LTR\">a formula\u00e7\u00e3o<\/span><span dir=\"LTR\">\u00a0<\/span><span dir=\"LTR\">d<\/span><span dir=\"LTR\">o 15<\/span><span dir=\"LTR\">\u00ba<\/span><span dir=\"LTR\">\u00a0Plano Quinquenal<\/span><span dir=\"LTR\">,<\/span><span dir=\"LTR\">\u00a0<\/span><span dir=\"LTR\">sendo\u00a0<\/span><span dir=\"LTR\">tamb\u00e9m um ano crucial para aprofundar ainda mais a reforma<\/span><span dir=\"LTR\">\u00a0em todos os aspectos<\/span><span dir=\"LTR\">\u00a0e promover\u00a0<\/span><span dir=\"LTR\">os avan\u00e7os<\/span><span dir=\"LTR\">\u00a0da moderniza\u00e7\u00e3o chinesa.<\/span><\/p>\n<p><span dir=\"LTR\">Ao longo deste ano, o\u00a0<\/span><span dir=\"LTR\">s<\/span><span dir=\"LTR\">ecret\u00e1rio-<\/span><span dir=\"LTR\">g<\/span><span dir=\"LTR\">eral<\/span><span dir=\"LTR\">\u00a0do PCCh,<\/span><span dir=\"LTR\">\u00a0Xi Jinping<\/span><span dir=\"LTR\">,<\/span><span dir=\"LTR\">\u00a0permaneceu firme em seu compromisso com o povo e o desenvolvimento, sem\u00a0<\/span><span dir=\"LTR\">interromper<\/span><span dir=\"LTR\">\u00a0seus passos.<\/span><\/p>\n<p><span dir=\"LTR\">Neste ano<\/span><span dir=\"LTR\">, a grande jornada d<\/span><span dir=\"LTR\">a revitaliza\u00e7\u00e3o<\/span><span dir=\"LTR\">\u00a0da na\u00e7\u00e3o chinesa mais uma vez deixou marca<\/span><span dir=\"LTR\">s<\/span><span dir=\"LTR\">\u00a0na hist\u00f3ria.<\/span><\/p>\n<p><span dir=\"LTR\">Em 3 de setembro, durante o desfile militar na Pra\u00e7a Tian<\/span><span dir=\"LTR\">\u2019<\/span><span dir=\"LTR\">anmen, o\u00a0<\/span><span dir=\"LTR\">s<\/span><span dir=\"LTR\">ecret\u00e1rio-<\/span><span dir=\"LTR\">g<\/span><span dir=\"LTR\">eral Xi Jinping declarou com convic\u00e7\u00e3o:\u00a0<\/span><span dir=\"LTR\">\u201cA grande revitaliza\u00e7\u00e3o da na\u00e7\u00e3o chinesa \u00e9 irresist\u00edvel<\/span><span dir=\"LTR\">!\u201d<\/span><\/p>\n<p><span dir=\"LTR\">Para celebrar o<\/span><span dir=\"LTR\">\u00a06<\/span><span dir=\"LTR\">0\u00ba<\/span><span dir=\"LTR\">\u00a0anivers\u00e1rio da\u00a0<\/span><span dir=\"LTR\">funda\u00e7\u00e3o<\/span><span dir=\"LTR\">\u00a0da Regi\u00e3o Aut\u00f4noma d<\/span><span dir=\"LTR\">e Xizang<\/span><span dir=\"LTR\">\u00a0e o 70<\/span><span dir=\"LTR\">\u00ba<\/span><span dir=\"LTR\">\u00a0anivers\u00e1rio\u00a0<\/span><span dir=\"LTR\">da funda\u00e7\u00e3o\u00a0<\/span><span dir=\"LTR\">da Regi\u00e3o Aut\u00f4noma\u00a0<\/span><span dir=\"LTR\">Uigur de\u00a0<\/span><span dir=\"LTR\">Xinjiang, o\u00a0<\/span><span dir=\"LTR\">s<\/span><span dir=\"LTR\">ecret\u00e1rio-<\/span><span dir=\"LTR\">g<\/span><span dir=\"LTR\">eral Xi Jinping liderou uma delega\u00e7\u00e3o\u00a0<\/span><span dir=\"LTR\">das autoridades centrais<\/span><span dir=\"LTR\">\u00a0para participar das<\/span><span dir=\"LTR\">\u00a0atividades comemorativas<\/span><span dir=\"LTR\">,\u00a0<\/span><span dir=\"LTR\">apontando a dire\u00e7\u00e3o<\/span><span dir=\"LTR\">\u00a0para forjar um forte senso de comunidade\u00a0<\/span><span dir=\"LTR\">para\u00a0<\/span><span dir=\"LTR\">a na\u00e7\u00e3o chinesa e promover o desenvolvimento de alta qualidade do trabalho \u00e9tnico do Partido na nova era.<\/span><\/p>\n<p><span dir=\"LTR\">A\u00a0<\/span><span dir=\"LTR\">4\u00aa<\/span><span dir=\"LTR\">\u00a0<\/span><span dir=\"LTR\">s<\/span><span dir=\"LTR\">ess\u00e3o\u00a0<\/span><span dir=\"LTR\">p<\/span><span dir=\"LTR\">len\u00e1ria do 20<\/span><span dir=\"LTR\">\u00ba<\/span><span dir=\"LTR\">\u00a0Comit\u00ea Central do PCC<\/span><span dir=\"LTR\">h<\/span><span dir=\"LTR\">\u00a0<\/span><span dir=\"LTR\">deliberou e aprovou as \u201c<\/span><span dir=\"LTR\">Proposta<\/span><span dir=\"LTR\">s<\/span><span dir=\"LTR\">\u00a0do Comit\u00ea Central do Partido Comunista Chin\u00eas\u00a0<\/span><span dir=\"LTR\">para<\/span><span dir=\"LTR\">\u00a0a Formula\u00e7\u00e3o do 15<\/span><span dir=\"LTR\">\u00ba<\/span><span dir=\"LTR\">\u00a0Plano Quinquenal\u00a0<\/span><span dir=\"LTR\">de<\/span><span dir=\"LTR\">\u00a0Desenvolvimento Econ\u00f4mico e Social Nacional<\/span><span dir=\"LTR\">\u201d<\/span><span dir=\"LTR\">. Este documento de profundo significado hist\u00f3rico foi conclu\u00eddo sob a lideran\u00e7a e orienta\u00e7\u00e3o pessoal do\u00a0<\/span><span dir=\"LTR\">s<\/span><span dir=\"LTR\">ecret\u00e1rio-<\/span><span dir=\"LTR\">g<\/span><span dir=\"LTR\">eral Xi Jinping, tra\u00e7ando\u00a0<\/span><span dir=\"LTR\">o planejamento<\/span><span dir=\"LTR\">\u00a0para o crucial per\u00edodo d<\/span><span dir=\"LTR\">os pr\u00f3ximos<\/span><span dir=\"LTR\">\u00a0cinco anos.<\/span><\/p>\n<p><span dir=\"LTR\">Os passos que atravessam vastas montanhas e rios testemunha<\/span><span dir=\"LTR\">m<\/span><span dir=\"LTR\">\u00a0um compromisso inabal\u00e1vel em colocar o povo em primeiro lugar,\u00a0<\/span><span dir=\"LTR\">registram<\/span><span dir=\"LTR\">\u00a0uma confian\u00e7a\u00a0<\/span><span dir=\"LTR\">firme<\/span><span dir=\"LTR\">\u00a0no desenvolvimento de alta qualidade, incorporam reflex\u00f5es profundas sobre a preserva\u00e7\u00e3o do patrim\u00f4nio cultural<\/span><span dir=\"LTR\">, bem como<\/span><span dir=\"LTR\">\u00a0<\/span><span dir=\"LTR\">re\u00fanem<\/span><span dir=\"LTR\">\u00a0<\/span><span dir=\"LTR\">uma for\u00e7a poderosa de determina\u00e7\u00e3o coletiva<\/span><span dir=\"LTR\">.<\/span><\/p>\n<p><span dir=\"LTR\">Olhando para o novo ano, devemos nos unir mais estreitamente em torno do Comit\u00ea Central do Partido, com o camarada Xi Jinping\u00a0<\/span><span dir=\"LTR\">como n\u00facleo<\/span><span dir=\"LTR\">, trabalhando diligentemente<\/span><span dir=\"LTR\">\u00a0e<\/span><span dir=\"LTR\">\u00a0dedicando-nos de todo o cora\u00e7\u00e3o para transformar<\/span><span dir=\"LTR\">, de forma gradual, o<\/span><span dir=\"LTR\">\u00a0grande\u00a0<\/span><span dir=\"LTR\">plano<\/span><span dir=\"LTR\">\u00a0em realidade.<\/span><\/p>\n","protected":false},"excerpt":{"rendered":"<p>O ano de 2025 marca\u00a0a conclus\u00e3o bem-sucedida\u00a0do 14\u00ba\u00a0Plano Quinquenal e\u00a0a formula\u00e7\u00e3o\u00a0do 15\u00ba\u00a0Plano Quinquenal,\u00a0sendo\u00a0tamb\u00e9m um ano crucial para aprofundar ainda mais a reforma\u00a0em todos os aspectos\u00a0e promover\u00a0os avan\u00e7os\u00a0da moderniza\u00e7\u00e3o chinesa. Ao longo deste ano, o\u00a0secret\u00e1rio-geral\u00a0do PCCh,\u00a0Xi Jinping,\u00a0permaneceu firme em seu compromisso&#8230;<\/p>\n","protected":false},"author":5,"featured_media":0,"comment_status":"open","ping_status":"open","sticky":false,"template":"","format":"standard","meta":{"footnotes":""},"categories":[3],"tags":[],"class_list":["post-10932","post","type-post","status-publish","format-standard","hentry","category-china"],"yoast_head":"<!-- This site is optimized with the Yoast SEO plugin v27.4 - https:\/\/yoast.com\/product\/yoast-seo-wordpress\/ -->\n<title>Passos do secret\u00e1rio-geral Xi Jinping em 2025 - CRI e Diario de Pernambuco<\/title>\n<meta name=\"robots\" content=\"index, follow, max-snippet:-1, max-image-preview:large, max-video-preview:-1\" \/>\n<link rel=\"canonical\" href=\"https:\/\/diariodepe.com.br\/cri\/2026\/01\/05\/passos-do-secretario-geral-xi-jinping-em-2025\/\" \/>\n<meta property=\"og:locale\" content=\"pt_BR\" \/>\n<meta property=\"og:type\" content=\"article\" \/>\n<meta property=\"og:title\" content=\"Passos do secret\u00e1rio-geral Xi Jinping em 2025 - CRI e Diario de Pernambuco\" \/>\n<meta property=\"og:description\" content=\"O ano de 2025 marca\u00a0a conclus\u00e3o bem-sucedida\u00a0do 14\u00ba\u00a0Plano Quinquenal e\u00a0a formula\u00e7\u00e3o\u00a0do 15\u00ba\u00a0Plano Quinquenal,\u00a0sendo\u00a0tamb\u00e9m um ano crucial para aprofundar ainda mais a reforma\u00a0em todos os aspectos\u00a0e promover\u00a0os avan\u00e7os\u00a0da moderniza\u00e7\u00e3o chinesa. Ao longo deste ano, o\u00a0secret\u00e1rio-geral\u00a0do PCCh,\u00a0Xi Jinping,\u00a0permaneceu firme em seu compromisso...\" \/>\n<meta property=\"og:url\" content=\"https:\/\/diariodepe.com.br\/cri\/2026\/01\/05\/passos-do-secretario-geral-xi-jinping-em-2025\/\" \/>\n<meta property=\"og:site_name\" content=\"CRI e Diario de Pernambuco\" \/>\n<meta property=\"article:published_time\" content=\"2026-01-06T02:33:28+00:00\" \/>\n<meta property=\"article:modified_time\" content=\"2026-03-27T02:33:52+00:00\" \/>\n<meta name=\"author\" content=\"CRI Portugu\u00eas\" \/>\n<meta name=\"twitter:card\" content=\"summary_large_image\" \/>\n<meta name=\"twitter:label1\" content=\"Escrito por\" \/>\n\t<meta name=\"twitter:data1\" content=\"CRI Portugu\u00eas\" \/>\n\t<meta name=\"twitter:label2\" content=\"Est. tempo de leitura\" \/>\n\t<meta name=\"twitter:data2\" content=\"2 minutos\" \/>\n<script type=\"application\/ld+json\" class=\"yoast-schema-graph\">{\"@context\":\"https:\\\/\\\/schema.org\",\"@graph\":[{\"@type\":\"Article\",\"@id\":\"https:\\\/\\\/diariodepe.com.br\\\/cri\\\/2026\\\/01\\\/05\\\/passos-do-secretario-geral-xi-jinping-em-2025\\\/#article\",\"isPartOf\":{\"@id\":\"https:\\\/\\\/diariodepe.com.br\\\/cri\\\/2026\\\/01\\\/05\\\/passos-do-secretario-geral-xi-jinping-em-2025\\\/\"},\"author\":{\"name\":\"CRI Portugu\u00eas\",\"@id\":\"https:\\\/\\\/diariodepe.com.br\\\/cri\\\/#\\\/schema\\\/person\\\/e474aead631cd4098632e11d3fbce118\"},\"headline\":\"Passos do secret\u00e1rio-geral Xi Jinping em 2025\",\"datePublished\":\"2026-01-06T02:33:28+00:00\",\"dateModified\":\"2026-03-27T02:33:52+00:00\",\"mainEntityOfPage\":{\"@id\":\"https:\\\/\\\/diariodepe.com.br\\\/cri\\\/2026\\\/01\\\/05\\\/passos-do-secretario-geral-xi-jinping-em-2025\\\/\"},\"wordCount\":399,\"commentCount\":0,\"publisher\":{\"@id\":\"https:\\\/\\\/diariodepe.com.br\\\/cri\\\/#organization\"},\"articleSection\":[\"China\"],\"inLanguage\":\"pt-BR\",\"potentialAction\":[{\"@type\":\"CommentAction\",\"name\":\"Comment\",\"target\":[\"https:\\\/\\\/diariodepe.com.br\\\/cri\\\/2026\\\/01\\\/05\\\/passos-do-secretario-geral-xi-jinping-em-2025\\\/#respond\"]}]},{\"@type\":\"WebPage\",\"@id\":\"https:\\\/\\\/diariodepe.com.br\\\/cri\\\/2026\\\/01\\\/05\\\/passos-do-secretario-geral-xi-jinping-em-2025\\\/\",\"url\":\"https:\\\/\\\/diariodepe.com.br\\\/cri\\\/2026\\\/01\\\/05\\\/passos-do-secretario-geral-xi-jinping-em-2025\\\/\",\"name\":\"Passos do secret\u00e1rio-geral Xi Jinping em 2025 - CRI e Diario de Pernambuco\",\"isPartOf\":{\"@id\":\"https:\\\/\\\/diariodepe.com.br\\\/cri\\\/#website\"},\"datePublished\":\"2026-01-06T02:33:28+00:00\",\"dateModified\":\"2026-03-27T02:33:52+00:00\",\"breadcrumb\":{\"@id\":\"https:\\\/\\\/diariodepe.com.br\\\/cri\\\/2026\\\/01\\\/05\\\/passos-do-secretario-geral-xi-jinping-em-2025\\\/#breadcrumb\"},\"inLanguage\":\"pt-BR\",\"potentialAction\":[{\"@type\":\"ReadAction\",\"target\":[\"https:\\\/\\\/diariodepe.com.br\\\/cri\\\/2026\\\/01\\\/05\\\/passos-do-secretario-geral-xi-jinping-em-2025\\\/\"]}]},{\"@type\":\"BreadcrumbList\",\"@id\":\"https:\\\/\\\/diariodepe.com.br\\\/cri\\\/2026\\\/01\\\/05\\\/passos-do-secretario-geral-xi-jinping-em-2025\\\/#breadcrumb\",\"itemListElement\":[{\"@type\":\"ListItem\",\"position\":1,\"name\":\"In\u00edcio\",\"item\":\"https:\\\/\\\/diariodepe.com.br\\\/cri\\\/\"},{\"@type\":\"ListItem\",\"position\":2,\"name\":\"Passos do secret\u00e1rio-geral Xi Jinping em 2025\"}]},{\"@type\":\"WebSite\",\"@id\":\"https:\\\/\\\/diariodepe.com.br\\\/cri\\\/#website\",\"url\":\"https:\\\/\\\/diariodepe.com.br\\\/cri\\\/\",\"name\":\"CRI e Diario de Pernambuco\",\"description\":\"R\u00e1dio Internacional da China\",\"publisher\":{\"@id\":\"https:\\\/\\\/diariodepe.com.br\\\/cri\\\/#organization\"},\"potentialAction\":[{\"@type\":\"SearchAction\",\"target\":{\"@type\":\"EntryPoint\",\"urlTemplate\":\"https:\\\/\\\/diariodepe.com.br\\\/cri\\\/?s={search_term_string}\"},\"query-input\":{\"@type\":\"PropertyValueSpecification\",\"valueRequired\":true,\"valueName\":\"search_term_string\"}}],\"inLanguage\":\"pt-BR\"},{\"@type\":\"Organization\",\"@id\":\"https:\\\/\\\/diariodepe.com.br\\\/cri\\\/#organization\",\"name\":\"CRI e Diario de Pernambuco\",\"url\":\"https:\\\/\\\/diariodepe.com.br\\\/cri\\\/\",\"logo\":{\"@type\":\"ImageObject\",\"inLanguage\":\"pt-BR\",\"@id\":\"https:\\\/\\\/diariodepe.com.br\\\/cri\\\/#\\\/schema\\\/logo\\\/image\\\/\",\"url\":\"https:\\\/\\\/diariodepe.com.br\\\/cri\\\/wp-content\\\/uploads\\\/sites\\\/2\\\/2022\\\/12\\\/cropped-Logo.jpg\",\"contentUrl\":\"https:\\\/\\\/diariodepe.com.br\\\/cri\\\/wp-content\\\/uploads\\\/sites\\\/2\\\/2022\\\/12\\\/cropped-Logo.jpg\",\"width\":700,\"height\":59,\"caption\":\"CRI e Diario de Pernambuco\"},\"image\":{\"@id\":\"https:\\\/\\\/diariodepe.com.br\\\/cri\\\/#\\\/schema\\\/logo\\\/image\\\/\"}},{\"@type\":\"Person\",\"@id\":\"https:\\\/\\\/diariodepe.com.br\\\/cri\\\/#\\\/schema\\\/person\\\/e474aead631cd4098632e11d3fbce118\",\"name\":\"CRI Portugu\u00eas\",\"image\":{\"@type\":\"ImageObject\",\"inLanguage\":\"pt-BR\",\"@id\":\"https:\\\/\\\/secure.gravatar.com\\\/avatar\\\/e2ac889ef882d4dc53091b610766dce49106cf9fe98c76e06745abb0993b2763?s=96&d=mm&r=g\",\"url\":\"https:\\\/\\\/secure.gravatar.com\\\/avatar\\\/e2ac889ef882d4dc53091b610766dce49106cf9fe98c76e06745abb0993b2763?s=96&d=mm&r=g\",\"contentUrl\":\"https:\\\/\\\/secure.gravatar.com\\\/avatar\\\/e2ac889ef882d4dc53091b610766dce49106cf9fe98c76e06745abb0993b2763?s=96&d=mm&r=g\",\"caption\":\"CRI Portugu\u00eas\"},\"sameAs\":[\"https:\\\/\\\/www.diariodepernambuco.com.br\\\/\"],\"url\":\"https:\\\/\\\/diariodepe.com.br\\\/cri\\\/author\\\/agencia-cri\\\/\"}]}<\/script>\n<!-- \/ Yoast SEO plugin. -->","yoast_head_json":{"title":"Passos do secret\u00e1rio-geral Xi Jinping em 2025 - CRI e Diario de Pernambuco","robots":{"index":"index","follow":"follow","max-snippet":"max-snippet:-1","max-image-preview":"max-image-preview:large","max-video-preview":"max-video-preview:-1"},"canonical":"https:\/\/diariodepe.com.br\/cri\/2026\/01\/05\/passos-do-secretario-geral-xi-jinping-em-2025\/","og_locale":"pt_BR","og_type":"article","og_title":"Passos do secret\u00e1rio-geral Xi Jinping em 2025 - CRI e Diario de Pernambuco","og_description":"O ano de 2025 marca\u00a0a conclus\u00e3o bem-sucedida\u00a0do 14\u00ba\u00a0Plano Quinquenal e\u00a0a formula\u00e7\u00e3o\u00a0do 15\u00ba\u00a0Plano Quinquenal,\u00a0sendo\u00a0tamb\u00e9m um ano crucial para aprofundar ainda mais a reforma\u00a0em todos os aspectos\u00a0e promover\u00a0os avan\u00e7os\u00a0da moderniza\u00e7\u00e3o chinesa. Ao longo deste ano, o\u00a0secret\u00e1rio-geral\u00a0do PCCh,\u00a0Xi Jinping,\u00a0permaneceu firme em seu compromisso...","og_url":"https:\/\/diariodepe.com.br\/cri\/2026\/01\/05\/passos-do-secretario-geral-xi-jinping-em-2025\/","og_site_name":"CRI e Diario de Pernambuco","article_published_time":"2026-01-06T02:33:28+00:00","article_modified_time":"2026-03-27T02:33:52+00:00","author":"CRI Portugu\u00eas","twitter_card":"summary_large_image","twitter_misc":{"Escrito por":"CRI Portugu\u00eas","Est. tempo de leitura":"2 minutos"},"schema":{"@context":"https:\/\/schema.org","@graph":[{"@type":"Article","@id":"https:\/\/diariodepe.com.br\/cri\/2026\/01\/05\/passos-do-secretario-geral-xi-jinping-em-2025\/#article","isPartOf":{"@id":"https:\/\/diariodepe.com.br\/cri\/2026\/01\/05\/passos-do-secretario-geral-xi-jinping-em-2025\/"},"author":{"name":"CRI Portugu\u00eas","@id":"https:\/\/diariodepe.com.br\/cri\/#\/schema\/person\/e474aead631cd4098632e11d3fbce118"},"headline":"Passos do secret\u00e1rio-geral Xi Jinping em 2025","datePublished":"2026-01-06T02:33:28+00:00","dateModified":"2026-03-27T02:33:52+00:00","mainEntityOfPage":{"@id":"https:\/\/diariodepe.com.br\/cri\/2026\/01\/05\/passos-do-secretario-geral-xi-jinping-em-2025\/"},"wordCount":399,"commentCount":0,"publisher":{"@id":"https:\/\/diariodepe.com.br\/cri\/#organization"},"articleSection":["China"],"inLanguage":"pt-BR","potentialAction":[{"@type":"CommentAction","name":"Comment","target":["https:\/\/diariodepe.com.br\/cri\/2026\/01\/05\/passos-do-secretario-geral-xi-jinping-em-2025\/#respond"]}]},{"@type":"WebPage","@id":"https:\/\/diariodepe.com.br\/cri\/2026\/01\/05\/passos-do-secretario-geral-xi-jinping-em-2025\/","url":"https:\/\/diariodepe.com.br\/cri\/2026\/01\/05\/passos-do-secretario-geral-xi-jinping-em-2025\/","name":"Passos do secret\u00e1rio-geral Xi Jinping em 2025 - CRI e Diario de Pernambuco","isPartOf":{"@id":"https:\/\/diariodepe.com.br\/cri\/#website"},"datePublished":"2026-01-06T02:33:28+00:00","dateModified":"2026-03-27T02:33:52+00:00","breadcrumb":{"@id":"https:\/\/diariodepe.com.br\/cri\/2026\/01\/05\/passos-do-secretario-geral-xi-jinping-em-2025\/#breadcrumb"},"inLanguage":"pt-BR","potentialAction":[{"@type":"ReadAction","target":["https:\/\/diariodepe.com.br\/cri\/2026\/01\/05\/passos-do-secretario-geral-xi-jinping-em-2025\/"]}]},{"@type":"BreadcrumbList","@id":"https:\/\/diariodepe.com.br\/cri\/2026\/01\/05\/passos-do-secretario-geral-xi-jinping-em-2025\/#breadcrumb","itemListElement":[{"@type":"ListItem","position":1,"name":"In\u00edcio","item":"https:\/\/diariodepe.com.br\/cri\/"},{"@type":"ListItem","position":2,"name":"Passos do secret\u00e1rio-geral Xi Jinping em 2025"}]},{"@type":"WebSite","@id":"https:\/\/diariodepe.com.br\/cri\/#website","url":"https:\/\/diariodepe.com.br\/cri\/","name":"CRI e Diario de Pernambuco","description":"R\u00e1dio Internacional da China","publisher":{"@id":"https:\/\/diariodepe.com.br\/cri\/#organization"},"potentialAction":[{"@type":"SearchAction","target":{"@type":"EntryPoint","urlTemplate":"https:\/\/diariodepe.com.br\/cri\/?s={search_term_string}"},"query-input":{"@type":"PropertyValueSpecification","valueRequired":true,"valueName":"search_term_string"}}],"inLanguage":"pt-BR"},{"@type":"Organization","@id":"https:\/\/diariodepe.com.br\/cri\/#organization","name":"CRI e Diario de Pernambuco","url":"https:\/\/diariodepe.com.br\/cri\/","logo":{"@type":"ImageObject","inLanguage":"pt-BR","@id":"https:\/\/diariodepe.com.br\/cri\/#\/schema\/logo\/image\/","url":"https:\/\/diariodepe.com.br\/cri\/wp-content\/uploads\/sites\/2\/2022\/12\/cropped-Logo.jpg","contentUrl":"https:\/\/diariodepe.com.br\/cri\/wp-content\/uploads\/sites\/2\/2022\/12\/cropped-Logo.jpg","width":700,"height":59,"caption":"CRI e Diario de Pernambuco"},"image":{"@id":"https:\/\/diariodepe.com.br\/cri\/#\/schema\/logo\/image\/"}},{"@type":"Person","@id":"https:\/\/diariodepe.com.br\/cri\/#\/schema\/person\/e474aead631cd4098632e11d3fbce118","name":"CRI Portugu\u00eas","image":{"@type":"ImageObject","inLanguage":"pt-BR","@id":"https:\/\/secure.gravatar.com\/avatar\/e2ac889ef882d4dc53091b610766dce49106cf9fe98c76e06745abb0993b2763?s=96&d=mm&r=g","url":"https:\/\/secure.gravatar.com\/avatar\/e2ac889ef882d4dc53091b610766dce49106cf9fe98c76e06745abb0993b2763?s=96&d=mm&r=g","contentUrl":"https:\/\/secure.gravatar.com\/avatar\/e2ac889ef882d4dc53091b610766dce49106cf9fe98c76e06745abb0993b2763?s=96&d=mm&r=g","caption":"CRI Portugu\u00eas"},"sameAs":["https:\/\/www.diariodepernambuco.com.br\/"],"url":"https:\/\/diariodepe.com.br\/cri\/author\/agencia-cri\/"}]}},"cc_featured_image_caption":{"caption_text":"","source_text":"","source_url":""},"amp_enabled":true,"_links":{"self":[{"href":"https:\/\/diariodepe.com.br\/cri\/wp-json\/wp\/v2\/posts\/10932","targetHints":{"allow":["GET"]}}],"collection":[{"href":"https:\/\/diariodepe.com.br\/cri\/wp-json\/wp\/v2\/posts"}],"about":[{"href":"https:\/\/diariodepe.com.br\/cri\/wp-json\/wp\/v2\/types\/post"}],"author":[{"embeddable":true,"href":"https:\/\/diariodepe.com.br\/cri\/wp-json\/wp\/v2\/users\/5"}],"replies":[{"embeddable":true,"href":"https:\/\/diariodepe.com.br\/cri\/wp-json\/wp\/v2\/comments?post=10932"}],"version-history":[{"count":1,"href":"https:\/\/diariodepe.com.br\/cri\/wp-json\/wp\/v2\/posts\/10932\/revisions"}],"predecessor-version":[{"id":10933,"href":"https:\/\/diariodepe.com.br\/cri\/wp-json\/wp\/v2\/posts\/10932\/revisions\/10933"}],"wp:attachment":[{"href":"https:\/\/diariodepe.com.br\/cri\/wp-json\/wp\/v2\/media?parent=10932"}],"wp:term":[{"taxonomy":"category","embeddable":true,"href":"https:\/\/diariodepe.com.br\/cri\/wp-json\/wp\/v2\/categories?post=10932"},{"taxonomy":"post_tag","embeddable":true,"href":"https:\/\/diariodepe.com.br\/cri\/wp-json\/wp\/v2\/tags?post=10932"}],"curies":[{"name":"wp","href":"https:\/\/api.w.org\/{rel}","templated":true}]}}