{"id":10784,"date":"2026-03-16T04:02:53","date_gmt":"2026-03-16T07:02:53","guid":{"rendered":"https:\/\/diariodepe.com.br\/cri\/?p=10784"},"modified":"2026-03-16T04:02:53","modified_gmt":"2026-03-16T07:02:53","slug":"delegacoes-da-china-e-dos-eua-se-reunem-em-paris-para-negociacoes-comerciais","status":"publish","type":"post","link":"https:\/\/diariodepe.com.br\/cri\/2026\/03\/16\/delegacoes-da-china-e-dos-eua-se-reunem-em-paris-para-negociacoes-comerciais\/","title":{"rendered":"Delega\u00e7\u00f5es da China e dos EUA se re\u00fanem em Paris para negocia\u00e7\u00f5es comerciais"},"content":{"rendered":"<p><img decoding=\"async\" src=\"https:\/\/38picres.cgtn.com\/photoAlbum\/page\/performance\/img\/2026\/3\/15\/1773578441608_202.jpg\" \/><\/p>\n<p>Equipes da China e dos Estados Unidos deram in\u00edcio na manh\u00e3 deste domingo (15), hor\u00e1rio local, a consultas econ\u00f4micas e comerciais em Paris, capital francesa.<\/p>\n","protected":false},"excerpt":{"rendered":"<p>Equipes da China e dos Estados Unidos deram in\u00edcio na manh\u00e3 deste domingo (15), hor\u00e1rio local, a consultas econ\u00f4micas e comerciais em Paris, capital francesa.<\/p>\n","protected":false},"author":5,"featured_media":0,"comment_status":"open","ping_status":"open","sticky":false,"template":"","format":"standard","meta":{"footnotes":""},"categories":[8],"tags":[],"class_list":["post-10784","post","type-post","status-publish","format-standard","hentry","category-internacional"],"yoast_head":"<!-- This site is optimized with the Yoast SEO plugin v27.4 - https:\/\/yoast.com\/product\/yoast-seo-wordpress\/ -->\n<title>Delega\u00e7\u00f5es da China e dos EUA se re\u00fanem em Paris para negocia\u00e7\u00f5es comerciais - CRI e Diario de Pernambuco<\/title>\n<meta name=\"robots\" content=\"index, follow, max-snippet:-1, max-image-preview:large, max-video-preview:-1\" \/>\n<link rel=\"canonical\" href=\"https:\/\/diariodepe.com.br\/cri\/2026\/03\/16\/delegacoes-da-china-e-dos-eua-se-reunem-em-paris-para-negociacoes-comerciais\/\" \/>\n<meta property=\"og:locale\" content=\"pt_BR\" \/>\n<meta property=\"og:type\" content=\"article\" \/>\n<meta property=\"og:title\" content=\"Delega\u00e7\u00f5es da China e dos EUA se re\u00fanem em Paris para negocia\u00e7\u00f5es comerciais - CRI e Diario de Pernambuco\" \/>\n<meta property=\"og:description\" content=\"Equipes da China e dos Estados Unidos deram in\u00edcio na manh\u00e3 deste domingo (15), hor\u00e1rio local, a consultas econ\u00f4micas e comerciais em Paris, capital francesa.\" \/>\n<meta property=\"og:url\" content=\"https:\/\/diariodepe.com.br\/cri\/2026\/03\/16\/delegacoes-da-china-e-dos-eua-se-reunem-em-paris-para-negociacoes-comerciais\/\" \/>\n<meta property=\"og:site_name\" content=\"CRI e Diario de Pernambuco\" \/>\n<meta property=\"article:published_time\" content=\"2026-03-16T07:02:53+00:00\" \/>\n<meta property=\"og:image\" content=\"https:\/\/38picres.cgtn.com\/photoAlbum\/page\/performance\/img\/2026\/3\/15\/1773578441608_202.jpg\" \/>\n<meta name=\"author\" content=\"CRI Portugu\u00eas\" \/>\n<meta name=\"twitter:card\" content=\"summary_large_image\" \/>\n<meta name=\"twitter:label1\" content=\"Escrito por\" \/>\n\t<meta name=\"twitter:data1\" content=\"CRI Portugu\u00eas\" \/>\n\t<meta name=\"twitter:label2\" content=\"Est. tempo de leitura\" \/>\n\t<meta name=\"twitter:data2\" content=\"1 minuto\" \/>\n<script type=\"application\/ld+json\" class=\"yoast-schema-graph\">{\"@context\":\"https:\\\/\\\/schema.org\",\"@graph\":[{\"@type\":\"Article\",\"@id\":\"https:\\\/\\\/diariodepe.com.br\\\/cri\\\/2026\\\/03\\\/16\\\/delegacoes-da-china-e-dos-eua-se-reunem-em-paris-para-negociacoes-comerciais\\\/#article\",\"isPartOf\":{\"@id\":\"https:\\\/\\\/diariodepe.com.br\\\/cri\\\/2026\\\/03\\\/16\\\/delegacoes-da-china-e-dos-eua-se-reunem-em-paris-para-negociacoes-comerciais\\\/\"},\"author\":{\"name\":\"CRI Portugu\u00eas\",\"@id\":\"https:\\\/\\\/diariodepe.com.br\\\/cri\\\/#\\\/schema\\\/person\\\/e474aead631cd4098632e11d3fbce118\"},\"headline\":\"Delega\u00e7\u00f5es da China e dos EUA se re\u00fanem em Paris para negocia\u00e7\u00f5es comerciais\",\"datePublished\":\"2026-03-16T07:02:53+00:00\",\"mainEntityOfPage\":{\"@id\":\"https:\\\/\\\/diariodepe.com.br\\\/cri\\\/2026\\\/03\\\/16\\\/delegacoes-da-china-e-dos-eua-se-reunem-em-paris-para-negociacoes-comerciais\\\/\"},\"wordCount\":43,\"commentCount\":0,\"publisher\":{\"@id\":\"https:\\\/\\\/diariodepe.com.br\\\/cri\\\/#organization\"},\"image\":{\"@id\":\"https:\\\/\\\/diariodepe.com.br\\\/cri\\\/2026\\\/03\\\/16\\\/delegacoes-da-china-e-dos-eua-se-reunem-em-paris-para-negociacoes-comerciais\\\/#primaryimage\"},\"thumbnailUrl\":\"https:\\\/\\\/38picres.cgtn.com\\\/photoAlbum\\\/page\\\/performance\\\/img\\\/2026\\\/3\\\/15\\\/1773578441608_202.jpg\",\"articleSection\":[\"Internacional\"],\"inLanguage\":\"pt-BR\",\"potentialAction\":[{\"@type\":\"CommentAction\",\"name\":\"Comment\",\"target\":[\"https:\\\/\\\/diariodepe.com.br\\\/cri\\\/2026\\\/03\\\/16\\\/delegacoes-da-china-e-dos-eua-se-reunem-em-paris-para-negociacoes-comerciais\\\/#respond\"]}]},{\"@type\":\"WebPage\",\"@id\":\"https:\\\/\\\/diariodepe.com.br\\\/cri\\\/2026\\\/03\\\/16\\\/delegacoes-da-china-e-dos-eua-se-reunem-em-paris-para-negociacoes-comerciais\\\/\",\"url\":\"https:\\\/\\\/diariodepe.com.br\\\/cri\\\/2026\\\/03\\\/16\\\/delegacoes-da-china-e-dos-eua-se-reunem-em-paris-para-negociacoes-comerciais\\\/\",\"name\":\"Delega\u00e7\u00f5es da China e dos EUA se re\u00fanem em Paris para negocia\u00e7\u00f5es comerciais - CRI e Diario de Pernambuco\",\"isPartOf\":{\"@id\":\"https:\\\/\\\/diariodepe.com.br\\\/cri\\\/#website\"},\"primaryImageOfPage\":{\"@id\":\"https:\\\/\\\/diariodepe.com.br\\\/cri\\\/2026\\\/03\\\/16\\\/delegacoes-da-china-e-dos-eua-se-reunem-em-paris-para-negociacoes-comerciais\\\/#primaryimage\"},\"image\":{\"@id\":\"https:\\\/\\\/diariodepe.com.br\\\/cri\\\/2026\\\/03\\\/16\\\/delegacoes-da-china-e-dos-eua-se-reunem-em-paris-para-negociacoes-comerciais\\\/#primaryimage\"},\"thumbnailUrl\":\"https:\\\/\\\/38picres.cgtn.com\\\/photoAlbum\\\/page\\\/performance\\\/img\\\/2026\\\/3\\\/15\\\/1773578441608_202.jpg\",\"datePublished\":\"2026-03-16T07:02:53+00:00\",\"breadcrumb\":{\"@id\":\"https:\\\/\\\/diariodepe.com.br\\\/cri\\\/2026\\\/03\\\/16\\\/delegacoes-da-china-e-dos-eua-se-reunem-em-paris-para-negociacoes-comerciais\\\/#breadcrumb\"},\"inLanguage\":\"pt-BR\",\"potentialAction\":[{\"@type\":\"ReadAction\",\"target\":[\"https:\\\/\\\/diariodepe.com.br\\\/cri\\\/2026\\\/03\\\/16\\\/delegacoes-da-china-e-dos-eua-se-reunem-em-paris-para-negociacoes-comerciais\\\/\"]}]},{\"@type\":\"ImageObject\",\"inLanguage\":\"pt-BR\",\"@id\":\"https:\\\/\\\/diariodepe.com.br\\\/cri\\\/2026\\\/03\\\/16\\\/delegacoes-da-china-e-dos-eua-se-reunem-em-paris-para-negociacoes-comerciais\\\/#primaryimage\",\"url\":\"https:\\\/\\\/38picres.cgtn.com\\\/photoAlbum\\\/page\\\/performance\\\/img\\\/2026\\\/3\\\/15\\\/1773578441608_202.jpg\",\"contentUrl\":\"https:\\\/\\\/38picres.cgtn.com\\\/photoAlbum\\\/page\\\/performance\\\/img\\\/2026\\\/3\\\/15\\\/1773578441608_202.jpg\"},{\"@type\":\"BreadcrumbList\",\"@id\":\"https:\\\/\\\/diariodepe.com.br\\\/cri\\\/2026\\\/03\\\/16\\\/delegacoes-da-china-e-dos-eua-se-reunem-em-paris-para-negociacoes-comerciais\\\/#breadcrumb\",\"itemListElement\":[{\"@type\":\"ListItem\",\"position\":1,\"name\":\"In\u00edcio\",\"item\":\"https:\\\/\\\/diariodepe.com.br\\\/cri\\\/\"},{\"@type\":\"ListItem\",\"position\":2,\"name\":\"Delega\u00e7\u00f5es da China e dos EUA se re\u00fanem em Paris para negocia\u00e7\u00f5es comerciais\"}]},{\"@type\":\"WebSite\",\"@id\":\"https:\\\/\\\/diariodepe.com.br\\\/cri\\\/#website\",\"url\":\"https:\\\/\\\/diariodepe.com.br\\\/cri\\\/\",\"name\":\"CRI e Diario de Pernambuco\",\"description\":\"R\u00e1dio Internacional da China\",\"publisher\":{\"@id\":\"https:\\\/\\\/diariodepe.com.br\\\/cri\\\/#organization\"},\"potentialAction\":[{\"@type\":\"SearchAction\",\"target\":{\"@type\":\"EntryPoint\",\"urlTemplate\":\"https:\\\/\\\/diariodepe.com.br\\\/cri\\\/?s={search_term_string}\"},\"query-input\":{\"@type\":\"PropertyValueSpecification\",\"valueRequired\":true,\"valueName\":\"search_term_string\"}}],\"inLanguage\":\"pt-BR\"},{\"@type\":\"Organization\",\"@id\":\"https:\\\/\\\/diariodepe.com.br\\\/cri\\\/#organization\",\"name\":\"CRI e Diario de Pernambuco\",\"url\":\"https:\\\/\\\/diariodepe.com.br\\\/cri\\\/\",\"logo\":{\"@type\":\"ImageObject\",\"inLanguage\":\"pt-BR\",\"@id\":\"https:\\\/\\\/diariodepe.com.br\\\/cri\\\/#\\\/schema\\\/logo\\\/image\\\/\",\"url\":\"https:\\\/\\\/diariodepe.com.br\\\/cri\\\/wp-content\\\/uploads\\\/sites\\\/2\\\/2022\\\/12\\\/cropped-Logo.jpg\",\"contentUrl\":\"https:\\\/\\\/diariodepe.com.br\\\/cri\\\/wp-content\\\/uploads\\\/sites\\\/2\\\/2022\\\/12\\\/cropped-Logo.jpg\",\"width\":700,\"height\":59,\"caption\":\"CRI e Diario de Pernambuco\"},\"image\":{\"@id\":\"https:\\\/\\\/diariodepe.com.br\\\/cri\\\/#\\\/schema\\\/logo\\\/image\\\/\"}},{\"@type\":\"Person\",\"@id\":\"https:\\\/\\\/diariodepe.com.br\\\/cri\\\/#\\\/schema\\\/person\\\/e474aead631cd4098632e11d3fbce118\",\"name\":\"CRI Portugu\u00eas\",\"image\":{\"@type\":\"ImageObject\",\"inLanguage\":\"pt-BR\",\"@id\":\"https:\\\/\\\/secure.gravatar.com\\\/avatar\\\/e2ac889ef882d4dc53091b610766dce49106cf9fe98c76e06745abb0993b2763?s=96&d=mm&r=g\",\"url\":\"https:\\\/\\\/secure.gravatar.com\\\/avatar\\\/e2ac889ef882d4dc53091b610766dce49106cf9fe98c76e06745abb0993b2763?s=96&d=mm&r=g\",\"contentUrl\":\"https:\\\/\\\/secure.gravatar.com\\\/avatar\\\/e2ac889ef882d4dc53091b610766dce49106cf9fe98c76e06745abb0993b2763?s=96&d=mm&r=g\",\"caption\":\"CRI Portugu\u00eas\"},\"sameAs\":[\"https:\\\/\\\/www.diariodepernambuco.com.br\\\/\"],\"url\":\"https:\\\/\\\/diariodepe.com.br\\\/cri\\\/author\\\/agencia-cri\\\/\"}]}<\/script>\n<!-- \/ Yoast SEO plugin. -->","yoast_head_json":{"title":"Delega\u00e7\u00f5es da China e dos EUA se re\u00fanem em Paris para negocia\u00e7\u00f5es comerciais - CRI e Diario de Pernambuco","robots":{"index":"index","follow":"follow","max-snippet":"max-snippet:-1","max-image-preview":"max-image-preview:large","max-video-preview":"max-video-preview:-1"},"canonical":"https:\/\/diariodepe.com.br\/cri\/2026\/03\/16\/delegacoes-da-china-e-dos-eua-se-reunem-em-paris-para-negociacoes-comerciais\/","og_locale":"pt_BR","og_type":"article","og_title":"Delega\u00e7\u00f5es da China e dos EUA se re\u00fanem em Paris para negocia\u00e7\u00f5es comerciais - CRI e Diario de Pernambuco","og_description":"Equipes da China e dos Estados Unidos deram in\u00edcio na manh\u00e3 deste domingo (15), hor\u00e1rio local, a consultas econ\u00f4micas e comerciais em Paris, capital francesa.","og_url":"https:\/\/diariodepe.com.br\/cri\/2026\/03\/16\/delegacoes-da-china-e-dos-eua-se-reunem-em-paris-para-negociacoes-comerciais\/","og_site_name":"CRI e Diario de Pernambuco","article_published_time":"2026-03-16T07:02:53+00:00","og_image":[{"url":"https:\/\/38picres.cgtn.com\/photoAlbum\/page\/performance\/img\/2026\/3\/15\/1773578441608_202.jpg","type":"","width":"","height":""}],"author":"CRI Portugu\u00eas","twitter_card":"summary_large_image","twitter_misc":{"Escrito por":"CRI Portugu\u00eas","Est. tempo de leitura":"1 minuto"},"schema":{"@context":"https:\/\/schema.org","@graph":[{"@type":"Article","@id":"https:\/\/diariodepe.com.br\/cri\/2026\/03\/16\/delegacoes-da-china-e-dos-eua-se-reunem-em-paris-para-negociacoes-comerciais\/#article","isPartOf":{"@id":"https:\/\/diariodepe.com.br\/cri\/2026\/03\/16\/delegacoes-da-china-e-dos-eua-se-reunem-em-paris-para-negociacoes-comerciais\/"},"author":{"name":"CRI Portugu\u00eas","@id":"https:\/\/diariodepe.com.br\/cri\/#\/schema\/person\/e474aead631cd4098632e11d3fbce118"},"headline":"Delega\u00e7\u00f5es da China e dos EUA se re\u00fanem em Paris para negocia\u00e7\u00f5es comerciais","datePublished":"2026-03-16T07:02:53+00:00","mainEntityOfPage":{"@id":"https:\/\/diariodepe.com.br\/cri\/2026\/03\/16\/delegacoes-da-china-e-dos-eua-se-reunem-em-paris-para-negociacoes-comerciais\/"},"wordCount":43,"commentCount":0,"publisher":{"@id":"https:\/\/diariodepe.com.br\/cri\/#organization"},"image":{"@id":"https:\/\/diariodepe.com.br\/cri\/2026\/03\/16\/delegacoes-da-china-e-dos-eua-se-reunem-em-paris-para-negociacoes-comerciais\/#primaryimage"},"thumbnailUrl":"https:\/\/38picres.cgtn.com\/photoAlbum\/page\/performance\/img\/2026\/3\/15\/1773578441608_202.jpg","articleSection":["Internacional"],"inLanguage":"pt-BR","potentialAction":[{"@type":"CommentAction","name":"Comment","target":["https:\/\/diariodepe.com.br\/cri\/2026\/03\/16\/delegacoes-da-china-e-dos-eua-se-reunem-em-paris-para-negociacoes-comerciais\/#respond"]}]},{"@type":"WebPage","@id":"https:\/\/diariodepe.com.br\/cri\/2026\/03\/16\/delegacoes-da-china-e-dos-eua-se-reunem-em-paris-para-negociacoes-comerciais\/","url":"https:\/\/diariodepe.com.br\/cri\/2026\/03\/16\/delegacoes-da-china-e-dos-eua-se-reunem-em-paris-para-negociacoes-comerciais\/","name":"Delega\u00e7\u00f5es da China e dos EUA se re\u00fanem em Paris para negocia\u00e7\u00f5es comerciais - CRI e Diario de Pernambuco","isPartOf":{"@id":"https:\/\/diariodepe.com.br\/cri\/#website"},"primaryImageOfPage":{"@id":"https:\/\/diariodepe.com.br\/cri\/2026\/03\/16\/delegacoes-da-china-e-dos-eua-se-reunem-em-paris-para-negociacoes-comerciais\/#primaryimage"},"image":{"@id":"https:\/\/diariodepe.com.br\/cri\/2026\/03\/16\/delegacoes-da-china-e-dos-eua-se-reunem-em-paris-para-negociacoes-comerciais\/#primaryimage"},"thumbnailUrl":"https:\/\/38picres.cgtn.com\/photoAlbum\/page\/performance\/img\/2026\/3\/15\/1773578441608_202.jpg","datePublished":"2026-03-16T07:02:53+00:00","breadcrumb":{"@id":"https:\/\/diariodepe.com.br\/cri\/2026\/03\/16\/delegacoes-da-china-e-dos-eua-se-reunem-em-paris-para-negociacoes-comerciais\/#breadcrumb"},"inLanguage":"pt-BR","potentialAction":[{"@type":"ReadAction","target":["https:\/\/diariodepe.com.br\/cri\/2026\/03\/16\/delegacoes-da-china-e-dos-eua-se-reunem-em-paris-para-negociacoes-comerciais\/"]}]},{"@type":"ImageObject","inLanguage":"pt-BR","@id":"https:\/\/diariodepe.com.br\/cri\/2026\/03\/16\/delegacoes-da-china-e-dos-eua-se-reunem-em-paris-para-negociacoes-comerciais\/#primaryimage","url":"https:\/\/38picres.cgtn.com\/photoAlbum\/page\/performance\/img\/2026\/3\/15\/1773578441608_202.jpg","contentUrl":"https:\/\/38picres.cgtn.com\/photoAlbum\/page\/performance\/img\/2026\/3\/15\/1773578441608_202.jpg"},{"@type":"BreadcrumbList","@id":"https:\/\/diariodepe.com.br\/cri\/2026\/03\/16\/delegacoes-da-china-e-dos-eua-se-reunem-em-paris-para-negociacoes-comerciais\/#breadcrumb","itemListElement":[{"@type":"ListItem","position":1,"name":"In\u00edcio","item":"https:\/\/diariodepe.com.br\/cri\/"},{"@type":"ListItem","position":2,"name":"Delega\u00e7\u00f5es da China e dos EUA se re\u00fanem em Paris para negocia\u00e7\u00f5es comerciais"}]},{"@type":"WebSite","@id":"https:\/\/diariodepe.com.br\/cri\/#website","url":"https:\/\/diariodepe.com.br\/cri\/","name":"CRI e Diario de Pernambuco","description":"R\u00e1dio Internacional da China","publisher":{"@id":"https:\/\/diariodepe.com.br\/cri\/#organization"},"potentialAction":[{"@type":"SearchAction","target":{"@type":"EntryPoint","urlTemplate":"https:\/\/diariodepe.com.br\/cri\/?s={search_term_string}"},"query-input":{"@type":"PropertyValueSpecification","valueRequired":true,"valueName":"search_term_string"}}],"inLanguage":"pt-BR"},{"@type":"Organization","@id":"https:\/\/diariodepe.com.br\/cri\/#organization","name":"CRI e Diario de Pernambuco","url":"https:\/\/diariodepe.com.br\/cri\/","logo":{"@type":"ImageObject","inLanguage":"pt-BR","@id":"https:\/\/diariodepe.com.br\/cri\/#\/schema\/logo\/image\/","url":"https:\/\/diariodepe.com.br\/cri\/wp-content\/uploads\/sites\/2\/2022\/12\/cropped-Logo.jpg","contentUrl":"https:\/\/diariodepe.com.br\/cri\/wp-content\/uploads\/sites\/2\/2022\/12\/cropped-Logo.jpg","width":700,"height":59,"caption":"CRI e Diario de Pernambuco"},"image":{"@id":"https:\/\/diariodepe.com.br\/cri\/#\/schema\/logo\/image\/"}},{"@type":"Person","@id":"https:\/\/diariodepe.com.br\/cri\/#\/schema\/person\/e474aead631cd4098632e11d3fbce118","name":"CRI Portugu\u00eas","image":{"@type":"ImageObject","inLanguage":"pt-BR","@id":"https:\/\/secure.gravatar.com\/avatar\/e2ac889ef882d4dc53091b610766dce49106cf9fe98c76e06745abb0993b2763?s=96&d=mm&r=g","url":"https:\/\/secure.gravatar.com\/avatar\/e2ac889ef882d4dc53091b610766dce49106cf9fe98c76e06745abb0993b2763?s=96&d=mm&r=g","contentUrl":"https:\/\/secure.gravatar.com\/avatar\/e2ac889ef882d4dc53091b610766dce49106cf9fe98c76e06745abb0993b2763?s=96&d=mm&r=g","caption":"CRI Portugu\u00eas"},"sameAs":["https:\/\/www.diariodepernambuco.com.br\/"],"url":"https:\/\/diariodepe.com.br\/cri\/author\/agencia-cri\/"}]}},"cc_featured_image_caption":{"caption_text":"","source_text":"","source_url":""},"amp_enabled":true,"_links":{"self":[{"href":"https:\/\/diariodepe.com.br\/cri\/wp-json\/wp\/v2\/posts\/10784","targetHints":{"allow":["GET"]}}],"collection":[{"href":"https:\/\/diariodepe.com.br\/cri\/wp-json\/wp\/v2\/posts"}],"about":[{"href":"https:\/\/diariodepe.com.br\/cri\/wp-json\/wp\/v2\/types\/post"}],"author":[{"embeddable":true,"href":"https:\/\/diariodepe.com.br\/cri\/wp-json\/wp\/v2\/users\/5"}],"replies":[{"embeddable":true,"href":"https:\/\/diariodepe.com.br\/cri\/wp-json\/wp\/v2\/comments?post=10784"}],"version-history":[{"count":1,"href":"https:\/\/diariodepe.com.br\/cri\/wp-json\/wp\/v2\/posts\/10784\/revisions"}],"predecessor-version":[{"id":10785,"href":"https:\/\/diariodepe.com.br\/cri\/wp-json\/wp\/v2\/posts\/10784\/revisions\/10785"}],"wp:attachment":[{"href":"https:\/\/diariodepe.com.br\/cri\/wp-json\/wp\/v2\/media?parent=10784"}],"wp:term":[{"taxonomy":"category","embeddable":true,"href":"https:\/\/diariodepe.com.br\/cri\/wp-json\/wp\/v2\/categories?post=10784"},{"taxonomy":"post_tag","embeddable":true,"href":"https:\/\/diariodepe.com.br\/cri\/wp-json\/wp\/v2\/tags?post=10784"}],"curies":[{"name":"wp","href":"https:\/\/api.w.org\/{rel}","templated":true}]}}