{"id":10782,"date":"2026-03-15T09:23:01","date_gmt":"2026-03-15T12:23:01","guid":{"rendered":"https:\/\/diariodepe.com.br\/cri\/?p=10782"},"modified":"2026-03-15T09:23:01","modified_gmt":"2026-03-15T12:23:01","slug":"nova-york-recebe-dialogo-global-china-na-primavera","status":"publish","type":"post","link":"https:\/\/diariodepe.com.br\/cri\/2026\/03\/15\/nova-york-recebe-dialogo-global-china-na-primavera\/","title":{"rendered":"Nova York recebe di\u00e1logo global \u201cChina na Primavera\u201d"},"content":{"rendered":"<p><img decoding=\"async\" src=\"https:\/\/38picres.cgtn.com\/photoAlbum\/page\/performance\/img\/2026\/3\/14\/1773488610413_192.jpg\" \/><\/p>\n<p>O di\u00e1logo\u00a0global\u00a0\u201cChina na Primavera\u00a0&#8211; Oportunidades de desenvolvimento da China para\u00a0o mundo\u201d, organizado pelo Grupo de M\u00eddia da China (CMG,\u00a0na\u00a0sigla em ingl\u00eas), ocorreu na sexta-feira\u00a0(13)\u00a0em Nova York, nos Estados Unidos.<\/p>\n<p><img decoding=\"async\" src=\"https:\/\/38picres.cgtn.com\/photoAlbum\/page\/performance\/img\/2026\/3\/14\/1773488619984_145.jpg\" \/><\/p>\n<p>Na mensagem em v\u00eddeo, Shen Haixiong, presidente\u00a0do CMG, afirmou\u00a0que o presidente chin\u00eas,\u00a0Xi Jinping, enfatizou durante as \u201cDuas Sess\u00f5es\u201d\u00a0deste ano a import\u00e2ncia da\u00a0abertura de alto n\u00edvel e da explora\u00e7\u00e3o\u00a0cont\u00ednua\u00a0dos mercados globais. Segundo Shen, isso ressalta mais uma vez a firme determina\u00e7\u00e3o da China em aprofundar ainda mais sua abertura ao mundo. O\u00a0CMG quer fazer uso de suas vantagens na comunica\u00e7\u00e3o integrada para promover os resultados da moderniza\u00e7\u00e3o chinesa, que beneficiam ainda mais o mundo,\u00a0e as oportunidades do desenvolvimento de alta qualidade da China\u00a0para que sejam compartilhadas com amigos de todo o mundo.<\/p>\n<p><img decoding=\"async\" src=\"https:\/\/38picres.cgtn.com\/photoAlbum\/page\/performance\/img\/2026\/3\/14\/1773488628785_881.jpg\" \/><\/p>\n<p>O embaixador chin\u00eas nos EUA, Xie Feng, declarou em seu discurso por v\u00eddeo que o resultado mais importante das \u201cDuas Sess\u00f5es\u201d\u00a0deste ano foi a aprova\u00e7\u00e3o do 15\u00ba Plano Quinquenal, que tra\u00e7a um novo caminho para a moderniza\u00e7\u00e3o chinesa. \u201cEsse plano n\u00e3o apenas oferece perspectivas para o bem-estar da popula\u00e7\u00e3o chinesa, mas tamb\u00e9m oportunidades para o mundo\u201d, salientou ele.<\/p>\n<p>Ao mesmo tempo, Xie disse\u00a0que este ano representa uma fase importante para as rela\u00e7\u00f5es China-EUA.\u00a0Segundo ele, os dois pa\u00edses ter\u00e3o\u00a0uma s\u00e9rie de contatos de alto n\u00edvel. Se\u00a0persistirem\u00a0no respeito m\u00fatuo, na coexist\u00eancia pac\u00edfica e\u00a0no benef\u00edcio rec\u00edproco, os dois poder\u00e3o\u00a0promover o desenvolvimento est\u00e1vel, saud\u00e1vel e sustent\u00e1vel das rela\u00e7\u00f5es bilaterais, beneficiando ambos os pa\u00edses e o mundo inteiro.<\/p>\n","protected":false},"excerpt":{"rendered":"<p>O di\u00e1logo\u00a0global\u00a0\u201cChina na Primavera\u00a0&#8211; Oportunidades de desenvolvimento da China para\u00a0o mundo\u201d, organizado pelo Grupo de M\u00eddia da China (CMG,\u00a0na\u00a0sigla em ingl\u00eas), ocorreu na sexta-feira\u00a0(13)\u00a0em Nova York, nos Estados Unidos. Na mensagem em v\u00eddeo, Shen Haixiong, presidente\u00a0do CMG, afirmou\u00a0que o presidente&#8230;<\/p>\n","protected":false},"author":5,"featured_media":0,"comment_status":"open","ping_status":"open","sticky":false,"template":"","format":"standard","meta":{"footnotes":""},"categories":[8],"tags":[],"class_list":["post-10782","post","type-post","status-publish","format-standard","hentry","category-internacional"],"yoast_head":"<!-- This site is optimized with the Yoast SEO plugin v27.4 - https:\/\/yoast.com\/product\/yoast-seo-wordpress\/ -->\n<title>Nova York recebe di\u00e1logo global \u201cChina na Primavera\u201d - CRI e Diario de Pernambuco<\/title>\n<meta name=\"robots\" content=\"index, follow, max-snippet:-1, max-image-preview:large, max-video-preview:-1\" \/>\n<link rel=\"canonical\" href=\"https:\/\/diariodepe.com.br\/cri\/2026\/03\/15\/nova-york-recebe-dialogo-global-china-na-primavera\/\" \/>\n<meta property=\"og:locale\" content=\"pt_BR\" \/>\n<meta property=\"og:type\" content=\"article\" \/>\n<meta property=\"og:title\" content=\"Nova York recebe di\u00e1logo global \u201cChina na Primavera\u201d - CRI e Diario de Pernambuco\" \/>\n<meta property=\"og:description\" content=\"O di\u00e1logo\u00a0global\u00a0\u201cChina na Primavera\u00a0&#8211; Oportunidades de desenvolvimento da China para\u00a0o mundo\u201d, organizado pelo Grupo de M\u00eddia da China (CMG,\u00a0na\u00a0sigla em ingl\u00eas), ocorreu na sexta-feira\u00a0(13)\u00a0em Nova York, nos Estados Unidos. Na mensagem em v\u00eddeo, Shen Haixiong, presidente\u00a0do CMG, afirmou\u00a0que o presidente...\" \/>\n<meta property=\"og:url\" content=\"https:\/\/diariodepe.com.br\/cri\/2026\/03\/15\/nova-york-recebe-dialogo-global-china-na-primavera\/\" \/>\n<meta property=\"og:site_name\" content=\"CRI e Diario de Pernambuco\" \/>\n<meta property=\"article:published_time\" content=\"2026-03-15T12:23:01+00:00\" \/>\n<meta property=\"og:image\" content=\"https:\/\/38picres.cgtn.com\/photoAlbum\/page\/performance\/img\/2026\/3\/14\/1773488610413_192.jpg\" \/>\n<meta name=\"author\" content=\"CRI Portugu\u00eas\" \/>\n<meta name=\"twitter:card\" content=\"summary_large_image\" \/>\n<meta name=\"twitter:label1\" content=\"Escrito por\" \/>\n\t<meta name=\"twitter:data1\" content=\"CRI Portugu\u00eas\" \/>\n\t<meta name=\"twitter:label2\" content=\"Est. tempo de leitura\" \/>\n\t<meta name=\"twitter:data2\" content=\"3 minutos\" \/>\n<script type=\"application\/ld+json\" class=\"yoast-schema-graph\">{\"@context\":\"https:\\\/\\\/schema.org\",\"@graph\":[{\"@type\":\"Article\",\"@id\":\"https:\\\/\\\/diariodepe.com.br\\\/cri\\\/2026\\\/03\\\/15\\\/nova-york-recebe-dialogo-global-china-na-primavera\\\/#article\",\"isPartOf\":{\"@id\":\"https:\\\/\\\/diariodepe.com.br\\\/cri\\\/2026\\\/03\\\/15\\\/nova-york-recebe-dialogo-global-china-na-primavera\\\/\"},\"author\":{\"name\":\"CRI Portugu\u00eas\",\"@id\":\"https:\\\/\\\/diariodepe.com.br\\\/cri\\\/#\\\/schema\\\/person\\\/e474aead631cd4098632e11d3fbce118\"},\"headline\":\"Nova York recebe di\u00e1logo global \u201cChina na Primavera\u201d\",\"datePublished\":\"2026-03-15T12:23:01+00:00\",\"mainEntityOfPage\":{\"@id\":\"https:\\\/\\\/diariodepe.com.br\\\/cri\\\/2026\\\/03\\\/15\\\/nova-york-recebe-dialogo-global-china-na-primavera\\\/\"},\"wordCount\":304,\"commentCount\":0,\"publisher\":{\"@id\":\"https:\\\/\\\/diariodepe.com.br\\\/cri\\\/#organization\"},\"image\":{\"@id\":\"https:\\\/\\\/diariodepe.com.br\\\/cri\\\/2026\\\/03\\\/15\\\/nova-york-recebe-dialogo-global-china-na-primavera\\\/#primaryimage\"},\"thumbnailUrl\":\"https:\\\/\\\/38picres.cgtn.com\\\/photoAlbum\\\/page\\\/performance\\\/img\\\/2026\\\/3\\\/14\\\/1773488610413_192.jpg\",\"articleSection\":[\"Internacional\"],\"inLanguage\":\"pt-BR\",\"potentialAction\":[{\"@type\":\"CommentAction\",\"name\":\"Comment\",\"target\":[\"https:\\\/\\\/diariodepe.com.br\\\/cri\\\/2026\\\/03\\\/15\\\/nova-york-recebe-dialogo-global-china-na-primavera\\\/#respond\"]}]},{\"@type\":\"WebPage\",\"@id\":\"https:\\\/\\\/diariodepe.com.br\\\/cri\\\/2026\\\/03\\\/15\\\/nova-york-recebe-dialogo-global-china-na-primavera\\\/\",\"url\":\"https:\\\/\\\/diariodepe.com.br\\\/cri\\\/2026\\\/03\\\/15\\\/nova-york-recebe-dialogo-global-china-na-primavera\\\/\",\"name\":\"Nova York recebe di\u00e1logo global \u201cChina na Primavera\u201d - CRI e Diario de Pernambuco\",\"isPartOf\":{\"@id\":\"https:\\\/\\\/diariodepe.com.br\\\/cri\\\/#website\"},\"primaryImageOfPage\":{\"@id\":\"https:\\\/\\\/diariodepe.com.br\\\/cri\\\/2026\\\/03\\\/15\\\/nova-york-recebe-dialogo-global-china-na-primavera\\\/#primaryimage\"},\"image\":{\"@id\":\"https:\\\/\\\/diariodepe.com.br\\\/cri\\\/2026\\\/03\\\/15\\\/nova-york-recebe-dialogo-global-china-na-primavera\\\/#primaryimage\"},\"thumbnailUrl\":\"https:\\\/\\\/38picres.cgtn.com\\\/photoAlbum\\\/page\\\/performance\\\/img\\\/2026\\\/3\\\/14\\\/1773488610413_192.jpg\",\"datePublished\":\"2026-03-15T12:23:01+00:00\",\"breadcrumb\":{\"@id\":\"https:\\\/\\\/diariodepe.com.br\\\/cri\\\/2026\\\/03\\\/15\\\/nova-york-recebe-dialogo-global-china-na-primavera\\\/#breadcrumb\"},\"inLanguage\":\"pt-BR\",\"potentialAction\":[{\"@type\":\"ReadAction\",\"target\":[\"https:\\\/\\\/diariodepe.com.br\\\/cri\\\/2026\\\/03\\\/15\\\/nova-york-recebe-dialogo-global-china-na-primavera\\\/\"]}]},{\"@type\":\"ImageObject\",\"inLanguage\":\"pt-BR\",\"@id\":\"https:\\\/\\\/diariodepe.com.br\\\/cri\\\/2026\\\/03\\\/15\\\/nova-york-recebe-dialogo-global-china-na-primavera\\\/#primaryimage\",\"url\":\"https:\\\/\\\/38picres.cgtn.com\\\/photoAlbum\\\/page\\\/performance\\\/img\\\/2026\\\/3\\\/14\\\/1773488610413_192.jpg\",\"contentUrl\":\"https:\\\/\\\/38picres.cgtn.com\\\/photoAlbum\\\/page\\\/performance\\\/img\\\/2026\\\/3\\\/14\\\/1773488610413_192.jpg\"},{\"@type\":\"BreadcrumbList\",\"@id\":\"https:\\\/\\\/diariodepe.com.br\\\/cri\\\/2026\\\/03\\\/15\\\/nova-york-recebe-dialogo-global-china-na-primavera\\\/#breadcrumb\",\"itemListElement\":[{\"@type\":\"ListItem\",\"position\":1,\"name\":\"In\u00edcio\",\"item\":\"https:\\\/\\\/diariodepe.com.br\\\/cri\\\/\"},{\"@type\":\"ListItem\",\"position\":2,\"name\":\"Nova York recebe di\u00e1logo global \u201cChina na Primavera\u201d\"}]},{\"@type\":\"WebSite\",\"@id\":\"https:\\\/\\\/diariodepe.com.br\\\/cri\\\/#website\",\"url\":\"https:\\\/\\\/diariodepe.com.br\\\/cri\\\/\",\"name\":\"CRI e Diario de Pernambuco\",\"description\":\"R\u00e1dio Internacional da China\",\"publisher\":{\"@id\":\"https:\\\/\\\/diariodepe.com.br\\\/cri\\\/#organization\"},\"potentialAction\":[{\"@type\":\"SearchAction\",\"target\":{\"@type\":\"EntryPoint\",\"urlTemplate\":\"https:\\\/\\\/diariodepe.com.br\\\/cri\\\/?s={search_term_string}\"},\"query-input\":{\"@type\":\"PropertyValueSpecification\",\"valueRequired\":true,\"valueName\":\"search_term_string\"}}],\"inLanguage\":\"pt-BR\"},{\"@type\":\"Organization\",\"@id\":\"https:\\\/\\\/diariodepe.com.br\\\/cri\\\/#organization\",\"name\":\"CRI e Diario de Pernambuco\",\"url\":\"https:\\\/\\\/diariodepe.com.br\\\/cri\\\/\",\"logo\":{\"@type\":\"ImageObject\",\"inLanguage\":\"pt-BR\",\"@id\":\"https:\\\/\\\/diariodepe.com.br\\\/cri\\\/#\\\/schema\\\/logo\\\/image\\\/\",\"url\":\"https:\\\/\\\/diariodepe.com.br\\\/cri\\\/wp-content\\\/uploads\\\/sites\\\/2\\\/2022\\\/12\\\/cropped-Logo.jpg\",\"contentUrl\":\"https:\\\/\\\/diariodepe.com.br\\\/cri\\\/wp-content\\\/uploads\\\/sites\\\/2\\\/2022\\\/12\\\/cropped-Logo.jpg\",\"width\":700,\"height\":59,\"caption\":\"CRI e Diario de Pernambuco\"},\"image\":{\"@id\":\"https:\\\/\\\/diariodepe.com.br\\\/cri\\\/#\\\/schema\\\/logo\\\/image\\\/\"}},{\"@type\":\"Person\",\"@id\":\"https:\\\/\\\/diariodepe.com.br\\\/cri\\\/#\\\/schema\\\/person\\\/e474aead631cd4098632e11d3fbce118\",\"name\":\"CRI Portugu\u00eas\",\"image\":{\"@type\":\"ImageObject\",\"inLanguage\":\"pt-BR\",\"@id\":\"https:\\\/\\\/secure.gravatar.com\\\/avatar\\\/e2ac889ef882d4dc53091b610766dce49106cf9fe98c76e06745abb0993b2763?s=96&d=mm&r=g\",\"url\":\"https:\\\/\\\/secure.gravatar.com\\\/avatar\\\/e2ac889ef882d4dc53091b610766dce49106cf9fe98c76e06745abb0993b2763?s=96&d=mm&r=g\",\"contentUrl\":\"https:\\\/\\\/secure.gravatar.com\\\/avatar\\\/e2ac889ef882d4dc53091b610766dce49106cf9fe98c76e06745abb0993b2763?s=96&d=mm&r=g\",\"caption\":\"CRI Portugu\u00eas\"},\"sameAs\":[\"https:\\\/\\\/www.diariodepernambuco.com.br\\\/\"],\"url\":\"https:\\\/\\\/diariodepe.com.br\\\/cri\\\/author\\\/agencia-cri\\\/\"}]}<\/script>\n<!-- \/ Yoast SEO plugin. -->","yoast_head_json":{"title":"Nova York recebe di\u00e1logo global \u201cChina na Primavera\u201d - CRI e Diario de Pernambuco","robots":{"index":"index","follow":"follow","max-snippet":"max-snippet:-1","max-image-preview":"max-image-preview:large","max-video-preview":"max-video-preview:-1"},"canonical":"https:\/\/diariodepe.com.br\/cri\/2026\/03\/15\/nova-york-recebe-dialogo-global-china-na-primavera\/","og_locale":"pt_BR","og_type":"article","og_title":"Nova York recebe di\u00e1logo global \u201cChina na Primavera\u201d - CRI e Diario de Pernambuco","og_description":"O di\u00e1logo\u00a0global\u00a0\u201cChina na Primavera\u00a0&#8211; Oportunidades de desenvolvimento da China para\u00a0o mundo\u201d, organizado pelo Grupo de M\u00eddia da China (CMG,\u00a0na\u00a0sigla em ingl\u00eas), ocorreu na sexta-feira\u00a0(13)\u00a0em Nova York, nos Estados Unidos. Na mensagem em v\u00eddeo, Shen Haixiong, presidente\u00a0do CMG, afirmou\u00a0que o presidente...","og_url":"https:\/\/diariodepe.com.br\/cri\/2026\/03\/15\/nova-york-recebe-dialogo-global-china-na-primavera\/","og_site_name":"CRI e Diario de Pernambuco","article_published_time":"2026-03-15T12:23:01+00:00","og_image":[{"url":"https:\/\/38picres.cgtn.com\/photoAlbum\/page\/performance\/img\/2026\/3\/14\/1773488610413_192.jpg","type":"","width":"","height":""}],"author":"CRI Portugu\u00eas","twitter_card":"summary_large_image","twitter_misc":{"Escrito por":"CRI Portugu\u00eas","Est. tempo de leitura":"3 minutos"},"schema":{"@context":"https:\/\/schema.org","@graph":[{"@type":"Article","@id":"https:\/\/diariodepe.com.br\/cri\/2026\/03\/15\/nova-york-recebe-dialogo-global-china-na-primavera\/#article","isPartOf":{"@id":"https:\/\/diariodepe.com.br\/cri\/2026\/03\/15\/nova-york-recebe-dialogo-global-china-na-primavera\/"},"author":{"name":"CRI Portugu\u00eas","@id":"https:\/\/diariodepe.com.br\/cri\/#\/schema\/person\/e474aead631cd4098632e11d3fbce118"},"headline":"Nova York recebe di\u00e1logo global \u201cChina na Primavera\u201d","datePublished":"2026-03-15T12:23:01+00:00","mainEntityOfPage":{"@id":"https:\/\/diariodepe.com.br\/cri\/2026\/03\/15\/nova-york-recebe-dialogo-global-china-na-primavera\/"},"wordCount":304,"commentCount":0,"publisher":{"@id":"https:\/\/diariodepe.com.br\/cri\/#organization"},"image":{"@id":"https:\/\/diariodepe.com.br\/cri\/2026\/03\/15\/nova-york-recebe-dialogo-global-china-na-primavera\/#primaryimage"},"thumbnailUrl":"https:\/\/38picres.cgtn.com\/photoAlbum\/page\/performance\/img\/2026\/3\/14\/1773488610413_192.jpg","articleSection":["Internacional"],"inLanguage":"pt-BR","potentialAction":[{"@type":"CommentAction","name":"Comment","target":["https:\/\/diariodepe.com.br\/cri\/2026\/03\/15\/nova-york-recebe-dialogo-global-china-na-primavera\/#respond"]}]},{"@type":"WebPage","@id":"https:\/\/diariodepe.com.br\/cri\/2026\/03\/15\/nova-york-recebe-dialogo-global-china-na-primavera\/","url":"https:\/\/diariodepe.com.br\/cri\/2026\/03\/15\/nova-york-recebe-dialogo-global-china-na-primavera\/","name":"Nova York recebe di\u00e1logo global \u201cChina na Primavera\u201d - CRI e Diario de Pernambuco","isPartOf":{"@id":"https:\/\/diariodepe.com.br\/cri\/#website"},"primaryImageOfPage":{"@id":"https:\/\/diariodepe.com.br\/cri\/2026\/03\/15\/nova-york-recebe-dialogo-global-china-na-primavera\/#primaryimage"},"image":{"@id":"https:\/\/diariodepe.com.br\/cri\/2026\/03\/15\/nova-york-recebe-dialogo-global-china-na-primavera\/#primaryimage"},"thumbnailUrl":"https:\/\/38picres.cgtn.com\/photoAlbum\/page\/performance\/img\/2026\/3\/14\/1773488610413_192.jpg","datePublished":"2026-03-15T12:23:01+00:00","breadcrumb":{"@id":"https:\/\/diariodepe.com.br\/cri\/2026\/03\/15\/nova-york-recebe-dialogo-global-china-na-primavera\/#breadcrumb"},"inLanguage":"pt-BR","potentialAction":[{"@type":"ReadAction","target":["https:\/\/diariodepe.com.br\/cri\/2026\/03\/15\/nova-york-recebe-dialogo-global-china-na-primavera\/"]}]},{"@type":"ImageObject","inLanguage":"pt-BR","@id":"https:\/\/diariodepe.com.br\/cri\/2026\/03\/15\/nova-york-recebe-dialogo-global-china-na-primavera\/#primaryimage","url":"https:\/\/38picres.cgtn.com\/photoAlbum\/page\/performance\/img\/2026\/3\/14\/1773488610413_192.jpg","contentUrl":"https:\/\/38picres.cgtn.com\/photoAlbum\/page\/performance\/img\/2026\/3\/14\/1773488610413_192.jpg"},{"@type":"BreadcrumbList","@id":"https:\/\/diariodepe.com.br\/cri\/2026\/03\/15\/nova-york-recebe-dialogo-global-china-na-primavera\/#breadcrumb","itemListElement":[{"@type":"ListItem","position":1,"name":"In\u00edcio","item":"https:\/\/diariodepe.com.br\/cri\/"},{"@type":"ListItem","position":2,"name":"Nova York recebe di\u00e1logo global \u201cChina na Primavera\u201d"}]},{"@type":"WebSite","@id":"https:\/\/diariodepe.com.br\/cri\/#website","url":"https:\/\/diariodepe.com.br\/cri\/","name":"CRI e Diario de Pernambuco","description":"R\u00e1dio Internacional da China","publisher":{"@id":"https:\/\/diariodepe.com.br\/cri\/#organization"},"potentialAction":[{"@type":"SearchAction","target":{"@type":"EntryPoint","urlTemplate":"https:\/\/diariodepe.com.br\/cri\/?s={search_term_string}"},"query-input":{"@type":"PropertyValueSpecification","valueRequired":true,"valueName":"search_term_string"}}],"inLanguage":"pt-BR"},{"@type":"Organization","@id":"https:\/\/diariodepe.com.br\/cri\/#organization","name":"CRI e Diario de Pernambuco","url":"https:\/\/diariodepe.com.br\/cri\/","logo":{"@type":"ImageObject","inLanguage":"pt-BR","@id":"https:\/\/diariodepe.com.br\/cri\/#\/schema\/logo\/image\/","url":"https:\/\/diariodepe.com.br\/cri\/wp-content\/uploads\/sites\/2\/2022\/12\/cropped-Logo.jpg","contentUrl":"https:\/\/diariodepe.com.br\/cri\/wp-content\/uploads\/sites\/2\/2022\/12\/cropped-Logo.jpg","width":700,"height":59,"caption":"CRI e Diario de Pernambuco"},"image":{"@id":"https:\/\/diariodepe.com.br\/cri\/#\/schema\/logo\/image\/"}},{"@type":"Person","@id":"https:\/\/diariodepe.com.br\/cri\/#\/schema\/person\/e474aead631cd4098632e11d3fbce118","name":"CRI Portugu\u00eas","image":{"@type":"ImageObject","inLanguage":"pt-BR","@id":"https:\/\/secure.gravatar.com\/avatar\/e2ac889ef882d4dc53091b610766dce49106cf9fe98c76e06745abb0993b2763?s=96&d=mm&r=g","url":"https:\/\/secure.gravatar.com\/avatar\/e2ac889ef882d4dc53091b610766dce49106cf9fe98c76e06745abb0993b2763?s=96&d=mm&r=g","contentUrl":"https:\/\/secure.gravatar.com\/avatar\/e2ac889ef882d4dc53091b610766dce49106cf9fe98c76e06745abb0993b2763?s=96&d=mm&r=g","caption":"CRI Portugu\u00eas"},"sameAs":["https:\/\/www.diariodepernambuco.com.br\/"],"url":"https:\/\/diariodepe.com.br\/cri\/author\/agencia-cri\/"}]}},"cc_featured_image_caption":{"caption_text":"","source_text":"","source_url":""},"amp_enabled":true,"_links":{"self":[{"href":"https:\/\/diariodepe.com.br\/cri\/wp-json\/wp\/v2\/posts\/10782","targetHints":{"allow":["GET"]}}],"collection":[{"href":"https:\/\/diariodepe.com.br\/cri\/wp-json\/wp\/v2\/posts"}],"about":[{"href":"https:\/\/diariodepe.com.br\/cri\/wp-json\/wp\/v2\/types\/post"}],"author":[{"embeddable":true,"href":"https:\/\/diariodepe.com.br\/cri\/wp-json\/wp\/v2\/users\/5"}],"replies":[{"embeddable":true,"href":"https:\/\/diariodepe.com.br\/cri\/wp-json\/wp\/v2\/comments?post=10782"}],"version-history":[{"count":1,"href":"https:\/\/diariodepe.com.br\/cri\/wp-json\/wp\/v2\/posts\/10782\/revisions"}],"predecessor-version":[{"id":10783,"href":"https:\/\/diariodepe.com.br\/cri\/wp-json\/wp\/v2\/posts\/10782\/revisions\/10783"}],"wp:attachment":[{"href":"https:\/\/diariodepe.com.br\/cri\/wp-json\/wp\/v2\/media?parent=10782"}],"wp:term":[{"taxonomy":"category","embeddable":true,"href":"https:\/\/diariodepe.com.br\/cri\/wp-json\/wp\/v2\/categories?post=10782"},{"taxonomy":"post_tag","embeddable":true,"href":"https:\/\/diariodepe.com.br\/cri\/wp-json\/wp\/v2\/tags?post=10782"}],"curies":[{"name":"wp","href":"https:\/\/api.w.org\/{rel}","templated":true}]}}