{"id":10765,"date":"2026-03-09T06:07:48","date_gmt":"2026-03-09T09:07:48","guid":{"rendered":"https:\/\/diariodepe.com.br\/cri\/?p=10765"},"modified":"2026-03-09T06:07:48","modified_gmt":"2026-03-09T09:07:48","slug":"democracia-sob-medida-o-fio-do-algodao-e-o-modelo-politico-chines","status":"publish","type":"post","link":"https:\/\/diariodepe.com.br\/cri\/2026\/03\/09\/democracia-sob-medida-o-fio-do-algodao-e-o-modelo-politico-chines\/","title":{"rendered":"Democracia sob medida: o fio do algod\u00e3o e o modelo pol\u00edtico chin\u00eas"},"content":{"rendered":"<p><strong><em>De Xinjiang \u00e0s \u201cduas sess\u00f5es\u201d, uma leitura da democracia de processo integral a partir da cadeia do algod\u00e3o<\/em><\/strong><\/p>\n<p><strong><em>Por Iara Vidal<\/em><\/strong><\/p>\n<p>Um dos debates mais pol\u00eamicos quando se fala em China \u00e9 se o pa\u00eds \u00e9 ou n\u00e3o uma democracia. Depois de acompanhar esse tema por cinco anos e, agora, vivendo em Beijing, comecei a desconfiar de que talvez a pergunta esteja mal formulada.<\/p>\n<p>Em mar\u00e7o de 2024, quando vim cobrir as \u201cduas sess\u00f5es\u201d, o que primeiro me chamou aten\u00e7\u00e3o n\u00e3o foram os relat\u00f3rios nem as metas econ\u00f4micas. Foi a cor. O Grande Sal\u00e3o do Povo, por alguns dias, transformou-se em um\u00a0<a href=\"https:\/\/news.cgtn.com\/news\/2024-03-06\/Female-attendees-of-the-Two-Sessions-dress-up-in-ethnic-costumes-1rKv6fGAiS4\/p.html\">mosaico de identidades<\/a>: bordados regionais, tecidos que revelavam geografias, padr\u00f5es que falavam de hist\u00f3ria e pertencimento.<\/p>\n<p>Entre ternos escuros,\u00a0<a href=\"https:\/\/news.cgtn.com\/news\/34677a4d33514464776c6d636a4e6e62684a4856\/index.html\">pequenas\u00a0<\/a><a href=\"https:\/\/news.cgtn.com\/news\/34677a4d33514464776c6d636a4e6e62684a4856\/index.html\"><i>doppa<\/i><\/a><a href=\"https:\/\/news.cgtn.com\/news\/34677a4d33514464776c6d636a4e6e62684a4856\/index.html\">\u00a0bordadas<\/a>\u00a0cruzavam o ambiente como afirma\u00e7\u00f5es visuais. A touca tradicional uigur, muitas vezes de formato quase quadrado, surgia em cores vibrantes. Cada ponto bordado carregava clima, mem\u00f3ria e trabalho.<\/p>\n<p>Foi puxando esse fio que cheguei ao algod\u00e3o.<\/p>\n<p><img decoding=\"async\" src=\"https:\/\/38picres.cgtn.com\/photoAlbum\/page\/performance\/img\/2026\/3\/9\/1773044362727_336.jpg\" \/><\/p>\n<p>Na moda, aprendemos cedo que n\u00e3o existe corpo padr\u00e3o. Talvez o erro esteja em tentar vestir a China com um molde que n\u00e3o foi cortado para ela.<\/p>\n<p>O que existe aqui \u00e9 uma concep\u00e7\u00e3o pr\u00f3pria de participa\u00e7\u00e3o pol\u00edtica, constru\u00edda ap\u00f3s 1949 e reformulada desde o fim dos anos 1970 \u2014 um arranjo que combina centralidade do Partido Comunista da China (PCCh), planejamento de longo prazo e a ideia de que desenvolvimento e estabilidade fazem parte da experi\u00eancia democr\u00e1tica.<\/p>\n<p>Por isso escolhi olhar para a democracia chinesa a partir de algo aparentemente simples: o algod\u00e3o. Porque tecido nunca \u00e9 neutro. Ele carrega territ\u00f3rio, t\u00e9cnica, trabalho. E pol\u00edtica.<\/p>\n<p><img decoding=\"async\" src=\"https:\/\/38picres.cgtn.com\/photoAlbum\/page\/performance\/img\/2026\/3\/9\/1773044406186_962.jpg\" \/><\/p>\n<p><strong>Por que algod\u00e3o?<\/strong><\/p>\n<p>Quando o debate se limita \u00e0 palavra \u201cdemocracia\u201d, ele vira r\u00f3tulo. O algod\u00e3o, ao contr\u00e1rio, leva a conversa para o concreto: produ\u00e7\u00e3o, emprego, pol\u00edtica p\u00fablica \u2014 quem decide, quem executa, quem ganha, quem perde.<\/p>\n<p>O momento em que o \u201cmolde\u201d institucional se apresenta ao pa\u00eds acontece nas\u00a0<a href=\"https:\/\/portuguese.cri.cn\/apneccppch2026\">\u201cduas sess\u00f5es\u201d<\/a>, realizadas todo m\u00eas de mar\u00e7o. Re\u00fanem-se a Assembleia Popular Nacional (APN), \u00f3rg\u00e3o legislativo m\u00e1ximo, e a Confer\u00eancia Consultiva Pol\u00edtica do Povo Chin\u00eas (CCPPCh), inst\u00e2ncia consultiva.<\/p>\n<p>Ali s\u00e3o apresentados relat\u00f3rios e prioridades, incluindo agora o\u00a0<a href=\"https:\/\/portuguese.cri.cn\/2026\/02\/27\/ARTI1772179109899294\">15\u00ba Plano Quinquenal (2026\u20132030)<\/a>. Antes do encontro nacional, as 34 unidades provinciais tamb\u00e9m realizam suas pr\u00f3prias sess\u00f5es anuais.<\/p>\n<p>Para mim, o essencial \u00e9 observar como essas decis\u00f5es chegam \u00e0 vida real \u2014 no trabalho, na renda e na organiza\u00e7\u00e3o regional.<\/p>\n<p>\u00c9 nesse ponto que entra Xinjiang.<\/p>\n<p>A regi\u00e3o concentra a maior parte da produ\u00e7\u00e3o chinesa de algod\u00e3o e est\u00e1 no centro de uma disputa internacional que extrapola a economia.<\/p>\n<p><img decoding=\"async\" src=\"https:\/\/38picres.cgtn.com\/photoAlbum\/page\/performance\/img\/2026\/3\/9\/1773044415381_0.jpg\" \/><\/p>\n<p><strong>Quando o algod\u00e3o vira trincheira<\/strong><\/p>\n<p>Em 2021, Estados Unidos e grandes marcas anunciaram o boicote ao algod\u00e3o de Xinjiang, em meio a supostas acusa\u00e7\u00f5es de \u201ctrabalho for\u00e7ado\u201d. O algod\u00e3o deixava de ser fibra e virava campo de batalha narrativo.<\/p>\n<p>San\u00e7\u00f5es come\u00e7aram em 2020, com restri\u00e7\u00f5es ao Xinjiang Production and Construction Corps. Em 2022, a Lei de Preven\u00e7\u00e3o ao Trabalho For\u00e7ado Uigur (UFLPA) consolidou a presun\u00e7\u00e3o de irregularidade sobre produtos da regi\u00e3o.<\/p>\n<p>Em setembro de 2021, segundo o\u00a0<a href=\"https:\/\/www.chinadaily.com.cn\/a\/202109\/08\/WS61386507a310efa1bd66e2de.html\"><i>China Daily<\/i><\/a>, produtores e trabalhadores de Xinjiang deram entrevistas destacando mecaniza\u00e7\u00e3o, cooperativas e condi\u00e7\u00f5es de trabalho. No mesmo per\u00edodo, a\u00a0<a href=\"https:\/\/news.cgtn.com\/news\/2021-08-11\/A-look-inside-the-Xinjiang-cotton-yarn-maker-accused-of-forced-labor--12DQmVcpeik\/share_amp.html\"><i>CGTN<\/i><\/a>\u00a0mostrou que a empresa Aksu Huafu Textiles manteve opera\u00e7\u00f5es e redirecionou parte da produ\u00e7\u00e3o ao mercado interno ap\u00f3s as san\u00e7\u00f5es<\/p>\n<p>Apesar das vers\u00f5es conflitantes no cen\u00e1rio internacional, o que me chamou aten\u00e7\u00e3o\u00a0 foi a capacidade de adapta\u00e7\u00e3o da cadeia produtiva: em vez de colapso, houve reorganiza\u00e7\u00e3o.<\/p>\n<p>A cadeia produtiva se adaptou. E foi a\u00ed que comecei a perceber o que o governo chama de \u201cdemocracia de processo integral\u201d.<\/p>\n<p><strong>Democracia de processo integral<\/strong><\/p>\n<p>Para entender esse conceito a partir do algod\u00e3o, \u00e9 preciso reconhecer o peso do setor.\u00a0<a href=\"https:\/\/www.stats.gov.cn\/sj\/zxfb\/202512\/t20251226_1962156.html\">A China est\u00e1 entre os maiores produtores do mundo<\/a>, e Xinjiang concentra a maior parte da produ\u00e7\u00e3o nacional. Trata-se de um pilar econ\u00f4mico.<\/p>\n<p>Quando o boicote foi anunciado, o impacto foi simb\u00f3lico e material. Mas, mais do que a ret\u00f3rica, me interessou observar a rea\u00e7\u00e3o institucional.<\/p>\n<p>N\u00e3o houve paralisia. Houve m\u00e9todo. Primeiro, mobiliza\u00e7\u00e3o do mercado interno. Depois, pol\u00edticas de prote\u00e7\u00e3o \u2014 como o pre\u00e7o-alvo do algod\u00e3o e incentivos \u00e0 qualidade. Em seguida, ajustes industriais e log\u00edsticos para manter a cadeia funcionando.<\/p>\n<p>\u00c9 nesse ponto que a democracia de processo integral aparece n\u00e3o como slogan, mas como engrenagem: propostas entram nas \u201cduas sess\u00f5es\u201d, s\u00e3o analisadas, podem virar pol\u00edtica p\u00fablica e retornam ao sistema como execu\u00e7\u00e3o e ajuste.<\/p>\n<p>Segundo o Conselho de Estado,\u00a0<a href=\"https:\/\/portuguese.cri.cn\/2026\/02\/27\/ARTI1772183369488589\">milhares de sugest\u00f5es s\u00e3o examinadas a cada ano e parte delas se converte em medidas concreta<\/a>s. Mais do que os n\u00fameros, o que me chamou aten\u00e7\u00e3o foi o desenho do fluxo: proposta \u2192 decis\u00e3o \u2192 implementa\u00e7\u00e3o \u2192 corre\u00e7\u00e3o de rota.<\/p>\n<p><img decoding=\"async\" src=\"https:\/\/38picres.cgtn.com\/photoAlbum\/page\/performance\/img\/2026\/3\/9\/1773044495105_200.jpg\" \/><\/p>\n<p><strong>O ciclo explicado<\/strong><\/p>\n<p>No livro branco\u00a0<a href=\"https:\/\/www.china.org.cn\/english\/features\/book\/145877.htm\"><i>Building of Political Democracy in China<\/i><\/a>, o governo descreve a democracia de processo integral como um ciclo com cinco etapas: elei\u00e7\u00e3o, consulta, decis\u00e3o, implementa\u00e7\u00e3o e supervis\u00e3o.<\/p>\n<p>Nos n\u00edveis de base \u2014 vilas, distritos urbanos e condados \u2014 os representantes s\u00e3o escolhidos por voto direto. A popula\u00e7\u00e3o vota diretamente nesses delegados locais.<\/p>\n<p>A partir da\u00ed, o sistema passa a funcionar por elei\u00e7\u00f5es indiretas: congressos locais elegem representantes para n\u00edveis superiores, que elegem os seguintes, at\u00e9 chegar \u00e0 APN.<\/p>\n<p>Ou seja: o voto direto existe, mas est\u00e1 concentrado na base. Os n\u00edveis superiores se formam por encadeamento representativo.<\/p>\n<p>Depois da elei\u00e7\u00e3o v\u00eam as consultas e o envio de propostas. Em seguida, as ideias se transformam em decis\u00f5es formais \u2014 leis, planos, pol\u00edticas. Na quarta etapa, as medidas s\u00e3o implementadas. Por fim, os resultados s\u00e3o avaliados e podem gerar ajustes.<\/p>\n<p>No caso do algod\u00e3o, esse ciclo aparece de forma concreta: demandas do setor entram como propostas; algumas se transformam em pol\u00edticas de pre\u00e7o ou log\u00edstica; as medidas s\u00e3o aplicadas; no ciclo seguinte, s\u00e3o avaliadas.<\/p>\n<p>\u00c9 assim que o Estado chin\u00eas descreve sua democracia: n\u00e3o apenas o momento do voto, mas um processo cont\u00ednuo que liga decis\u00e3o e execu\u00e7\u00e3o.<\/p>\n<p><img decoding=\"async\" src=\"https:\/\/38picres.cgtn.com\/photoAlbum\/page\/performance\/img\/2026\/3\/9\/1773044567822_155.jpg\" \/><\/p>\n<p><strong>Planejamento como b\u00fassola<\/strong><\/p>\n<p>Na China, essa l\u00f3gica n\u00e3o aparece separada do planejamento estatal. Ela est\u00e1 conectada aos grandes planos nacionais\u2014 como o\u00a0<a href=\"https:\/\/portuguese.cri.cn\/2026\/02\/27\/ARTI1772179109899294\">15\u00ba Plano Quinquenal (2026\u20132030)<\/a>.<\/p>\n<p>O plano define prioridades amplas: modernizar a ind\u00fastria, fortalecer a economia real, investir em tecnologia, ampliar o mercado interno. Cabe \u00e0s prov\u00edncias traduzirem essas diretrizes em a\u00e7\u00f5es concretas.<\/p>\n<p>Nas \u201cduas sess\u00f5es\u201d de Xinjiang, o algod\u00e3o aparece como eixo estruturante. O\u00a0<a href=\"https:\/\/www.xinjiang.gov.cn\/xinjiang\/xjzfgzbg\/202602\/b5eb4365822e461ea7452643081e11a1.shtml\">relat\u00f3rio regional<\/a>\u00a0reafirma a meta de ampliar a transforma\u00e7\u00e3o local \u2014 n\u00e3o apenas plantar, mas fiar, tecer e confeccionar ali mesmo.<\/p>\n<p>A ind\u00fastria t\u00eaxtil \u00e9 apresentada como grande geradora de empregos. Para fortalec\u00ea-la, o governo regional lan\u00e7ou o pacote conhecido como\u00a0<a href=\"https:\/\/www.xinjiang.gov.cn\/xinjiang\/c112545\/202507\/5d20d46667e5430e851999e1be3220fc.shtml\">\u201cNovo Nove Itens\u201d<\/a>, que inclui subs\u00eddios \u00e0 moderniza\u00e7\u00e3o tecnol\u00f3gica, incentivos ao cr\u00e9dito e est\u00edmulos \u00e0 integra\u00e7\u00e3o entre plantio e ind\u00fastria.<\/p>\n<p><img decoding=\"async\" src=\"https:\/\/38picres.cgtn.com\/photoAlbum\/page\/performance\/img\/2026\/3\/9\/1773044646775_678.jpg\" \/><\/p>\n<p><strong>Quando a pol\u00edtica \u00e9 tecida<\/strong><\/p>\n<p>No exemplo do algod\u00e3o, a engrenagem funciona assim: demandas surgem na base, entram nas sess\u00f5es regionais, podem virar pol\u00edtica p\u00fablica, s\u00e3o implementadas e depois avaliadas.<\/p>\n<p>Se esse arranjo responde a todas as cr\u00edticas externas \u00e9 outra quest\u00e3o. Mas ele revela um m\u00e9todo espec\u00edfico de organiza\u00e7\u00e3o do poder \u2014 um sistema que conecta voto local, representa\u00e7\u00e3o indireta, planejamento nacional e execu\u00e7\u00e3o econ\u00f4mica.<\/p>\n<p>Ao puxar o fio do algod\u00e3o, encontrei mais do que uma commodity estrat\u00e9gica. Encontrei um desenho institucional que come\u00e7a no territ\u00f3rio, passa pela delibera\u00e7\u00e3o pol\u00edtica e retorna \u00e0 vida concreta.<\/p>\n<p>Volto ent\u00e3o \u00e0s\u00a0<i>doppa<\/i>\u00a0que vi no Grande Sal\u00e3o do Povo. Coloridas, bordadas, cheias de presen\u00e7a no meio dos ternos escuros.<\/p>\n<p>Quando lembro delas atravessando o sal\u00e3o, penso que, aqui, pol\u00edtica tamb\u00e9m \u00e9 uma forma de bordado.<\/p>\n<p>Talvez a democracia chinesa funcione de modo semelhante: n\u00e3o como pe\u00e7a pronta exposta na vitrine, mas como algo tecido ponto a ponto, ao longo do tempo.<\/p>\n<p>Talvez, ent\u00e3o, a pergunta n\u00e3o seja apenas se \u00e9 ou n\u00e3o \u00e9 democracia.<\/p>\n<p>Talvez a quest\u00e3o mais produtiva seja entender como esse tecido \u00e9 costurado \u2014 e a quem ele busca vestir.<\/p>\n<p><strong><i>* Iara Vidal \u00e9 pesquisadora independente dedicada ao estudo das interse\u00e7\u00f5es entre moda, pol\u00edtica e cultura. Jornalista brasileira radicada em Beijing, trabalha como editora na CGTN em Portugu\u00eas, emissora do Grupo de M\u00eddia da China (CMG, na sigla em ingl\u00eas).<\/i><\/strong><\/p>\n","protected":false},"excerpt":{"rendered":"<p>De Xinjiang \u00e0s \u201cduas sess\u00f5es\u201d, uma leitura da democracia de processo integral a partir da cadeia do algod\u00e3o Por Iara Vidal Um dos debates mais pol\u00eamicos quando se fala em China \u00e9 se o pa\u00eds \u00e9 ou n\u00e3o uma democracia&#8230;.<\/p>\n","protected":false},"author":5,"featured_media":0,"comment_status":"open","ping_status":"open","sticky":false,"template":"","format":"standard","meta":{"footnotes":""},"categories":[7],"tags":[],"class_list":["post-10765","post","type-post","status-publish","format-standard","hentry","category-visao"],"yoast_head":"<!-- This site is optimized with the Yoast SEO plugin v27.4 - https:\/\/yoast.com\/product\/yoast-seo-wordpress\/ -->\n<title>Democracia sob medida: o fio do algod\u00e3o e o modelo pol\u00edtico chin\u00eas - CRI e Diario de Pernambuco<\/title>\n<meta name=\"robots\" content=\"index, follow, max-snippet:-1, max-image-preview:large, max-video-preview:-1\" \/>\n<link rel=\"canonical\" href=\"https:\/\/diariodepe.com.br\/cri\/2026\/03\/09\/democracia-sob-medida-o-fio-do-algodao-e-o-modelo-politico-chines\/\" \/>\n<meta property=\"og:locale\" content=\"pt_BR\" \/>\n<meta property=\"og:type\" content=\"article\" \/>\n<meta property=\"og:title\" content=\"Democracia sob medida: o fio do algod\u00e3o e o modelo pol\u00edtico chin\u00eas - CRI e Diario de Pernambuco\" \/>\n<meta property=\"og:description\" content=\"De Xinjiang \u00e0s \u201cduas sess\u00f5es\u201d, uma leitura da democracia de processo integral a partir da cadeia do algod\u00e3o Por Iara Vidal Um dos debates mais pol\u00eamicos quando se fala em China \u00e9 se o pa\u00eds \u00e9 ou n\u00e3o uma democracia....\" \/>\n<meta property=\"og:url\" content=\"https:\/\/diariodepe.com.br\/cri\/2026\/03\/09\/democracia-sob-medida-o-fio-do-algodao-e-o-modelo-politico-chines\/\" \/>\n<meta property=\"og:site_name\" content=\"CRI e Diario de Pernambuco\" \/>\n<meta property=\"article:published_time\" content=\"2026-03-09T09:07:48+00:00\" \/>\n<meta property=\"og:image\" content=\"https:\/\/38picres.cgtn.com\/photoAlbum\/page\/performance\/img\/2026\/3\/9\/1773044362727_336.jpg\" \/>\n<meta name=\"author\" content=\"CRI Portugu\u00eas\" \/>\n<meta name=\"twitter:card\" content=\"summary_large_image\" \/>\n<meta name=\"twitter:label1\" content=\"Escrito por\" \/>\n\t<meta name=\"twitter:data1\" content=\"CRI Portugu\u00eas\" \/>\n\t<meta name=\"twitter:label2\" content=\"Est. tempo de leitura\" \/>\n\t<meta name=\"twitter:data2\" content=\"9 minutos\" \/>\n<script type=\"application\/ld+json\" class=\"yoast-schema-graph\">{\"@context\":\"https:\\\/\\\/schema.org\",\"@graph\":[{\"@type\":\"Article\",\"@id\":\"https:\\\/\\\/diariodepe.com.br\\\/cri\\\/2026\\\/03\\\/09\\\/democracia-sob-medida-o-fio-do-algodao-e-o-modelo-politico-chines\\\/#article\",\"isPartOf\":{\"@id\":\"https:\\\/\\\/diariodepe.com.br\\\/cri\\\/2026\\\/03\\\/09\\\/democracia-sob-medida-o-fio-do-algodao-e-o-modelo-politico-chines\\\/\"},\"author\":{\"name\":\"CRI Portugu\u00eas\",\"@id\":\"https:\\\/\\\/diariodepe.com.br\\\/cri\\\/#\\\/schema\\\/person\\\/e474aead631cd4098632e11d3fbce118\"},\"headline\":\"Democracia sob medida: o fio do algod\u00e3o e o modelo pol\u00edtico chin\u00eas\",\"datePublished\":\"2026-03-09T09:07:48+00:00\",\"mainEntityOfPage\":{\"@id\":\"https:\\\/\\\/diariodepe.com.br\\\/cri\\\/2026\\\/03\\\/09\\\/democracia-sob-medida-o-fio-do-algodao-e-o-modelo-politico-chines\\\/\"},\"wordCount\":1488,\"commentCount\":0,\"publisher\":{\"@id\":\"https:\\\/\\\/diariodepe.com.br\\\/cri\\\/#organization\"},\"image\":{\"@id\":\"https:\\\/\\\/diariodepe.com.br\\\/cri\\\/2026\\\/03\\\/09\\\/democracia-sob-medida-o-fio-do-algodao-e-o-modelo-politico-chines\\\/#primaryimage\"},\"thumbnailUrl\":\"https:\\\/\\\/38picres.cgtn.com\\\/photoAlbum\\\/page\\\/performance\\\/img\\\/2026\\\/3\\\/9\\\/1773044362727_336.jpg\",\"articleSection\":[\"Vis\u00e3o\"],\"inLanguage\":\"pt-BR\",\"potentialAction\":[{\"@type\":\"CommentAction\",\"name\":\"Comment\",\"target\":[\"https:\\\/\\\/diariodepe.com.br\\\/cri\\\/2026\\\/03\\\/09\\\/democracia-sob-medida-o-fio-do-algodao-e-o-modelo-politico-chines\\\/#respond\"]}]},{\"@type\":\"WebPage\",\"@id\":\"https:\\\/\\\/diariodepe.com.br\\\/cri\\\/2026\\\/03\\\/09\\\/democracia-sob-medida-o-fio-do-algodao-e-o-modelo-politico-chines\\\/\",\"url\":\"https:\\\/\\\/diariodepe.com.br\\\/cri\\\/2026\\\/03\\\/09\\\/democracia-sob-medida-o-fio-do-algodao-e-o-modelo-politico-chines\\\/\",\"name\":\"Democracia sob medida: o fio do algod\u00e3o e o modelo pol\u00edtico chin\u00eas - CRI e Diario de Pernambuco\",\"isPartOf\":{\"@id\":\"https:\\\/\\\/diariodepe.com.br\\\/cri\\\/#website\"},\"primaryImageOfPage\":{\"@id\":\"https:\\\/\\\/diariodepe.com.br\\\/cri\\\/2026\\\/03\\\/09\\\/democracia-sob-medida-o-fio-do-algodao-e-o-modelo-politico-chines\\\/#primaryimage\"},\"image\":{\"@id\":\"https:\\\/\\\/diariodepe.com.br\\\/cri\\\/2026\\\/03\\\/09\\\/democracia-sob-medida-o-fio-do-algodao-e-o-modelo-politico-chines\\\/#primaryimage\"},\"thumbnailUrl\":\"https:\\\/\\\/38picres.cgtn.com\\\/photoAlbum\\\/page\\\/performance\\\/img\\\/2026\\\/3\\\/9\\\/1773044362727_336.jpg\",\"datePublished\":\"2026-03-09T09:07:48+00:00\",\"breadcrumb\":{\"@id\":\"https:\\\/\\\/diariodepe.com.br\\\/cri\\\/2026\\\/03\\\/09\\\/democracia-sob-medida-o-fio-do-algodao-e-o-modelo-politico-chines\\\/#breadcrumb\"},\"inLanguage\":\"pt-BR\",\"potentialAction\":[{\"@type\":\"ReadAction\",\"target\":[\"https:\\\/\\\/diariodepe.com.br\\\/cri\\\/2026\\\/03\\\/09\\\/democracia-sob-medida-o-fio-do-algodao-e-o-modelo-politico-chines\\\/\"]}]},{\"@type\":\"ImageObject\",\"inLanguage\":\"pt-BR\",\"@id\":\"https:\\\/\\\/diariodepe.com.br\\\/cri\\\/2026\\\/03\\\/09\\\/democracia-sob-medida-o-fio-do-algodao-e-o-modelo-politico-chines\\\/#primaryimage\",\"url\":\"https:\\\/\\\/38picres.cgtn.com\\\/photoAlbum\\\/page\\\/performance\\\/img\\\/2026\\\/3\\\/9\\\/1773044362727_336.jpg\",\"contentUrl\":\"https:\\\/\\\/38picres.cgtn.com\\\/photoAlbum\\\/page\\\/performance\\\/img\\\/2026\\\/3\\\/9\\\/1773044362727_336.jpg\"},{\"@type\":\"BreadcrumbList\",\"@id\":\"https:\\\/\\\/diariodepe.com.br\\\/cri\\\/2026\\\/03\\\/09\\\/democracia-sob-medida-o-fio-do-algodao-e-o-modelo-politico-chines\\\/#breadcrumb\",\"itemListElement\":[{\"@type\":\"ListItem\",\"position\":1,\"name\":\"In\u00edcio\",\"item\":\"https:\\\/\\\/diariodepe.com.br\\\/cri\\\/\"},{\"@type\":\"ListItem\",\"position\":2,\"name\":\"Democracia sob medida: o fio do algod\u00e3o e o modelo pol\u00edtico chin\u00eas\"}]},{\"@type\":\"WebSite\",\"@id\":\"https:\\\/\\\/diariodepe.com.br\\\/cri\\\/#website\",\"url\":\"https:\\\/\\\/diariodepe.com.br\\\/cri\\\/\",\"name\":\"CRI e Diario de Pernambuco\",\"description\":\"R\u00e1dio Internacional da China\",\"publisher\":{\"@id\":\"https:\\\/\\\/diariodepe.com.br\\\/cri\\\/#organization\"},\"potentialAction\":[{\"@type\":\"SearchAction\",\"target\":{\"@type\":\"EntryPoint\",\"urlTemplate\":\"https:\\\/\\\/diariodepe.com.br\\\/cri\\\/?s={search_term_string}\"},\"query-input\":{\"@type\":\"PropertyValueSpecification\",\"valueRequired\":true,\"valueName\":\"search_term_string\"}}],\"inLanguage\":\"pt-BR\"},{\"@type\":\"Organization\",\"@id\":\"https:\\\/\\\/diariodepe.com.br\\\/cri\\\/#organization\",\"name\":\"CRI e Diario de Pernambuco\",\"url\":\"https:\\\/\\\/diariodepe.com.br\\\/cri\\\/\",\"logo\":{\"@type\":\"ImageObject\",\"inLanguage\":\"pt-BR\",\"@id\":\"https:\\\/\\\/diariodepe.com.br\\\/cri\\\/#\\\/schema\\\/logo\\\/image\\\/\",\"url\":\"https:\\\/\\\/diariodepe.com.br\\\/cri\\\/wp-content\\\/uploads\\\/sites\\\/2\\\/2022\\\/12\\\/cropped-Logo.jpg\",\"contentUrl\":\"https:\\\/\\\/diariodepe.com.br\\\/cri\\\/wp-content\\\/uploads\\\/sites\\\/2\\\/2022\\\/12\\\/cropped-Logo.jpg\",\"width\":700,\"height\":59,\"caption\":\"CRI e Diario de Pernambuco\"},\"image\":{\"@id\":\"https:\\\/\\\/diariodepe.com.br\\\/cri\\\/#\\\/schema\\\/logo\\\/image\\\/\"}},{\"@type\":\"Person\",\"@id\":\"https:\\\/\\\/diariodepe.com.br\\\/cri\\\/#\\\/schema\\\/person\\\/e474aead631cd4098632e11d3fbce118\",\"name\":\"CRI Portugu\u00eas\",\"image\":{\"@type\":\"ImageObject\",\"inLanguage\":\"pt-BR\",\"@id\":\"https:\\\/\\\/secure.gravatar.com\\\/avatar\\\/e2ac889ef882d4dc53091b610766dce49106cf9fe98c76e06745abb0993b2763?s=96&d=mm&r=g\",\"url\":\"https:\\\/\\\/secure.gravatar.com\\\/avatar\\\/e2ac889ef882d4dc53091b610766dce49106cf9fe98c76e06745abb0993b2763?s=96&d=mm&r=g\",\"contentUrl\":\"https:\\\/\\\/secure.gravatar.com\\\/avatar\\\/e2ac889ef882d4dc53091b610766dce49106cf9fe98c76e06745abb0993b2763?s=96&d=mm&r=g\",\"caption\":\"CRI Portugu\u00eas\"},\"sameAs\":[\"https:\\\/\\\/www.diariodepernambuco.com.br\\\/\"],\"url\":\"https:\\\/\\\/diariodepe.com.br\\\/cri\\\/author\\\/agencia-cri\\\/\"}]}<\/script>\n<!-- \/ Yoast SEO plugin. -->","yoast_head_json":{"title":"Democracia sob medida: o fio do algod\u00e3o e o modelo pol\u00edtico chin\u00eas - CRI e Diario de Pernambuco","robots":{"index":"index","follow":"follow","max-snippet":"max-snippet:-1","max-image-preview":"max-image-preview:large","max-video-preview":"max-video-preview:-1"},"canonical":"https:\/\/diariodepe.com.br\/cri\/2026\/03\/09\/democracia-sob-medida-o-fio-do-algodao-e-o-modelo-politico-chines\/","og_locale":"pt_BR","og_type":"article","og_title":"Democracia sob medida: o fio do algod\u00e3o e o modelo pol\u00edtico chin\u00eas - CRI e Diario de Pernambuco","og_description":"De Xinjiang \u00e0s \u201cduas sess\u00f5es\u201d, uma leitura da democracia de processo integral a partir da cadeia do algod\u00e3o Por Iara Vidal Um dos debates mais pol\u00eamicos quando se fala em China \u00e9 se o pa\u00eds \u00e9 ou n\u00e3o uma democracia....","og_url":"https:\/\/diariodepe.com.br\/cri\/2026\/03\/09\/democracia-sob-medida-o-fio-do-algodao-e-o-modelo-politico-chines\/","og_site_name":"CRI e Diario de Pernambuco","article_published_time":"2026-03-09T09:07:48+00:00","og_image":[{"url":"https:\/\/38picres.cgtn.com\/photoAlbum\/page\/performance\/img\/2026\/3\/9\/1773044362727_336.jpg","type":"","width":"","height":""}],"author":"CRI Portugu\u00eas","twitter_card":"summary_large_image","twitter_misc":{"Escrito por":"CRI Portugu\u00eas","Est. tempo de leitura":"9 minutos"},"schema":{"@context":"https:\/\/schema.org","@graph":[{"@type":"Article","@id":"https:\/\/diariodepe.com.br\/cri\/2026\/03\/09\/democracia-sob-medida-o-fio-do-algodao-e-o-modelo-politico-chines\/#article","isPartOf":{"@id":"https:\/\/diariodepe.com.br\/cri\/2026\/03\/09\/democracia-sob-medida-o-fio-do-algodao-e-o-modelo-politico-chines\/"},"author":{"name":"CRI Portugu\u00eas","@id":"https:\/\/diariodepe.com.br\/cri\/#\/schema\/person\/e474aead631cd4098632e11d3fbce118"},"headline":"Democracia sob medida: o fio do algod\u00e3o e o modelo pol\u00edtico chin\u00eas","datePublished":"2026-03-09T09:07:48+00:00","mainEntityOfPage":{"@id":"https:\/\/diariodepe.com.br\/cri\/2026\/03\/09\/democracia-sob-medida-o-fio-do-algodao-e-o-modelo-politico-chines\/"},"wordCount":1488,"commentCount":0,"publisher":{"@id":"https:\/\/diariodepe.com.br\/cri\/#organization"},"image":{"@id":"https:\/\/diariodepe.com.br\/cri\/2026\/03\/09\/democracia-sob-medida-o-fio-do-algodao-e-o-modelo-politico-chines\/#primaryimage"},"thumbnailUrl":"https:\/\/38picres.cgtn.com\/photoAlbum\/page\/performance\/img\/2026\/3\/9\/1773044362727_336.jpg","articleSection":["Vis\u00e3o"],"inLanguage":"pt-BR","potentialAction":[{"@type":"CommentAction","name":"Comment","target":["https:\/\/diariodepe.com.br\/cri\/2026\/03\/09\/democracia-sob-medida-o-fio-do-algodao-e-o-modelo-politico-chines\/#respond"]}]},{"@type":"WebPage","@id":"https:\/\/diariodepe.com.br\/cri\/2026\/03\/09\/democracia-sob-medida-o-fio-do-algodao-e-o-modelo-politico-chines\/","url":"https:\/\/diariodepe.com.br\/cri\/2026\/03\/09\/democracia-sob-medida-o-fio-do-algodao-e-o-modelo-politico-chines\/","name":"Democracia sob medida: o fio do algod\u00e3o e o modelo pol\u00edtico chin\u00eas - CRI e Diario de Pernambuco","isPartOf":{"@id":"https:\/\/diariodepe.com.br\/cri\/#website"},"primaryImageOfPage":{"@id":"https:\/\/diariodepe.com.br\/cri\/2026\/03\/09\/democracia-sob-medida-o-fio-do-algodao-e-o-modelo-politico-chines\/#primaryimage"},"image":{"@id":"https:\/\/diariodepe.com.br\/cri\/2026\/03\/09\/democracia-sob-medida-o-fio-do-algodao-e-o-modelo-politico-chines\/#primaryimage"},"thumbnailUrl":"https:\/\/38picres.cgtn.com\/photoAlbum\/page\/performance\/img\/2026\/3\/9\/1773044362727_336.jpg","datePublished":"2026-03-09T09:07:48+00:00","breadcrumb":{"@id":"https:\/\/diariodepe.com.br\/cri\/2026\/03\/09\/democracia-sob-medida-o-fio-do-algodao-e-o-modelo-politico-chines\/#breadcrumb"},"inLanguage":"pt-BR","potentialAction":[{"@type":"ReadAction","target":["https:\/\/diariodepe.com.br\/cri\/2026\/03\/09\/democracia-sob-medida-o-fio-do-algodao-e-o-modelo-politico-chines\/"]}]},{"@type":"ImageObject","inLanguage":"pt-BR","@id":"https:\/\/diariodepe.com.br\/cri\/2026\/03\/09\/democracia-sob-medida-o-fio-do-algodao-e-o-modelo-politico-chines\/#primaryimage","url":"https:\/\/38picres.cgtn.com\/photoAlbum\/page\/performance\/img\/2026\/3\/9\/1773044362727_336.jpg","contentUrl":"https:\/\/38picres.cgtn.com\/photoAlbum\/page\/performance\/img\/2026\/3\/9\/1773044362727_336.jpg"},{"@type":"BreadcrumbList","@id":"https:\/\/diariodepe.com.br\/cri\/2026\/03\/09\/democracia-sob-medida-o-fio-do-algodao-e-o-modelo-politico-chines\/#breadcrumb","itemListElement":[{"@type":"ListItem","position":1,"name":"In\u00edcio","item":"https:\/\/diariodepe.com.br\/cri\/"},{"@type":"ListItem","position":2,"name":"Democracia sob medida: o fio do algod\u00e3o e o modelo pol\u00edtico chin\u00eas"}]},{"@type":"WebSite","@id":"https:\/\/diariodepe.com.br\/cri\/#website","url":"https:\/\/diariodepe.com.br\/cri\/","name":"CRI e Diario de Pernambuco","description":"R\u00e1dio Internacional da China","publisher":{"@id":"https:\/\/diariodepe.com.br\/cri\/#organization"},"potentialAction":[{"@type":"SearchAction","target":{"@type":"EntryPoint","urlTemplate":"https:\/\/diariodepe.com.br\/cri\/?s={search_term_string}"},"query-input":{"@type":"PropertyValueSpecification","valueRequired":true,"valueName":"search_term_string"}}],"inLanguage":"pt-BR"},{"@type":"Organization","@id":"https:\/\/diariodepe.com.br\/cri\/#organization","name":"CRI e Diario de Pernambuco","url":"https:\/\/diariodepe.com.br\/cri\/","logo":{"@type":"ImageObject","inLanguage":"pt-BR","@id":"https:\/\/diariodepe.com.br\/cri\/#\/schema\/logo\/image\/","url":"https:\/\/diariodepe.com.br\/cri\/wp-content\/uploads\/sites\/2\/2022\/12\/cropped-Logo.jpg","contentUrl":"https:\/\/diariodepe.com.br\/cri\/wp-content\/uploads\/sites\/2\/2022\/12\/cropped-Logo.jpg","width":700,"height":59,"caption":"CRI e Diario de Pernambuco"},"image":{"@id":"https:\/\/diariodepe.com.br\/cri\/#\/schema\/logo\/image\/"}},{"@type":"Person","@id":"https:\/\/diariodepe.com.br\/cri\/#\/schema\/person\/e474aead631cd4098632e11d3fbce118","name":"CRI Portugu\u00eas","image":{"@type":"ImageObject","inLanguage":"pt-BR","@id":"https:\/\/secure.gravatar.com\/avatar\/e2ac889ef882d4dc53091b610766dce49106cf9fe98c76e06745abb0993b2763?s=96&d=mm&r=g","url":"https:\/\/secure.gravatar.com\/avatar\/e2ac889ef882d4dc53091b610766dce49106cf9fe98c76e06745abb0993b2763?s=96&d=mm&r=g","contentUrl":"https:\/\/secure.gravatar.com\/avatar\/e2ac889ef882d4dc53091b610766dce49106cf9fe98c76e06745abb0993b2763?s=96&d=mm&r=g","caption":"CRI Portugu\u00eas"},"sameAs":["https:\/\/www.diariodepernambuco.com.br\/"],"url":"https:\/\/diariodepe.com.br\/cri\/author\/agencia-cri\/"}]}},"cc_featured_image_caption":{"caption_text":"","source_text":"","source_url":""},"amp_enabled":true,"_links":{"self":[{"href":"https:\/\/diariodepe.com.br\/cri\/wp-json\/wp\/v2\/posts\/10765","targetHints":{"allow":["GET"]}}],"collection":[{"href":"https:\/\/diariodepe.com.br\/cri\/wp-json\/wp\/v2\/posts"}],"about":[{"href":"https:\/\/diariodepe.com.br\/cri\/wp-json\/wp\/v2\/types\/post"}],"author":[{"embeddable":true,"href":"https:\/\/diariodepe.com.br\/cri\/wp-json\/wp\/v2\/users\/5"}],"replies":[{"embeddable":true,"href":"https:\/\/diariodepe.com.br\/cri\/wp-json\/wp\/v2\/comments?post=10765"}],"version-history":[{"count":1,"href":"https:\/\/diariodepe.com.br\/cri\/wp-json\/wp\/v2\/posts\/10765\/revisions"}],"predecessor-version":[{"id":10766,"href":"https:\/\/diariodepe.com.br\/cri\/wp-json\/wp\/v2\/posts\/10765\/revisions\/10766"}],"wp:attachment":[{"href":"https:\/\/diariodepe.com.br\/cri\/wp-json\/wp\/v2\/media?parent=10765"}],"wp:term":[{"taxonomy":"category","embeddable":true,"href":"https:\/\/diariodepe.com.br\/cri\/wp-json\/wp\/v2\/categories?post=10765"},{"taxonomy":"post_tag","embeddable":true,"href":"https:\/\/diariodepe.com.br\/cri\/wp-json\/wp\/v2\/tags?post=10765"}],"curies":[{"name":"wp","href":"https:\/\/api.w.org\/{rel}","templated":true}]}}