{"id":10747,"date":"2026-03-05T03:46:16","date_gmt":"2026-03-05T06:46:16","guid":{"rendered":"https:\/\/diariodepe.com.br\/cri\/?p=10747"},"modified":"2026-03-05T03:46:16","modified_gmt":"2026-03-05T06:46:16","slug":"principais-objetivos-para-desenvolvimento-em-2025-foram-cumpridos-afirma-premie-chines","status":"publish","type":"post","link":"https:\/\/diariodepe.com.br\/cri\/2026\/03\/05\/principais-objetivos-para-desenvolvimento-em-2025-foram-cumpridos-afirma-premie-chines\/","title":{"rendered":"Principais objetivos para desenvolvimento em 2025 foram cumpridos, afirma premi\u00ea chin\u00eas"},"content":{"rendered":"<p><span dir=\"LTR\">A 14<\/span><span dir=\"LTR\">\u00aa<\/span><span dir=\"LTR\">\u00a0Assembleia Popular Nacional<\/span><span dir=\"LTR\">\u00a0(APN)<\/span><span dir=\"LTR\">, o mais alto \u00f3rg\u00e3o legislativo da China, iniciou sua 4\u00aa sess\u00e3o na manh\u00e3 desta quinta-feira<\/span><span dir=\"LTR\">\u00a0(5)<\/span><span dir=\"LTR\">\u00a0no Grande Pal\u00e1cio do Povo, em Beijing.<\/span><\/p>\n<p><span dir=\"LTR\">Xi Jinping e outros l\u00edderes do Partido e do Estado participaram da reuni\u00e3o de abertura.<\/span><span dir=\"LTR\">\u00a0<\/span><span dir=\"LTR\">O primeiro-ministro Li Qiang apresentou\u00a0<\/span><span dir=\"LTR\">o<\/span><span dir=\"LTR\">\u00a0relat\u00f3rio de trabalho do governo.<\/span><\/p>\n<p><span dir=\"LTR\">No relat\u00f3rio, Li afirmou que o<\/span><span dir=\"LTR\">s principais objetivos e tarefas para o desenvolvimento econ\u00f4mico e social ao longo de 2025 foram cumpridos com sucesso.<\/span><\/p>\n<p><span dir=\"LTR\">Ao longo do \u00faltimo ano, a economia da China avan\u00e7ou<\/span><span dir=\"LTR\">,<\/span><span dir=\"LTR\">\u00a0<\/span><span dir=\"LTR\">apesar de press\u00f5es<\/span><span dir=\"LTR\">, demonstrando uma not\u00e1vel<\/span><span dir=\"LTR\">\u00a0<\/span><span dir=\"LTR\">resili\u00eancia.<\/span><span dir=\"LTR\">\u00a0A<\/span><span dir=\"LTR\">s opera\u00e7\u00f5es econ\u00f4micas permaneceram<\/span><span dir=\"LTR\">, em geral,\u00a0<\/span><span dir=\"LTR\">est\u00e1veis, com progresso constante,\u00a0<\/span><span dir=\"LTR\">registrando<\/span><span dir=\"LTR\">\u00a0crescimento de 5%\u00a0<\/span><span dir=\"LTR\">do<\/span><span dir=\"LTR\">\u00a0<\/span><span dir=\"LTR\">PIB<\/span><span dir=\"LTR\">, que atingiu 140,19 trilh\u00f5es de yuans.<\/span><span dir=\"LTR\">\u00a0<\/span><\/p>\n<p><span dir=\"LTR\">A China tem como meta um crescimento econ\u00f4mico entre 4,5% e 5% este ano e se empenhar\u00e1 para alcan\u00e7ar resultados ainda melhores, de acordo com\u00a0<\/span><span dir=\"LTR\">o<\/span><span dir=\"LTR\">\u00a0relat\u00f3rio<\/span><span dir=\"LTR\">.<\/span><span dir=\"LTR\">\u00a0<\/span><\/p>\n<p><span dir=\"LTR\">As principais metas de desenvolvimento para este ano tamb\u00e9m incluem: uma taxa de desemprego urbano pesquisada de cerca de 5,5%; mais de 12 milh\u00f5es de novos empregos urbanos; um aumento de cerca de 2% no \u00edndice de pre\u00e7os ao consumidor; crescimento da renda pessoal em sintonia com o crescimento econ\u00f4mico; um equil\u00edbrio b\u00e1sico na balan\u00e7a de pagamentos; produ\u00e7\u00e3o de gr\u00e3os de cerca de 700 milh\u00f5es de toneladas; e uma queda de cerca de 3,8% nas emiss\u00f5es de di\u00f3xido de carbono por unidade do produto interno bruto.<\/span><\/p>\n","protected":false},"excerpt":{"rendered":"<p>A 14\u00aa\u00a0Assembleia Popular Nacional\u00a0(APN), o mais alto \u00f3rg\u00e3o legislativo da China, iniciou sua 4\u00aa sess\u00e3o na manh\u00e3 desta quinta-feira\u00a0(5)\u00a0no Grande Pal\u00e1cio do Povo, em Beijing. Xi Jinping e outros l\u00edderes do Partido e do Estado participaram da reuni\u00e3o de abertura.\u00a0O&#8230;<\/p>\n","protected":false},"author":5,"featured_media":0,"comment_status":"open","ping_status":"open","sticky":false,"template":"","format":"standard","meta":{"footnotes":""},"categories":[3],"tags":[],"class_list":["post-10747","post","type-post","status-publish","format-standard","hentry","category-china"],"yoast_head":"<!-- This site is optimized with the Yoast SEO plugin v27.4 - https:\/\/yoast.com\/product\/yoast-seo-wordpress\/ -->\n<title>Principais objetivos para desenvolvimento em 2025 foram cumpridos, afirma premi\u00ea chin\u00eas - CRI e Diario de Pernambuco<\/title>\n<meta name=\"robots\" content=\"index, follow, max-snippet:-1, max-image-preview:large, max-video-preview:-1\" \/>\n<link rel=\"canonical\" href=\"https:\/\/diariodepe.com.br\/cri\/2026\/03\/05\/principais-objetivos-para-desenvolvimento-em-2025-foram-cumpridos-afirma-premie-chines\/\" \/>\n<meta property=\"og:locale\" content=\"pt_BR\" \/>\n<meta property=\"og:type\" content=\"article\" \/>\n<meta property=\"og:title\" content=\"Principais objetivos para desenvolvimento em 2025 foram cumpridos, afirma premi\u00ea chin\u00eas - CRI e Diario de Pernambuco\" \/>\n<meta property=\"og:description\" content=\"A 14\u00aa\u00a0Assembleia Popular Nacional\u00a0(APN), o mais alto \u00f3rg\u00e3o legislativo da China, iniciou sua 4\u00aa sess\u00e3o na manh\u00e3 desta quinta-feira\u00a0(5)\u00a0no Grande Pal\u00e1cio do Povo, em Beijing. Xi Jinping e outros l\u00edderes do Partido e do Estado participaram da reuni\u00e3o de abertura.\u00a0O...\" \/>\n<meta property=\"og:url\" content=\"https:\/\/diariodepe.com.br\/cri\/2026\/03\/05\/principais-objetivos-para-desenvolvimento-em-2025-foram-cumpridos-afirma-premie-chines\/\" \/>\n<meta property=\"og:site_name\" content=\"CRI e Diario de Pernambuco\" \/>\n<meta property=\"article:published_time\" content=\"2026-03-05T06:46:16+00:00\" \/>\n<meta name=\"author\" content=\"CRI Portugu\u00eas\" \/>\n<meta name=\"twitter:card\" content=\"summary_large_image\" \/>\n<meta name=\"twitter:label1\" content=\"Escrito por\" \/>\n\t<meta name=\"twitter:data1\" content=\"CRI Portugu\u00eas\" \/>\n<script type=\"application\/ld+json\" class=\"yoast-schema-graph\">{\"@context\":\"https:\\\/\\\/schema.org\",\"@graph\":[{\"@type\":\"Article\",\"@id\":\"https:\\\/\\\/diariodepe.com.br\\\/cri\\\/2026\\\/03\\\/05\\\/principais-objetivos-para-desenvolvimento-em-2025-foram-cumpridos-afirma-premie-chines\\\/#article\",\"isPartOf\":{\"@id\":\"https:\\\/\\\/diariodepe.com.br\\\/cri\\\/2026\\\/03\\\/05\\\/principais-objetivos-para-desenvolvimento-em-2025-foram-cumpridos-afirma-premie-chines\\\/\"},\"author\":{\"name\":\"CRI Portugu\u00eas\",\"@id\":\"https:\\\/\\\/diariodepe.com.br\\\/cri\\\/#\\\/schema\\\/person\\\/e474aead631cd4098632e11d3fbce118\"},\"headline\":\"Principais objetivos para desenvolvimento em 2025 foram cumpridos, afirma premi\u00ea chin\u00eas\",\"datePublished\":\"2026-03-05T06:46:16+00:00\",\"mainEntityOfPage\":{\"@id\":\"https:\\\/\\\/diariodepe.com.br\\\/cri\\\/2026\\\/03\\\/05\\\/principais-objetivos-para-desenvolvimento-em-2025-foram-cumpridos-afirma-premie-chines\\\/\"},\"wordCount\":262,\"commentCount\":0,\"publisher\":{\"@id\":\"https:\\\/\\\/diariodepe.com.br\\\/cri\\\/#organization\"},\"articleSection\":[\"China\"],\"inLanguage\":\"pt-BR\",\"potentialAction\":[{\"@type\":\"CommentAction\",\"name\":\"Comment\",\"target\":[\"https:\\\/\\\/diariodepe.com.br\\\/cri\\\/2026\\\/03\\\/05\\\/principais-objetivos-para-desenvolvimento-em-2025-foram-cumpridos-afirma-premie-chines\\\/#respond\"]}]},{\"@type\":\"WebPage\",\"@id\":\"https:\\\/\\\/diariodepe.com.br\\\/cri\\\/2026\\\/03\\\/05\\\/principais-objetivos-para-desenvolvimento-em-2025-foram-cumpridos-afirma-premie-chines\\\/\",\"url\":\"https:\\\/\\\/diariodepe.com.br\\\/cri\\\/2026\\\/03\\\/05\\\/principais-objetivos-para-desenvolvimento-em-2025-foram-cumpridos-afirma-premie-chines\\\/\",\"name\":\"Principais objetivos para desenvolvimento em 2025 foram cumpridos, afirma premi\u00ea chin\u00eas - CRI e Diario de Pernambuco\",\"isPartOf\":{\"@id\":\"https:\\\/\\\/diariodepe.com.br\\\/cri\\\/#website\"},\"datePublished\":\"2026-03-05T06:46:16+00:00\",\"breadcrumb\":{\"@id\":\"https:\\\/\\\/diariodepe.com.br\\\/cri\\\/2026\\\/03\\\/05\\\/principais-objetivos-para-desenvolvimento-em-2025-foram-cumpridos-afirma-premie-chines\\\/#breadcrumb\"},\"inLanguage\":\"pt-BR\",\"potentialAction\":[{\"@type\":\"ReadAction\",\"target\":[\"https:\\\/\\\/diariodepe.com.br\\\/cri\\\/2026\\\/03\\\/05\\\/principais-objetivos-para-desenvolvimento-em-2025-foram-cumpridos-afirma-premie-chines\\\/\"]}]},{\"@type\":\"BreadcrumbList\",\"@id\":\"https:\\\/\\\/diariodepe.com.br\\\/cri\\\/2026\\\/03\\\/05\\\/principais-objetivos-para-desenvolvimento-em-2025-foram-cumpridos-afirma-premie-chines\\\/#breadcrumb\",\"itemListElement\":[{\"@type\":\"ListItem\",\"position\":1,\"name\":\"In\u00edcio\",\"item\":\"https:\\\/\\\/diariodepe.com.br\\\/cri\\\/\"},{\"@type\":\"ListItem\",\"position\":2,\"name\":\"Principais objetivos para desenvolvimento em 2025 foram cumpridos, afirma premi\u00ea chin\u00eas\"}]},{\"@type\":\"WebSite\",\"@id\":\"https:\\\/\\\/diariodepe.com.br\\\/cri\\\/#website\",\"url\":\"https:\\\/\\\/diariodepe.com.br\\\/cri\\\/\",\"name\":\"CRI e Diario de Pernambuco\",\"description\":\"R\u00e1dio Internacional da China\",\"publisher\":{\"@id\":\"https:\\\/\\\/diariodepe.com.br\\\/cri\\\/#organization\"},\"potentialAction\":[{\"@type\":\"SearchAction\",\"target\":{\"@type\":\"EntryPoint\",\"urlTemplate\":\"https:\\\/\\\/diariodepe.com.br\\\/cri\\\/?s={search_term_string}\"},\"query-input\":{\"@type\":\"PropertyValueSpecification\",\"valueRequired\":true,\"valueName\":\"search_term_string\"}}],\"inLanguage\":\"pt-BR\"},{\"@type\":\"Organization\",\"@id\":\"https:\\\/\\\/diariodepe.com.br\\\/cri\\\/#organization\",\"name\":\"CRI e Diario de Pernambuco\",\"url\":\"https:\\\/\\\/diariodepe.com.br\\\/cri\\\/\",\"logo\":{\"@type\":\"ImageObject\",\"inLanguage\":\"pt-BR\",\"@id\":\"https:\\\/\\\/diariodepe.com.br\\\/cri\\\/#\\\/schema\\\/logo\\\/image\\\/\",\"url\":\"https:\\\/\\\/diariodepe.com.br\\\/cri\\\/wp-content\\\/uploads\\\/sites\\\/2\\\/2022\\\/12\\\/cropped-Logo.jpg\",\"contentUrl\":\"https:\\\/\\\/diariodepe.com.br\\\/cri\\\/wp-content\\\/uploads\\\/sites\\\/2\\\/2022\\\/12\\\/cropped-Logo.jpg\",\"width\":700,\"height\":59,\"caption\":\"CRI e Diario de Pernambuco\"},\"image\":{\"@id\":\"https:\\\/\\\/diariodepe.com.br\\\/cri\\\/#\\\/schema\\\/logo\\\/image\\\/\"}},{\"@type\":\"Person\",\"@id\":\"https:\\\/\\\/diariodepe.com.br\\\/cri\\\/#\\\/schema\\\/person\\\/e474aead631cd4098632e11d3fbce118\",\"name\":\"CRI Portugu\u00eas\",\"image\":{\"@type\":\"ImageObject\",\"inLanguage\":\"pt-BR\",\"@id\":\"https:\\\/\\\/secure.gravatar.com\\\/avatar\\\/e2ac889ef882d4dc53091b610766dce49106cf9fe98c76e06745abb0993b2763?s=96&d=mm&r=g\",\"url\":\"https:\\\/\\\/secure.gravatar.com\\\/avatar\\\/e2ac889ef882d4dc53091b610766dce49106cf9fe98c76e06745abb0993b2763?s=96&d=mm&r=g\",\"contentUrl\":\"https:\\\/\\\/secure.gravatar.com\\\/avatar\\\/e2ac889ef882d4dc53091b610766dce49106cf9fe98c76e06745abb0993b2763?s=96&d=mm&r=g\",\"caption\":\"CRI Portugu\u00eas\"},\"sameAs\":[\"https:\\\/\\\/www.diariodepernambuco.com.br\\\/\"],\"url\":\"https:\\\/\\\/diariodepe.com.br\\\/cri\\\/author\\\/agencia-cri\\\/\"}]}<\/script>\n<!-- \/ Yoast SEO plugin. -->","yoast_head_json":{"title":"Principais objetivos para desenvolvimento em 2025 foram cumpridos, afirma premi\u00ea chin\u00eas - CRI e Diario de Pernambuco","robots":{"index":"index","follow":"follow","max-snippet":"max-snippet:-1","max-image-preview":"max-image-preview:large","max-video-preview":"max-video-preview:-1"},"canonical":"https:\/\/diariodepe.com.br\/cri\/2026\/03\/05\/principais-objetivos-para-desenvolvimento-em-2025-foram-cumpridos-afirma-premie-chines\/","og_locale":"pt_BR","og_type":"article","og_title":"Principais objetivos para desenvolvimento em 2025 foram cumpridos, afirma premi\u00ea chin\u00eas - CRI e Diario de Pernambuco","og_description":"A 14\u00aa\u00a0Assembleia Popular Nacional\u00a0(APN), o mais alto \u00f3rg\u00e3o legislativo da China, iniciou sua 4\u00aa sess\u00e3o na manh\u00e3 desta quinta-feira\u00a0(5)\u00a0no Grande Pal\u00e1cio do Povo, em Beijing. Xi Jinping e outros l\u00edderes do Partido e do Estado participaram da reuni\u00e3o de abertura.\u00a0O...","og_url":"https:\/\/diariodepe.com.br\/cri\/2026\/03\/05\/principais-objetivos-para-desenvolvimento-em-2025-foram-cumpridos-afirma-premie-chines\/","og_site_name":"CRI e Diario de Pernambuco","article_published_time":"2026-03-05T06:46:16+00:00","author":"CRI Portugu\u00eas","twitter_card":"summary_large_image","twitter_misc":{"Escrito por":"CRI Portugu\u00eas"},"schema":{"@context":"https:\/\/schema.org","@graph":[{"@type":"Article","@id":"https:\/\/diariodepe.com.br\/cri\/2026\/03\/05\/principais-objetivos-para-desenvolvimento-em-2025-foram-cumpridos-afirma-premie-chines\/#article","isPartOf":{"@id":"https:\/\/diariodepe.com.br\/cri\/2026\/03\/05\/principais-objetivos-para-desenvolvimento-em-2025-foram-cumpridos-afirma-premie-chines\/"},"author":{"name":"CRI Portugu\u00eas","@id":"https:\/\/diariodepe.com.br\/cri\/#\/schema\/person\/e474aead631cd4098632e11d3fbce118"},"headline":"Principais objetivos para desenvolvimento em 2025 foram cumpridos, afirma premi\u00ea chin\u00eas","datePublished":"2026-03-05T06:46:16+00:00","mainEntityOfPage":{"@id":"https:\/\/diariodepe.com.br\/cri\/2026\/03\/05\/principais-objetivos-para-desenvolvimento-em-2025-foram-cumpridos-afirma-premie-chines\/"},"wordCount":262,"commentCount":0,"publisher":{"@id":"https:\/\/diariodepe.com.br\/cri\/#organization"},"articleSection":["China"],"inLanguage":"pt-BR","potentialAction":[{"@type":"CommentAction","name":"Comment","target":["https:\/\/diariodepe.com.br\/cri\/2026\/03\/05\/principais-objetivos-para-desenvolvimento-em-2025-foram-cumpridos-afirma-premie-chines\/#respond"]}]},{"@type":"WebPage","@id":"https:\/\/diariodepe.com.br\/cri\/2026\/03\/05\/principais-objetivos-para-desenvolvimento-em-2025-foram-cumpridos-afirma-premie-chines\/","url":"https:\/\/diariodepe.com.br\/cri\/2026\/03\/05\/principais-objetivos-para-desenvolvimento-em-2025-foram-cumpridos-afirma-premie-chines\/","name":"Principais objetivos para desenvolvimento em 2025 foram cumpridos, afirma premi\u00ea chin\u00eas - CRI e Diario de Pernambuco","isPartOf":{"@id":"https:\/\/diariodepe.com.br\/cri\/#website"},"datePublished":"2026-03-05T06:46:16+00:00","breadcrumb":{"@id":"https:\/\/diariodepe.com.br\/cri\/2026\/03\/05\/principais-objetivos-para-desenvolvimento-em-2025-foram-cumpridos-afirma-premie-chines\/#breadcrumb"},"inLanguage":"pt-BR","potentialAction":[{"@type":"ReadAction","target":["https:\/\/diariodepe.com.br\/cri\/2026\/03\/05\/principais-objetivos-para-desenvolvimento-em-2025-foram-cumpridos-afirma-premie-chines\/"]}]},{"@type":"BreadcrumbList","@id":"https:\/\/diariodepe.com.br\/cri\/2026\/03\/05\/principais-objetivos-para-desenvolvimento-em-2025-foram-cumpridos-afirma-premie-chines\/#breadcrumb","itemListElement":[{"@type":"ListItem","position":1,"name":"In\u00edcio","item":"https:\/\/diariodepe.com.br\/cri\/"},{"@type":"ListItem","position":2,"name":"Principais objetivos para desenvolvimento em 2025 foram cumpridos, afirma premi\u00ea chin\u00eas"}]},{"@type":"WebSite","@id":"https:\/\/diariodepe.com.br\/cri\/#website","url":"https:\/\/diariodepe.com.br\/cri\/","name":"CRI e Diario de Pernambuco","description":"R\u00e1dio Internacional da China","publisher":{"@id":"https:\/\/diariodepe.com.br\/cri\/#organization"},"potentialAction":[{"@type":"SearchAction","target":{"@type":"EntryPoint","urlTemplate":"https:\/\/diariodepe.com.br\/cri\/?s={search_term_string}"},"query-input":{"@type":"PropertyValueSpecification","valueRequired":true,"valueName":"search_term_string"}}],"inLanguage":"pt-BR"},{"@type":"Organization","@id":"https:\/\/diariodepe.com.br\/cri\/#organization","name":"CRI e Diario de Pernambuco","url":"https:\/\/diariodepe.com.br\/cri\/","logo":{"@type":"ImageObject","inLanguage":"pt-BR","@id":"https:\/\/diariodepe.com.br\/cri\/#\/schema\/logo\/image\/","url":"https:\/\/diariodepe.com.br\/cri\/wp-content\/uploads\/sites\/2\/2022\/12\/cropped-Logo.jpg","contentUrl":"https:\/\/diariodepe.com.br\/cri\/wp-content\/uploads\/sites\/2\/2022\/12\/cropped-Logo.jpg","width":700,"height":59,"caption":"CRI e Diario de Pernambuco"},"image":{"@id":"https:\/\/diariodepe.com.br\/cri\/#\/schema\/logo\/image\/"}},{"@type":"Person","@id":"https:\/\/diariodepe.com.br\/cri\/#\/schema\/person\/e474aead631cd4098632e11d3fbce118","name":"CRI Portugu\u00eas","image":{"@type":"ImageObject","inLanguage":"pt-BR","@id":"https:\/\/secure.gravatar.com\/avatar\/e2ac889ef882d4dc53091b610766dce49106cf9fe98c76e06745abb0993b2763?s=96&d=mm&r=g","url":"https:\/\/secure.gravatar.com\/avatar\/e2ac889ef882d4dc53091b610766dce49106cf9fe98c76e06745abb0993b2763?s=96&d=mm&r=g","contentUrl":"https:\/\/secure.gravatar.com\/avatar\/e2ac889ef882d4dc53091b610766dce49106cf9fe98c76e06745abb0993b2763?s=96&d=mm&r=g","caption":"CRI Portugu\u00eas"},"sameAs":["https:\/\/www.diariodepernambuco.com.br\/"],"url":"https:\/\/diariodepe.com.br\/cri\/author\/agencia-cri\/"}]}},"cc_featured_image_caption":{"caption_text":"","source_text":"","source_url":""},"amp_enabled":true,"_links":{"self":[{"href":"https:\/\/diariodepe.com.br\/cri\/wp-json\/wp\/v2\/posts\/10747","targetHints":{"allow":["GET"]}}],"collection":[{"href":"https:\/\/diariodepe.com.br\/cri\/wp-json\/wp\/v2\/posts"}],"about":[{"href":"https:\/\/diariodepe.com.br\/cri\/wp-json\/wp\/v2\/types\/post"}],"author":[{"embeddable":true,"href":"https:\/\/diariodepe.com.br\/cri\/wp-json\/wp\/v2\/users\/5"}],"replies":[{"embeddable":true,"href":"https:\/\/diariodepe.com.br\/cri\/wp-json\/wp\/v2\/comments?post=10747"}],"version-history":[{"count":1,"href":"https:\/\/diariodepe.com.br\/cri\/wp-json\/wp\/v2\/posts\/10747\/revisions"}],"predecessor-version":[{"id":10748,"href":"https:\/\/diariodepe.com.br\/cri\/wp-json\/wp\/v2\/posts\/10747\/revisions\/10748"}],"wp:attachment":[{"href":"https:\/\/diariodepe.com.br\/cri\/wp-json\/wp\/v2\/media?parent=10747"}],"wp:term":[{"taxonomy":"category","embeddable":true,"href":"https:\/\/diariodepe.com.br\/cri\/wp-json\/wp\/v2\/categories?post=10747"},{"taxonomy":"post_tag","embeddable":true,"href":"https:\/\/diariodepe.com.br\/cri\/wp-json\/wp\/v2\/tags?post=10747"}],"curies":[{"name":"wp","href":"https:\/\/api.w.org\/{rel}","templated":true}]}}